{"id":20544,"date":"2025-08-08T13:06:41","date_gmt":"2025-08-08T19:06:41","guid":{"rendered":"https:\/\/elpuucnoticias.com\/?p=20544"},"modified":"2025-08-08T13:06:41","modified_gmt":"2025-08-08T19:06:41","slug":"en-reunion-de-trabajo-mara-lezama-y-emilia-e-calleja-titular-de-la-cfe-revisan-la-inversion-en-infraestructura-modernizacion-y-mantenimiento-del-suministro-electrico-en-quintana-roo","status":"publish","type":"post","link":"https:\/\/elpuucnoticias.com\/?p=20544","title":{"rendered":"En reuni\u00f3n de trabajo, Mara Lezama y Emilia E. Calleja, titular de la CFE, revisan la inversi\u00f3n en infraestructura, modernizaci\u00f3n y mantenimiento del suministro el\u00e9ctrico en Quintana Roo"},"content":{"rendered":"\n<p>La directora general de la Comisi\u00f3n Federal de Electricidad (CFE), Emilia Esther Calleja Alor, y la gobernadora de Quintana Roo, Mara Lezama, revisaron los proyectos de inversi\u00f3n en infraestructura programados para el estado, orientados a su modernizaci\u00f3n, mantenimiento y ampliaci\u00f3n del suministro el\u00e9ctrico, con el objetivo de garantizar el abastecimiento energ\u00e9tico.<\/p>\n\n\n\n<figure class=\"wp-block-image is-style-default\"><a href=\"https:\/\/cgc.qroo.gob.mx\/cjg\/wp-content\/uploads\/2025\/08\/68e1c9f9-a9d7-4911-baf3-f699ae1f602c-scaled.jpg\"><img decoding=\"async\" src=\"https:\/\/cgc.qroo.gob.mx\/cjg\/wp-content\/uploads\/2025\/08\/68e1c9f9-a9d7-4911-baf3-f699ae1f602c-585x390.jpg\" alt=\"\" title=\"68e1c9f9-a9d7-4911-baf3-f699ae1f602c\"\/><\/a><\/figure>\n\n\n\n<p>La gobernadora agradeci\u00f3 el respaldo de la presidenta Claudia Sheinbaum y del Gobierno de M\u00e9xico por incluir a Quintana Roo y sus 11 municipios en los proyectos encaminados a alcanzar la justicia energ\u00e9tica.<\/p>\n\n\n\n<figure class=\"wp-block-image is-style-default\"><a href=\"https:\/\/cgc.qroo.gob.mx\/cjg\/wp-content\/uploads\/2025\/08\/5a20253b-ddd3-4d03-86b0-ed07e48d6ccf-scaled.jpg\"><img decoding=\"async\" src=\"https:\/\/cgc.qroo.gob.mx\/cjg\/wp-content\/uploads\/2025\/08\/5a20253b-ddd3-4d03-86b0-ed07e48d6ccf-585x390.jpg\" alt=\"\" title=\"5a20253b-ddd3-4d03-86b0-ed07e48d6ccf\"\/><\/a><\/figure>\n\n\n\n<p>Durante la reuni\u00f3n, Mara Lezama se\u00f1al\u00f3 las intermitencias y fallas en el suministro el\u00e9ctrico que se han presentado en algunos municipios, con el objetivo de atenderlas y resolverlas en beneficio de la poblaci\u00f3n.<\/p>\n\n\n\n<p>Por su parte, la directora general de la CFE, Emilia Esther Calleja, acompa\u00f1ada por integrantes de su equipo, comparti\u00f3 con el Gobierno del Estado los proyectos, acciones y planes que se est\u00e1n implementando para asegurar el abastecimiento de energ\u00eda en Quintana Roo. \u201cSobre todo, transmitir la tranquilidad de que estamos trabajando para ustedes\u201d, puntualiz\u00f3.<\/p>\n\n\n\n<figure class=\"wp-block-image is-style-default\"><a href=\"https:\/\/cgc.qroo.gob.mx\/cjg\/wp-content\/uploads\/2025\/08\/8b8fe873-775c-46b9-a63b-77373505f9a1-scaled.jpg\"><img decoding=\"async\" src=\"https:\/\/cgc.qroo.gob.mx\/cjg\/wp-content\/uploads\/2025\/08\/8b8fe873-775c-46b9-a63b-77373505f9a1-585x390.jpg\" alt=\"\" title=\"8b8fe873-775c-46b9-a63b-77373505f9a1\"\/><\/a><\/figure>\n\n\n\n<p>Participaron en la reuni\u00f3n \u00c9rica Barbela, coordinadora de Relaciones Interinstitucionales y Justicia Energ\u00e9tica; Francisco Javier Maldonado, subdirector de Generaci\u00f3n; Gilberto Valencia, subdirector de Transmisi\u00f3n; Juan Francisco Cuevas, director de Proyectos e Ingenier\u00eda; y H\u00e9ctor L\u00f3pez, director de Operaci\u00f3n, todos integrantes de la CFE.<\/p>\n","protected":false},"excerpt":{"rendered":"<p>La directora general de la Comisi\u00f3n Federal de Electricidad (CFE), Emilia Esther Calleja Alor, y la gobernadora de<\/p>\n","protected":false},"author":1,"featured_media":20545,"comment_status":"closed","ping_status":"open","sticky":false,"template":"","format":"standard","meta":{"_monsterinsights_skip_tracking":false,"_monsterinsights_sitenote_active":false,"_monsterinsights_sitenote_note":"","_monsterinsights_sitenote_category":0,"footnotes":""},"categories":[11,24],"tags":[],"class_list":["post-20544","post","type-post","status-publish","format-standard","has-post-thumbnail","hentry","category-noticias","category-quintana-roo"],"yoast_head":"<!-- This site is optimized with the Yoast SEO plugin v18.3 - https:\/\/yoast.com\/wordpress\/plugins\/seo\/ -->\n<title>En reuni\u00f3n de trabajo, Mara Lezama y Emilia E. Calleja, titular de la CFE, revisan la inversi\u00f3n en infraestructura, modernizaci\u00f3n y mantenimiento del suministro el\u00e9ctrico en Quintana Roo - El Puuc Noticias<\/title>\n<meta name=\"robots\" content=\"index, follow, max-snippet:-1, max-image-preview:large, max-video-preview:-1\" \/>\n<link rel=\"canonical\" href=\"https:\/\/elpuucnoticias.com\/?p=20544\" \/>\n<meta property=\"og:locale\" content=\"es_ES\" \/>\n<meta property=\"og:type\" content=\"article\" \/>\n<meta property=\"og:title\" content=\"En reuni\u00f3n de trabajo, Mara Lezama y Emilia E. Calleja, titular de la CFE, revisan la inversi\u00f3n en infraestructura, modernizaci\u00f3n y mantenimiento del suministro el\u00e9ctrico en Quintana Roo - El Puuc Noticias\" \/>\n<meta property=\"og:description\" content=\"La directora general de la Comisi\u00f3n Federal de Electricidad (CFE), Emilia Esther Calleja Alor, y la gobernadora de\" \/>\n<meta property=\"og:url\" content=\"https:\/\/elpuucnoticias.com\/?p=20544\" \/>\n<meta property=\"og:site_name\" content=\"El Puuc Noticias\" \/>\n<meta property=\"article:published_time\" content=\"2025-08-08T19:06:41+00:00\" \/>\n<meta property=\"og:image\" content=\"https:\/\/elpuucnoticias.com\/wp-content\/uploads\/2025\/08\/04d8718a-339f-4bc4-a9c4-5c75bcf6ce1b-scaled-1.jpg\" \/>\n\t<meta property=\"og:image:width\" content=\"2560\" \/>\n\t<meta property=\"og:image:height\" content=\"1707\" \/>\n\t<meta property=\"og:image:type\" content=\"image\/jpeg\" \/>\n<meta name=\"twitter:card\" content=\"summary_large_image\" \/>\n<meta name=\"twitter:label1\" content=\"Escrito por\" \/>\n\t<meta name=\"twitter:data1\" content=\"elpuucnoticias\" \/>\n\t<meta name=\"twitter:label2\" content=\"Tiempo de lectura\" \/>\n\t<meta name=\"twitter:data2\" content=\"1 minuto\" \/>\n<script type=\"application\/ld+json\" class=\"yoast-schema-graph\">{\"@context\":\"https:\/\/schema.org\",\"@graph\":[{\"@type\":\"WebSite\",\"@id\":\"https:\/\/elpuucnoticias.com\/#website\",\"url\":\"https:\/\/elpuucnoticias.com\/\",\"name\":\"El Puuc Noticias\",\"description\":\"Noticias - Entretenimiento - Deportes\",\"potentialAction\":[{\"@type\":\"SearchAction\",\"target\":{\"@type\":\"EntryPoint\",\"urlTemplate\":\"https:\/\/elpuucnoticias.com\/?s={search_term_string}\"},\"query-input\":\"required name=search_term_string\"}],\"inLanguage\":\"es\"},{\"@type\":\"ImageObject\",\"@id\":\"https:\/\/elpuucnoticias.com\/?p=20544#primaryimage\",\"inLanguage\":\"es\",\"url\":\"https:\/\/elpuucnoticias.com\/wp-content\/uploads\/2025\/08\/04d8718a-339f-4bc4-a9c4-5c75bcf6ce1b-scaled-1.jpg\",\"contentUrl\":\"https:\/\/elpuucnoticias.com\/wp-content\/uploads\/2025\/08\/04d8718a-339f-4bc4-a9c4-5c75bcf6ce1b-scaled-1.jpg\",\"width\":2560,\"height\":1707},{\"@type\":\"WebPage\",\"@id\":\"https:\/\/elpuucnoticias.com\/?p=20544#webpage\",\"url\":\"https:\/\/elpuucnoticias.com\/?p=20544\",\"name\":\"En reuni\u00f3n de trabajo, Mara Lezama y Emilia E. Calleja, titular de la CFE, revisan la inversi\u00f3n en infraestructura, modernizaci\u00f3n y mantenimiento del suministro el\u00e9ctrico en Quintana Roo - El Puuc Noticias\",\"isPartOf\":{\"@id\":\"https:\/\/elpuucnoticias.com\/#website\"},\"primaryImageOfPage\":{\"@id\":\"https:\/\/elpuucnoticias.com\/?p=20544#primaryimage\"},\"datePublished\":\"2025-08-08T19:06:41+00:00\",\"dateModified\":\"2025-08-08T19:06:41+00:00\",\"author\":{\"@id\":\"https:\/\/elpuucnoticias.com\/#\/schema\/person\/d2ea09e4c97f0160b11cdfb1d856bd9e\"},\"breadcrumb\":{\"@id\":\"https:\/\/elpuucnoticias.com\/?p=20544#breadcrumb\"},\"inLanguage\":\"es\",\"potentialAction\":[{\"@type\":\"ReadAction\",\"target\":[\"https:\/\/elpuucnoticias.com\/?p=20544\"]}]},{\"@type\":\"BreadcrumbList\",\"@id\":\"https:\/\/elpuucnoticias.com\/?p=20544#breadcrumb\",\"itemListElement\":[{\"@type\":\"ListItem\",\"position\":1,\"name\":\"Portada\",\"item\":\"https:\/\/elpuucnoticias.com\/\"},{\"@type\":\"ListItem\",\"position\":2,\"name\":\"En reuni\u00f3n de trabajo, Mara Lezama y Emilia E. Calleja, titular de la CFE, revisan la inversi\u00f3n en infraestructura, modernizaci\u00f3n y mantenimiento del suministro el\u00e9ctrico en Quintana Roo\"}]},{\"@type\":\"Person\",\"@id\":\"https:\/\/elpuucnoticias.com\/#\/schema\/person\/d2ea09e4c97f0160b11cdfb1d856bd9e\",\"name\":\"elpuucnoticias\",\"image\":{\"@type\":\"ImageObject\",\"@id\":\"https:\/\/elpuucnoticias.com\/#personlogo\",\"inLanguage\":\"es\",\"url\":\"https:\/\/secure.gravatar.com\/avatar\/5290a43657c74ffa15701dbe5b846bd85cc71930d803c84e91046a7333de6ce2?s=96&d=mm&r=g\",\"contentUrl\":\"https:\/\/secure.gravatar.com\/avatar\/5290a43657c74ffa15701dbe5b846bd85cc71930d803c84e91046a7333de6ce2?s=96&d=mm&r=g\",\"caption\":\"elpuucnoticias\"},\"sameAs\":[\"https:\/\/elpuucnoticias.com\"],\"url\":\"https:\/\/elpuucnoticias.com\/?author=1\"}]}<\/script>\n<!-- \/ Yoast SEO plugin. -->","yoast_head_json":{"title":"En reuni\u00f3n de trabajo, Mara Lezama y Emilia E. Calleja, titular de la CFE, revisan la inversi\u00f3n en infraestructura, modernizaci\u00f3n y mantenimiento del suministro el\u00e9ctrico en Quintana Roo - El Puuc Noticias","robots":{"index":"index","follow":"follow","max-snippet":"max-snippet:-1","max-image-preview":"max-image-preview:large","max-video-preview":"max-video-preview:-1"},"canonical":"https:\/\/elpuucnoticias.com\/?p=20544","og_locale":"es_ES","og_type":"article","og_title":"En reuni\u00f3n de trabajo, Mara Lezama y Emilia E. Calleja, titular de la CFE, revisan la inversi\u00f3n en infraestructura, modernizaci\u00f3n y mantenimiento del suministro el\u00e9ctrico en Quintana Roo - El Puuc Noticias","og_description":"La directora general de la Comisi\u00f3n Federal de Electricidad (CFE), Emilia Esther Calleja Alor, y la gobernadora de","og_url":"https:\/\/elpuucnoticias.com\/?p=20544","og_site_name":"El Puuc Noticias","article_published_time":"2025-08-08T19:06:41+00:00","og_image":[{"width":2560,"height":1707,"url":"https:\/\/elpuucnoticias.com\/wp-content\/uploads\/2025\/08\/04d8718a-339f-4bc4-a9c4-5c75bcf6ce1b-scaled-1.jpg","type":"image\/jpeg"}],"twitter_card":"summary_large_image","twitter_misc":{"Escrito por":"elpuucnoticias","Tiempo de lectura":"1 minuto"},"schema":{"@context":"https:\/\/schema.org","@graph":[{"@type":"WebSite","@id":"https:\/\/elpuucnoticias.com\/#website","url":"https:\/\/elpuucnoticias.com\/","name":"El Puuc Noticias","description":"Noticias - Entretenimiento - Deportes","potentialAction":[{"@type":"SearchAction","target":{"@type":"EntryPoint","urlTemplate":"https:\/\/elpuucnoticias.com\/?s={search_term_string}"},"query-input":"required name=search_term_string"}],"inLanguage":"es"},{"@type":"ImageObject","@id":"https:\/\/elpuucnoticias.com\/?p=20544#primaryimage","inLanguage":"es","url":"https:\/\/elpuucnoticias.com\/wp-content\/uploads\/2025\/08\/04d8718a-339f-4bc4-a9c4-5c75bcf6ce1b-scaled-1.jpg","contentUrl":"https:\/\/elpuucnoticias.com\/wp-content\/uploads\/2025\/08\/04d8718a-339f-4bc4-a9c4-5c75bcf6ce1b-scaled-1.jpg","width":2560,"height":1707},{"@type":"WebPage","@id":"https:\/\/elpuucnoticias.com\/?p=20544#webpage","url":"https:\/\/elpuucnoticias.com\/?p=20544","name":"En reuni\u00f3n de trabajo, Mara Lezama y Emilia E. Calleja, titular de la CFE, revisan la inversi\u00f3n en infraestructura, modernizaci\u00f3n y mantenimiento del suministro el\u00e9ctrico en Quintana Roo - El Puuc Noticias","isPartOf":{"@id":"https:\/\/elpuucnoticias.com\/#website"},"primaryImageOfPage":{"@id":"https:\/\/elpuucnoticias.com\/?p=20544#primaryimage"},"datePublished":"2025-08-08T19:06:41+00:00","dateModified":"2025-08-08T19:06:41+00:00","author":{"@id":"https:\/\/elpuucnoticias.com\/#\/schema\/person\/d2ea09e4c97f0160b11cdfb1d856bd9e"},"breadcrumb":{"@id":"https:\/\/elpuucnoticias.com\/?p=20544#breadcrumb"},"inLanguage":"es","potentialAction":[{"@type":"ReadAction","target":["https:\/\/elpuucnoticias.com\/?p=20544"]}]},{"@type":"BreadcrumbList","@id":"https:\/\/elpuucnoticias.com\/?p=20544#breadcrumb","itemListElement":[{"@type":"ListItem","position":1,"name":"Portada","item":"https:\/\/elpuucnoticias.com\/"},{"@type":"ListItem","position":2,"name":"En reuni\u00f3n de trabajo, Mara Lezama y Emilia E. Calleja, titular de la CFE, revisan la inversi\u00f3n en infraestructura, modernizaci\u00f3n y mantenimiento del suministro el\u00e9ctrico en Quintana Roo"}]},{"@type":"Person","@id":"https:\/\/elpuucnoticias.com\/#\/schema\/person\/d2ea09e4c97f0160b11cdfb1d856bd9e","name":"elpuucnoticias","image":{"@type":"ImageObject","@id":"https:\/\/elpuucnoticias.com\/#personlogo","inLanguage":"es","url":"https:\/\/secure.gravatar.com\/avatar\/5290a43657c74ffa15701dbe5b846bd85cc71930d803c84e91046a7333de6ce2?s=96&d=mm&r=g","contentUrl":"https:\/\/secure.gravatar.com\/avatar\/5290a43657c74ffa15701dbe5b846bd85cc71930d803c84e91046a7333de6ce2?s=96&d=mm&r=g","caption":"elpuucnoticias"},"sameAs":["https:\/\/elpuucnoticias.com"],"url":"https:\/\/elpuucnoticias.com\/?author=1"}]}},"_links":{"self":[{"href":"https:\/\/elpuucnoticias.com\/index.php?rest_route=\/wp\/v2\/posts\/20544","targetHints":{"allow":["GET"]}}],"collection":[{"href":"https:\/\/elpuucnoticias.com\/index.php?rest_route=\/wp\/v2\/posts"}],"about":[{"href":"https:\/\/elpuucnoticias.com\/index.php?rest_route=\/wp\/v2\/types\/post"}],"author":[{"embeddable":true,"href":"https:\/\/elpuucnoticias.com\/index.php?rest_route=\/wp\/v2\/users\/1"}],"replies":[{"embeddable":true,"href":"https:\/\/elpuucnoticias.com\/index.php?rest_route=%2Fwp%2Fv2%2Fcomments&post=20544"}],"version-history":[{"count":1,"href":"https:\/\/elpuucnoticias.com\/index.php?rest_route=\/wp\/v2\/posts\/20544\/revisions"}],"predecessor-version":[{"id":20546,"href":"https:\/\/elpuucnoticias.com\/index.php?rest_route=\/wp\/v2\/posts\/20544\/revisions\/20546"}],"wp:featuredmedia":[{"embeddable":true,"href":"https:\/\/elpuucnoticias.com\/index.php?rest_route=\/wp\/v2\/media\/20545"}],"wp:attachment":[{"href":"https:\/\/elpuucnoticias.com\/index.php?rest_route=%2Fwp%2Fv2%2Fmedia&parent=20544"}],"wp:term":[{"taxonomy":"category","embeddable":true,"href":"https:\/\/elpuucnoticias.com\/index.php?rest_route=%2Fwp%2Fv2%2Fcategories&post=20544"},{"taxonomy":"post_tag","embeddable":true,"href":"https:\/\/elpuucnoticias.com\/index.php?rest_route=%2Fwp%2Fv2%2Ftags&post=20544"}],"curies":[{"name":"wp","href":"https:\/\/api.w.org\/{rel}","templated":true}]}}