{"id":20550,"date":"2025-08-11T11:04:15","date_gmt":"2025-08-11T17:04:15","guid":{"rendered":"https:\/\/elpuucnoticias.com\/?p=20550"},"modified":"2025-08-11T11:04:16","modified_gmt":"2025-08-11T17:04:16","slug":"caravana-para-mujeres-en-la-propiedad-social-reconoce-derechos-agrarios-de-mujeres-rurales-en-felipe-carrillo-puerto","status":"publish","type":"post","link":"https:\/\/elpuucnoticias.com\/?p=20550","title":{"rendered":"Caravana para Mujeres en la Propiedad Social reconoce derechos agrarios de mujeres rurales en Felipe Carrillo Puerto"},"content":{"rendered":"\n<p>En un acto de justicia social y en reconocimiento a sus derechos agrarios, la gobernadora Mara Lezama Espinosa y la titular de la Secretar\u00eda de la Secretar\u00eda de Desarrollo Agrario, Territorial y Urbano (SEDATU) Edna Vega Rangel, entregaron 70 certificados de derechos sobre uso com\u00fan y 50 testamentos agrarios a mujeres de comunidades de este municipio.<\/p>\n\n\n\n<figure class=\"wp-block-image is-style-default\"><a href=\"https:\/\/cgc.qroo.gob.mx\/cjg\/wp-content\/uploads\/2025\/08\/WhatsApp-Image-2025-08-08-at-16.00.33-scaled.jpeg\"><img decoding=\"async\" src=\"https:\/\/cgc.qroo.gob.mx\/cjg\/wp-content\/uploads\/2025\/08\/WhatsApp-Image-2025-08-08-at-16.00.33-585x390.jpeg\" alt=\"\" title=\"WhatsApp Image 2025-08-08 at 16.00.33\"\/><\/a><\/figure>\n\n\n\n<p>Esta acci\u00f3n se realiz\u00f3 en el marco de la primera de cuatro Caravanas para Mujeres en la Propiedad Social, una estrategia interinstitucional en la que participan la SEDATU, el Registro Agrario Nacional (RAN), la Procuradur\u00eda Agraria y la Secretar\u00eda de las Mujeres de Quintana Roo (SEMUJERES), a cargo de Esther Burgos Jim\u00e9nez. El objetivo es dar certeza jur\u00eddica a mujeres ejidatarias e ind\u00edgenas sobre la tenencia de la tierra, garantizar sus derechos agrarios y fortalecer su autonom\u00eda econ\u00f3mica y social.<\/p>\n\n\n\n<p>Las Caravanas dan cumplimiento a uno de los 100 Compromisos de la Cuarta Transformaci\u00f3n, del gobierno de la Presidenta Claudia Sheinbaum, para reconocer los derechos agrarios de m\u00e1s de 150 mil mujeres en todo el pa\u00eds.<\/p>\n\n\n\n<figure class=\"wp-block-image is-style-default\"><a href=\"https:\/\/cgc.qroo.gob.mx\/cjg\/wp-content\/uploads\/2025\/08\/WhatsApp-Image-2025-08-08-at-16.00.31-1-scaled.jpeg\"><img decoding=\"async\" src=\"https:\/\/cgc.qroo.gob.mx\/cjg\/wp-content\/uploads\/2025\/08\/WhatsApp-Image-2025-08-08-at-16.00.31-1-585x390.jpeg\" alt=\"\" title=\"WhatsApp Image 2025-08-08 at 16.00.31 (1)\"\/><\/a><\/figure>\n\n\n\n<p>Al dirigirse a las beneficiarias de las localidades y n\u00facleos agrarios de Dzul\u00e1, Bernardino Cen, Santa Luc\u00eda, Tihosuco, Dzoyol\u00e1, Filomeno Mata, Trapich, Tepich y Santa Isabel, la gobernadora Mara Lezama destac\u00f3 que este es un acto en que este gobierno diferente, de la Cuarta Transformaci\u00f3n, reconoce sus derechos agrarios, lo que no sucedi\u00f3 en gobiernos del pasado.<\/p>\n\n\n\n<figure class=\"wp-block-image is-style-default\"><a href=\"https:\/\/cgc.qroo.gob.mx\/cjg\/wp-content\/uploads\/2025\/08\/WhatsApp-Image-2025-08-08-at-16.00.31-2-scaled.jpeg\"><img decoding=\"async\" src=\"https:\/\/cgc.qroo.gob.mx\/cjg\/wp-content\/uploads\/2025\/08\/WhatsApp-Image-2025-08-08-at-16.00.31-2-585x390.jpeg\" alt=\"\" title=\"WhatsApp Image 2025-08-08 at 16.00.31 (2)\"\/><\/a><\/figure>\n\n\n\n<p>\u201cSomos un gobierno diferente, honesto, que no roba, no miente y no traiciona al pueblo, pero sobre todo, somos un gobierno que est\u00e1 aqu\u00ed para servir, para atenderles, para escucharlos y para resolverles\u201d, dijo la Gobernadora.<\/p>\n\n\n\n<p>Asimismo, expres\u00f3 que adem\u00e1s de los derechos agrarios, tienen derecho a una vida sin violencia, a extender sus alas y ser libres en la toma de sus propias decisiones, a ser felices, a empoderarse y a ser lo que quieran ser.<\/p>\n\n\n\n<figure class=\"wp-block-image is-style-default\"><a href=\"https:\/\/cgc.qroo.gob.mx\/cjg\/wp-content\/uploads\/2025\/08\/WhatsApp-Image-2025-08-08-at-16.00.31-scaled.jpeg\"><img decoding=\"async\" src=\"https:\/\/cgc.qroo.gob.mx\/cjg\/wp-content\/uploads\/2025\/08\/WhatsApp-Image-2025-08-08-at-16.00.31-585x390.jpeg\" alt=\"\" title=\"WhatsApp Image 2025-08-08 at 16.00.31\"\/><\/a><\/figure>\n\n\n\n<p>Por su parte, la secretaria Vega Rangel explic\u00f3 que estas Caravanas para Mujeres en la Propiedad Social ser\u00e1n fortalecidas para hacer llegar m\u00e1s apoyos a las mujeres representantes de los n\u00facleos agrarios, en pleno respeto a sus derechos y no como confrontaci\u00f3n con los hombres.<\/p>\n\n\n\n<figure class=\"wp-block-image is-style-default\"><a href=\"https:\/\/cgc.qroo.gob.mx\/cjg\/wp-content\/uploads\/2025\/08\/WhatsApp-Image-2025-08-08-at-16.00.32-scaled.jpeg\"><img decoding=\"async\" src=\"https:\/\/cgc.qroo.gob.mx\/cjg\/wp-content\/uploads\/2025\/08\/WhatsApp-Image-2025-08-08-at-16.00.32-585x390.jpeg\" alt=\"\" title=\"WhatsApp Image 2025-08-08 at 16.00.32\"\/><\/a><\/figure>\n\n\n\n<p>Explic\u00f3 que a nivel nacional se van a entregar 156 mil t\u00edtulos de derechos agrarios, de los cuales se han entregado ya 13 mil. A\u00f1adi\u00f3 que tambi\u00e9n se impulsa el programa Vivienda para el Bienestar y en diciembre se estar\u00e1n entregando las primeras.<\/p>\n\n\n\n<p>Durante el evento, celebrado en el domo Cecilio Ch\u00ed de este municipio, se inform\u00f3 que las pr\u00f3ximas caravanas se realizar\u00e1n el 27 de agosto en Jos\u00e9 Mar\u00eda Morelos, el 24 de septiembre en L\u00e1zaro C\u00e1rdenas, y el 23 de octubre en Bacalar.<\/p>\n\n\n\n<figure class=\"wp-block-image is-style-default\"><a href=\"https:\/\/cgc.qroo.gob.mx\/cjg\/wp-content\/uploads\/2025\/08\/WhatsApp-Image-2025-08-08-at-16.00.33-1-scaled.jpeg\"><img decoding=\"async\" src=\"https:\/\/cgc.qroo.gob.mx\/cjg\/wp-content\/uploads\/2025\/08\/WhatsApp-Image-2025-08-08-at-16.00.33-1-585x390.jpeg\" alt=\"\" title=\"WhatsApp Image 2025-08-08 at 16.00.33 (1)\"\/><\/a><\/figure>\n\n\n\n<p>En ellas trabajan de forma conjunta la SEDATU, el RAN, la Procuradur\u00eda Agraria, el Tribunal Unitario Agrario, la Secretar\u00eda del Bienestar, la SEDETUS, el IMSS Bienestar, la CONAVI, CONAFOR, SADER, INMAYA, INPI, SEGOB y SESA, entre otros.<\/p>\n\n\n\n<p>Estuvieron en este evento, el magistrado Heyden Cebada Rivas, presidente del Tribunal Superior de Justicia; la presidenta municipal Mary Hern\u00e1ndez; la beneficiaria Angela Chuc Pat.<\/p>\n\n\n\n<p><\/p>\n","protected":false},"excerpt":{"rendered":"<p>En un acto de justicia social y en reconocimiento a sus derechos agrarios, la gobernadora Mara Lezama Espinosa<\/p>\n","protected":false},"author":1,"featured_media":20551,"comment_status":"closed","ping_status":"open","sticky":false,"template":"","format":"standard","meta":{"_monsterinsights_skip_tracking":false,"_monsterinsights_sitenote_active":false,"_monsterinsights_sitenote_note":"","_monsterinsights_sitenote_category":0,"footnotes":""},"categories":[11,24],"tags":[],"class_list":["post-20550","post","type-post","status-publish","format-standard","has-post-thumbnail","hentry","category-noticias","category-quintana-roo"],"yoast_head":"<!-- This site is optimized with the Yoast SEO plugin v18.3 - https:\/\/yoast.com\/wordpress\/plugins\/seo\/ -->\n<title>Caravana para Mujeres en la Propiedad Social reconoce derechos agrarios de mujeres rurales en Felipe Carrillo Puerto - El Puuc Noticias<\/title>\n<meta name=\"robots\" content=\"index, follow, max-snippet:-1, max-image-preview:large, max-video-preview:-1\" \/>\n<link rel=\"canonical\" href=\"https:\/\/elpuucnoticias.com\/?p=20550\" \/>\n<meta property=\"og:locale\" content=\"es_ES\" \/>\n<meta property=\"og:type\" content=\"article\" \/>\n<meta property=\"og:title\" content=\"Caravana para Mujeres en la Propiedad Social reconoce derechos agrarios de mujeres rurales en Felipe Carrillo Puerto - El Puuc Noticias\" \/>\n<meta property=\"og:description\" content=\"En un acto de justicia social y en reconocimiento a sus derechos agrarios, la gobernadora Mara Lezama Espinosa\" \/>\n<meta property=\"og:url\" content=\"https:\/\/elpuucnoticias.com\/?p=20550\" \/>\n<meta property=\"og:site_name\" content=\"El Puuc Noticias\" \/>\n<meta property=\"article:published_time\" content=\"2025-08-11T17:04:15+00:00\" \/>\n<meta property=\"article:modified_time\" content=\"2025-08-11T17:04:16+00:00\" \/>\n<meta property=\"og:image\" content=\"https:\/\/cgc.qroo.gob.mx\/cjg\/wp-content\/uploads\/2025\/08\/WhatsApp-Image-2025-08-08-at-16.00.33-585x390.jpeg\" \/>\n<meta name=\"twitter:card\" content=\"summary_large_image\" \/>\n<meta name=\"twitter:label1\" content=\"Escrito por\" \/>\n\t<meta name=\"twitter:data1\" content=\"elpuucnoticias\" \/>\n\t<meta name=\"twitter:label2\" content=\"Tiempo de lectura\" \/>\n\t<meta name=\"twitter:data2\" content=\"3 minutos\" \/>\n<script type=\"application\/ld+json\" class=\"yoast-schema-graph\">{\"@context\":\"https:\/\/schema.org\",\"@graph\":[{\"@type\":\"WebSite\",\"@id\":\"https:\/\/elpuucnoticias.com\/#website\",\"url\":\"https:\/\/elpuucnoticias.com\/\",\"name\":\"El Puuc Noticias\",\"description\":\"Noticias - Entretenimiento - Deportes\",\"potentialAction\":[{\"@type\":\"SearchAction\",\"target\":{\"@type\":\"EntryPoint\",\"urlTemplate\":\"https:\/\/elpuucnoticias.com\/?s={search_term_string}\"},\"query-input\":\"required name=search_term_string\"}],\"inLanguage\":\"es\"},{\"@type\":\"ImageObject\",\"@id\":\"https:\/\/elpuucnoticias.com\/?p=20550#primaryimage\",\"inLanguage\":\"es\",\"url\":\"https:\/\/elpuucnoticias.com\/wp-content\/uploads\/2025\/08\/whatsapp-image-2025-08-08-at-16.00.32-1-scaled-1.jpeg\",\"contentUrl\":\"https:\/\/elpuucnoticias.com\/wp-content\/uploads\/2025\/08\/whatsapp-image-2025-08-08-at-16.00.32-1-scaled-1.jpeg\",\"width\":2560,\"height\":1400},{\"@type\":\"WebPage\",\"@id\":\"https:\/\/elpuucnoticias.com\/?p=20550#webpage\",\"url\":\"https:\/\/elpuucnoticias.com\/?p=20550\",\"name\":\"Caravana para Mujeres en la Propiedad Social reconoce derechos agrarios de mujeres rurales en Felipe Carrillo Puerto - El Puuc Noticias\",\"isPartOf\":{\"@id\":\"https:\/\/elpuucnoticias.com\/#website\"},\"primaryImageOfPage\":{\"@id\":\"https:\/\/elpuucnoticias.com\/?p=20550#primaryimage\"},\"datePublished\":\"2025-08-11T17:04:15+00:00\",\"dateModified\":\"2025-08-11T17:04:16+00:00\",\"author\":{\"@id\":\"https:\/\/elpuucnoticias.com\/#\/schema\/person\/d2ea09e4c97f0160b11cdfb1d856bd9e\"},\"breadcrumb\":{\"@id\":\"https:\/\/elpuucnoticias.com\/?p=20550#breadcrumb\"},\"inLanguage\":\"es\",\"potentialAction\":[{\"@type\":\"ReadAction\",\"target\":[\"https:\/\/elpuucnoticias.com\/?p=20550\"]}]},{\"@type\":\"BreadcrumbList\",\"@id\":\"https:\/\/elpuucnoticias.com\/?p=20550#breadcrumb\",\"itemListElement\":[{\"@type\":\"ListItem\",\"position\":1,\"name\":\"Portada\",\"item\":\"https:\/\/elpuucnoticias.com\/\"},{\"@type\":\"ListItem\",\"position\":2,\"name\":\"Caravana para Mujeres en la Propiedad Social reconoce derechos agrarios de mujeres rurales en Felipe Carrillo Puerto\"}]},{\"@type\":\"Person\",\"@id\":\"https:\/\/elpuucnoticias.com\/#\/schema\/person\/d2ea09e4c97f0160b11cdfb1d856bd9e\",\"name\":\"elpuucnoticias\",\"image\":{\"@type\":\"ImageObject\",\"@id\":\"https:\/\/elpuucnoticias.com\/#personlogo\",\"inLanguage\":\"es\",\"url\":\"https:\/\/secure.gravatar.com\/avatar\/5290a43657c74ffa15701dbe5b846bd85cc71930d803c84e91046a7333de6ce2?s=96&d=mm&r=g\",\"contentUrl\":\"https:\/\/secure.gravatar.com\/avatar\/5290a43657c74ffa15701dbe5b846bd85cc71930d803c84e91046a7333de6ce2?s=96&d=mm&r=g\",\"caption\":\"elpuucnoticias\"},\"sameAs\":[\"https:\/\/elpuucnoticias.com\"],\"url\":\"https:\/\/elpuucnoticias.com\/?author=1\"}]}<\/script>\n<!-- \/ Yoast SEO plugin. -->","yoast_head_json":{"title":"Caravana para Mujeres en la Propiedad Social reconoce derechos agrarios de mujeres rurales en Felipe Carrillo Puerto - El Puuc Noticias","robots":{"index":"index","follow":"follow","max-snippet":"max-snippet:-1","max-image-preview":"max-image-preview:large","max-video-preview":"max-video-preview:-1"},"canonical":"https:\/\/elpuucnoticias.com\/?p=20550","og_locale":"es_ES","og_type":"article","og_title":"Caravana para Mujeres en la Propiedad Social reconoce derechos agrarios de mujeres rurales en Felipe Carrillo Puerto - El Puuc Noticias","og_description":"En un acto de justicia social y en reconocimiento a sus derechos agrarios, la gobernadora Mara Lezama Espinosa","og_url":"https:\/\/elpuucnoticias.com\/?p=20550","og_site_name":"El Puuc Noticias","article_published_time":"2025-08-11T17:04:15+00:00","article_modified_time":"2025-08-11T17:04:16+00:00","og_image":[{"url":"https:\/\/cgc.qroo.gob.mx\/cjg\/wp-content\/uploads\/2025\/08\/WhatsApp-Image-2025-08-08-at-16.00.33-585x390.jpeg"}],"twitter_card":"summary_large_image","twitter_misc":{"Escrito por":"elpuucnoticias","Tiempo de lectura":"3 minutos"},"schema":{"@context":"https:\/\/schema.org","@graph":[{"@type":"WebSite","@id":"https:\/\/elpuucnoticias.com\/#website","url":"https:\/\/elpuucnoticias.com\/","name":"El Puuc Noticias","description":"Noticias - Entretenimiento - Deportes","potentialAction":[{"@type":"SearchAction","target":{"@type":"EntryPoint","urlTemplate":"https:\/\/elpuucnoticias.com\/?s={search_term_string}"},"query-input":"required name=search_term_string"}],"inLanguage":"es"},{"@type":"ImageObject","@id":"https:\/\/elpuucnoticias.com\/?p=20550#primaryimage","inLanguage":"es","url":"https:\/\/elpuucnoticias.com\/wp-content\/uploads\/2025\/08\/whatsapp-image-2025-08-08-at-16.00.32-1-scaled-1.jpeg","contentUrl":"https:\/\/elpuucnoticias.com\/wp-content\/uploads\/2025\/08\/whatsapp-image-2025-08-08-at-16.00.32-1-scaled-1.jpeg","width":2560,"height":1400},{"@type":"WebPage","@id":"https:\/\/elpuucnoticias.com\/?p=20550#webpage","url":"https:\/\/elpuucnoticias.com\/?p=20550","name":"Caravana para Mujeres en la Propiedad Social reconoce derechos agrarios de mujeres rurales en Felipe Carrillo Puerto - El Puuc Noticias","isPartOf":{"@id":"https:\/\/elpuucnoticias.com\/#website"},"primaryImageOfPage":{"@id":"https:\/\/elpuucnoticias.com\/?p=20550#primaryimage"},"datePublished":"2025-08-11T17:04:15+00:00","dateModified":"2025-08-11T17:04:16+00:00","author":{"@id":"https:\/\/elpuucnoticias.com\/#\/schema\/person\/d2ea09e4c97f0160b11cdfb1d856bd9e"},"breadcrumb":{"@id":"https:\/\/elpuucnoticias.com\/?p=20550#breadcrumb"},"inLanguage":"es","potentialAction":[{"@type":"ReadAction","target":["https:\/\/elpuucnoticias.com\/?p=20550"]}]},{"@type":"BreadcrumbList","@id":"https:\/\/elpuucnoticias.com\/?p=20550#breadcrumb","itemListElement":[{"@type":"ListItem","position":1,"name":"Portada","item":"https:\/\/elpuucnoticias.com\/"},{"@type":"ListItem","position":2,"name":"Caravana para Mujeres en la Propiedad Social reconoce derechos agrarios de mujeres rurales en Felipe Carrillo Puerto"}]},{"@type":"Person","@id":"https:\/\/elpuucnoticias.com\/#\/schema\/person\/d2ea09e4c97f0160b11cdfb1d856bd9e","name":"elpuucnoticias","image":{"@type":"ImageObject","@id":"https:\/\/elpuucnoticias.com\/#personlogo","inLanguage":"es","url":"https:\/\/secure.gravatar.com\/avatar\/5290a43657c74ffa15701dbe5b846bd85cc71930d803c84e91046a7333de6ce2?s=96&d=mm&r=g","contentUrl":"https:\/\/secure.gravatar.com\/avatar\/5290a43657c74ffa15701dbe5b846bd85cc71930d803c84e91046a7333de6ce2?s=96&d=mm&r=g","caption":"elpuucnoticias"},"sameAs":["https:\/\/elpuucnoticias.com"],"url":"https:\/\/elpuucnoticias.com\/?author=1"}]}},"_links":{"self":[{"href":"https:\/\/elpuucnoticias.com\/index.php?rest_route=\/wp\/v2\/posts\/20550","targetHints":{"allow":["GET"]}}],"collection":[{"href":"https:\/\/elpuucnoticias.com\/index.php?rest_route=\/wp\/v2\/posts"}],"about":[{"href":"https:\/\/elpuucnoticias.com\/index.php?rest_route=\/wp\/v2\/types\/post"}],"author":[{"embeddable":true,"href":"https:\/\/elpuucnoticias.com\/index.php?rest_route=\/wp\/v2\/users\/1"}],"replies":[{"embeddable":true,"href":"https:\/\/elpuucnoticias.com\/index.php?rest_route=%2Fwp%2Fv2%2Fcomments&post=20550"}],"version-history":[{"count":1,"href":"https:\/\/elpuucnoticias.com\/index.php?rest_route=\/wp\/v2\/posts\/20550\/revisions"}],"predecessor-version":[{"id":20552,"href":"https:\/\/elpuucnoticias.com\/index.php?rest_route=\/wp\/v2\/posts\/20550\/revisions\/20552"}],"wp:featuredmedia":[{"embeddable":true,"href":"https:\/\/elpuucnoticias.com\/index.php?rest_route=\/wp\/v2\/media\/20551"}],"wp:attachment":[{"href":"https:\/\/elpuucnoticias.com\/index.php?rest_route=%2Fwp%2Fv2%2Fmedia&parent=20550"}],"wp:term":[{"taxonomy":"category","embeddable":true,"href":"https:\/\/elpuucnoticias.com\/index.php?rest_route=%2Fwp%2Fv2%2Fcategories&post=20550"},{"taxonomy":"post_tag","embeddable":true,"href":"https:\/\/elpuucnoticias.com\/index.php?rest_route=%2Fwp%2Fv2%2Ftags&post=20550"}],"curies":[{"name":"wp","href":"https:\/\/api.w.org\/{rel}","templated":true}]}}