{"id":20554,"date":"2025-08-11T11:09:20","date_gmt":"2025-08-11T17:09:20","guid":{"rendered":"https:\/\/elpuucnoticias.com\/?p=20554"},"modified":"2025-08-11T11:09:21","modified_gmt":"2025-08-11T17:09:21","slug":"concluyen-con-exito-en-cozumel-la-edicion-numero-36-de-su-curso-de-verano","status":"publish","type":"post","link":"https:\/\/elpuucnoticias.com\/?p=20554","title":{"rendered":"Concluyen con \u00e9xito en Cozumel la edici\u00f3n n\u00famero 36 de su Curso de Verano"},"content":{"rendered":"\n<p>Con una emotiva y alegre clausura en la que participaron 125 ni\u00f1as y ni\u00f1os, la Fundaci\u00f3n de Parques y Museos de Cozumel (FPMC) concluy\u00f3 el Curso de Verano \u201cExploradores de la Naturaleza\u201d, un programa pionero en la isla que, desde hace 36 a\u00f1os, combina aprendizaje, recreaci\u00f3n y contacto con la naturaleza, dejando huellas imborrables en la vida y los recuerdos de la ni\u00f1ez cozumele\u00f1a.<\/p>\n\n\n\n<figure class=\"wp-block-image is-style-default\"><a href=\"https:\/\/cgc.qroo.gob.mx\/cjg\/wp-content\/uploads\/2025\/08\/WhatsApp-Image-2025-08-08-at-15.55.06.jpeg\"><img decoding=\"async\" src=\"https:\/\/cgc.qroo.gob.mx\/cjg\/wp-content\/uploads\/2025\/08\/WhatsApp-Image-2025-08-08-at-15.55.06-585x390.jpeg\" alt=\"\" title=\"WhatsApp Image 2025-08-08 at 15.55.06\"\/><\/a><\/figure>\n\n\n\n<p>Durante dos semanas, los peque\u00f1os exploradores, de entre 7 y 11 a\u00f1os de edad, vivieron experiencias \u00fanicas que despertaron su curiosidad por el entorno y fortalecieron su amor por la isla. Recorrieron lugares emblem\u00e1ticos como el Parque Natural Chankanaab, el Museo de la Isla, el Parque Ecotur\u00edstico Punta Sur, el Planetario de Cozumel Cha\u2019an Ka\u2019an, Dolphin Discovery, la Unidad Deportiva Bicentenario y el Pueblo del Ma\u00edz.<\/p>\n\n\n\n<figure class=\"wp-block-image is-style-default\"><a href=\"https:\/\/cgc.qroo.gob.mx\/cjg\/wp-content\/uploads\/2025\/08\/WhatsApp-Image-2025-08-08-at-15.55.05-1.jpeg\"><img decoding=\"async\" src=\"https:\/\/cgc.qroo.gob.mx\/cjg\/wp-content\/uploads\/2025\/08\/WhatsApp-Image-2025-08-08-at-15.55.05-1-585x390.jpeg\" alt=\"\" title=\"WhatsApp Image 2025-08-08 at 15.55.05 (1)\"\/><\/a><\/figure>\n\n\n\n<p>Tambi\u00e9n disfrutaron de actividades llenas de diversi\u00f3n como un paseo a bordo del Barco Pirata, un d\u00eda de alberca, talleres de baile, pintura textil y manualidades. El cierre fue en Cin\u00e9polis, donde recibieron su combo de dulcer\u00eda, disfrutaron de una pel\u00edcula infantil y se llevaron un reconocimiento por su participaci\u00f3n.<\/p>\n\n\n\n<figure class=\"wp-block-image is-style-default\"><a href=\"https:\/\/cgc.qroo.gob.mx\/cjg\/wp-content\/uploads\/2025\/08\/WhatsApp-Image-2025-08-08-at-15.55.05-2.jpeg\"><img decoding=\"async\" src=\"https:\/\/cgc.qroo.gob.mx\/cjg\/wp-content\/uploads\/2025\/08\/WhatsApp-Image-2025-08-08-at-15.55.05-2-585x390.jpeg\" alt=\"\" title=\"WhatsApp Image 2025-08-08 at 15.55.05 (2)\"\/><\/a><\/figure>\n\n\n\n<figure class=\"wp-block-image is-style-default\"><a href=\"https:\/\/cgc.qroo.gob.mx\/cjg\/wp-content\/uploads\/2025\/08\/WhatsApp-Image-2025-08-08-at-15.55.05.jpeg\"><img decoding=\"async\" src=\"https:\/\/cgc.qroo.gob.mx\/cjg\/wp-content\/uploads\/2025\/08\/WhatsApp-Image-2025-08-08-at-15.55.05-585x314.jpeg\" alt=\"\" title=\"WhatsApp Image 2025-08-08 at 15.55.05\"\/><\/a><\/figure>\n\n\n\n<p>La directora general de la FPMC, Juanita Alonso Marrufo, destac\u00f3 que este programa se enmarca en el Nuevo Acuerdo por el Bienestar y Desarrollo impulsado por la gobernadora Mara Lezama Espinosa, acercando a las nuevas generaciones a la riqueza natural y cultural de Cozumel.<\/p>\n\n\n\n<figure class=\"wp-block-image is-style-default\"><a href=\"https:\/\/cgc.qroo.gob.mx\/cjg\/wp-content\/uploads\/2025\/08\/WhatsApp-Image-2025-08-08-at-15.55.06-1.jpeg\"><img decoding=\"async\" src=\"https:\/\/cgc.qroo.gob.mx\/cjg\/wp-content\/uploads\/2025\/08\/WhatsApp-Image-2025-08-08-at-15.55.06-1-585x390.jpeg\" alt=\"\" title=\"WhatsApp Image 2025-08-08 at 15.55.06 (1)\"\/><\/a><\/figure>\n\n\n\n<p>\u201cDurante 36 a\u00f1os, madres y padres de familia han confiado en nuestras actividades para que sus hijos vivan un verano inolvidable, aprendan sobre su entorno y descubran los atractivos que hacen \u00fanica a nuestra isla\u201d, concluy\u00f3.<\/p>\n\n\n\n<figure class=\"wp-block-image is-style-default\"><a href=\"https:\/\/cgc.qroo.gob.mx\/cjg\/wp-content\/uploads\/2025\/08\/WhatsApp-Image-2025-08-08-at-15.55.06-2.jpeg\"><img decoding=\"async\" src=\"https:\/\/cgc.qroo.gob.mx\/cjg\/wp-content\/uploads\/2025\/08\/WhatsApp-Image-2025-08-08-at-15.55.06-2-585x439.jpeg\" alt=\"\" title=\"WhatsApp Image 2025-08-08 at 15.55.06 (2)\"\/><\/a><\/figure>\n\n\n\n<p>Con esta y otras actividades permanentes, la FPMC sigue trabajando en el fomento de la educaci\u00f3n ambiental, el amor por la isla y la convivencia social, brindando cada a\u00f1o un verano lleno de aventura y sonrisas para la ni\u00f1ez cozumele\u00f1a.<\/p>\n","protected":false},"excerpt":{"rendered":"<p>Con una emotiva y alegre clausura en la que participaron 125 ni\u00f1as y ni\u00f1os, la Fundaci\u00f3n de Parques<\/p>\n","protected":false},"author":1,"featured_media":20555,"comment_status":"closed","ping_status":"open","sticky":false,"template":"","format":"standard","meta":{"_monsterinsights_skip_tracking":false,"_monsterinsights_sitenote_active":false,"_monsterinsights_sitenote_note":"","_monsterinsights_sitenote_category":0,"footnotes":""},"categories":[11,24],"tags":[],"class_list":["post-20554","post","type-post","status-publish","format-standard","has-post-thumbnail","hentry","category-noticias","category-quintana-roo"],"yoast_head":"<!-- This site is optimized with the Yoast SEO plugin v18.3 - https:\/\/yoast.com\/wordpress\/plugins\/seo\/ -->\n<title>Concluyen con \u00e9xito en Cozumel la edici\u00f3n n\u00famero 36 de su Curso de Verano - El Puuc Noticias<\/title>\n<meta name=\"robots\" content=\"index, follow, max-snippet:-1, max-image-preview:large, max-video-preview:-1\" \/>\n<link rel=\"canonical\" href=\"https:\/\/elpuucnoticias.com\/?p=20554\" \/>\n<meta property=\"og:locale\" content=\"es_ES\" \/>\n<meta property=\"og:type\" content=\"article\" \/>\n<meta property=\"og:title\" content=\"Concluyen con \u00e9xito en Cozumel la edici\u00f3n n\u00famero 36 de su Curso de Verano - El Puuc Noticias\" \/>\n<meta property=\"og:description\" content=\"Con una emotiva y alegre clausura en la que participaron 125 ni\u00f1as y ni\u00f1os, la Fundaci\u00f3n de Parques\" \/>\n<meta property=\"og:url\" content=\"https:\/\/elpuucnoticias.com\/?p=20554\" \/>\n<meta property=\"og:site_name\" content=\"El Puuc Noticias\" \/>\n<meta property=\"article:published_time\" content=\"2025-08-11T17:09:20+00:00\" \/>\n<meta property=\"article:modified_time\" content=\"2025-08-11T17:09:21+00:00\" \/>\n<meta property=\"og:image\" content=\"https:\/\/elpuucnoticias.com\/wp-content\/uploads\/2025\/08\/whatsapp-image-2025-08-08-at-15.55.04.jpeg\" \/>\n\t<meta property=\"og:image:width\" content=\"1600\" \/>\n\t<meta property=\"og:image:height\" content=\"1066\" \/>\n\t<meta property=\"og:image:type\" content=\"image\/jpeg\" \/>\n<meta name=\"twitter:card\" content=\"summary_large_image\" \/>\n<meta name=\"twitter:label1\" content=\"Escrito por\" \/>\n\t<meta name=\"twitter:data1\" content=\"elpuucnoticias\" \/>\n\t<meta name=\"twitter:label2\" content=\"Tiempo de lectura\" \/>\n\t<meta name=\"twitter:data2\" content=\"2 minutos\" \/>\n<script type=\"application\/ld+json\" class=\"yoast-schema-graph\">{\"@context\":\"https:\/\/schema.org\",\"@graph\":[{\"@type\":\"WebSite\",\"@id\":\"https:\/\/elpuucnoticias.com\/#website\",\"url\":\"https:\/\/elpuucnoticias.com\/\",\"name\":\"El Puuc Noticias\",\"description\":\"Noticias - Entretenimiento - Deportes\",\"potentialAction\":[{\"@type\":\"SearchAction\",\"target\":{\"@type\":\"EntryPoint\",\"urlTemplate\":\"https:\/\/elpuucnoticias.com\/?s={search_term_string}\"},\"query-input\":\"required name=search_term_string\"}],\"inLanguage\":\"es\"},{\"@type\":\"ImageObject\",\"@id\":\"https:\/\/elpuucnoticias.com\/?p=20554#primaryimage\",\"inLanguage\":\"es\",\"url\":\"https:\/\/elpuucnoticias.com\/wp-content\/uploads\/2025\/08\/whatsapp-image-2025-08-08-at-15.55.04.jpeg\",\"contentUrl\":\"https:\/\/elpuucnoticias.com\/wp-content\/uploads\/2025\/08\/whatsapp-image-2025-08-08-at-15.55.04.jpeg\",\"width\":1600,\"height\":1066},{\"@type\":\"WebPage\",\"@id\":\"https:\/\/elpuucnoticias.com\/?p=20554#webpage\",\"url\":\"https:\/\/elpuucnoticias.com\/?p=20554\",\"name\":\"Concluyen con \u00e9xito en Cozumel la edici\u00f3n n\u00famero 36 de su Curso de Verano - El Puuc Noticias\",\"isPartOf\":{\"@id\":\"https:\/\/elpuucnoticias.com\/#website\"},\"primaryImageOfPage\":{\"@id\":\"https:\/\/elpuucnoticias.com\/?p=20554#primaryimage\"},\"datePublished\":\"2025-08-11T17:09:20+00:00\",\"dateModified\":\"2025-08-11T17:09:21+00:00\",\"author\":{\"@id\":\"https:\/\/elpuucnoticias.com\/#\/schema\/person\/d2ea09e4c97f0160b11cdfb1d856bd9e\"},\"breadcrumb\":{\"@id\":\"https:\/\/elpuucnoticias.com\/?p=20554#breadcrumb\"},\"inLanguage\":\"es\",\"potentialAction\":[{\"@type\":\"ReadAction\",\"target\":[\"https:\/\/elpuucnoticias.com\/?p=20554\"]}]},{\"@type\":\"BreadcrumbList\",\"@id\":\"https:\/\/elpuucnoticias.com\/?p=20554#breadcrumb\",\"itemListElement\":[{\"@type\":\"ListItem\",\"position\":1,\"name\":\"Portada\",\"item\":\"https:\/\/elpuucnoticias.com\/\"},{\"@type\":\"ListItem\",\"position\":2,\"name\":\"Concluyen con \u00e9xito en Cozumel la edici\u00f3n n\u00famero 36 de su Curso de Verano\"}]},{\"@type\":\"Person\",\"@id\":\"https:\/\/elpuucnoticias.com\/#\/schema\/person\/d2ea09e4c97f0160b11cdfb1d856bd9e\",\"name\":\"elpuucnoticias\",\"image\":{\"@type\":\"ImageObject\",\"@id\":\"https:\/\/elpuucnoticias.com\/#personlogo\",\"inLanguage\":\"es\",\"url\":\"https:\/\/secure.gravatar.com\/avatar\/5290a43657c74ffa15701dbe5b846bd85cc71930d803c84e91046a7333de6ce2?s=96&d=mm&r=g\",\"contentUrl\":\"https:\/\/secure.gravatar.com\/avatar\/5290a43657c74ffa15701dbe5b846bd85cc71930d803c84e91046a7333de6ce2?s=96&d=mm&r=g\",\"caption\":\"elpuucnoticias\"},\"sameAs\":[\"https:\/\/elpuucnoticias.com\"],\"url\":\"https:\/\/elpuucnoticias.com\/?author=1\"}]}<\/script>\n<!-- \/ Yoast SEO plugin. -->","yoast_head_json":{"title":"Concluyen con \u00e9xito en Cozumel la edici\u00f3n n\u00famero 36 de su Curso de Verano - El Puuc Noticias","robots":{"index":"index","follow":"follow","max-snippet":"max-snippet:-1","max-image-preview":"max-image-preview:large","max-video-preview":"max-video-preview:-1"},"canonical":"https:\/\/elpuucnoticias.com\/?p=20554","og_locale":"es_ES","og_type":"article","og_title":"Concluyen con \u00e9xito en Cozumel la edici\u00f3n n\u00famero 36 de su Curso de Verano - El Puuc Noticias","og_description":"Con una emotiva y alegre clausura en la que participaron 125 ni\u00f1as y ni\u00f1os, la Fundaci\u00f3n de Parques","og_url":"https:\/\/elpuucnoticias.com\/?p=20554","og_site_name":"El Puuc Noticias","article_published_time":"2025-08-11T17:09:20+00:00","article_modified_time":"2025-08-11T17:09:21+00:00","og_image":[{"width":1600,"height":1066,"url":"https:\/\/elpuucnoticias.com\/wp-content\/uploads\/2025\/08\/whatsapp-image-2025-08-08-at-15.55.04.jpeg","type":"image\/jpeg"}],"twitter_card":"summary_large_image","twitter_misc":{"Escrito por":"elpuucnoticias","Tiempo de lectura":"2 minutos"},"schema":{"@context":"https:\/\/schema.org","@graph":[{"@type":"WebSite","@id":"https:\/\/elpuucnoticias.com\/#website","url":"https:\/\/elpuucnoticias.com\/","name":"El Puuc Noticias","description":"Noticias - Entretenimiento - Deportes","potentialAction":[{"@type":"SearchAction","target":{"@type":"EntryPoint","urlTemplate":"https:\/\/elpuucnoticias.com\/?s={search_term_string}"},"query-input":"required name=search_term_string"}],"inLanguage":"es"},{"@type":"ImageObject","@id":"https:\/\/elpuucnoticias.com\/?p=20554#primaryimage","inLanguage":"es","url":"https:\/\/elpuucnoticias.com\/wp-content\/uploads\/2025\/08\/whatsapp-image-2025-08-08-at-15.55.04.jpeg","contentUrl":"https:\/\/elpuucnoticias.com\/wp-content\/uploads\/2025\/08\/whatsapp-image-2025-08-08-at-15.55.04.jpeg","width":1600,"height":1066},{"@type":"WebPage","@id":"https:\/\/elpuucnoticias.com\/?p=20554#webpage","url":"https:\/\/elpuucnoticias.com\/?p=20554","name":"Concluyen con \u00e9xito en Cozumel la edici\u00f3n n\u00famero 36 de su Curso de Verano - El Puuc Noticias","isPartOf":{"@id":"https:\/\/elpuucnoticias.com\/#website"},"primaryImageOfPage":{"@id":"https:\/\/elpuucnoticias.com\/?p=20554#primaryimage"},"datePublished":"2025-08-11T17:09:20+00:00","dateModified":"2025-08-11T17:09:21+00:00","author":{"@id":"https:\/\/elpuucnoticias.com\/#\/schema\/person\/d2ea09e4c97f0160b11cdfb1d856bd9e"},"breadcrumb":{"@id":"https:\/\/elpuucnoticias.com\/?p=20554#breadcrumb"},"inLanguage":"es","potentialAction":[{"@type":"ReadAction","target":["https:\/\/elpuucnoticias.com\/?p=20554"]}]},{"@type":"BreadcrumbList","@id":"https:\/\/elpuucnoticias.com\/?p=20554#breadcrumb","itemListElement":[{"@type":"ListItem","position":1,"name":"Portada","item":"https:\/\/elpuucnoticias.com\/"},{"@type":"ListItem","position":2,"name":"Concluyen con \u00e9xito en Cozumel la edici\u00f3n n\u00famero 36 de su Curso de Verano"}]},{"@type":"Person","@id":"https:\/\/elpuucnoticias.com\/#\/schema\/person\/d2ea09e4c97f0160b11cdfb1d856bd9e","name":"elpuucnoticias","image":{"@type":"ImageObject","@id":"https:\/\/elpuucnoticias.com\/#personlogo","inLanguage":"es","url":"https:\/\/secure.gravatar.com\/avatar\/5290a43657c74ffa15701dbe5b846bd85cc71930d803c84e91046a7333de6ce2?s=96&d=mm&r=g","contentUrl":"https:\/\/secure.gravatar.com\/avatar\/5290a43657c74ffa15701dbe5b846bd85cc71930d803c84e91046a7333de6ce2?s=96&d=mm&r=g","caption":"elpuucnoticias"},"sameAs":["https:\/\/elpuucnoticias.com"],"url":"https:\/\/elpuucnoticias.com\/?author=1"}]}},"_links":{"self":[{"href":"https:\/\/elpuucnoticias.com\/index.php?rest_route=\/wp\/v2\/posts\/20554","targetHints":{"allow":["GET"]}}],"collection":[{"href":"https:\/\/elpuucnoticias.com\/index.php?rest_route=\/wp\/v2\/posts"}],"about":[{"href":"https:\/\/elpuucnoticias.com\/index.php?rest_route=\/wp\/v2\/types\/post"}],"author":[{"embeddable":true,"href":"https:\/\/elpuucnoticias.com\/index.php?rest_route=\/wp\/v2\/users\/1"}],"replies":[{"embeddable":true,"href":"https:\/\/elpuucnoticias.com\/index.php?rest_route=%2Fwp%2Fv2%2Fcomments&post=20554"}],"version-history":[{"count":1,"href":"https:\/\/elpuucnoticias.com\/index.php?rest_route=\/wp\/v2\/posts\/20554\/revisions"}],"predecessor-version":[{"id":20556,"href":"https:\/\/elpuucnoticias.com\/index.php?rest_route=\/wp\/v2\/posts\/20554\/revisions\/20556"}],"wp:featuredmedia":[{"embeddable":true,"href":"https:\/\/elpuucnoticias.com\/index.php?rest_route=\/wp\/v2\/media\/20555"}],"wp:attachment":[{"href":"https:\/\/elpuucnoticias.com\/index.php?rest_route=%2Fwp%2Fv2%2Fmedia&parent=20554"}],"wp:term":[{"taxonomy":"category","embeddable":true,"href":"https:\/\/elpuucnoticias.com\/index.php?rest_route=%2Fwp%2Fv2%2Fcategories&post=20554"},{"taxonomy":"post_tag","embeddable":true,"href":"https:\/\/elpuucnoticias.com\/index.php?rest_route=%2Fwp%2Fv2%2Ftags&post=20554"}],"curies":[{"name":"wp","href":"https:\/\/api.w.org\/{rel}","templated":true}]}}