{"id":20557,"date":"2025-08-11T11:13:11","date_gmt":"2025-08-11T17:13:11","guid":{"rendered":"https:\/\/elpuucnoticias.com\/?p=20557"},"modified":"2025-08-11T11:13:11","modified_gmt":"2025-08-11T17:13:11","slug":"concluye-el-tradicional-curso-de-verano-baaxloob-paalaloob-2025-en-cancun","status":"publish","type":"post","link":"https:\/\/elpuucnoticias.com\/?p=20557","title":{"rendered":"Concluye el tradicional Curso de Verano \u201cBaaxlo\u2019ob Paalalo\u2019ob 2025\u201d en Canc\u00fan"},"content":{"rendered":"\n<p>Reafirmando el mensaje de construcci\u00f3n de paz entre las ni\u00f1as, ni\u00f1os y j\u00f3venes quintanarroenses, y en medio de lo que fue toda una fiesta deportiva, se realiz\u00f3 la Ceremonia de Clausura del tradicional Curso de Verano \u201cBaaxlo\u2019ob Paalalo\u2019ob 2025\u201d en Canc\u00fan, la cual estuvo encabezada por Jacobo Arzate Hop, presidente de la Comisi\u00f3n del Deporte de Quintana Roo (CODEQ).<\/p>\n\n\n\n<figure class=\"wp-block-image is-style-default\"><a href=\"https:\/\/cgc.qroo.gob.mx\/cjg\/wp-content\/uploads\/2025\/08\/07ece23f-fb6a-4cb0-a323-9897ac35d22b-scaled.jpeg\"><img decoding=\"async\" src=\"https:\/\/cgc.qroo.gob.mx\/cjg\/wp-content\/uploads\/2025\/08\/07ece23f-fb6a-4cb0-a323-9897ac35d22b-585x390.jpeg\" alt=\"\" title=\"07ece23f-fb6a-4cb0-a323-9897ac35d22b\"\/><\/a><\/figure>\n\n\n\n<figure class=\"wp-block-image is-style-default\"><a href=\"https:\/\/cgc.qroo.gob.mx\/cjg\/wp-content\/uploads\/2025\/08\/8d642bc5-d78e-4748-87a0-f4b2da6fd41c-scaled.jpeg\"><img decoding=\"async\" src=\"https:\/\/cgc.qroo.gob.mx\/cjg\/wp-content\/uploads\/2025\/08\/8d642bc5-d78e-4748-87a0-f4b2da6fd41c-585x390.jpeg\" alt=\"\" title=\"8d642bc5-d78e-4748-87a0-f4b2da6fd41c\"\/><\/a><\/figure>\n\n\n\n<p>Este programa vacacional, que se hizo en un trabajo coordinado entre la CODEQ y el Instituto del Deporte de Benito Ju\u00e1rez, adem\u00e1s de compartir ense\u00f1anzas y momentos inolvidables, sirve tambi\u00e9n para captar potenciales talentos deportivos que puedan representar al estado y, adem\u00e1s, forma parte de las acciones que enmarcan el Nuevo Acuerdo por el Bienestar y Desarrollo, promovido por la gobernadora Mara Lezama Espinosa.<\/p>\n\n\n\n<figure class=\"wp-block-image is-style-default\"><a href=\"https:\/\/cgc.qroo.gob.mx\/cjg\/wp-content\/uploads\/2025\/08\/564fbcb0-e76c-4ff3-a77c-674bbdfe08ab-scaled.jpeg\"><img decoding=\"async\" src=\"https:\/\/cgc.qroo.gob.mx\/cjg\/wp-content\/uploads\/2025\/08\/564fbcb0-e76c-4ff3-a77c-674bbdfe08ab-585x390.jpeg\" alt=\"\" title=\"564fbcb0-e76c-4ff3-a77c-674bbdfe08ab\"\/><\/a><\/figure>\n\n\n\n<p>\u201cQuiero felicitar a cada uno de los participantes que hoy, adem\u00e1s de divertirse y pasar unas vacaciones memorables, han adquirido aprendizaje y conocen un poco m\u00e1s de los deportes que hay en nuestro estado. De eso trata este curso: de formar deportistas, pero principalmente formar grandes personas, y que, adem\u00e1s, se realiza con un trabajo #ANivelDeCancha y de manera coordinada con el Ayuntamiento de Benito Ju\u00e1rez\u201d, coment\u00f3 Jacobo Arzate, quien asisti\u00f3 en representaci\u00f3n de la gobernadora Mara Lezama.<\/p>\n\n\n\n<figure class=\"wp-block-image is-style-default\"><a href=\"https:\/\/cgc.qroo.gob.mx\/cjg\/wp-content\/uploads\/2025\/08\/e1c82269-c275-4b93-949e-f0756d79a669-scaled.jpeg\"><img decoding=\"async\" src=\"https:\/\/cgc.qroo.gob.mx\/cjg\/wp-content\/uploads\/2025\/08\/e1c82269-c275-4b93-949e-f0756d79a669-585x390.jpeg\" alt=\"\" title=\"e1c82269-c275-4b93-949e-f0756d79a669\"\/><\/a><\/figure>\n\n\n\n<figure class=\"wp-block-image is-style-default\"><a href=\"https:\/\/cgc.qroo.gob.mx\/cjg\/wp-content\/uploads\/2025\/08\/cc01e289-07c2-4eb9-b4f6-db587606ce59-scaled.jpeg\"><img decoding=\"async\" src=\"https:\/\/cgc.qroo.gob.mx\/cjg\/wp-content\/uploads\/2025\/08\/cc01e289-07c2-4eb9-b4f6-db587606ce59-585x390.jpeg\" alt=\"\" title=\"cc01e289-07c2-4eb9-b4f6-db587606ce59\"\/><\/a><\/figure>\n\n\n\n<p>Cabe resaltar que este Curso de Verano, realizado en Canc\u00fan, cont\u00f3 con una participaci\u00f3n de m\u00e1s de 500 ni\u00f1as, ni\u00f1os y j\u00f3venes, los cuales realizaron diversas actividades deportivas en las sedes del Gimnasio \u201cKuchil Baxal\u201d, la Unidad Deportiva \u201cJos\u00e9 Mar\u00eda Morelos\u201d y el Centro Estatal Deportivo de Alto Rendimiento (CEDAR) de Canc\u00fan.<\/p>\n\n\n\n<figure class=\"wp-block-image is-style-default\"><a href=\"https:\/\/cgc.qroo.gob.mx\/cjg\/wp-content\/uploads\/2025\/08\/5bac4cee-c6c7-4713-bee5-8cee8e8cd961-scaled.jpeg\"><img decoding=\"async\" src=\"https:\/\/cgc.qroo.gob.mx\/cjg\/wp-content\/uploads\/2025\/08\/5bac4cee-c6c7-4713-bee5-8cee8e8cd961-585x390.jpeg\" alt=\"\" title=\"5bac4cee-c6c7-4713-bee5-8cee8e8cd961\"\/><\/a><\/figure>\n\n\n\n<p>El evento cont\u00f3 con la asistencia de Ana Paty Peralta, presidenta municipal del Ayuntamiento Benito Ju\u00e1rez, qui\u00e9n agradeci\u00f3 al Gobierno del Estado y a la CODEQ por sumar esfuerzos para realizar esta edici\u00f3n del \u201cBaaxlo\u2019ob Paalalo\u2019ob\u201d, se comprometi\u00f3 a que el pr\u00f3ximo a\u00f1o se realizar\u00e1 el curso un mes completo, por petici\u00f3n de las y los participantes.<\/p>\n\n\n\n<figure class=\"wp-block-image is-style-default\"><a href=\"https:\/\/cgc.qroo.gob.mx\/cjg\/wp-content\/uploads\/2025\/08\/a3d44571-a633-4784-b237-bde69878d5fb-scaled.jpeg\"><img decoding=\"async\" src=\"https:\/\/cgc.qroo.gob.mx\/cjg\/wp-content\/uploads\/2025\/08\/a3d44571-a633-4784-b237-bde69878d5fb-585x390.jpeg\" alt=\"\" title=\"a3d44571-a633-4784-b237-bde69878d5fb\"\/><\/a><\/figure>\n\n\n\n<p>En tanto, Alejandro Luna, director del Instituto del Deporte de Benito Ju\u00e1rez, resalt\u00f3: \u201cNos llena de alegr\u00eda destacar que, con este curso, hemos captado a alrededor de 100 potenciales atletas, los cuales han demostrado gran desempe\u00f1o y que uno de los principales objetivos se ha cumplido, y, claro, los esperamos el pr\u00f3ximo a\u00f1o\u201d.<\/p>\n\n\n\n<figure class=\"wp-block-image is-style-default\"><a href=\"https:\/\/cgc.qroo.gob.mx\/cjg\/wp-content\/uploads\/2025\/08\/37871f3f-ea2f-4587-8657-6db5010c43da-scaled.jpeg\"><img decoding=\"async\" src=\"https:\/\/cgc.qroo.gob.mx\/cjg\/wp-content\/uploads\/2025\/08\/37871f3f-ea2f-4587-8657-6db5010c43da-585x390.jpeg\" alt=\"\" title=\"37871f3f-ea2f-4587-8657-6db5010c43da\"\/><\/a><\/figure>\n\n\n\n<p>Al cierre del evento, las y los participantes del programa vacacional realizaron exhibiciones de deportes como judo, boxeo, taekwondo, karate y wushu.<\/p>\n","protected":false},"excerpt":{"rendered":"<p>Reafirmando el mensaje de construcci\u00f3n de paz entre las ni\u00f1as, ni\u00f1os y j\u00f3venes quintanarroenses, y en medio de<\/p>\n","protected":false},"author":1,"featured_media":20558,"comment_status":"closed","ping_status":"open","sticky":false,"template":"","format":"standard","meta":{"_monsterinsights_skip_tracking":false,"_monsterinsights_sitenote_active":false,"_monsterinsights_sitenote_note":"","_monsterinsights_sitenote_category":0,"footnotes":""},"categories":[11,24],"tags":[],"class_list":["post-20557","post","type-post","status-publish","format-standard","has-post-thumbnail","hentry","category-noticias","category-quintana-roo"],"yoast_head":"<!-- This site is optimized with the Yoast SEO plugin v18.3 - https:\/\/yoast.com\/wordpress\/plugins\/seo\/ -->\n<title>Concluye el tradicional Curso de Verano \u201cBaaxlo\u2019ob Paalalo\u2019ob 2025\u201d en Canc\u00fan - El Puuc Noticias<\/title>\n<meta name=\"robots\" content=\"index, follow, max-snippet:-1, max-image-preview:large, max-video-preview:-1\" \/>\n<link rel=\"canonical\" href=\"https:\/\/elpuucnoticias.com\/?p=20557\" \/>\n<meta property=\"og:locale\" content=\"es_ES\" \/>\n<meta property=\"og:type\" content=\"article\" \/>\n<meta property=\"og:title\" content=\"Concluye el tradicional Curso de Verano \u201cBaaxlo\u2019ob Paalalo\u2019ob 2025\u201d en Canc\u00fan - El Puuc Noticias\" \/>\n<meta property=\"og:description\" content=\"Reafirmando el mensaje de construcci\u00f3n de paz entre las ni\u00f1as, ni\u00f1os y j\u00f3venes quintanarroenses, y en medio de\" \/>\n<meta property=\"og:url\" content=\"https:\/\/elpuucnoticias.com\/?p=20557\" \/>\n<meta property=\"og:site_name\" content=\"El Puuc Noticias\" \/>\n<meta property=\"article:published_time\" content=\"2025-08-11T17:13:11+00:00\" \/>\n<meta property=\"og:image\" content=\"https:\/\/elpuucnoticias.com\/wp-content\/uploads\/2025\/08\/772d478f-6d57-4c97-aa7a-75afcfa32cfd-scaled-1.jpeg\" \/>\n\t<meta property=\"og:image:width\" content=\"2560\" \/>\n\t<meta property=\"og:image:height\" content=\"1706\" \/>\n\t<meta property=\"og:image:type\" content=\"image\/jpeg\" \/>\n<meta name=\"twitter:card\" content=\"summary_large_image\" \/>\n<meta name=\"twitter:label1\" content=\"Escrito por\" \/>\n\t<meta name=\"twitter:data1\" content=\"elpuucnoticias\" \/>\n\t<meta name=\"twitter:label2\" content=\"Tiempo de lectura\" \/>\n\t<meta name=\"twitter:data2\" content=\"2 minutos\" \/>\n<script type=\"application\/ld+json\" class=\"yoast-schema-graph\">{\"@context\":\"https:\/\/schema.org\",\"@graph\":[{\"@type\":\"WebSite\",\"@id\":\"https:\/\/elpuucnoticias.com\/#website\",\"url\":\"https:\/\/elpuucnoticias.com\/\",\"name\":\"El Puuc Noticias\",\"description\":\"Noticias - Entretenimiento - Deportes\",\"potentialAction\":[{\"@type\":\"SearchAction\",\"target\":{\"@type\":\"EntryPoint\",\"urlTemplate\":\"https:\/\/elpuucnoticias.com\/?s={search_term_string}\"},\"query-input\":\"required name=search_term_string\"}],\"inLanguage\":\"es\"},{\"@type\":\"ImageObject\",\"@id\":\"https:\/\/elpuucnoticias.com\/?p=20557#primaryimage\",\"inLanguage\":\"es\",\"url\":\"https:\/\/elpuucnoticias.com\/wp-content\/uploads\/2025\/08\/772d478f-6d57-4c97-aa7a-75afcfa32cfd-scaled-1.jpeg\",\"contentUrl\":\"https:\/\/elpuucnoticias.com\/wp-content\/uploads\/2025\/08\/772d478f-6d57-4c97-aa7a-75afcfa32cfd-scaled-1.jpeg\",\"width\":2560,\"height\":1706},{\"@type\":\"WebPage\",\"@id\":\"https:\/\/elpuucnoticias.com\/?p=20557#webpage\",\"url\":\"https:\/\/elpuucnoticias.com\/?p=20557\",\"name\":\"Concluye el tradicional Curso de Verano \u201cBaaxlo\u2019ob Paalalo\u2019ob 2025\u201d en Canc\u00fan - El Puuc Noticias\",\"isPartOf\":{\"@id\":\"https:\/\/elpuucnoticias.com\/#website\"},\"primaryImageOfPage\":{\"@id\":\"https:\/\/elpuucnoticias.com\/?p=20557#primaryimage\"},\"datePublished\":\"2025-08-11T17:13:11+00:00\",\"dateModified\":\"2025-08-11T17:13:11+00:00\",\"author\":{\"@id\":\"https:\/\/elpuucnoticias.com\/#\/schema\/person\/d2ea09e4c97f0160b11cdfb1d856bd9e\"},\"breadcrumb\":{\"@id\":\"https:\/\/elpuucnoticias.com\/?p=20557#breadcrumb\"},\"inLanguage\":\"es\",\"potentialAction\":[{\"@type\":\"ReadAction\",\"target\":[\"https:\/\/elpuucnoticias.com\/?p=20557\"]}]},{\"@type\":\"BreadcrumbList\",\"@id\":\"https:\/\/elpuucnoticias.com\/?p=20557#breadcrumb\",\"itemListElement\":[{\"@type\":\"ListItem\",\"position\":1,\"name\":\"Portada\",\"item\":\"https:\/\/elpuucnoticias.com\/\"},{\"@type\":\"ListItem\",\"position\":2,\"name\":\"Concluye el tradicional Curso de Verano \u201cBaaxlo\u2019ob Paalalo\u2019ob 2025\u201d en Canc\u00fan\"}]},{\"@type\":\"Person\",\"@id\":\"https:\/\/elpuucnoticias.com\/#\/schema\/person\/d2ea09e4c97f0160b11cdfb1d856bd9e\",\"name\":\"elpuucnoticias\",\"image\":{\"@type\":\"ImageObject\",\"@id\":\"https:\/\/elpuucnoticias.com\/#personlogo\",\"inLanguage\":\"es\",\"url\":\"https:\/\/secure.gravatar.com\/avatar\/5290a43657c74ffa15701dbe5b846bd85cc71930d803c84e91046a7333de6ce2?s=96&d=mm&r=g\",\"contentUrl\":\"https:\/\/secure.gravatar.com\/avatar\/5290a43657c74ffa15701dbe5b846bd85cc71930d803c84e91046a7333de6ce2?s=96&d=mm&r=g\",\"caption\":\"elpuucnoticias\"},\"sameAs\":[\"https:\/\/elpuucnoticias.com\"],\"url\":\"https:\/\/elpuucnoticias.com\/?author=1\"}]}<\/script>\n<!-- \/ Yoast SEO plugin. -->","yoast_head_json":{"title":"Concluye el tradicional Curso de Verano \u201cBaaxlo\u2019ob Paalalo\u2019ob 2025\u201d en Canc\u00fan - El Puuc Noticias","robots":{"index":"index","follow":"follow","max-snippet":"max-snippet:-1","max-image-preview":"max-image-preview:large","max-video-preview":"max-video-preview:-1"},"canonical":"https:\/\/elpuucnoticias.com\/?p=20557","og_locale":"es_ES","og_type":"article","og_title":"Concluye el tradicional Curso de Verano \u201cBaaxlo\u2019ob Paalalo\u2019ob 2025\u201d en Canc\u00fan - El Puuc Noticias","og_description":"Reafirmando el mensaje de construcci\u00f3n de paz entre las ni\u00f1as, ni\u00f1os y j\u00f3venes quintanarroenses, y en medio de","og_url":"https:\/\/elpuucnoticias.com\/?p=20557","og_site_name":"El Puuc Noticias","article_published_time":"2025-08-11T17:13:11+00:00","og_image":[{"width":2560,"height":1706,"url":"https:\/\/elpuucnoticias.com\/wp-content\/uploads\/2025\/08\/772d478f-6d57-4c97-aa7a-75afcfa32cfd-scaled-1.jpeg","type":"image\/jpeg"}],"twitter_card":"summary_large_image","twitter_misc":{"Escrito por":"elpuucnoticias","Tiempo de lectura":"2 minutos"},"schema":{"@context":"https:\/\/schema.org","@graph":[{"@type":"WebSite","@id":"https:\/\/elpuucnoticias.com\/#website","url":"https:\/\/elpuucnoticias.com\/","name":"El Puuc Noticias","description":"Noticias - Entretenimiento - Deportes","potentialAction":[{"@type":"SearchAction","target":{"@type":"EntryPoint","urlTemplate":"https:\/\/elpuucnoticias.com\/?s={search_term_string}"},"query-input":"required name=search_term_string"}],"inLanguage":"es"},{"@type":"ImageObject","@id":"https:\/\/elpuucnoticias.com\/?p=20557#primaryimage","inLanguage":"es","url":"https:\/\/elpuucnoticias.com\/wp-content\/uploads\/2025\/08\/772d478f-6d57-4c97-aa7a-75afcfa32cfd-scaled-1.jpeg","contentUrl":"https:\/\/elpuucnoticias.com\/wp-content\/uploads\/2025\/08\/772d478f-6d57-4c97-aa7a-75afcfa32cfd-scaled-1.jpeg","width":2560,"height":1706},{"@type":"WebPage","@id":"https:\/\/elpuucnoticias.com\/?p=20557#webpage","url":"https:\/\/elpuucnoticias.com\/?p=20557","name":"Concluye el tradicional Curso de Verano \u201cBaaxlo\u2019ob Paalalo\u2019ob 2025\u201d en Canc\u00fan - El Puuc Noticias","isPartOf":{"@id":"https:\/\/elpuucnoticias.com\/#website"},"primaryImageOfPage":{"@id":"https:\/\/elpuucnoticias.com\/?p=20557#primaryimage"},"datePublished":"2025-08-11T17:13:11+00:00","dateModified":"2025-08-11T17:13:11+00:00","author":{"@id":"https:\/\/elpuucnoticias.com\/#\/schema\/person\/d2ea09e4c97f0160b11cdfb1d856bd9e"},"breadcrumb":{"@id":"https:\/\/elpuucnoticias.com\/?p=20557#breadcrumb"},"inLanguage":"es","potentialAction":[{"@type":"ReadAction","target":["https:\/\/elpuucnoticias.com\/?p=20557"]}]},{"@type":"BreadcrumbList","@id":"https:\/\/elpuucnoticias.com\/?p=20557#breadcrumb","itemListElement":[{"@type":"ListItem","position":1,"name":"Portada","item":"https:\/\/elpuucnoticias.com\/"},{"@type":"ListItem","position":2,"name":"Concluye el tradicional Curso de Verano \u201cBaaxlo\u2019ob Paalalo\u2019ob 2025\u201d en Canc\u00fan"}]},{"@type":"Person","@id":"https:\/\/elpuucnoticias.com\/#\/schema\/person\/d2ea09e4c97f0160b11cdfb1d856bd9e","name":"elpuucnoticias","image":{"@type":"ImageObject","@id":"https:\/\/elpuucnoticias.com\/#personlogo","inLanguage":"es","url":"https:\/\/secure.gravatar.com\/avatar\/5290a43657c74ffa15701dbe5b846bd85cc71930d803c84e91046a7333de6ce2?s=96&d=mm&r=g","contentUrl":"https:\/\/secure.gravatar.com\/avatar\/5290a43657c74ffa15701dbe5b846bd85cc71930d803c84e91046a7333de6ce2?s=96&d=mm&r=g","caption":"elpuucnoticias"},"sameAs":["https:\/\/elpuucnoticias.com"],"url":"https:\/\/elpuucnoticias.com\/?author=1"}]}},"_links":{"self":[{"href":"https:\/\/elpuucnoticias.com\/index.php?rest_route=\/wp\/v2\/posts\/20557","targetHints":{"allow":["GET"]}}],"collection":[{"href":"https:\/\/elpuucnoticias.com\/index.php?rest_route=\/wp\/v2\/posts"}],"about":[{"href":"https:\/\/elpuucnoticias.com\/index.php?rest_route=\/wp\/v2\/types\/post"}],"author":[{"embeddable":true,"href":"https:\/\/elpuucnoticias.com\/index.php?rest_route=\/wp\/v2\/users\/1"}],"replies":[{"embeddable":true,"href":"https:\/\/elpuucnoticias.com\/index.php?rest_route=%2Fwp%2Fv2%2Fcomments&post=20557"}],"version-history":[{"count":1,"href":"https:\/\/elpuucnoticias.com\/index.php?rest_route=\/wp\/v2\/posts\/20557\/revisions"}],"predecessor-version":[{"id":20559,"href":"https:\/\/elpuucnoticias.com\/index.php?rest_route=\/wp\/v2\/posts\/20557\/revisions\/20559"}],"wp:featuredmedia":[{"embeddable":true,"href":"https:\/\/elpuucnoticias.com\/index.php?rest_route=\/wp\/v2\/media\/20558"}],"wp:attachment":[{"href":"https:\/\/elpuucnoticias.com\/index.php?rest_route=%2Fwp%2Fv2%2Fmedia&parent=20557"}],"wp:term":[{"taxonomy":"category","embeddable":true,"href":"https:\/\/elpuucnoticias.com\/index.php?rest_route=%2Fwp%2Fv2%2Fcategories&post=20557"},{"taxonomy":"post_tag","embeddable":true,"href":"https:\/\/elpuucnoticias.com\/index.php?rest_route=%2Fwp%2Fv2%2Ftags&post=20557"}],"curies":[{"name":"wp","href":"https:\/\/api.w.org\/{rel}","templated":true}]}}