{"id":20561,"date":"2025-08-11T11:22:08","date_gmt":"2025-08-11T17:22:08","guid":{"rendered":"https:\/\/elpuucnoticias.com\/?p=20561"},"modified":"2025-08-11T11:22:10","modified_gmt":"2025-08-11T17:22:10","slug":"agilizan-procesos-mara-lezama-y-edna-vega-rangel-titular-de-la-secretaria-de-desarrollo-agrario-territorial-y-urbano-para-la-regularizacion-de-tierras-en-quintana-roo","status":"publish","type":"post","link":"https:\/\/elpuucnoticias.com\/?p=20561","title":{"rendered":"Agilizan procesos Mara Lezama y Edna Vega Rangel, titular de la secretaria de Desarrollo Agrario, Territorial y Urbano, para la regularizaci\u00f3n de tierras en Quintana Roo"},"content":{"rendered":"\n<p>La gobernadora Mara Lezama Espinosa y la secretaria de Desarrollo Agrario, Territorial y Urbano (SEDATU), Edna Vega Rangel, encabezaron una reuni\u00f3n de seguimiento a los proyectos para la regularizaci\u00f3n de tierras que se desarrollan en Quintana Roo.<\/p>\n\n\n\n<p>Los equipos de trabajo revisaron los avances, entre ellos la regularizaci\u00f3n de la colonia Colosio, en Playa del Carmen; la segunda etapa del recinto ferial de Chetumal, en el Parque Quintana Roo, as\u00ed como la situaci\u00f3n actual de los Programas de Desarrollo Urbano (PDU) en la entidad.<\/p>\n\n\n\n<figure class=\"wp-block-image is-style-default\"><a href=\"https:\/\/cgc.qroo.gob.mx\/cjg\/wp-content\/uploads\/2025\/08\/68faa852-8fb1-42ba-93cd-6cec9cc25de3-scaled.jpg\"><img decoding=\"async\" src=\"https:\/\/cgc.qroo.gob.mx\/cjg\/wp-content\/uploads\/2025\/08\/68faa852-8fb1-42ba-93cd-6cec9cc25de3-585x390.jpg\" alt=\"\" title=\"68faa852-8fb1-42ba-93cd-6cec9cc25de3\"\/><\/a><\/figure>\n\n\n\n<p>Esta reuni\u00f3n de trabajo fortalece las acciones contempladas en el Nuevo Acuerdo por el Bienestar y Desarrollo de Quintana Roo, que contempla un crecimiento ordenado y sustentable para el bienestar de las y los quintanarroenses.<\/p>\n\n\n\n<p>Por el gobierno del estado participaron la secretaria de Gobierno, Cristina Torres; de SEDETUS, Jos\u00e9 Alberto Alonso Ovando; de Obras P\u00fablicas, Jos\u00e9 Rafael Lara D\u00edaz; de SEMUJERES, Esther Burgos Jim\u00e9nez; el director de CAPA, Hugo Garza S\u00e1enz, y el secretario particular de la Gobernadora, \u00c1ngel Rivero Palomo.<\/p>\n\n\n\n<figure class=\"wp-block-image is-style-default\"><a href=\"https:\/\/cgc.qroo.gob.mx\/cjg\/wp-content\/uploads\/2025\/08\/36e7edbe-3fdb-42fb-8ba8-86b9e3a3241f-scaled.jpg\"><img decoding=\"async\" src=\"https:\/\/cgc.qroo.gob.mx\/cjg\/wp-content\/uploads\/2025\/08\/36e7edbe-3fdb-42fb-8ba8-86b9e3a3241f-585x390.jpg\" alt=\"\" title=\"36e7edbe-3fdb-42fb-8ba8-86b9e3a3241f\"\/><\/a><\/figure>\n\n\n\n<p>Por SEDATU, Gabriela Rangel Paz, directora general de Igualdad de G\u00e9nero en la Propiedad Social, y Freddy Ramos Pulido, titular de la Oficina de la Representaci\u00f3n de SEDATU en Quintana Roo.<\/p>\n\n\n\n<p>Por el municipio, la presidenta Mary Hern\u00e1ndez.<\/p>\n","protected":false},"excerpt":{"rendered":"<p>La gobernadora Mara Lezama Espinosa y la secretaria de Desarrollo Agrario, Territorial y Urbano (SEDATU), Edna Vega Rangel,<\/p>\n","protected":false},"author":1,"featured_media":20562,"comment_status":"closed","ping_status":"open","sticky":false,"template":"","format":"standard","meta":{"_monsterinsights_skip_tracking":false,"_monsterinsights_sitenote_active":false,"_monsterinsights_sitenote_note":"","_monsterinsights_sitenote_category":0,"footnotes":""},"categories":[11,24],"tags":[],"class_list":["post-20561","post","type-post","status-publish","format-standard","has-post-thumbnail","hentry","category-noticias","category-quintana-roo"],"yoast_head":"<!-- This site is optimized with the Yoast SEO plugin v18.3 - https:\/\/yoast.com\/wordpress\/plugins\/seo\/ -->\n<title>Agilizan procesos Mara Lezama y Edna Vega Rangel, titular de la secretaria de Desarrollo Agrario, Territorial y Urbano, para la regularizaci\u00f3n de tierras en Quintana Roo - El Puuc Noticias<\/title>\n<meta name=\"robots\" content=\"index, follow, max-snippet:-1, max-image-preview:large, max-video-preview:-1\" \/>\n<link rel=\"canonical\" href=\"https:\/\/elpuucnoticias.com\/?p=20561\" \/>\n<meta property=\"og:locale\" content=\"es_ES\" \/>\n<meta property=\"og:type\" content=\"article\" \/>\n<meta property=\"og:title\" content=\"Agilizan procesos Mara Lezama y Edna Vega Rangel, titular de la secretaria de Desarrollo Agrario, Territorial y Urbano, para la regularizaci\u00f3n de tierras en Quintana Roo - El Puuc Noticias\" \/>\n<meta property=\"og:description\" content=\"La gobernadora Mara Lezama Espinosa y la secretaria de Desarrollo Agrario, Territorial y Urbano (SEDATU), Edna Vega Rangel,\" \/>\n<meta property=\"og:url\" content=\"https:\/\/elpuucnoticias.com\/?p=20561\" \/>\n<meta property=\"og:site_name\" content=\"El Puuc Noticias\" \/>\n<meta property=\"article:published_time\" content=\"2025-08-11T17:22:08+00:00\" \/>\n<meta property=\"article:modified_time\" content=\"2025-08-11T17:22:10+00:00\" \/>\n<meta property=\"og:image\" content=\"https:\/\/elpuucnoticias.com\/wp-content\/uploads\/2025\/08\/10f051a0-8d65-4a0d-b160-05588183ac40-scaled-1.jpg\" \/>\n\t<meta property=\"og:image:width\" content=\"2560\" \/>\n\t<meta property=\"og:image:height\" content=\"1707\" \/>\n\t<meta property=\"og:image:type\" content=\"image\/jpeg\" \/>\n<meta name=\"twitter:card\" content=\"summary_large_image\" \/>\n<meta name=\"twitter:label1\" content=\"Escrito por\" \/>\n\t<meta name=\"twitter:data1\" content=\"elpuucnoticias\" \/>\n\t<meta name=\"twitter:label2\" content=\"Tiempo de lectura\" \/>\n\t<meta name=\"twitter:data2\" content=\"1 minuto\" \/>\n<script type=\"application\/ld+json\" class=\"yoast-schema-graph\">{\"@context\":\"https:\/\/schema.org\",\"@graph\":[{\"@type\":\"WebSite\",\"@id\":\"https:\/\/elpuucnoticias.com\/#website\",\"url\":\"https:\/\/elpuucnoticias.com\/\",\"name\":\"El Puuc Noticias\",\"description\":\"Noticias - Entretenimiento - Deportes\",\"potentialAction\":[{\"@type\":\"SearchAction\",\"target\":{\"@type\":\"EntryPoint\",\"urlTemplate\":\"https:\/\/elpuucnoticias.com\/?s={search_term_string}\"},\"query-input\":\"required name=search_term_string\"}],\"inLanguage\":\"es\"},{\"@type\":\"ImageObject\",\"@id\":\"https:\/\/elpuucnoticias.com\/?p=20561#primaryimage\",\"inLanguage\":\"es\",\"url\":\"https:\/\/elpuucnoticias.com\/wp-content\/uploads\/2025\/08\/10f051a0-8d65-4a0d-b160-05588183ac40-scaled-1.jpg\",\"contentUrl\":\"https:\/\/elpuucnoticias.com\/wp-content\/uploads\/2025\/08\/10f051a0-8d65-4a0d-b160-05588183ac40-scaled-1.jpg\",\"width\":2560,\"height\":1707},{\"@type\":\"WebPage\",\"@id\":\"https:\/\/elpuucnoticias.com\/?p=20561#webpage\",\"url\":\"https:\/\/elpuucnoticias.com\/?p=20561\",\"name\":\"Agilizan procesos Mara Lezama y Edna Vega Rangel, titular de la secretaria de Desarrollo Agrario, Territorial y Urbano, para la regularizaci\u00f3n de tierras en Quintana Roo - El Puuc Noticias\",\"isPartOf\":{\"@id\":\"https:\/\/elpuucnoticias.com\/#website\"},\"primaryImageOfPage\":{\"@id\":\"https:\/\/elpuucnoticias.com\/?p=20561#primaryimage\"},\"datePublished\":\"2025-08-11T17:22:08+00:00\",\"dateModified\":\"2025-08-11T17:22:10+00:00\",\"author\":{\"@id\":\"https:\/\/elpuucnoticias.com\/#\/schema\/person\/d2ea09e4c97f0160b11cdfb1d856bd9e\"},\"breadcrumb\":{\"@id\":\"https:\/\/elpuucnoticias.com\/?p=20561#breadcrumb\"},\"inLanguage\":\"es\",\"potentialAction\":[{\"@type\":\"ReadAction\",\"target\":[\"https:\/\/elpuucnoticias.com\/?p=20561\"]}]},{\"@type\":\"BreadcrumbList\",\"@id\":\"https:\/\/elpuucnoticias.com\/?p=20561#breadcrumb\",\"itemListElement\":[{\"@type\":\"ListItem\",\"position\":1,\"name\":\"Portada\",\"item\":\"https:\/\/elpuucnoticias.com\/\"},{\"@type\":\"ListItem\",\"position\":2,\"name\":\"Agilizan procesos Mara Lezama y Edna Vega Rangel, titular de la secretaria de Desarrollo Agrario, Territorial y Urbano, para la regularizaci\u00f3n de tierras en Quintana Roo\"}]},{\"@type\":\"Person\",\"@id\":\"https:\/\/elpuucnoticias.com\/#\/schema\/person\/d2ea09e4c97f0160b11cdfb1d856bd9e\",\"name\":\"elpuucnoticias\",\"image\":{\"@type\":\"ImageObject\",\"@id\":\"https:\/\/elpuucnoticias.com\/#personlogo\",\"inLanguage\":\"es\",\"url\":\"https:\/\/secure.gravatar.com\/avatar\/5290a43657c74ffa15701dbe5b846bd85cc71930d803c84e91046a7333de6ce2?s=96&d=mm&r=g\",\"contentUrl\":\"https:\/\/secure.gravatar.com\/avatar\/5290a43657c74ffa15701dbe5b846bd85cc71930d803c84e91046a7333de6ce2?s=96&d=mm&r=g\",\"caption\":\"elpuucnoticias\"},\"sameAs\":[\"https:\/\/elpuucnoticias.com\"],\"url\":\"https:\/\/elpuucnoticias.com\/?author=1\"}]}<\/script>\n<!-- \/ Yoast SEO plugin. -->","yoast_head_json":{"title":"Agilizan procesos Mara Lezama y Edna Vega Rangel, titular de la secretaria de Desarrollo Agrario, Territorial y Urbano, para la regularizaci\u00f3n de tierras en Quintana Roo - El Puuc Noticias","robots":{"index":"index","follow":"follow","max-snippet":"max-snippet:-1","max-image-preview":"max-image-preview:large","max-video-preview":"max-video-preview:-1"},"canonical":"https:\/\/elpuucnoticias.com\/?p=20561","og_locale":"es_ES","og_type":"article","og_title":"Agilizan procesos Mara Lezama y Edna Vega Rangel, titular de la secretaria de Desarrollo Agrario, Territorial y Urbano, para la regularizaci\u00f3n de tierras en Quintana Roo - El Puuc Noticias","og_description":"La gobernadora Mara Lezama Espinosa y la secretaria de Desarrollo Agrario, Territorial y Urbano (SEDATU), Edna Vega Rangel,","og_url":"https:\/\/elpuucnoticias.com\/?p=20561","og_site_name":"El Puuc Noticias","article_published_time":"2025-08-11T17:22:08+00:00","article_modified_time":"2025-08-11T17:22:10+00:00","og_image":[{"width":2560,"height":1707,"url":"https:\/\/elpuucnoticias.com\/wp-content\/uploads\/2025\/08\/10f051a0-8d65-4a0d-b160-05588183ac40-scaled-1.jpg","type":"image\/jpeg"}],"twitter_card":"summary_large_image","twitter_misc":{"Escrito por":"elpuucnoticias","Tiempo de lectura":"1 minuto"},"schema":{"@context":"https:\/\/schema.org","@graph":[{"@type":"WebSite","@id":"https:\/\/elpuucnoticias.com\/#website","url":"https:\/\/elpuucnoticias.com\/","name":"El Puuc Noticias","description":"Noticias - Entretenimiento - Deportes","potentialAction":[{"@type":"SearchAction","target":{"@type":"EntryPoint","urlTemplate":"https:\/\/elpuucnoticias.com\/?s={search_term_string}"},"query-input":"required name=search_term_string"}],"inLanguage":"es"},{"@type":"ImageObject","@id":"https:\/\/elpuucnoticias.com\/?p=20561#primaryimage","inLanguage":"es","url":"https:\/\/elpuucnoticias.com\/wp-content\/uploads\/2025\/08\/10f051a0-8d65-4a0d-b160-05588183ac40-scaled-1.jpg","contentUrl":"https:\/\/elpuucnoticias.com\/wp-content\/uploads\/2025\/08\/10f051a0-8d65-4a0d-b160-05588183ac40-scaled-1.jpg","width":2560,"height":1707},{"@type":"WebPage","@id":"https:\/\/elpuucnoticias.com\/?p=20561#webpage","url":"https:\/\/elpuucnoticias.com\/?p=20561","name":"Agilizan procesos Mara Lezama y Edna Vega Rangel, titular de la secretaria de Desarrollo Agrario, Territorial y Urbano, para la regularizaci\u00f3n de tierras en Quintana Roo - El Puuc Noticias","isPartOf":{"@id":"https:\/\/elpuucnoticias.com\/#website"},"primaryImageOfPage":{"@id":"https:\/\/elpuucnoticias.com\/?p=20561#primaryimage"},"datePublished":"2025-08-11T17:22:08+00:00","dateModified":"2025-08-11T17:22:10+00:00","author":{"@id":"https:\/\/elpuucnoticias.com\/#\/schema\/person\/d2ea09e4c97f0160b11cdfb1d856bd9e"},"breadcrumb":{"@id":"https:\/\/elpuucnoticias.com\/?p=20561#breadcrumb"},"inLanguage":"es","potentialAction":[{"@type":"ReadAction","target":["https:\/\/elpuucnoticias.com\/?p=20561"]}]},{"@type":"BreadcrumbList","@id":"https:\/\/elpuucnoticias.com\/?p=20561#breadcrumb","itemListElement":[{"@type":"ListItem","position":1,"name":"Portada","item":"https:\/\/elpuucnoticias.com\/"},{"@type":"ListItem","position":2,"name":"Agilizan procesos Mara Lezama y Edna Vega Rangel, titular de la secretaria de Desarrollo Agrario, Territorial y Urbano, para la regularizaci\u00f3n de tierras en Quintana Roo"}]},{"@type":"Person","@id":"https:\/\/elpuucnoticias.com\/#\/schema\/person\/d2ea09e4c97f0160b11cdfb1d856bd9e","name":"elpuucnoticias","image":{"@type":"ImageObject","@id":"https:\/\/elpuucnoticias.com\/#personlogo","inLanguage":"es","url":"https:\/\/secure.gravatar.com\/avatar\/5290a43657c74ffa15701dbe5b846bd85cc71930d803c84e91046a7333de6ce2?s=96&d=mm&r=g","contentUrl":"https:\/\/secure.gravatar.com\/avatar\/5290a43657c74ffa15701dbe5b846bd85cc71930d803c84e91046a7333de6ce2?s=96&d=mm&r=g","caption":"elpuucnoticias"},"sameAs":["https:\/\/elpuucnoticias.com"],"url":"https:\/\/elpuucnoticias.com\/?author=1"}]}},"_links":{"self":[{"href":"https:\/\/elpuucnoticias.com\/index.php?rest_route=\/wp\/v2\/posts\/20561","targetHints":{"allow":["GET"]}}],"collection":[{"href":"https:\/\/elpuucnoticias.com\/index.php?rest_route=\/wp\/v2\/posts"}],"about":[{"href":"https:\/\/elpuucnoticias.com\/index.php?rest_route=\/wp\/v2\/types\/post"}],"author":[{"embeddable":true,"href":"https:\/\/elpuucnoticias.com\/index.php?rest_route=\/wp\/v2\/users\/1"}],"replies":[{"embeddable":true,"href":"https:\/\/elpuucnoticias.com\/index.php?rest_route=%2Fwp%2Fv2%2Fcomments&post=20561"}],"version-history":[{"count":1,"href":"https:\/\/elpuucnoticias.com\/index.php?rest_route=\/wp\/v2\/posts\/20561\/revisions"}],"predecessor-version":[{"id":20563,"href":"https:\/\/elpuucnoticias.com\/index.php?rest_route=\/wp\/v2\/posts\/20561\/revisions\/20563"}],"wp:featuredmedia":[{"embeddable":true,"href":"https:\/\/elpuucnoticias.com\/index.php?rest_route=\/wp\/v2\/media\/20562"}],"wp:attachment":[{"href":"https:\/\/elpuucnoticias.com\/index.php?rest_route=%2Fwp%2Fv2%2Fmedia&parent=20561"}],"wp:term":[{"taxonomy":"category","embeddable":true,"href":"https:\/\/elpuucnoticias.com\/index.php?rest_route=%2Fwp%2Fv2%2Fcategories&post=20561"},{"taxonomy":"post_tag","embeddable":true,"href":"https:\/\/elpuucnoticias.com\/index.php?rest_route=%2Fwp%2Fv2%2Ftags&post=20561"}],"curies":[{"name":"wp","href":"https:\/\/api.w.org\/{rel}","templated":true}]}}