{"id":20564,"date":"2025-08-11T11:26:00","date_gmt":"2025-08-11T17:26:00","guid":{"rendered":"https:\/\/elpuucnoticias.com\/?p=20564"},"modified":"2025-08-11T11:26:01","modified_gmt":"2025-08-11T17:26:01","slug":"mara-lezama-encabeza-el-primer-encuentro-con-parteras-tradicionales-saberes-ancestrales-para-visibilizar-y-preservar-la-parteria-maya-en-quintana-roo","status":"publish","type":"post","link":"https:\/\/elpuucnoticias.com\/?p=20564","title":{"rendered":"Mara Lezama encabeza el Primer Encuentro con Parteras Tradicionales \u201cSaberes Ancestrales\u201d para visibilizar y preservar la parter\u00eda maya en Quintana Roo"},"content":{"rendered":"\n<p>Para fortalecer el reconocimiento y la valoraci\u00f3n al trabajo de las parteras tradicionales de Quintana Roo, la gobernadora Mara Lezama Espinosa encabez\u00f3 el Primer Encuentro con Parteras Tradicionales \u201cSaberes Ancestrales\u201d en este municipio.<\/p>\n\n\n\n<figure class=\"wp-block-image is-style-default\"><a href=\"https:\/\/cgc.qroo.gob.mx\/cjg\/wp-content\/uploads\/2025\/08\/42769eef-3171-473f-ad81-9663f2c2ca2c-scaled.jpg\"><img decoding=\"async\" src=\"https:\/\/cgc.qroo.gob.mx\/cjg\/wp-content\/uploads\/2025\/08\/42769eef-3171-473f-ad81-9663f2c2ca2c-585x390.jpg\" alt=\"\" title=\"42769eef-3171-473f-ad81-9663f2c2ca2c\"\/><\/a><\/figure>\n\n\n\n<p>Un total de 139 mujeres parteras tradicionales de todo el estado, quienes atienden partos, malestares y procesos del embarazo con t\u00e9cnicas tradicionales y herbolaria a trav\u00e9s de saberes ancestrales transmitidos por sus madres, suegras, abuelas y bisabuelas, se reunieron en el Teatro de la Ciudad de Felipe Carrillo Puerto.<\/p>\n\n\n\n<figure class=\"wp-block-image is-style-default\"><a href=\"https:\/\/cgc.qroo.gob.mx\/cjg\/wp-content\/uploads\/2025\/08\/2accfbf7-37d3-4339-a0b6-1f55e88be3aa-scaled.jpg\"><img decoding=\"async\" src=\"https:\/\/cgc.qroo.gob.mx\/cjg\/wp-content\/uploads\/2025\/08\/2accfbf7-37d3-4339-a0b6-1f55e88be3aa-585x390.jpg\" alt=\"\" title=\"2accfbf7-37d3-4339-a0b6-1f55e88be3aa\"\/><\/a><\/figure>\n\n\n\n<p>\u201cHoy, en esta tierra de historia y de lucha del pueblo Maya que es Felipe Carrillo Puerto, nos reunimos para decirles con claridad y con el coraz\u00f3n en la mano que no est\u00e1n solas, que en este gobierno humanista con coraz\u00f3n feminista reconocemos y hacemos visible la valiosa labor de las parteras tradicionales quienes, con sus conocimientos, nos comparten estos saberes ancestrales, la interculturalidad y la cosmovisi\u00f3n Maya, pues en esta nueva forma de gobernar sabemos hacia d\u00f3nde vamos, porque sabemos de d\u00f3nde venimos\u201d, expres\u00f3 la titular del Ejecutivo.<\/p>\n\n\n\n<figure class=\"wp-block-image is-style-default\"><a href=\"https:\/\/cgc.qroo.gob.mx\/cjg\/wp-content\/uploads\/2025\/08\/7e2e864b-6cd4-4b73-abf7-2c2c5df64f92-scaled.jpg\"><img decoding=\"async\" src=\"https:\/\/cgc.qroo.gob.mx\/cjg\/wp-content\/uploads\/2025\/08\/7e2e864b-6cd4-4b73-abf7-2c2c5df64f92-585x390.jpg\" alt=\"\" title=\"7e2e864b-6cd4-4b73-abf7-2c2c5df64f92\"\/><\/a><\/figure>\n\n\n\n<p>Las parteras llegaron de Bacalar, Jos\u00e9 Mar\u00eda Morelos, Benito Ju\u00e1rez, Tulum y L\u00e1zaro C\u00e1rdenas. Son mujeres mayas -muchas de ellas hablan exclusivamente la lengua Maya y han mantenido viva esta tradici\u00f3n por m\u00e1s de tres generaciones, adquiriendo el conocimiento en su entorno familiar y matriarcal.<\/p>\n\n\n\n<figure class=\"wp-block-image is-style-default\"><a href=\"https:\/\/cgc.qroo.gob.mx\/cjg\/wp-content\/uploads\/2025\/08\/43b123c2-e488-4d99-baca-c1d4acd03a55-scaled.jpg\"><img decoding=\"async\" src=\"https:\/\/cgc.qroo.gob.mx\/cjg\/wp-content\/uploads\/2025\/08\/43b123c2-e488-4d99-baca-c1d4acd03a55-585x390.jpg\" alt=\"\" title=\"43b123c2-e488-4d99-baca-c1d4acd03a55\"\/><\/a><\/figure>\n\n\n\n<p>Esther Burgos Jim\u00e9nez, titular de SEMUJERES, asever\u00f3 que por primera vez en la historia de Quintana Roo se levanta un censo de parteras tradicionales, y se hace en este gobierno humanista con coraz\u00f3n feminista porque la parter\u00eda es una historia viva, un legado que antes no se reconoc\u00eda, pero que hoy las mujeres est\u00e1n en el centro de las acciones.<\/p>\n\n\n\n<figure class=\"wp-block-image is-style-default\"><a href=\"https:\/\/cgc.qroo.gob.mx\/cjg\/wp-content\/uploads\/2025\/08\/490b5e94-b448-4da4-98a7-164868babdf1-scaled.jpg\"><img decoding=\"async\" src=\"https:\/\/cgc.qroo.gob.mx\/cjg\/wp-content\/uploads\/2025\/08\/490b5e94-b448-4da4-98a7-164868babdf1-585x390.jpg\" alt=\"\" title=\"490b5e94-b448-4da4-98a7-164868babdf1\"\/><\/a><\/figure>\n\n\n\n<p>Durante el evento, cuya bienvenida estuvo a cargo de la presidenta municipal Mary Hern\u00e1ndez, y explicaci\u00f3n por la secretaria de las Mujeres, Esther Burgos Jim\u00e9nez, se entregaron insumos b\u00e1sicos para apoyar el ejercicio de la parter\u00eda, como son vendas, alcohol, agua oxigenada, guantes est\u00e9riles, gel desinfectante, algod\u00f3n, jab\u00f3n quir\u00fargico con yodo, cintas de primeros auxilios y cubrebocas.<\/p>\n\n\n\n<figure class=\"wp-block-image is-style-default\"><a href=\"https:\/\/cgc.qroo.gob.mx\/cjg\/wp-content\/uploads\/2025\/08\/749e58c4-0da9-4e0d-8b8d-a30158c85ab2-scaled.jpg\"><img decoding=\"async\" src=\"https:\/\/cgc.qroo.gob.mx\/cjg\/wp-content\/uploads\/2025\/08\/749e58c4-0da9-4e0d-8b8d-a30158c85ab2-585x390.jpg\" alt=\"\" title=\"749e58c4-0da9-4e0d-8b8d-a30158c85ab2\"\/><\/a><\/figure>\n\n\n\n<p>En el pres\u00eddium, acompa\u00f1ando a la gobernadora Mara Lezama, estuvieron las parteras Cecilia Mercedes Aguilar y Leonida Canul Pool; la presidenta municipal Mary Hern\u00e1ndez; el magistrado Heyden Cebada Rivas, presidente del Tribunal Superior de Justicia; la diputada Silvia Dzul S\u00e1nchez, presidenta de la Comisi\u00f3n de Desarrollo Ind\u00edgena del Congreso del Estado; el diputado Jos\u00e9 Mar\u00eda Chac\u00f3n Chabl\u00e9, y el director general del INMAYA Eder Enrique Chuc Cen.<\/p>\n","protected":false},"excerpt":{"rendered":"<p>Para fortalecer el reconocimiento y la valoraci\u00f3n al trabajo de las parteras tradicionales de Quintana Roo, la gobernadora<\/p>\n","protected":false},"author":1,"featured_media":20565,"comment_status":"closed","ping_status":"open","sticky":false,"template":"","format":"standard","meta":{"_monsterinsights_skip_tracking":false,"_monsterinsights_sitenote_active":false,"_monsterinsights_sitenote_note":"","_monsterinsights_sitenote_category":0,"footnotes":""},"categories":[11,24],"tags":[],"class_list":["post-20564","post","type-post","status-publish","format-standard","has-post-thumbnail","hentry","category-noticias","category-quintana-roo"],"yoast_head":"<!-- This site is optimized with the Yoast SEO plugin v18.3 - https:\/\/yoast.com\/wordpress\/plugins\/seo\/ -->\n<title>Mara Lezama encabeza el Primer Encuentro con Parteras Tradicionales \u201cSaberes Ancestrales\u201d para visibilizar y preservar la parter\u00eda maya en Quintana Roo - El Puuc Noticias<\/title>\n<meta name=\"robots\" content=\"index, follow, max-snippet:-1, max-image-preview:large, max-video-preview:-1\" \/>\n<link rel=\"canonical\" href=\"https:\/\/elpuucnoticias.com\/?p=20564\" \/>\n<meta property=\"og:locale\" content=\"es_ES\" \/>\n<meta property=\"og:type\" content=\"article\" \/>\n<meta property=\"og:title\" content=\"Mara Lezama encabeza el Primer Encuentro con Parteras Tradicionales \u201cSaberes Ancestrales\u201d para visibilizar y preservar la parter\u00eda maya en Quintana Roo - El Puuc Noticias\" \/>\n<meta property=\"og:description\" content=\"Para fortalecer el reconocimiento y la valoraci\u00f3n al trabajo de las parteras tradicionales de Quintana Roo, la gobernadora\" \/>\n<meta property=\"og:url\" content=\"https:\/\/elpuucnoticias.com\/?p=20564\" \/>\n<meta property=\"og:site_name\" content=\"El Puuc Noticias\" \/>\n<meta property=\"article:published_time\" content=\"2025-08-11T17:26:00+00:00\" \/>\n<meta property=\"article:modified_time\" content=\"2025-08-11T17:26:01+00:00\" \/>\n<meta property=\"og:image\" content=\"https:\/\/elpuucnoticias.com\/wp-content\/uploads\/2025\/08\/830c96a1-cd78-4142-85c5-6c122d519a03-scaled-1.jpg\" \/>\n\t<meta property=\"og:image:width\" content=\"2560\" \/>\n\t<meta property=\"og:image:height\" content=\"1235\" \/>\n\t<meta property=\"og:image:type\" content=\"image\/jpeg\" \/>\n<meta name=\"twitter:card\" content=\"summary_large_image\" \/>\n<meta name=\"twitter:label1\" content=\"Escrito por\" \/>\n\t<meta name=\"twitter:data1\" content=\"elpuucnoticias\" \/>\n\t<meta name=\"twitter:label2\" content=\"Tiempo de lectura\" \/>\n\t<meta name=\"twitter:data2\" content=\"2 minutos\" \/>\n<script type=\"application\/ld+json\" class=\"yoast-schema-graph\">{\"@context\":\"https:\/\/schema.org\",\"@graph\":[{\"@type\":\"WebSite\",\"@id\":\"https:\/\/elpuucnoticias.com\/#website\",\"url\":\"https:\/\/elpuucnoticias.com\/\",\"name\":\"El Puuc Noticias\",\"description\":\"Noticias - Entretenimiento - Deportes\",\"potentialAction\":[{\"@type\":\"SearchAction\",\"target\":{\"@type\":\"EntryPoint\",\"urlTemplate\":\"https:\/\/elpuucnoticias.com\/?s={search_term_string}\"},\"query-input\":\"required name=search_term_string\"}],\"inLanguage\":\"es\"},{\"@type\":\"ImageObject\",\"@id\":\"https:\/\/elpuucnoticias.com\/?p=20564#primaryimage\",\"inLanguage\":\"es\",\"url\":\"https:\/\/elpuucnoticias.com\/wp-content\/uploads\/2025\/08\/830c96a1-cd78-4142-85c5-6c122d519a03-scaled-1.jpg\",\"contentUrl\":\"https:\/\/elpuucnoticias.com\/wp-content\/uploads\/2025\/08\/830c96a1-cd78-4142-85c5-6c122d519a03-scaled-1.jpg\",\"width\":2560,\"height\":1235},{\"@type\":\"WebPage\",\"@id\":\"https:\/\/elpuucnoticias.com\/?p=20564#webpage\",\"url\":\"https:\/\/elpuucnoticias.com\/?p=20564\",\"name\":\"Mara Lezama encabeza el Primer Encuentro con Parteras Tradicionales \u201cSaberes Ancestrales\u201d para visibilizar y preservar la parter\u00eda maya en Quintana Roo - El Puuc Noticias\",\"isPartOf\":{\"@id\":\"https:\/\/elpuucnoticias.com\/#website\"},\"primaryImageOfPage\":{\"@id\":\"https:\/\/elpuucnoticias.com\/?p=20564#primaryimage\"},\"datePublished\":\"2025-08-11T17:26:00+00:00\",\"dateModified\":\"2025-08-11T17:26:01+00:00\",\"author\":{\"@id\":\"https:\/\/elpuucnoticias.com\/#\/schema\/person\/d2ea09e4c97f0160b11cdfb1d856bd9e\"},\"breadcrumb\":{\"@id\":\"https:\/\/elpuucnoticias.com\/?p=20564#breadcrumb\"},\"inLanguage\":\"es\",\"potentialAction\":[{\"@type\":\"ReadAction\",\"target\":[\"https:\/\/elpuucnoticias.com\/?p=20564\"]}]},{\"@type\":\"BreadcrumbList\",\"@id\":\"https:\/\/elpuucnoticias.com\/?p=20564#breadcrumb\",\"itemListElement\":[{\"@type\":\"ListItem\",\"position\":1,\"name\":\"Portada\",\"item\":\"https:\/\/elpuucnoticias.com\/\"},{\"@type\":\"ListItem\",\"position\":2,\"name\":\"Mara Lezama encabeza el Primer Encuentro con Parteras Tradicionales \u201cSaberes Ancestrales\u201d para visibilizar y preservar la parter\u00eda maya en Quintana Roo\"}]},{\"@type\":\"Person\",\"@id\":\"https:\/\/elpuucnoticias.com\/#\/schema\/person\/d2ea09e4c97f0160b11cdfb1d856bd9e\",\"name\":\"elpuucnoticias\",\"image\":{\"@type\":\"ImageObject\",\"@id\":\"https:\/\/elpuucnoticias.com\/#personlogo\",\"inLanguage\":\"es\",\"url\":\"https:\/\/secure.gravatar.com\/avatar\/5290a43657c74ffa15701dbe5b846bd85cc71930d803c84e91046a7333de6ce2?s=96&d=mm&r=g\",\"contentUrl\":\"https:\/\/secure.gravatar.com\/avatar\/5290a43657c74ffa15701dbe5b846bd85cc71930d803c84e91046a7333de6ce2?s=96&d=mm&r=g\",\"caption\":\"elpuucnoticias\"},\"sameAs\":[\"https:\/\/elpuucnoticias.com\"],\"url\":\"https:\/\/elpuucnoticias.com\/?author=1\"}]}<\/script>\n<!-- \/ Yoast SEO plugin. -->","yoast_head_json":{"title":"Mara Lezama encabeza el Primer Encuentro con Parteras Tradicionales \u201cSaberes Ancestrales\u201d para visibilizar y preservar la parter\u00eda maya en Quintana Roo - El Puuc Noticias","robots":{"index":"index","follow":"follow","max-snippet":"max-snippet:-1","max-image-preview":"max-image-preview:large","max-video-preview":"max-video-preview:-1"},"canonical":"https:\/\/elpuucnoticias.com\/?p=20564","og_locale":"es_ES","og_type":"article","og_title":"Mara Lezama encabeza el Primer Encuentro con Parteras Tradicionales \u201cSaberes Ancestrales\u201d para visibilizar y preservar la parter\u00eda maya en Quintana Roo - El Puuc Noticias","og_description":"Para fortalecer el reconocimiento y la valoraci\u00f3n al trabajo de las parteras tradicionales de Quintana Roo, la gobernadora","og_url":"https:\/\/elpuucnoticias.com\/?p=20564","og_site_name":"El Puuc Noticias","article_published_time":"2025-08-11T17:26:00+00:00","article_modified_time":"2025-08-11T17:26:01+00:00","og_image":[{"width":2560,"height":1235,"url":"https:\/\/elpuucnoticias.com\/wp-content\/uploads\/2025\/08\/830c96a1-cd78-4142-85c5-6c122d519a03-scaled-1.jpg","type":"image\/jpeg"}],"twitter_card":"summary_large_image","twitter_misc":{"Escrito por":"elpuucnoticias","Tiempo de lectura":"2 minutos"},"schema":{"@context":"https:\/\/schema.org","@graph":[{"@type":"WebSite","@id":"https:\/\/elpuucnoticias.com\/#website","url":"https:\/\/elpuucnoticias.com\/","name":"El Puuc Noticias","description":"Noticias - Entretenimiento - Deportes","potentialAction":[{"@type":"SearchAction","target":{"@type":"EntryPoint","urlTemplate":"https:\/\/elpuucnoticias.com\/?s={search_term_string}"},"query-input":"required name=search_term_string"}],"inLanguage":"es"},{"@type":"ImageObject","@id":"https:\/\/elpuucnoticias.com\/?p=20564#primaryimage","inLanguage":"es","url":"https:\/\/elpuucnoticias.com\/wp-content\/uploads\/2025\/08\/830c96a1-cd78-4142-85c5-6c122d519a03-scaled-1.jpg","contentUrl":"https:\/\/elpuucnoticias.com\/wp-content\/uploads\/2025\/08\/830c96a1-cd78-4142-85c5-6c122d519a03-scaled-1.jpg","width":2560,"height":1235},{"@type":"WebPage","@id":"https:\/\/elpuucnoticias.com\/?p=20564#webpage","url":"https:\/\/elpuucnoticias.com\/?p=20564","name":"Mara Lezama encabeza el Primer Encuentro con Parteras Tradicionales \u201cSaberes Ancestrales\u201d para visibilizar y preservar la parter\u00eda maya en Quintana Roo - El Puuc Noticias","isPartOf":{"@id":"https:\/\/elpuucnoticias.com\/#website"},"primaryImageOfPage":{"@id":"https:\/\/elpuucnoticias.com\/?p=20564#primaryimage"},"datePublished":"2025-08-11T17:26:00+00:00","dateModified":"2025-08-11T17:26:01+00:00","author":{"@id":"https:\/\/elpuucnoticias.com\/#\/schema\/person\/d2ea09e4c97f0160b11cdfb1d856bd9e"},"breadcrumb":{"@id":"https:\/\/elpuucnoticias.com\/?p=20564#breadcrumb"},"inLanguage":"es","potentialAction":[{"@type":"ReadAction","target":["https:\/\/elpuucnoticias.com\/?p=20564"]}]},{"@type":"BreadcrumbList","@id":"https:\/\/elpuucnoticias.com\/?p=20564#breadcrumb","itemListElement":[{"@type":"ListItem","position":1,"name":"Portada","item":"https:\/\/elpuucnoticias.com\/"},{"@type":"ListItem","position":2,"name":"Mara Lezama encabeza el Primer Encuentro con Parteras Tradicionales \u201cSaberes Ancestrales\u201d para visibilizar y preservar la parter\u00eda maya en Quintana Roo"}]},{"@type":"Person","@id":"https:\/\/elpuucnoticias.com\/#\/schema\/person\/d2ea09e4c97f0160b11cdfb1d856bd9e","name":"elpuucnoticias","image":{"@type":"ImageObject","@id":"https:\/\/elpuucnoticias.com\/#personlogo","inLanguage":"es","url":"https:\/\/secure.gravatar.com\/avatar\/5290a43657c74ffa15701dbe5b846bd85cc71930d803c84e91046a7333de6ce2?s=96&d=mm&r=g","contentUrl":"https:\/\/secure.gravatar.com\/avatar\/5290a43657c74ffa15701dbe5b846bd85cc71930d803c84e91046a7333de6ce2?s=96&d=mm&r=g","caption":"elpuucnoticias"},"sameAs":["https:\/\/elpuucnoticias.com"],"url":"https:\/\/elpuucnoticias.com\/?author=1"}]}},"_links":{"self":[{"href":"https:\/\/elpuucnoticias.com\/index.php?rest_route=\/wp\/v2\/posts\/20564","targetHints":{"allow":["GET"]}}],"collection":[{"href":"https:\/\/elpuucnoticias.com\/index.php?rest_route=\/wp\/v2\/posts"}],"about":[{"href":"https:\/\/elpuucnoticias.com\/index.php?rest_route=\/wp\/v2\/types\/post"}],"author":[{"embeddable":true,"href":"https:\/\/elpuucnoticias.com\/index.php?rest_route=\/wp\/v2\/users\/1"}],"replies":[{"embeddable":true,"href":"https:\/\/elpuucnoticias.com\/index.php?rest_route=%2Fwp%2Fv2%2Fcomments&post=20564"}],"version-history":[{"count":1,"href":"https:\/\/elpuucnoticias.com\/index.php?rest_route=\/wp\/v2\/posts\/20564\/revisions"}],"predecessor-version":[{"id":20566,"href":"https:\/\/elpuucnoticias.com\/index.php?rest_route=\/wp\/v2\/posts\/20564\/revisions\/20566"}],"wp:featuredmedia":[{"embeddable":true,"href":"https:\/\/elpuucnoticias.com\/index.php?rest_route=\/wp\/v2\/media\/20565"}],"wp:attachment":[{"href":"https:\/\/elpuucnoticias.com\/index.php?rest_route=%2Fwp%2Fv2%2Fmedia&parent=20564"}],"wp:term":[{"taxonomy":"category","embeddable":true,"href":"https:\/\/elpuucnoticias.com\/index.php?rest_route=%2Fwp%2Fv2%2Fcategories&post=20564"},{"taxonomy":"post_tag","embeddable":true,"href":"https:\/\/elpuucnoticias.com\/index.php?rest_route=%2Fwp%2Fv2%2Ftags&post=20564"}],"curies":[{"name":"wp","href":"https:\/\/api.w.org\/{rel}","templated":true}]}}