{"id":20567,"date":"2025-08-11T11:55:15","date_gmt":"2025-08-11T17:55:15","guid":{"rendered":"https:\/\/elpuucnoticias.com\/?p=20567"},"modified":"2025-08-11T11:55:17","modified_gmt":"2025-08-11T17:55:17","slug":"instala-mara-lezama-la-primera-comision-de-fomento-artesanal-y-saberes-ancestrales-para-preservar-tradiciones-y-costumbres","status":"publish","type":"post","link":"https:\/\/elpuucnoticias.com\/?p=20567","title":{"rendered":"Instala Mara Lezama la primera Comisi\u00f3n de Fomento Artesanal y Saberes Ancestrales, para preservar tradiciones y costumbres"},"content":{"rendered":"\n<p>Como parte de las actividades conmemorativas del D\u00eda Internacional de los Pueblos Ind\u00edgenas, la gobernadora Mara Lezama Espinosa instal\u00f3 la Comisi\u00f3n de Fomento Artesanal y Saberes Ancestrales, un \u00f3rgano que impulsar\u00e1 acciones para la salvaguarda, promoci\u00f3n y desarrollo de los conocimientos, t\u00e9cnicas y oficios tradicionales de la regi\u00f3n Maya.<\/p>\n\n\n\n<figure class=\"wp-block-image is-style-default\"><a href=\"https:\/\/cgc.qroo.gob.mx\/cjg\/wp-content\/uploads\/2025\/08\/c2649824-69aa-4f13-afc0-3849209ba032-scaled.jpg\"><img decoding=\"async\" src=\"https:\/\/cgc.qroo.gob.mx\/cjg\/wp-content\/uploads\/2025\/08\/c2649824-69aa-4f13-afc0-3849209ba032-585x390.jpg\" alt=\"\" title=\"c2649824-69aa-4f13-afc0-3849209ba032\"\/><\/a><\/figure>\n\n\n\n<p>Mara Lezama destac\u00f3 la importancia de esta primera Comisi\u00f3n de Fomento Artesanal y Saberes Ancestrales, que parece inconcebible que no se haya hecho porque nadie puede saber hacia d\u00f3nde va si no sabe de d\u00f3nde viene.<\/p>\n\n\n\n<figure class=\"wp-block-image is-style-default\"><a href=\"https:\/\/cgc.qroo.gob.mx\/cjg\/wp-content\/uploads\/2025\/08\/6e651ab7-efe9-4b5b-ac67-e094cc975c46-scaled.jpg\"><img decoding=\"async\" src=\"https:\/\/cgc.qroo.gob.mx\/cjg\/wp-content\/uploads\/2025\/08\/6e651ab7-efe9-4b5b-ac67-e094cc975c46-585x390.jpg\" alt=\"\" title=\"6e651ab7-efe9-4b5b-ac67-e094cc975c46\"\/><\/a><\/figure>\n\n\n\n<p>\u201cEsta riqueza no se puede perder, no podemos permitir que nos arrebaten esto, que se vayan nuestros oficios y perder la identidad de nuestros pueblos. No se debe de dejar de hablar maya, por eso estamos impartiendo Maya en las escuelas de educaci\u00f3n b\u00e1sica. No podemos olvidar este oficio de nuestras parteras tradicionales\u201d expres\u00f3 la Gobernadora.<\/p>\n\n\n\n<figure class=\"wp-block-image is-style-default\"><a href=\"https:\/\/cgc.qroo.gob.mx\/cjg\/wp-content\/uploads\/2025\/08\/9c889026-6035-4cb7-9aae-4d660548e005-scaled.jpg\"><img decoding=\"async\" src=\"https:\/\/cgc.qroo.gob.mx\/cjg\/wp-content\/uploads\/2025\/08\/9c889026-6035-4cb7-9aae-4d660548e005-585x390.jpg\" alt=\"\" title=\"9c889026-6035-4cb7-9aae-4d660548e005\"\/><\/a><\/figure>\n\n\n\n<p>En este evento, la titular del Ejecutivo reiter\u00f3 que este gobierno diferente, humanista con coraz\u00f3n feminista, seguir\u00e1 trabajando para transformar a Felipe Carrillo Puerto y a Quintana Roo. Destac\u00f3 que, por primera vez en la historia, en diciembre pr\u00f3ximo se abrir\u00e1 la puerta al mar, que cont\u00f3 con el apoyo del entonces Presidente Andr\u00e9s Manuel L\u00f3pez Obrador y ahora tiene el de la Presidenta Claudia Sheinbaum.<\/p>\n\n\n\n<figure class=\"wp-block-image is-style-default\"><a href=\"https:\/\/cgc.qroo.gob.mx\/cjg\/wp-content\/uploads\/2025\/08\/91b64613-20ca-420c-a895-03123d55f952-scaled.jpg\"><img decoding=\"async\" src=\"https:\/\/cgc.qroo.gob.mx\/cjg\/wp-content\/uploads\/2025\/08\/91b64613-20ca-420c-a895-03123d55f952-585x390.jpg\" alt=\"\" title=\"91b64613-20ca-420c-a895-03123d55f952\"\/><\/a><\/figure>\n\n\n\n<p>\u201cLes deseo desde el fondo del coraz\u00f3n, en este gobierno en donde les decimos fuerte y claro, nunca m\u00e1s al olvido y abandono en este gobierno honesto, que combate la corrupci\u00f3n y por eso nos alcanza para m\u00e1s, en un gobierno que no miente, no roba y no traiciona al pueblo. Vamos a trabajar. Vamos a seguir empoder\u00e1ndolas, vamos a seguir transformando vidas en positivo, que la diversidad cultural es nuestra mayor riqueza y no podemos dejarla a un lado\u201d, cit\u00f3 Mara Lezama.<\/p>\n\n\n\n<figure class=\"wp-block-image is-style-default\"><a href=\"https:\/\/cgc.qroo.gob.mx\/cjg\/wp-content\/uploads\/2025\/08\/c6a576b2-8df9-4247-b418-37e3e2f7a99e-scaled.jpg\"><img decoding=\"async\" src=\"https:\/\/cgc.qroo.gob.mx\/cjg\/wp-content\/uploads\/2025\/08\/c6a576b2-8df9-4247-b418-37e3e2f7a99e-585x390.jpg\" alt=\"\" title=\"c6a576b2-8df9-4247-b418-37e3e2f7a99e\"\/><\/a><\/figure>\n\n\n\n<p>En la Casa de la Cultura se exhibi\u00f3 una muestra de saberes aprendidos en el curso Ko\u2019one\u2019ex Kanik, una iniciativa dirigida a ni\u00f1as, ni\u00f1os y j\u00f3venes que participan en talleres de danza tradicional y folcl\u00f3rica, m\u00fasica, artes pl\u00e1sticas, bordado, manualidades y corte y confecci\u00f3n.<\/p>\n\n\n\n<p>Despu\u00e9s de un recorrido por esta muestra, el taller de bordado con ni\u00f1os que son semillero creativo y la exposici\u00f3n artesanal de bordado, bejuco, urdido de hamacas y miel, la directora del Instituto de la Cultura y las Artes explic\u00f3 los alcances de la Comisi\u00f3n de Fomento Artesanal y Saberes Ancestrales.<\/p>\n\n\n\n<figure class=\"wp-block-image is-style-default\"><a href=\"https:\/\/cgc.qroo.gob.mx\/cjg\/wp-content\/uploads\/2025\/08\/75b17c61-7965-40a3-b230-e107839945db-scaled.jpg\"><img decoding=\"async\" src=\"https:\/\/cgc.qroo.gob.mx\/cjg\/wp-content\/uploads\/2025\/08\/75b17c61-7965-40a3-b230-e107839945db-585x390.jpg\" alt=\"\" title=\"75b17c61-7965-40a3-b230-e107839945db\"\/><\/a><\/figure>\n\n\n\n<p>Por su parte, la presidenta municipal Mary Hern\u00e1ndez destac\u00f3 que las tradiciones y costumbres de la zona Maya es resistir, es sanar y vivir con dignidad.<\/p>\n\n\n\n<p>Acompa\u00f1aron a la Gobernadora en el pres\u00eddium, el diputado Jos\u00e9 Mar\u00eda Chac\u00f3n Chabl\u00e9, con la representaci\u00f3n del Congreso del Estado; las vocales de la Comisi\u00f3n, Rosa Mar\u00eda Kim\u00e9 Xicum, Hilario Ch\u00ed Canul y Amanda Beatriz Tah Arana.<\/p>\n","protected":false},"excerpt":{"rendered":"<p>Como parte de las actividades conmemorativas del D\u00eda Internacional de los Pueblos Ind\u00edgenas, la gobernadora Mara Lezama Espinosa<\/p>\n","protected":false},"author":1,"featured_media":20568,"comment_status":"closed","ping_status":"open","sticky":false,"template":"","format":"standard","meta":{"_monsterinsights_skip_tracking":false,"_monsterinsights_sitenote_active":false,"_monsterinsights_sitenote_note":"","_monsterinsights_sitenote_category":0,"footnotes":""},"categories":[11,24],"tags":[],"class_list":["post-20567","post","type-post","status-publish","format-standard","has-post-thumbnail","hentry","category-noticias","category-quintana-roo"],"yoast_head":"<!-- This site is optimized with the Yoast SEO plugin v18.3 - https:\/\/yoast.com\/wordpress\/plugins\/seo\/ -->\n<title>Instala Mara Lezama la primera Comisi\u00f3n de Fomento Artesanal y Saberes Ancestrales, para preservar tradiciones y costumbres - El Puuc Noticias<\/title>\n<meta name=\"robots\" content=\"index, follow, max-snippet:-1, max-image-preview:large, max-video-preview:-1\" \/>\n<link rel=\"canonical\" href=\"https:\/\/elpuucnoticias.com\/?p=20567\" \/>\n<meta property=\"og:locale\" content=\"es_ES\" \/>\n<meta property=\"og:type\" content=\"article\" \/>\n<meta property=\"og:title\" content=\"Instala Mara Lezama la primera Comisi\u00f3n de Fomento Artesanal y Saberes Ancestrales, para preservar tradiciones y costumbres - El Puuc Noticias\" \/>\n<meta property=\"og:description\" content=\"Como parte de las actividades conmemorativas del D\u00eda Internacional de los Pueblos Ind\u00edgenas, la gobernadora Mara Lezama Espinosa\" \/>\n<meta property=\"og:url\" content=\"https:\/\/elpuucnoticias.com\/?p=20567\" \/>\n<meta property=\"og:site_name\" content=\"El Puuc Noticias\" \/>\n<meta property=\"article:published_time\" content=\"2025-08-11T17:55:15+00:00\" \/>\n<meta property=\"article:modified_time\" content=\"2025-08-11T17:55:17+00:00\" \/>\n<meta property=\"og:image\" content=\"https:\/\/elpuucnoticias.com\/wp-content\/uploads\/2025\/08\/3d66273e-7509-46a1-80d5-41d5b50ebabf-scaled-1.jpg\" \/>\n\t<meta property=\"og:image:width\" content=\"2560\" \/>\n\t<meta property=\"og:image:height\" content=\"1159\" \/>\n\t<meta property=\"og:image:type\" content=\"image\/jpeg\" \/>\n<meta name=\"twitter:card\" content=\"summary_large_image\" \/>\n<meta name=\"twitter:label1\" content=\"Escrito por\" \/>\n\t<meta name=\"twitter:data1\" content=\"elpuucnoticias\" \/>\n\t<meta name=\"twitter:label2\" content=\"Tiempo de lectura\" \/>\n\t<meta name=\"twitter:data2\" content=\"2 minutos\" \/>\n<script type=\"application\/ld+json\" class=\"yoast-schema-graph\">{\"@context\":\"https:\/\/schema.org\",\"@graph\":[{\"@type\":\"WebSite\",\"@id\":\"https:\/\/elpuucnoticias.com\/#website\",\"url\":\"https:\/\/elpuucnoticias.com\/\",\"name\":\"El Puuc Noticias\",\"description\":\"Noticias - Entretenimiento - Deportes\",\"potentialAction\":[{\"@type\":\"SearchAction\",\"target\":{\"@type\":\"EntryPoint\",\"urlTemplate\":\"https:\/\/elpuucnoticias.com\/?s={search_term_string}\"},\"query-input\":\"required name=search_term_string\"}],\"inLanguage\":\"es\"},{\"@type\":\"ImageObject\",\"@id\":\"https:\/\/elpuucnoticias.com\/?p=20567#primaryimage\",\"inLanguage\":\"es\",\"url\":\"https:\/\/elpuucnoticias.com\/wp-content\/uploads\/2025\/08\/3d66273e-7509-46a1-80d5-41d5b50ebabf-scaled-1.jpg\",\"contentUrl\":\"https:\/\/elpuucnoticias.com\/wp-content\/uploads\/2025\/08\/3d66273e-7509-46a1-80d5-41d5b50ebabf-scaled-1.jpg\",\"width\":2560,\"height\":1159},{\"@type\":\"WebPage\",\"@id\":\"https:\/\/elpuucnoticias.com\/?p=20567#webpage\",\"url\":\"https:\/\/elpuucnoticias.com\/?p=20567\",\"name\":\"Instala Mara Lezama la primera Comisi\u00f3n de Fomento Artesanal y Saberes Ancestrales, para preservar tradiciones y costumbres - El Puuc Noticias\",\"isPartOf\":{\"@id\":\"https:\/\/elpuucnoticias.com\/#website\"},\"primaryImageOfPage\":{\"@id\":\"https:\/\/elpuucnoticias.com\/?p=20567#primaryimage\"},\"datePublished\":\"2025-08-11T17:55:15+00:00\",\"dateModified\":\"2025-08-11T17:55:17+00:00\",\"author\":{\"@id\":\"https:\/\/elpuucnoticias.com\/#\/schema\/person\/d2ea09e4c97f0160b11cdfb1d856bd9e\"},\"breadcrumb\":{\"@id\":\"https:\/\/elpuucnoticias.com\/?p=20567#breadcrumb\"},\"inLanguage\":\"es\",\"potentialAction\":[{\"@type\":\"ReadAction\",\"target\":[\"https:\/\/elpuucnoticias.com\/?p=20567\"]}]},{\"@type\":\"BreadcrumbList\",\"@id\":\"https:\/\/elpuucnoticias.com\/?p=20567#breadcrumb\",\"itemListElement\":[{\"@type\":\"ListItem\",\"position\":1,\"name\":\"Portada\",\"item\":\"https:\/\/elpuucnoticias.com\/\"},{\"@type\":\"ListItem\",\"position\":2,\"name\":\"Instala Mara Lezama la primera Comisi\u00f3n de Fomento Artesanal y Saberes Ancestrales, para preservar tradiciones y costumbres\"}]},{\"@type\":\"Person\",\"@id\":\"https:\/\/elpuucnoticias.com\/#\/schema\/person\/d2ea09e4c97f0160b11cdfb1d856bd9e\",\"name\":\"elpuucnoticias\",\"image\":{\"@type\":\"ImageObject\",\"@id\":\"https:\/\/elpuucnoticias.com\/#personlogo\",\"inLanguage\":\"es\",\"url\":\"https:\/\/secure.gravatar.com\/avatar\/5290a43657c74ffa15701dbe5b846bd85cc71930d803c84e91046a7333de6ce2?s=96&d=mm&r=g\",\"contentUrl\":\"https:\/\/secure.gravatar.com\/avatar\/5290a43657c74ffa15701dbe5b846bd85cc71930d803c84e91046a7333de6ce2?s=96&d=mm&r=g\",\"caption\":\"elpuucnoticias\"},\"sameAs\":[\"https:\/\/elpuucnoticias.com\"],\"url\":\"https:\/\/elpuucnoticias.com\/?author=1\"}]}<\/script>\n<!-- \/ Yoast SEO plugin. -->","yoast_head_json":{"title":"Instala Mara Lezama la primera Comisi\u00f3n de Fomento Artesanal y Saberes Ancestrales, para preservar tradiciones y costumbres - El Puuc Noticias","robots":{"index":"index","follow":"follow","max-snippet":"max-snippet:-1","max-image-preview":"max-image-preview:large","max-video-preview":"max-video-preview:-1"},"canonical":"https:\/\/elpuucnoticias.com\/?p=20567","og_locale":"es_ES","og_type":"article","og_title":"Instala Mara Lezama la primera Comisi\u00f3n de Fomento Artesanal y Saberes Ancestrales, para preservar tradiciones y costumbres - El Puuc Noticias","og_description":"Como parte de las actividades conmemorativas del D\u00eda Internacional de los Pueblos Ind\u00edgenas, la gobernadora Mara Lezama Espinosa","og_url":"https:\/\/elpuucnoticias.com\/?p=20567","og_site_name":"El Puuc Noticias","article_published_time":"2025-08-11T17:55:15+00:00","article_modified_time":"2025-08-11T17:55:17+00:00","og_image":[{"width":2560,"height":1159,"url":"https:\/\/elpuucnoticias.com\/wp-content\/uploads\/2025\/08\/3d66273e-7509-46a1-80d5-41d5b50ebabf-scaled-1.jpg","type":"image\/jpeg"}],"twitter_card":"summary_large_image","twitter_misc":{"Escrito por":"elpuucnoticias","Tiempo de lectura":"2 minutos"},"schema":{"@context":"https:\/\/schema.org","@graph":[{"@type":"WebSite","@id":"https:\/\/elpuucnoticias.com\/#website","url":"https:\/\/elpuucnoticias.com\/","name":"El Puuc Noticias","description":"Noticias - Entretenimiento - Deportes","potentialAction":[{"@type":"SearchAction","target":{"@type":"EntryPoint","urlTemplate":"https:\/\/elpuucnoticias.com\/?s={search_term_string}"},"query-input":"required name=search_term_string"}],"inLanguage":"es"},{"@type":"ImageObject","@id":"https:\/\/elpuucnoticias.com\/?p=20567#primaryimage","inLanguage":"es","url":"https:\/\/elpuucnoticias.com\/wp-content\/uploads\/2025\/08\/3d66273e-7509-46a1-80d5-41d5b50ebabf-scaled-1.jpg","contentUrl":"https:\/\/elpuucnoticias.com\/wp-content\/uploads\/2025\/08\/3d66273e-7509-46a1-80d5-41d5b50ebabf-scaled-1.jpg","width":2560,"height":1159},{"@type":"WebPage","@id":"https:\/\/elpuucnoticias.com\/?p=20567#webpage","url":"https:\/\/elpuucnoticias.com\/?p=20567","name":"Instala Mara Lezama la primera Comisi\u00f3n de Fomento Artesanal y Saberes Ancestrales, para preservar tradiciones y costumbres - El Puuc Noticias","isPartOf":{"@id":"https:\/\/elpuucnoticias.com\/#website"},"primaryImageOfPage":{"@id":"https:\/\/elpuucnoticias.com\/?p=20567#primaryimage"},"datePublished":"2025-08-11T17:55:15+00:00","dateModified":"2025-08-11T17:55:17+00:00","author":{"@id":"https:\/\/elpuucnoticias.com\/#\/schema\/person\/d2ea09e4c97f0160b11cdfb1d856bd9e"},"breadcrumb":{"@id":"https:\/\/elpuucnoticias.com\/?p=20567#breadcrumb"},"inLanguage":"es","potentialAction":[{"@type":"ReadAction","target":["https:\/\/elpuucnoticias.com\/?p=20567"]}]},{"@type":"BreadcrumbList","@id":"https:\/\/elpuucnoticias.com\/?p=20567#breadcrumb","itemListElement":[{"@type":"ListItem","position":1,"name":"Portada","item":"https:\/\/elpuucnoticias.com\/"},{"@type":"ListItem","position":2,"name":"Instala Mara Lezama la primera Comisi\u00f3n de Fomento Artesanal y Saberes Ancestrales, para preservar tradiciones y costumbres"}]},{"@type":"Person","@id":"https:\/\/elpuucnoticias.com\/#\/schema\/person\/d2ea09e4c97f0160b11cdfb1d856bd9e","name":"elpuucnoticias","image":{"@type":"ImageObject","@id":"https:\/\/elpuucnoticias.com\/#personlogo","inLanguage":"es","url":"https:\/\/secure.gravatar.com\/avatar\/5290a43657c74ffa15701dbe5b846bd85cc71930d803c84e91046a7333de6ce2?s=96&d=mm&r=g","contentUrl":"https:\/\/secure.gravatar.com\/avatar\/5290a43657c74ffa15701dbe5b846bd85cc71930d803c84e91046a7333de6ce2?s=96&d=mm&r=g","caption":"elpuucnoticias"},"sameAs":["https:\/\/elpuucnoticias.com"],"url":"https:\/\/elpuucnoticias.com\/?author=1"}]}},"_links":{"self":[{"href":"https:\/\/elpuucnoticias.com\/index.php?rest_route=\/wp\/v2\/posts\/20567","targetHints":{"allow":["GET"]}}],"collection":[{"href":"https:\/\/elpuucnoticias.com\/index.php?rest_route=\/wp\/v2\/posts"}],"about":[{"href":"https:\/\/elpuucnoticias.com\/index.php?rest_route=\/wp\/v2\/types\/post"}],"author":[{"embeddable":true,"href":"https:\/\/elpuucnoticias.com\/index.php?rest_route=\/wp\/v2\/users\/1"}],"replies":[{"embeddable":true,"href":"https:\/\/elpuucnoticias.com\/index.php?rest_route=%2Fwp%2Fv2%2Fcomments&post=20567"}],"version-history":[{"count":1,"href":"https:\/\/elpuucnoticias.com\/index.php?rest_route=\/wp\/v2\/posts\/20567\/revisions"}],"predecessor-version":[{"id":20569,"href":"https:\/\/elpuucnoticias.com\/index.php?rest_route=\/wp\/v2\/posts\/20567\/revisions\/20569"}],"wp:featuredmedia":[{"embeddable":true,"href":"https:\/\/elpuucnoticias.com\/index.php?rest_route=\/wp\/v2\/media\/20568"}],"wp:attachment":[{"href":"https:\/\/elpuucnoticias.com\/index.php?rest_route=%2Fwp%2Fv2%2Fmedia&parent=20567"}],"wp:term":[{"taxonomy":"category","embeddable":true,"href":"https:\/\/elpuucnoticias.com\/index.php?rest_route=%2Fwp%2Fv2%2Fcategories&post=20567"},{"taxonomy":"post_tag","embeddable":true,"href":"https:\/\/elpuucnoticias.com\/index.php?rest_route=%2Fwp%2Fv2%2Ftags&post=20567"}],"curies":[{"name":"wp","href":"https:\/\/api.w.org\/{rel}","templated":true}]}}