{"id":20573,"date":"2025-08-11T12:25:16","date_gmt":"2025-08-11T18:25:16","guid":{"rendered":"https:\/\/elpuucnoticias.com\/?p=20573"},"modified":"2025-08-11T12:25:17","modified_gmt":"2025-08-11T18:25:17","slug":"inician-mara-lezama-y-mary-hernandez-reactivacion-urbana-con-caminos-ancestrales-en-felipe-carrillo-puerto","status":"publish","type":"post","link":"https:\/\/elpuucnoticias.com\/?p=20573","title":{"rendered":"Inician Mara Lezama y Mary Hern\u00e1ndez reactivaci\u00f3n urbana con Caminos Ancestrales en Felipe Carrillo Puerto"},"content":{"rendered":"\n<p>Para transformar las rutas ancestrales de Felipe Carrillo Puerto en galer\u00edas vivas que narren nuestra profunda identidad Maya, la gobernadora Mara Lezama Espinosa estuvo con la presidenta municipal Mary Hern\u00e1ndez en el inicio del proyecto municipal de reactivaci\u00f3n urbana.Con el mejoramiento de la imagen urbana, el primer cuadro se la ciudad se transformar\u00e1 en todo un corredor que presumir\u00e1 la amplia gastronom\u00eda, el turismo comunitario, la historia viva, la cultura que nos enorgullece, las bellezas naturales y el cuidado al medio ambiente.<\/p>\n\n\n\n<figure class=\"wp-block-image is-style-default\"><a href=\"https:\/\/cgc.qroo.gob.mx\/cjg\/wp-content\/uploads\/2025\/08\/fad199d6-98d0-4e86-8833-44f828d3d0af-scaled.jpg\"><img decoding=\"async\" src=\"https:\/\/cgc.qroo.gob.mx\/cjg\/wp-content\/uploads\/2025\/08\/fad199d6-98d0-4e86-8833-44f828d3d0af-585x390.jpg\" alt=\"\" title=\"fad199d6-98d0-4e86-8833-44f828d3d0af\"\/><\/a><\/figure>\n\n\n\n<figure class=\"wp-block-image is-style-default\"><a href=\"https:\/\/cgc.qroo.gob.mx\/cjg\/wp-content\/uploads\/2025\/08\/4c3e4868-8c02-4d5b-a7ab-2f9e0e2bccdd-scaled.jpg\"><img decoding=\"async\" src=\"https:\/\/cgc.qroo.gob.mx\/cjg\/wp-content\/uploads\/2025\/08\/4c3e4868-8c02-4d5b-a7ab-2f9e0e2bccdd-585x390.jpg\" alt=\"\" title=\"4c3e4868-8c02-4d5b-a7ab-2f9e0e2bccdd\"\/><\/a><\/figure>\n\n\n\n<p>\u201cY lo m\u00e1s importante, precis\u00f3 la Gobernadora, es que lo haremos juntas y juntos, comerciantes, vecinas y vecinos, artistas locales. Con este proyecto invitamos al mundo a caminar este gran destino de Maya Ka\u00b4an, porque aqu\u00ed es donde se siente el alma viva de un pueblo que pinta su futuro con ra\u00edces profundas del pasado\u201d.Se contempla la repavimentaci\u00f3n de las calles, pintura y acabados en fachadas, pinturas murales, nueva se\u00f1al\u00e9tica, etc. \u201cCon el proyecto de reactivaci\u00f3n urbana, con caminos ancestrales, el arte se convierte en una herramienta social. Cada color recupera nuestra memoria, genera empleo para j\u00f3venes artistas y crea espacios de orgullo comunitario\u201d, explic\u00f3 la presidenta Mary Hern\u00e1ndez.<\/p>\n\n\n\n<figure class=\"wp-block-image is-style-default\"><a href=\"https:\/\/cgc.qroo.gob.mx\/cjg\/wp-content\/uploads\/2025\/08\/73f9f938-0b81-417c-9b06-a26060c45861-scaled.jpg\"><img decoding=\"async\" src=\"https:\/\/cgc.qroo.gob.mx\/cjg\/wp-content\/uploads\/2025\/08\/73f9f938-0b81-417c-9b06-a26060c45861-585x390.jpg\" alt=\"\" title=\"73f9f938-0b81-417c-9b06-a26060c45861\"\/><\/a><\/figure>\n\n\n\n<p>Este proyecto de mejoramiento urbano arrojar\u00e1 tambi\u00e9n beneficios claros, como el hecho de atraer m\u00e1s turismo para activar la econom\u00eda, reducci\u00f3n del vandalismo mediante arte participativo, y una ruta viva que ense\u00f1e sobre nuestras ra\u00edces y origen.<\/p>\n\n\n\n<figure class=\"wp-block-image is-style-default\"><a href=\"https:\/\/cgc.qroo.gob.mx\/cjg\/wp-content\/uploads\/2025\/08\/c8656bad-9e51-4a7e-9d93-af8ae94ba210-scaled.jpg\"><img decoding=\"async\" src=\"https:\/\/cgc.qroo.gob.mx\/cjg\/wp-content\/uploads\/2025\/08\/c8656bad-9e51-4a7e-9d93-af8ae94ba210-585x390.jpg\" alt=\"\" title=\"c8656bad-9e51-4a7e-9d93-af8ae94ba210\"\/><\/a><\/figure>\n\n\n\n<p>Mara Lezama y Mary Hern\u00e1ndez iniciaron estos trabajos que abarcar\u00e1n 7 calles, 800 metros lineales que inician en la calle Santiago Pacheco con Benito Ju\u00e1rez, hasta la avenida L\u00e1zaro C\u00e1rdenas (Glorieta Benito Ju\u00e1rez), y la calle 67 con 66, frente al Palacio Municipal.<\/p>\n\n\n\n<p><\/p>\n","protected":false},"excerpt":{"rendered":"<p>Para transformar las rutas ancestrales de Felipe Carrillo Puerto en galer\u00edas vivas que narren nuestra profunda identidad Maya,<\/p>\n","protected":false},"author":1,"featured_media":20574,"comment_status":"closed","ping_status":"open","sticky":false,"template":"","format":"standard","meta":{"_monsterinsights_skip_tracking":false,"_monsterinsights_sitenote_active":false,"_monsterinsights_sitenote_note":"","_monsterinsights_sitenote_category":0,"footnotes":""},"categories":[11,24],"tags":[],"class_list":["post-20573","post","type-post","status-publish","format-standard","has-post-thumbnail","hentry","category-noticias","category-quintana-roo"],"yoast_head":"<!-- This site is optimized with the Yoast SEO plugin v18.3 - https:\/\/yoast.com\/wordpress\/plugins\/seo\/ -->\n<title>Inician Mara Lezama y Mary Hern\u00e1ndez reactivaci\u00f3n urbana con Caminos Ancestrales en Felipe Carrillo Puerto - El Puuc Noticias<\/title>\n<meta name=\"robots\" content=\"index, follow, max-snippet:-1, max-image-preview:large, max-video-preview:-1\" \/>\n<link rel=\"canonical\" href=\"https:\/\/elpuucnoticias.com\/?p=20573\" \/>\n<meta property=\"og:locale\" content=\"es_ES\" \/>\n<meta property=\"og:type\" content=\"article\" \/>\n<meta property=\"og:title\" content=\"Inician Mara Lezama y Mary Hern\u00e1ndez reactivaci\u00f3n urbana con Caminos Ancestrales en Felipe Carrillo Puerto - El Puuc Noticias\" \/>\n<meta property=\"og:description\" content=\"Para transformar las rutas ancestrales de Felipe Carrillo Puerto en galer\u00edas vivas que narren nuestra profunda identidad Maya,\" \/>\n<meta property=\"og:url\" content=\"https:\/\/elpuucnoticias.com\/?p=20573\" \/>\n<meta property=\"og:site_name\" content=\"El Puuc Noticias\" \/>\n<meta property=\"article:published_time\" content=\"2025-08-11T18:25:16+00:00\" \/>\n<meta property=\"article:modified_time\" content=\"2025-08-11T18:25:17+00:00\" \/>\n<meta property=\"og:image\" content=\"https:\/\/elpuucnoticias.com\/wp-content\/uploads\/2025\/08\/d83ff67e-1fe0-4df7-bf75-318f714a7ecf-scaled-1.jpg\" \/>\n\t<meta property=\"og:image:width\" content=\"2560\" \/>\n\t<meta property=\"og:image:height\" content=\"1707\" \/>\n\t<meta property=\"og:image:type\" content=\"image\/jpeg\" \/>\n<meta name=\"twitter:card\" content=\"summary_large_image\" \/>\n<meta name=\"twitter:label1\" content=\"Escrito por\" \/>\n\t<meta name=\"twitter:data1\" content=\"elpuucnoticias\" \/>\n\t<meta name=\"twitter:label2\" content=\"Tiempo de lectura\" \/>\n\t<meta name=\"twitter:data2\" content=\"1 minuto\" \/>\n<script type=\"application\/ld+json\" class=\"yoast-schema-graph\">{\"@context\":\"https:\/\/schema.org\",\"@graph\":[{\"@type\":\"WebSite\",\"@id\":\"https:\/\/elpuucnoticias.com\/#website\",\"url\":\"https:\/\/elpuucnoticias.com\/\",\"name\":\"El Puuc Noticias\",\"description\":\"Noticias - Entretenimiento - Deportes\",\"potentialAction\":[{\"@type\":\"SearchAction\",\"target\":{\"@type\":\"EntryPoint\",\"urlTemplate\":\"https:\/\/elpuucnoticias.com\/?s={search_term_string}\"},\"query-input\":\"required name=search_term_string\"}],\"inLanguage\":\"es\"},{\"@type\":\"ImageObject\",\"@id\":\"https:\/\/elpuucnoticias.com\/?p=20573#primaryimage\",\"inLanguage\":\"es\",\"url\":\"https:\/\/elpuucnoticias.com\/wp-content\/uploads\/2025\/08\/d83ff67e-1fe0-4df7-bf75-318f714a7ecf-scaled-1.jpg\",\"contentUrl\":\"https:\/\/elpuucnoticias.com\/wp-content\/uploads\/2025\/08\/d83ff67e-1fe0-4df7-bf75-318f714a7ecf-scaled-1.jpg\",\"width\":2560,\"height\":1707},{\"@type\":\"WebPage\",\"@id\":\"https:\/\/elpuucnoticias.com\/?p=20573#webpage\",\"url\":\"https:\/\/elpuucnoticias.com\/?p=20573\",\"name\":\"Inician Mara Lezama y Mary Hern\u00e1ndez reactivaci\u00f3n urbana con Caminos Ancestrales en Felipe Carrillo Puerto - El Puuc Noticias\",\"isPartOf\":{\"@id\":\"https:\/\/elpuucnoticias.com\/#website\"},\"primaryImageOfPage\":{\"@id\":\"https:\/\/elpuucnoticias.com\/?p=20573#primaryimage\"},\"datePublished\":\"2025-08-11T18:25:16+00:00\",\"dateModified\":\"2025-08-11T18:25:17+00:00\",\"author\":{\"@id\":\"https:\/\/elpuucnoticias.com\/#\/schema\/person\/d2ea09e4c97f0160b11cdfb1d856bd9e\"},\"breadcrumb\":{\"@id\":\"https:\/\/elpuucnoticias.com\/?p=20573#breadcrumb\"},\"inLanguage\":\"es\",\"potentialAction\":[{\"@type\":\"ReadAction\",\"target\":[\"https:\/\/elpuucnoticias.com\/?p=20573\"]}]},{\"@type\":\"BreadcrumbList\",\"@id\":\"https:\/\/elpuucnoticias.com\/?p=20573#breadcrumb\",\"itemListElement\":[{\"@type\":\"ListItem\",\"position\":1,\"name\":\"Portada\",\"item\":\"https:\/\/elpuucnoticias.com\/\"},{\"@type\":\"ListItem\",\"position\":2,\"name\":\"Inician Mara Lezama y Mary Hern\u00e1ndez reactivaci\u00f3n urbana con Caminos Ancestrales en Felipe Carrillo Puerto\"}]},{\"@type\":\"Person\",\"@id\":\"https:\/\/elpuucnoticias.com\/#\/schema\/person\/d2ea09e4c97f0160b11cdfb1d856bd9e\",\"name\":\"elpuucnoticias\",\"image\":{\"@type\":\"ImageObject\",\"@id\":\"https:\/\/elpuucnoticias.com\/#personlogo\",\"inLanguage\":\"es\",\"url\":\"https:\/\/secure.gravatar.com\/avatar\/5290a43657c74ffa15701dbe5b846bd85cc71930d803c84e91046a7333de6ce2?s=96&d=mm&r=g\",\"contentUrl\":\"https:\/\/secure.gravatar.com\/avatar\/5290a43657c74ffa15701dbe5b846bd85cc71930d803c84e91046a7333de6ce2?s=96&d=mm&r=g\",\"caption\":\"elpuucnoticias\"},\"sameAs\":[\"https:\/\/elpuucnoticias.com\"],\"url\":\"https:\/\/elpuucnoticias.com\/?author=1\"}]}<\/script>\n<!-- \/ Yoast SEO plugin. -->","yoast_head_json":{"title":"Inician Mara Lezama y Mary Hern\u00e1ndez reactivaci\u00f3n urbana con Caminos Ancestrales en Felipe Carrillo Puerto - El Puuc Noticias","robots":{"index":"index","follow":"follow","max-snippet":"max-snippet:-1","max-image-preview":"max-image-preview:large","max-video-preview":"max-video-preview:-1"},"canonical":"https:\/\/elpuucnoticias.com\/?p=20573","og_locale":"es_ES","og_type":"article","og_title":"Inician Mara Lezama y Mary Hern\u00e1ndez reactivaci\u00f3n urbana con Caminos Ancestrales en Felipe Carrillo Puerto - El Puuc Noticias","og_description":"Para transformar las rutas ancestrales de Felipe Carrillo Puerto en galer\u00edas vivas que narren nuestra profunda identidad Maya,","og_url":"https:\/\/elpuucnoticias.com\/?p=20573","og_site_name":"El Puuc Noticias","article_published_time":"2025-08-11T18:25:16+00:00","article_modified_time":"2025-08-11T18:25:17+00:00","og_image":[{"width":2560,"height":1707,"url":"https:\/\/elpuucnoticias.com\/wp-content\/uploads\/2025\/08\/d83ff67e-1fe0-4df7-bf75-318f714a7ecf-scaled-1.jpg","type":"image\/jpeg"}],"twitter_card":"summary_large_image","twitter_misc":{"Escrito por":"elpuucnoticias","Tiempo de lectura":"1 minuto"},"schema":{"@context":"https:\/\/schema.org","@graph":[{"@type":"WebSite","@id":"https:\/\/elpuucnoticias.com\/#website","url":"https:\/\/elpuucnoticias.com\/","name":"El Puuc Noticias","description":"Noticias - Entretenimiento - Deportes","potentialAction":[{"@type":"SearchAction","target":{"@type":"EntryPoint","urlTemplate":"https:\/\/elpuucnoticias.com\/?s={search_term_string}"},"query-input":"required name=search_term_string"}],"inLanguage":"es"},{"@type":"ImageObject","@id":"https:\/\/elpuucnoticias.com\/?p=20573#primaryimage","inLanguage":"es","url":"https:\/\/elpuucnoticias.com\/wp-content\/uploads\/2025\/08\/d83ff67e-1fe0-4df7-bf75-318f714a7ecf-scaled-1.jpg","contentUrl":"https:\/\/elpuucnoticias.com\/wp-content\/uploads\/2025\/08\/d83ff67e-1fe0-4df7-bf75-318f714a7ecf-scaled-1.jpg","width":2560,"height":1707},{"@type":"WebPage","@id":"https:\/\/elpuucnoticias.com\/?p=20573#webpage","url":"https:\/\/elpuucnoticias.com\/?p=20573","name":"Inician Mara Lezama y Mary Hern\u00e1ndez reactivaci\u00f3n urbana con Caminos Ancestrales en Felipe Carrillo Puerto - El Puuc Noticias","isPartOf":{"@id":"https:\/\/elpuucnoticias.com\/#website"},"primaryImageOfPage":{"@id":"https:\/\/elpuucnoticias.com\/?p=20573#primaryimage"},"datePublished":"2025-08-11T18:25:16+00:00","dateModified":"2025-08-11T18:25:17+00:00","author":{"@id":"https:\/\/elpuucnoticias.com\/#\/schema\/person\/d2ea09e4c97f0160b11cdfb1d856bd9e"},"breadcrumb":{"@id":"https:\/\/elpuucnoticias.com\/?p=20573#breadcrumb"},"inLanguage":"es","potentialAction":[{"@type":"ReadAction","target":["https:\/\/elpuucnoticias.com\/?p=20573"]}]},{"@type":"BreadcrumbList","@id":"https:\/\/elpuucnoticias.com\/?p=20573#breadcrumb","itemListElement":[{"@type":"ListItem","position":1,"name":"Portada","item":"https:\/\/elpuucnoticias.com\/"},{"@type":"ListItem","position":2,"name":"Inician Mara Lezama y Mary Hern\u00e1ndez reactivaci\u00f3n urbana con Caminos Ancestrales en Felipe Carrillo Puerto"}]},{"@type":"Person","@id":"https:\/\/elpuucnoticias.com\/#\/schema\/person\/d2ea09e4c97f0160b11cdfb1d856bd9e","name":"elpuucnoticias","image":{"@type":"ImageObject","@id":"https:\/\/elpuucnoticias.com\/#personlogo","inLanguage":"es","url":"https:\/\/secure.gravatar.com\/avatar\/5290a43657c74ffa15701dbe5b846bd85cc71930d803c84e91046a7333de6ce2?s=96&d=mm&r=g","contentUrl":"https:\/\/secure.gravatar.com\/avatar\/5290a43657c74ffa15701dbe5b846bd85cc71930d803c84e91046a7333de6ce2?s=96&d=mm&r=g","caption":"elpuucnoticias"},"sameAs":["https:\/\/elpuucnoticias.com"],"url":"https:\/\/elpuucnoticias.com\/?author=1"}]}},"_links":{"self":[{"href":"https:\/\/elpuucnoticias.com\/index.php?rest_route=\/wp\/v2\/posts\/20573","targetHints":{"allow":["GET"]}}],"collection":[{"href":"https:\/\/elpuucnoticias.com\/index.php?rest_route=\/wp\/v2\/posts"}],"about":[{"href":"https:\/\/elpuucnoticias.com\/index.php?rest_route=\/wp\/v2\/types\/post"}],"author":[{"embeddable":true,"href":"https:\/\/elpuucnoticias.com\/index.php?rest_route=\/wp\/v2\/users\/1"}],"replies":[{"embeddable":true,"href":"https:\/\/elpuucnoticias.com\/index.php?rest_route=%2Fwp%2Fv2%2Fcomments&post=20573"}],"version-history":[{"count":1,"href":"https:\/\/elpuucnoticias.com\/index.php?rest_route=\/wp\/v2\/posts\/20573\/revisions"}],"predecessor-version":[{"id":20575,"href":"https:\/\/elpuucnoticias.com\/index.php?rest_route=\/wp\/v2\/posts\/20573\/revisions\/20575"}],"wp:featuredmedia":[{"embeddable":true,"href":"https:\/\/elpuucnoticias.com\/index.php?rest_route=\/wp\/v2\/media\/20574"}],"wp:attachment":[{"href":"https:\/\/elpuucnoticias.com\/index.php?rest_route=%2Fwp%2Fv2%2Fmedia&parent=20573"}],"wp:term":[{"taxonomy":"category","embeddable":true,"href":"https:\/\/elpuucnoticias.com\/index.php?rest_route=%2Fwp%2Fv2%2Fcategories&post=20573"},{"taxonomy":"post_tag","embeddable":true,"href":"https:\/\/elpuucnoticias.com\/index.php?rest_route=%2Fwp%2Fv2%2Ftags&post=20573"}],"curies":[{"name":"wp","href":"https:\/\/api.w.org\/{rel}","templated":true}]}}