{"id":20576,"date":"2025-08-11T12:27:19","date_gmt":"2025-08-11T18:27:19","guid":{"rendered":"https:\/\/elpuucnoticias.com\/?p=20576"},"modified":"2025-08-11T12:27:21","modified_gmt":"2025-08-11T18:27:21","slug":"se-suman-dos-quintanarroenses-mas-para-competir-por-mexico-en-los-juegos-panamericanos-junior-de-asuncion-2025","status":"publish","type":"post","link":"https:\/\/elpuucnoticias.com\/?p=20576","title":{"rendered":"Se suman dos quintanarroenses m\u00e1s para competir por M\u00e9xico en los Juegos Panamericanos Junior de Asunci\u00f3n 2025"},"content":{"rendered":"\n<p>La presencia del talento quintanarroense contin\u00faa incrementando en la Delegaci\u00f3n Mexicana que participar\u00e1 en los Juegos Panamericanos Junior de Asunci\u00f3n 2025, esto luego de que se confirm\u00f3 la convocatoria de la atleta Sof\u00eda del Paso Montero y del entrenador Jos\u00e9 Antonio \u201cTony\u201d Ramos, para incorporarse con el equipo de la disciplina de Vela.<\/p>\n\n\n\n<figure class=\"wp-block-image is-style-default\"><a href=\"https:\/\/cgc.qroo.gob.mx\/cjg\/wp-content\/uploads\/2025\/08\/140c1502-4952-45de-8b7c-1f78d18ae2ae.jpg\"><img decoding=\"async\" src=\"https:\/\/cgc.qroo.gob.mx\/cjg\/wp-content\/uploads\/2025\/08\/140c1502-4952-45de-8b7c-1f78d18ae2ae-585x780.jpg\" alt=\"\" title=\"140c1502-4952-45de-8b7c-1f78d18ae2ae\"\/><\/a><\/figure>\n\n\n\n<p>Tal como lo marca el Nuevo Acuerdo por el Bienestar y Desarrollo, promovido por la gobernadora Mara Lezama Espinosa, se trabaja para brindar apoyo a las y los atletas de la entidad, esto a trav\u00e9s de la Comisi\u00f3n del Deporte de Quintana Roo (CODEQ), presidida por Jacobo Arzate Hop.<\/p>\n\n\n\n<figure class=\"wp-block-image is-style-default\"><a href=\"https:\/\/cgc.qroo.gob.mx\/cjg\/wp-content\/uploads\/2025\/08\/d18e1fad-6308-4ba3-a60b-e0d4d17a3b1e.jpg\"><img decoding=\"async\" src=\"https:\/\/cgc.qroo.gob.mx\/cjg\/wp-content\/uploads\/2025\/08\/d18e1fad-6308-4ba3-a60b-e0d4d17a3b1e-585x780.jpg\" alt=\"\" title=\"d18e1fad-6308-4ba3-a60b-e0d4d17a3b1e\"\/><\/a><\/figure>\n\n\n\n<p>Sof\u00eda y \u201cTony\u201d recibieron la notificaci\u00f3n de convocatoria para competir en la justa que ya se celebra en Paraguay, por conducto de Mario Escobosa Barojas, presidente de la Federaci\u00f3n Mexicana de Vela, que emiti\u00f3 un oficio donde se revela la lista final de los integrantes de este equipo mexicano.<\/p>\n\n\n\n<figure class=\"wp-block-image is-style-default\"><a href=\"https:\/\/cgc.qroo.gob.mx\/cjg\/wp-content\/uploads\/2025\/08\/2f8bbf85-f3a2-4dc5-b404-15321787a005.jpg\"><img decoding=\"async\" src=\"https:\/\/cgc.qroo.gob.mx\/cjg\/wp-content\/uploads\/2025\/08\/2f8bbf85-f3a2-4dc5-b404-15321787a005-585x780.jpg\" alt=\"\" title=\"2f8bbf85-f3a2-4dc5-b404-15321787a005\"\/><\/a><\/figure>\n\n\n\n<p>Es importante se\u00f1alar que, en lo que corresponde a la disciplina de Vela, la delegaci\u00f3n azteca estar\u00e1 integrada por tres atletas, de los cuales dos son quintanarroenses, adem\u00e1s de cuatro entrenadores y uno de ellos es de Quintana Roo.<\/p>\n\n\n\n<p>En su m\u00e1s reciente competencia, Sof\u00eda del Paso tuvo una excelente participaci\u00f3n con el equipo estatal en la Olimpiada Nacional CONADE 2025, donde sum\u00f3 una medalla de oro, que fue importante para que Quintana Roo se consolidara como campe\u00f3n nacional por equipos por segundo a\u00f1o consecutivo.<\/p>\n\n\n\n<p>Tambi\u00e9n, ahora ser\u00e1n cuatro quintanarroenses en la justa, donde ya aparecen los deportistas Jer\u00f3nimo Abogado en Vela y Andr\u00e9s Dupont en Nataci\u00f3n.<\/p>\n","protected":false},"excerpt":{"rendered":"<p>La presencia del talento quintanarroense contin\u00faa incrementando en la Delegaci\u00f3n Mexicana que participar\u00e1 en los Juegos Panamericanos Junior<\/p>\n","protected":false},"author":1,"featured_media":20577,"comment_status":"closed","ping_status":"open","sticky":false,"template":"","format":"standard","meta":{"_monsterinsights_skip_tracking":false,"_monsterinsights_sitenote_active":false,"_monsterinsights_sitenote_note":"","_monsterinsights_sitenote_category":0,"footnotes":""},"categories":[11,24],"tags":[],"class_list":["post-20576","post","type-post","status-publish","format-standard","has-post-thumbnail","hentry","category-noticias","category-quintana-roo"],"yoast_head":"<!-- This site is optimized with the Yoast SEO plugin v18.3 - https:\/\/yoast.com\/wordpress\/plugins\/seo\/ -->\n<title>Se suman dos quintanarroenses m\u00e1s para competir por M\u00e9xico en los Juegos Panamericanos Junior de Asunci\u00f3n 2025 - El Puuc Noticias<\/title>\n<meta name=\"robots\" content=\"index, follow, max-snippet:-1, max-image-preview:large, max-video-preview:-1\" \/>\n<link rel=\"canonical\" href=\"https:\/\/elpuucnoticias.com\/?p=20576\" \/>\n<meta property=\"og:locale\" content=\"es_ES\" \/>\n<meta property=\"og:type\" content=\"article\" \/>\n<meta property=\"og:title\" content=\"Se suman dos quintanarroenses m\u00e1s para competir por M\u00e9xico en los Juegos Panamericanos Junior de Asunci\u00f3n 2025 - El Puuc Noticias\" \/>\n<meta property=\"og:description\" content=\"La presencia del talento quintanarroense contin\u00faa incrementando en la Delegaci\u00f3n Mexicana que participar\u00e1 en los Juegos Panamericanos Junior\" \/>\n<meta property=\"og:url\" content=\"https:\/\/elpuucnoticias.com\/?p=20576\" \/>\n<meta property=\"og:site_name\" content=\"El Puuc Noticias\" \/>\n<meta property=\"article:published_time\" content=\"2025-08-11T18:27:19+00:00\" \/>\n<meta property=\"article:modified_time\" content=\"2025-08-11T18:27:21+00:00\" \/>\n<meta property=\"og:image\" content=\"https:\/\/elpuucnoticias.com\/wp-content\/uploads\/2025\/08\/6b6e25fe-c9db-4958-9695-cce79fdec100.jpg\" \/>\n\t<meta property=\"og:image:width\" content=\"960\" \/>\n\t<meta property=\"og:image:height\" content=\"1280\" \/>\n\t<meta property=\"og:image:type\" content=\"image\/jpeg\" \/>\n<meta name=\"twitter:card\" content=\"summary_large_image\" \/>\n<meta name=\"twitter:label1\" content=\"Escrito por\" \/>\n\t<meta name=\"twitter:data1\" content=\"elpuucnoticias\" \/>\n\t<meta name=\"twitter:label2\" content=\"Tiempo de lectura\" \/>\n\t<meta name=\"twitter:data2\" content=\"1 minuto\" \/>\n<script type=\"application\/ld+json\" class=\"yoast-schema-graph\">{\"@context\":\"https:\/\/schema.org\",\"@graph\":[{\"@type\":\"WebSite\",\"@id\":\"https:\/\/elpuucnoticias.com\/#website\",\"url\":\"https:\/\/elpuucnoticias.com\/\",\"name\":\"El Puuc Noticias\",\"description\":\"Noticias - Entretenimiento - Deportes\",\"potentialAction\":[{\"@type\":\"SearchAction\",\"target\":{\"@type\":\"EntryPoint\",\"urlTemplate\":\"https:\/\/elpuucnoticias.com\/?s={search_term_string}\"},\"query-input\":\"required name=search_term_string\"}],\"inLanguage\":\"es\"},{\"@type\":\"ImageObject\",\"@id\":\"https:\/\/elpuucnoticias.com\/?p=20576#primaryimage\",\"inLanguage\":\"es\",\"url\":\"https:\/\/elpuucnoticias.com\/wp-content\/uploads\/2025\/08\/6b6e25fe-c9db-4958-9695-cce79fdec100.jpg\",\"contentUrl\":\"https:\/\/elpuucnoticias.com\/wp-content\/uploads\/2025\/08\/6b6e25fe-c9db-4958-9695-cce79fdec100.jpg\",\"width\":960,\"height\":1280},{\"@type\":\"WebPage\",\"@id\":\"https:\/\/elpuucnoticias.com\/?p=20576#webpage\",\"url\":\"https:\/\/elpuucnoticias.com\/?p=20576\",\"name\":\"Se suman dos quintanarroenses m\u00e1s para competir por M\u00e9xico en los Juegos Panamericanos Junior de Asunci\u00f3n 2025 - El Puuc Noticias\",\"isPartOf\":{\"@id\":\"https:\/\/elpuucnoticias.com\/#website\"},\"primaryImageOfPage\":{\"@id\":\"https:\/\/elpuucnoticias.com\/?p=20576#primaryimage\"},\"datePublished\":\"2025-08-11T18:27:19+00:00\",\"dateModified\":\"2025-08-11T18:27:21+00:00\",\"author\":{\"@id\":\"https:\/\/elpuucnoticias.com\/#\/schema\/person\/d2ea09e4c97f0160b11cdfb1d856bd9e\"},\"breadcrumb\":{\"@id\":\"https:\/\/elpuucnoticias.com\/?p=20576#breadcrumb\"},\"inLanguage\":\"es\",\"potentialAction\":[{\"@type\":\"ReadAction\",\"target\":[\"https:\/\/elpuucnoticias.com\/?p=20576\"]}]},{\"@type\":\"BreadcrumbList\",\"@id\":\"https:\/\/elpuucnoticias.com\/?p=20576#breadcrumb\",\"itemListElement\":[{\"@type\":\"ListItem\",\"position\":1,\"name\":\"Portada\",\"item\":\"https:\/\/elpuucnoticias.com\/\"},{\"@type\":\"ListItem\",\"position\":2,\"name\":\"Se suman dos quintanarroenses m\u00e1s para competir por M\u00e9xico en los Juegos Panamericanos Junior de Asunci\u00f3n 2025\"}]},{\"@type\":\"Person\",\"@id\":\"https:\/\/elpuucnoticias.com\/#\/schema\/person\/d2ea09e4c97f0160b11cdfb1d856bd9e\",\"name\":\"elpuucnoticias\",\"image\":{\"@type\":\"ImageObject\",\"@id\":\"https:\/\/elpuucnoticias.com\/#personlogo\",\"inLanguage\":\"es\",\"url\":\"https:\/\/secure.gravatar.com\/avatar\/5290a43657c74ffa15701dbe5b846bd85cc71930d803c84e91046a7333de6ce2?s=96&d=mm&r=g\",\"contentUrl\":\"https:\/\/secure.gravatar.com\/avatar\/5290a43657c74ffa15701dbe5b846bd85cc71930d803c84e91046a7333de6ce2?s=96&d=mm&r=g\",\"caption\":\"elpuucnoticias\"},\"sameAs\":[\"https:\/\/elpuucnoticias.com\"],\"url\":\"https:\/\/elpuucnoticias.com\/?author=1\"}]}<\/script>\n<!-- \/ Yoast SEO plugin. -->","yoast_head_json":{"title":"Se suman dos quintanarroenses m\u00e1s para competir por M\u00e9xico en los Juegos Panamericanos Junior de Asunci\u00f3n 2025 - El Puuc Noticias","robots":{"index":"index","follow":"follow","max-snippet":"max-snippet:-1","max-image-preview":"max-image-preview:large","max-video-preview":"max-video-preview:-1"},"canonical":"https:\/\/elpuucnoticias.com\/?p=20576","og_locale":"es_ES","og_type":"article","og_title":"Se suman dos quintanarroenses m\u00e1s para competir por M\u00e9xico en los Juegos Panamericanos Junior de Asunci\u00f3n 2025 - El Puuc Noticias","og_description":"La presencia del talento quintanarroense contin\u00faa incrementando en la Delegaci\u00f3n Mexicana que participar\u00e1 en los Juegos Panamericanos Junior","og_url":"https:\/\/elpuucnoticias.com\/?p=20576","og_site_name":"El Puuc Noticias","article_published_time":"2025-08-11T18:27:19+00:00","article_modified_time":"2025-08-11T18:27:21+00:00","og_image":[{"width":960,"height":1280,"url":"https:\/\/elpuucnoticias.com\/wp-content\/uploads\/2025\/08\/6b6e25fe-c9db-4958-9695-cce79fdec100.jpg","type":"image\/jpeg"}],"twitter_card":"summary_large_image","twitter_misc":{"Escrito por":"elpuucnoticias","Tiempo de lectura":"1 minuto"},"schema":{"@context":"https:\/\/schema.org","@graph":[{"@type":"WebSite","@id":"https:\/\/elpuucnoticias.com\/#website","url":"https:\/\/elpuucnoticias.com\/","name":"El Puuc Noticias","description":"Noticias - Entretenimiento - Deportes","potentialAction":[{"@type":"SearchAction","target":{"@type":"EntryPoint","urlTemplate":"https:\/\/elpuucnoticias.com\/?s={search_term_string}"},"query-input":"required name=search_term_string"}],"inLanguage":"es"},{"@type":"ImageObject","@id":"https:\/\/elpuucnoticias.com\/?p=20576#primaryimage","inLanguage":"es","url":"https:\/\/elpuucnoticias.com\/wp-content\/uploads\/2025\/08\/6b6e25fe-c9db-4958-9695-cce79fdec100.jpg","contentUrl":"https:\/\/elpuucnoticias.com\/wp-content\/uploads\/2025\/08\/6b6e25fe-c9db-4958-9695-cce79fdec100.jpg","width":960,"height":1280},{"@type":"WebPage","@id":"https:\/\/elpuucnoticias.com\/?p=20576#webpage","url":"https:\/\/elpuucnoticias.com\/?p=20576","name":"Se suman dos quintanarroenses m\u00e1s para competir por M\u00e9xico en los Juegos Panamericanos Junior de Asunci\u00f3n 2025 - El Puuc Noticias","isPartOf":{"@id":"https:\/\/elpuucnoticias.com\/#website"},"primaryImageOfPage":{"@id":"https:\/\/elpuucnoticias.com\/?p=20576#primaryimage"},"datePublished":"2025-08-11T18:27:19+00:00","dateModified":"2025-08-11T18:27:21+00:00","author":{"@id":"https:\/\/elpuucnoticias.com\/#\/schema\/person\/d2ea09e4c97f0160b11cdfb1d856bd9e"},"breadcrumb":{"@id":"https:\/\/elpuucnoticias.com\/?p=20576#breadcrumb"},"inLanguage":"es","potentialAction":[{"@type":"ReadAction","target":["https:\/\/elpuucnoticias.com\/?p=20576"]}]},{"@type":"BreadcrumbList","@id":"https:\/\/elpuucnoticias.com\/?p=20576#breadcrumb","itemListElement":[{"@type":"ListItem","position":1,"name":"Portada","item":"https:\/\/elpuucnoticias.com\/"},{"@type":"ListItem","position":2,"name":"Se suman dos quintanarroenses m\u00e1s para competir por M\u00e9xico en los Juegos Panamericanos Junior de Asunci\u00f3n 2025"}]},{"@type":"Person","@id":"https:\/\/elpuucnoticias.com\/#\/schema\/person\/d2ea09e4c97f0160b11cdfb1d856bd9e","name":"elpuucnoticias","image":{"@type":"ImageObject","@id":"https:\/\/elpuucnoticias.com\/#personlogo","inLanguage":"es","url":"https:\/\/secure.gravatar.com\/avatar\/5290a43657c74ffa15701dbe5b846bd85cc71930d803c84e91046a7333de6ce2?s=96&d=mm&r=g","contentUrl":"https:\/\/secure.gravatar.com\/avatar\/5290a43657c74ffa15701dbe5b846bd85cc71930d803c84e91046a7333de6ce2?s=96&d=mm&r=g","caption":"elpuucnoticias"},"sameAs":["https:\/\/elpuucnoticias.com"],"url":"https:\/\/elpuucnoticias.com\/?author=1"}]}},"_links":{"self":[{"href":"https:\/\/elpuucnoticias.com\/index.php?rest_route=\/wp\/v2\/posts\/20576","targetHints":{"allow":["GET"]}}],"collection":[{"href":"https:\/\/elpuucnoticias.com\/index.php?rest_route=\/wp\/v2\/posts"}],"about":[{"href":"https:\/\/elpuucnoticias.com\/index.php?rest_route=\/wp\/v2\/types\/post"}],"author":[{"embeddable":true,"href":"https:\/\/elpuucnoticias.com\/index.php?rest_route=\/wp\/v2\/users\/1"}],"replies":[{"embeddable":true,"href":"https:\/\/elpuucnoticias.com\/index.php?rest_route=%2Fwp%2Fv2%2Fcomments&post=20576"}],"version-history":[{"count":1,"href":"https:\/\/elpuucnoticias.com\/index.php?rest_route=\/wp\/v2\/posts\/20576\/revisions"}],"predecessor-version":[{"id":20578,"href":"https:\/\/elpuucnoticias.com\/index.php?rest_route=\/wp\/v2\/posts\/20576\/revisions\/20578"}],"wp:featuredmedia":[{"embeddable":true,"href":"https:\/\/elpuucnoticias.com\/index.php?rest_route=\/wp\/v2\/media\/20577"}],"wp:attachment":[{"href":"https:\/\/elpuucnoticias.com\/index.php?rest_route=%2Fwp%2Fv2%2Fmedia&parent=20576"}],"wp:term":[{"taxonomy":"category","embeddable":true,"href":"https:\/\/elpuucnoticias.com\/index.php?rest_route=%2Fwp%2Fv2%2Fcategories&post=20576"},{"taxonomy":"post_tag","embeddable":true,"href":"https:\/\/elpuucnoticias.com\/index.php?rest_route=%2Fwp%2Fv2%2Ftags&post=20576"}],"curies":[{"name":"wp","href":"https:\/\/api.w.org\/{rel}","templated":true}]}}