{"id":20579,"date":"2025-08-11T12:30:58","date_gmt":"2025-08-11T18:30:58","guid":{"rendered":"https:\/\/elpuucnoticias.com\/?p=20579"},"modified":"2025-08-11T12:30:58","modified_gmt":"2025-08-11T18:30:58","slug":"quintana-roo-se-suma-a-la-jornada-nacional-con-la-rodada-y-carrera-por-la-paz-y-contra-las-adicciones-en-bacalar-y-jose-maria-morelos","status":"publish","type":"post","link":"https:\/\/elpuucnoticias.com\/?p=20579","title":{"rendered":"Quintana Roo se suma a la Jornada Nacional con la Rodada y Carrera por la Paz y contra las Adicciones en Bacalar y Jos\u00e9 Mar\u00eda Morelos"},"content":{"rendered":"\n<p>En el marco del D\u00eda Internacional de la Juventud, el Gobierno del Estado, que encabeza la gobernadora Mara Lezama Espinosa, a trav\u00e9s del Instituto Quintanarroense de la Juventud que dirige Alma Alvarado Moo, se sum\u00f3 a la convocatoria nacional emitida por el Instituto Mexicano de la Juventud con la realizaci\u00f3n de la Rodada y Carrera por la Paz y Contra las Adicciones en los municipios de Bacalar y Jos\u00e9 Mar\u00eda Morelos.<\/p>\n\n\n\n<figure class=\"wp-block-image is-style-default\"><a href=\"https:\/\/cgc.qroo.gob.mx\/cjg\/wp-content\/uploads\/2025\/08\/529b1697-8a1a-4857-b01c-b610c69f0f28.jpg\"><img decoding=\"async\" src=\"https:\/\/cgc.qroo.gob.mx\/cjg\/wp-content\/uploads\/2025\/08\/529b1697-8a1a-4857-b01c-b610c69f0f28-585x390.jpg\" alt=\"\" title=\"529b1697-8a1a-4857-b01c-b610c69f0f28\"\/><\/a><\/figure>\n\n\n\n<p>Esta jornada se desarroll\u00f3 de manera simult\u00e1nea en las 32 entidades federativas, con el prop\u00f3sito de visibilizar el papel de las juventudes como agentes de cambio, promover estilos de vida saludables, prevenir el consumo de sustancias nocivas y fortalecer la cultura de paz en las comunidades.<\/p>\n\n\n\n<figure class=\"wp-block-image is-style-default\"><a href=\"https:\/\/cgc.qroo.gob.mx\/cjg\/wp-content\/uploads\/2025\/08\/276b45e6-5459-488e-963e-c203ff86ed92.jpg\"><img decoding=\"async\" src=\"https:\/\/cgc.qroo.gob.mx\/cjg\/wp-content\/uploads\/2025\/08\/276b45e6-5459-488e-963e-c203ff86ed92-585x390.jpg\" alt=\"\" title=\"276b45e6-5459-488e-963e-c203ff86ed92\"\/><\/a><\/figure>\n\n\n\n<p>En Bacalar, la actividad cont\u00f3 con la participaci\u00f3n de j\u00f3venes comprometidos con la transformaci\u00f3n de sus comunidades, quienes adem\u00e1s de sumarse a la rodada y carrera, donaron \u00fatiles escolares que ser\u00e1n destinados a las y los j\u00f3venes de las comunidades de Chacchoben, Pedro A. Santos y Ca\u2019an Lumil, fortaleciendo la uni\u00f3n y el bienestar social en la regi\u00f3n.<\/p>\n\n\n\n<p>En Jos\u00e9 Mar\u00eda Morelos, la jornada reuni\u00f3 a juventudes, familias y autoridades en un espacio recreativo y simb\u00f3lico que reafirma la importancia de la participaci\u00f3n comunitaria.<\/p>\n\n\n\n<figure class=\"wp-block-image is-style-default\"><a href=\"https:\/\/cgc.qroo.gob.mx\/cjg\/wp-content\/uploads\/2025\/08\/58b4ff55-3193-432c-b7bf-2dafddf490be.jpg\"><img decoding=\"async\" src=\"https:\/\/cgc.qroo.gob.mx\/cjg\/wp-content\/uploads\/2025\/08\/58b4ff55-3193-432c-b7bf-2dafddf490be-585x390.jpg\" alt=\"\" title=\"58b4ff55-3193-432c-b7bf-2dafddf490be\"\/><\/a><\/figure>\n\n\n\n<p>Las donaciones recolectadas beneficiar\u00e1n a las y los j\u00f3venes de la Casa Comunitaria del Estudiante Ind\u00edgena Itsamnaj, contribuyendo a mejorar sus condiciones de vida y garantizando un entorno digno y saludable para su desarrollo acad\u00e9mico y personal.<\/p>\n\n\n\n<figure class=\"wp-block-image is-style-default\"><a href=\"https:\/\/cgc.qroo.gob.mx\/cjg\/wp-content\/uploads\/2025\/08\/4286d41c-dcd9-46e3-900d-1435892c4222.jpg\"><img decoding=\"async\" src=\"https:\/\/cgc.qroo.gob.mx\/cjg\/wp-content\/uploads\/2025\/08\/4286d41c-dcd9-46e3-900d-1435892c4222-585x390.jpg\" alt=\"\" title=\"4286d41c-dcd9-46e3-900d-1435892c4222\"\/><\/a><\/figure>\n\n\n\n<p>Gracias al trabajo conjunto de los tres niveles de gobierno y a la participaci\u00f3n activa de las juventudes, estas acciones refuerzan el compromiso de Quintana Roo con la construcci\u00f3n de comunidades seguras, saludables y solidarias.<\/p>\n\n\n\n<p>Con el impulso del Nuevo Acuerdo por el Bienestar y Desarrollo de Quintana Roo que promueve la gobernadora Mara Lezama, seguimos garantizando que las y los j\u00f3venes tengan m\u00e1s oportunidades para crecer, participar y transformar su entorno.<\/p>\n","protected":false},"excerpt":{"rendered":"<p>En el marco del D\u00eda Internacional de la Juventud, el Gobierno del Estado, que encabeza la gobernadora Mara<\/p>\n","protected":false},"author":1,"featured_media":20580,"comment_status":"closed","ping_status":"open","sticky":false,"template":"","format":"standard","meta":{"_monsterinsights_skip_tracking":false,"_monsterinsights_sitenote_active":false,"_monsterinsights_sitenote_note":"","_monsterinsights_sitenote_category":0,"footnotes":""},"categories":[11,24],"tags":[],"class_list":["post-20579","post","type-post","status-publish","format-standard","has-post-thumbnail","hentry","category-noticias","category-quintana-roo"],"yoast_head":"<!-- This site is optimized with the Yoast SEO plugin v18.3 - https:\/\/yoast.com\/wordpress\/plugins\/seo\/ -->\n<title>Quintana Roo se suma a la Jornada Nacional con la Rodada y Carrera por la Paz y contra las Adicciones en Bacalar y Jos\u00e9 Mar\u00eda Morelos - El Puuc Noticias<\/title>\n<meta name=\"robots\" content=\"index, follow, max-snippet:-1, max-image-preview:large, max-video-preview:-1\" \/>\n<link rel=\"canonical\" href=\"https:\/\/elpuucnoticias.com\/?p=20579\" \/>\n<meta property=\"og:locale\" content=\"es_ES\" \/>\n<meta property=\"og:type\" content=\"article\" \/>\n<meta property=\"og:title\" content=\"Quintana Roo se suma a la Jornada Nacional con la Rodada y Carrera por la Paz y contra las Adicciones en Bacalar y Jos\u00e9 Mar\u00eda Morelos - El Puuc Noticias\" \/>\n<meta property=\"og:description\" content=\"En el marco del D\u00eda Internacional de la Juventud, el Gobierno del Estado, que encabeza la gobernadora Mara\" \/>\n<meta property=\"og:url\" content=\"https:\/\/elpuucnoticias.com\/?p=20579\" \/>\n<meta property=\"og:site_name\" content=\"El Puuc Noticias\" \/>\n<meta property=\"article:published_time\" content=\"2025-08-11T18:30:58+00:00\" \/>\n<meta property=\"og:image\" content=\"https:\/\/elpuucnoticias.com\/wp-content\/uploads\/2025\/08\/a31ed119-ff25-4766-93b1-93741c12c719.jpg\" \/>\n\t<meta property=\"og:image:width\" content=\"1500\" \/>\n\t<meta property=\"og:image:height\" content=\"1000\" \/>\n\t<meta property=\"og:image:type\" content=\"image\/jpeg\" \/>\n<meta name=\"twitter:card\" content=\"summary_large_image\" \/>\n<meta name=\"twitter:label1\" content=\"Escrito por\" \/>\n\t<meta name=\"twitter:data1\" content=\"elpuucnoticias\" \/>\n\t<meta name=\"twitter:label2\" content=\"Tiempo de lectura\" \/>\n\t<meta name=\"twitter:data2\" content=\"2 minutos\" \/>\n<script type=\"application\/ld+json\" class=\"yoast-schema-graph\">{\"@context\":\"https:\/\/schema.org\",\"@graph\":[{\"@type\":\"WebSite\",\"@id\":\"https:\/\/elpuucnoticias.com\/#website\",\"url\":\"https:\/\/elpuucnoticias.com\/\",\"name\":\"El Puuc Noticias\",\"description\":\"Noticias - Entretenimiento - Deportes\",\"potentialAction\":[{\"@type\":\"SearchAction\",\"target\":{\"@type\":\"EntryPoint\",\"urlTemplate\":\"https:\/\/elpuucnoticias.com\/?s={search_term_string}\"},\"query-input\":\"required name=search_term_string\"}],\"inLanguage\":\"es\"},{\"@type\":\"ImageObject\",\"@id\":\"https:\/\/elpuucnoticias.com\/?p=20579#primaryimage\",\"inLanguage\":\"es\",\"url\":\"https:\/\/elpuucnoticias.com\/wp-content\/uploads\/2025\/08\/a31ed119-ff25-4766-93b1-93741c12c719.jpg\",\"contentUrl\":\"https:\/\/elpuucnoticias.com\/wp-content\/uploads\/2025\/08\/a31ed119-ff25-4766-93b1-93741c12c719.jpg\",\"width\":1500,\"height\":1000},{\"@type\":\"WebPage\",\"@id\":\"https:\/\/elpuucnoticias.com\/?p=20579#webpage\",\"url\":\"https:\/\/elpuucnoticias.com\/?p=20579\",\"name\":\"Quintana Roo se suma a la Jornada Nacional con la Rodada y Carrera por la Paz y contra las Adicciones en Bacalar y Jos\u00e9 Mar\u00eda Morelos - El Puuc Noticias\",\"isPartOf\":{\"@id\":\"https:\/\/elpuucnoticias.com\/#website\"},\"primaryImageOfPage\":{\"@id\":\"https:\/\/elpuucnoticias.com\/?p=20579#primaryimage\"},\"datePublished\":\"2025-08-11T18:30:58+00:00\",\"dateModified\":\"2025-08-11T18:30:58+00:00\",\"author\":{\"@id\":\"https:\/\/elpuucnoticias.com\/#\/schema\/person\/d2ea09e4c97f0160b11cdfb1d856bd9e\"},\"breadcrumb\":{\"@id\":\"https:\/\/elpuucnoticias.com\/?p=20579#breadcrumb\"},\"inLanguage\":\"es\",\"potentialAction\":[{\"@type\":\"ReadAction\",\"target\":[\"https:\/\/elpuucnoticias.com\/?p=20579\"]}]},{\"@type\":\"BreadcrumbList\",\"@id\":\"https:\/\/elpuucnoticias.com\/?p=20579#breadcrumb\",\"itemListElement\":[{\"@type\":\"ListItem\",\"position\":1,\"name\":\"Portada\",\"item\":\"https:\/\/elpuucnoticias.com\/\"},{\"@type\":\"ListItem\",\"position\":2,\"name\":\"Quintana Roo se suma a la Jornada Nacional con la Rodada y Carrera por la Paz y contra las Adicciones en Bacalar y Jos\u00e9 Mar\u00eda Morelos\"}]},{\"@type\":\"Person\",\"@id\":\"https:\/\/elpuucnoticias.com\/#\/schema\/person\/d2ea09e4c97f0160b11cdfb1d856bd9e\",\"name\":\"elpuucnoticias\",\"image\":{\"@type\":\"ImageObject\",\"@id\":\"https:\/\/elpuucnoticias.com\/#personlogo\",\"inLanguage\":\"es\",\"url\":\"https:\/\/secure.gravatar.com\/avatar\/5290a43657c74ffa15701dbe5b846bd85cc71930d803c84e91046a7333de6ce2?s=96&d=mm&r=g\",\"contentUrl\":\"https:\/\/secure.gravatar.com\/avatar\/5290a43657c74ffa15701dbe5b846bd85cc71930d803c84e91046a7333de6ce2?s=96&d=mm&r=g\",\"caption\":\"elpuucnoticias\"},\"sameAs\":[\"https:\/\/elpuucnoticias.com\"],\"url\":\"https:\/\/elpuucnoticias.com\/?author=1\"}]}<\/script>\n<!-- \/ Yoast SEO plugin. -->","yoast_head_json":{"title":"Quintana Roo se suma a la Jornada Nacional con la Rodada y Carrera por la Paz y contra las Adicciones en Bacalar y Jos\u00e9 Mar\u00eda Morelos - El Puuc Noticias","robots":{"index":"index","follow":"follow","max-snippet":"max-snippet:-1","max-image-preview":"max-image-preview:large","max-video-preview":"max-video-preview:-1"},"canonical":"https:\/\/elpuucnoticias.com\/?p=20579","og_locale":"es_ES","og_type":"article","og_title":"Quintana Roo se suma a la Jornada Nacional con la Rodada y Carrera por la Paz y contra las Adicciones en Bacalar y Jos\u00e9 Mar\u00eda Morelos - El Puuc Noticias","og_description":"En el marco del D\u00eda Internacional de la Juventud, el Gobierno del Estado, que encabeza la gobernadora Mara","og_url":"https:\/\/elpuucnoticias.com\/?p=20579","og_site_name":"El Puuc Noticias","article_published_time":"2025-08-11T18:30:58+00:00","og_image":[{"width":1500,"height":1000,"url":"https:\/\/elpuucnoticias.com\/wp-content\/uploads\/2025\/08\/a31ed119-ff25-4766-93b1-93741c12c719.jpg","type":"image\/jpeg"}],"twitter_card":"summary_large_image","twitter_misc":{"Escrito por":"elpuucnoticias","Tiempo de lectura":"2 minutos"},"schema":{"@context":"https:\/\/schema.org","@graph":[{"@type":"WebSite","@id":"https:\/\/elpuucnoticias.com\/#website","url":"https:\/\/elpuucnoticias.com\/","name":"El Puuc Noticias","description":"Noticias - Entretenimiento - Deportes","potentialAction":[{"@type":"SearchAction","target":{"@type":"EntryPoint","urlTemplate":"https:\/\/elpuucnoticias.com\/?s={search_term_string}"},"query-input":"required name=search_term_string"}],"inLanguage":"es"},{"@type":"ImageObject","@id":"https:\/\/elpuucnoticias.com\/?p=20579#primaryimage","inLanguage":"es","url":"https:\/\/elpuucnoticias.com\/wp-content\/uploads\/2025\/08\/a31ed119-ff25-4766-93b1-93741c12c719.jpg","contentUrl":"https:\/\/elpuucnoticias.com\/wp-content\/uploads\/2025\/08\/a31ed119-ff25-4766-93b1-93741c12c719.jpg","width":1500,"height":1000},{"@type":"WebPage","@id":"https:\/\/elpuucnoticias.com\/?p=20579#webpage","url":"https:\/\/elpuucnoticias.com\/?p=20579","name":"Quintana Roo se suma a la Jornada Nacional con la Rodada y Carrera por la Paz y contra las Adicciones en Bacalar y Jos\u00e9 Mar\u00eda Morelos - El Puuc Noticias","isPartOf":{"@id":"https:\/\/elpuucnoticias.com\/#website"},"primaryImageOfPage":{"@id":"https:\/\/elpuucnoticias.com\/?p=20579#primaryimage"},"datePublished":"2025-08-11T18:30:58+00:00","dateModified":"2025-08-11T18:30:58+00:00","author":{"@id":"https:\/\/elpuucnoticias.com\/#\/schema\/person\/d2ea09e4c97f0160b11cdfb1d856bd9e"},"breadcrumb":{"@id":"https:\/\/elpuucnoticias.com\/?p=20579#breadcrumb"},"inLanguage":"es","potentialAction":[{"@type":"ReadAction","target":["https:\/\/elpuucnoticias.com\/?p=20579"]}]},{"@type":"BreadcrumbList","@id":"https:\/\/elpuucnoticias.com\/?p=20579#breadcrumb","itemListElement":[{"@type":"ListItem","position":1,"name":"Portada","item":"https:\/\/elpuucnoticias.com\/"},{"@type":"ListItem","position":2,"name":"Quintana Roo se suma a la Jornada Nacional con la Rodada y Carrera por la Paz y contra las Adicciones en Bacalar y Jos\u00e9 Mar\u00eda Morelos"}]},{"@type":"Person","@id":"https:\/\/elpuucnoticias.com\/#\/schema\/person\/d2ea09e4c97f0160b11cdfb1d856bd9e","name":"elpuucnoticias","image":{"@type":"ImageObject","@id":"https:\/\/elpuucnoticias.com\/#personlogo","inLanguage":"es","url":"https:\/\/secure.gravatar.com\/avatar\/5290a43657c74ffa15701dbe5b846bd85cc71930d803c84e91046a7333de6ce2?s=96&d=mm&r=g","contentUrl":"https:\/\/secure.gravatar.com\/avatar\/5290a43657c74ffa15701dbe5b846bd85cc71930d803c84e91046a7333de6ce2?s=96&d=mm&r=g","caption":"elpuucnoticias"},"sameAs":["https:\/\/elpuucnoticias.com"],"url":"https:\/\/elpuucnoticias.com\/?author=1"}]}},"_links":{"self":[{"href":"https:\/\/elpuucnoticias.com\/index.php?rest_route=\/wp\/v2\/posts\/20579","targetHints":{"allow":["GET"]}}],"collection":[{"href":"https:\/\/elpuucnoticias.com\/index.php?rest_route=\/wp\/v2\/posts"}],"about":[{"href":"https:\/\/elpuucnoticias.com\/index.php?rest_route=\/wp\/v2\/types\/post"}],"author":[{"embeddable":true,"href":"https:\/\/elpuucnoticias.com\/index.php?rest_route=\/wp\/v2\/users\/1"}],"replies":[{"embeddable":true,"href":"https:\/\/elpuucnoticias.com\/index.php?rest_route=%2Fwp%2Fv2%2Fcomments&post=20579"}],"version-history":[{"count":1,"href":"https:\/\/elpuucnoticias.com\/index.php?rest_route=\/wp\/v2\/posts\/20579\/revisions"}],"predecessor-version":[{"id":20581,"href":"https:\/\/elpuucnoticias.com\/index.php?rest_route=\/wp\/v2\/posts\/20579\/revisions\/20581"}],"wp:featuredmedia":[{"embeddable":true,"href":"https:\/\/elpuucnoticias.com\/index.php?rest_route=\/wp\/v2\/media\/20580"}],"wp:attachment":[{"href":"https:\/\/elpuucnoticias.com\/index.php?rest_route=%2Fwp%2Fv2%2Fmedia&parent=20579"}],"wp:term":[{"taxonomy":"category","embeddable":true,"href":"https:\/\/elpuucnoticias.com\/index.php?rest_route=%2Fwp%2Fv2%2Fcategories&post=20579"},{"taxonomy":"post_tag","embeddable":true,"href":"https:\/\/elpuucnoticias.com\/index.php?rest_route=%2Fwp%2Fv2%2Ftags&post=20579"}],"curies":[{"name":"wp","href":"https:\/\/api.w.org\/{rel}","templated":true}]}}