{"id":2058,"date":"2022-06-03T13:33:42","date_gmt":"2022-06-03T19:33:42","guid":{"rendered":"https:\/\/elpuucnoticias.com\/?p=2058"},"modified":"2022-06-03T13:33:45","modified_gmt":"2022-06-03T19:33:45","slug":"inauguran-en-oxkutzcab-las-actividades-por-el-mes-del-orgullo-lgbttqia","status":"publish","type":"post","link":"https:\/\/elpuucnoticias.com\/?p=2058","title":{"rendered":"Inauguran en Oxkutzcab las actividades por el Mes del Orgullo LGBTTQIA"},"content":{"rendered":"\n<p>Bajo el lema \u00abNo se trata de ser todos iguales, sino de aprender se respetar las diferencias\u00bb, el alcalde de Oxkutzcab, Juan Jos\u00e9 Mart\u00edn Fragoso, inaugur\u00f3 el mes del Orgullo LGBTTQIA.\u00a0<\/p>\n\n\n\n<p>Durante junio denominado mes de la diversidad el Departamento de Inclusi\u00f3n Social, organiza una serie de actividades que fueron inauguradas este viernes por la ma\u00f1ana.\u00a0<\/p>\n\n\n\n<figure class=\"wp-block-gallery has-nested-images columns-default is-cropped wp-block-gallery-1 is-layout-flex wp-block-gallery-is-layout-flex\">\n<figure class=\"wp-block-image size-large\"><img loading=\"lazy\" decoding=\"async\" width=\"1024\" height=\"819\" data-id=\"2060\" src=\"https:\/\/elpuucnoticias.com\/wp-content\/uploads\/2022\/06\/IMG_0713-1024x819.jpg\" alt=\"\" class=\"wp-image-2060\" srcset=\"https:\/\/elpuucnoticias.com\/wp-content\/uploads\/2022\/06\/IMG_0713-1024x819.jpg 1024w, https:\/\/elpuucnoticias.com\/wp-content\/uploads\/2022\/06\/IMG_0713-300x240.jpg 300w, https:\/\/elpuucnoticias.com\/wp-content\/uploads\/2022\/06\/IMG_0713-768x614.jpg 768w, https:\/\/elpuucnoticias.com\/wp-content\/uploads\/2022\/06\/IMG_0713-1536x1229.jpg 1536w, https:\/\/elpuucnoticias.com\/wp-content\/uploads\/2022\/06\/IMG_0713-2048x1638.jpg 2048w\" sizes=\"auto, (max-width: 1024px) 100vw, 1024px\" \/><\/figure>\n\n\n\n<figure class=\"wp-block-image size-large\"><img loading=\"lazy\" decoding=\"async\" width=\"1024\" height=\"819\" data-id=\"2061\" src=\"https:\/\/elpuucnoticias.com\/wp-content\/uploads\/2022\/06\/IMG_0727-1024x819.jpg\" alt=\"\" class=\"wp-image-2061\" srcset=\"https:\/\/elpuucnoticias.com\/wp-content\/uploads\/2022\/06\/IMG_0727-1024x819.jpg 1024w, https:\/\/elpuucnoticias.com\/wp-content\/uploads\/2022\/06\/IMG_0727-300x240.jpg 300w, https:\/\/elpuucnoticias.com\/wp-content\/uploads\/2022\/06\/IMG_0727-768x614.jpg 768w, https:\/\/elpuucnoticias.com\/wp-content\/uploads\/2022\/06\/IMG_0727-1536x1229.jpg 1536w, https:\/\/elpuucnoticias.com\/wp-content\/uploads\/2022\/06\/IMG_0727-2048x1638.jpg 2048w\" sizes=\"auto, (max-width: 1024px) 100vw, 1024px\" \/><\/figure>\n<\/figure>\n\n\n\n<p>En primer lugar, se inauguraron las instalaciones art\u00edsticas y culturales en la ex planada del Palacio Municipal y corte de list\u00f3n del \u00abPaso a la Diversidad\u00bb que se ubic\u00f3 en la calle 48 con 53.\u00a0<\/p>\n\n\n\n<figure class=\"wp-block-image size-large is-resized\"><img loading=\"lazy\" decoding=\"async\" src=\"https:\/\/elpuucnoticias.com\/wp-content\/uploads\/2022\/05\/felino-flayer-1024x583.jpg\" alt=\"\" class=\"wp-image-1402\" width=\"336\" height=\"191\" srcset=\"https:\/\/elpuucnoticias.com\/wp-content\/uploads\/2022\/05\/felino-flayer-1024x583.jpg 1024w, https:\/\/elpuucnoticias.com\/wp-content\/uploads\/2022\/05\/felino-flayer-300x171.jpg 300w, https:\/\/elpuucnoticias.com\/wp-content\/uploads\/2022\/05\/felino-flayer-768x437.jpg 768w, https:\/\/elpuucnoticias.com\/wp-content\/uploads\/2022\/05\/felino-flayer.jpg 1237w\" sizes=\"auto, (max-width: 336px) 100vw, 336px\" \/><\/figure>\n\n\n\n<p>En estas actividades tambi\u00e9n estuvieron presentes la regidora de Inclusi\u00f3n, Margarita del Rosario Murillo Peralta, la s\u00edndico, Jessica V\u00e1zquez P\u00e9rez, el regidor \u00c1ngel Ricardo Sosa Chan, la regidora Mar\u00eda Isabel P\u00e9rez Campos y Frank Antonio Parra Mex, director de Inclusi\u00f3n Municipal.\u00a0<\/p>\n\n\n\n<p>Durante el acto se pidi\u00f3 que no s\u00f3lo sea un mes de igualdad, que sean todos los d\u00edas de la vida, porque todos tienen el mismo derechos y garant\u00edas, las mismas obligaciones, que estas actividades pasen en la historia como un gran movimiento en el municipio.&nbsp;<\/p>\n\n\n\n<p>Las actividades del mes del Orgullo LGBTTQIA iniciaron la tarde del mi\u00e9rcoles con la iluminaci\u00f3n del Palacio Municipal.\u00a0<\/p>\n\n\n\n<figure class=\"wp-block-image size-large is-resized\"><img loading=\"lazy\" decoding=\"async\" src=\"https:\/\/elpuucnoticias.com\/wp-content\/uploads\/2022\/05\/bioclinics-1024x254.jpeg\" alt=\"\" class=\"wp-image-1910\" width=\"364\" height=\"90\" srcset=\"https:\/\/elpuucnoticias.com\/wp-content\/uploads\/2022\/05\/bioclinics-1024x254.jpeg 1024w, https:\/\/elpuucnoticias.com\/wp-content\/uploads\/2022\/05\/bioclinics-300x74.jpeg 300w, https:\/\/elpuucnoticias.com\/wp-content\/uploads\/2022\/05\/bioclinics-768x191.jpeg 768w, https:\/\/elpuucnoticias.com\/wp-content\/uploads\/2022\/05\/bioclinics.jpeg 1156w\" sizes=\"auto, (max-width: 364px) 100vw, 364px\" \/><\/figure>\n\n\n\n<p>El s\u00e1bado 4 de junio est\u00e1 programada una caravana Pride a las 17 horas que iniciar\u00e1 en la explanada del Centro Cultural Siglo XXI y a las 20 horas ser\u00e1 la coronaci\u00f3n de la Reina de la Diversidad y show con Drag Terranova.\u2014 <em>El Puuc Noticias<\/em>\u00a0<\/p>\n","protected":false},"excerpt":{"rendered":"<p>Bajo el lema \u00abNo se trata de ser todos iguales, sino de aprender se respetar las diferencias\u00bb, el<\/p>\n","protected":false},"author":1,"featured_media":2059,"comment_status":"closed","ping_status":"open","sticky":false,"template":"","format":"standard","meta":{"_monsterinsights_skip_tracking":false,"_monsterinsights_sitenote_active":false,"_monsterinsights_sitenote_note":"","_monsterinsights_sitenote_category":0,"footnotes":""},"categories":[11,14],"tags":[],"class_list":["post-2058","post","type-post","status-publish","format-standard","has-post-thumbnail","hentry","category-noticias","category-oxkutzcab"],"yoast_head":"<!-- This site is optimized with the Yoast SEO plugin v18.3 - https:\/\/yoast.com\/wordpress\/plugins\/seo\/ -->\n<title>Inauguran en Oxkutzcab las actividades por el Mes del Orgullo LGBTTQIA - El Puuc Noticias<\/title>\n<meta name=\"robots\" content=\"index, follow, max-snippet:-1, max-image-preview:large, max-video-preview:-1\" \/>\n<link rel=\"canonical\" href=\"https:\/\/elpuucnoticias.com\/?p=2058\" \/>\n<meta property=\"og:locale\" content=\"es_ES\" \/>\n<meta property=\"og:type\" content=\"article\" \/>\n<meta property=\"og:title\" content=\"Inauguran en Oxkutzcab las actividades por el Mes del Orgullo LGBTTQIA - El Puuc Noticias\" \/>\n<meta property=\"og:description\" content=\"Bajo el lema \u00abNo se trata de ser todos iguales, sino de aprender se respetar las diferencias\u00bb, el\" \/>\n<meta property=\"og:url\" content=\"https:\/\/elpuucnoticias.com\/?p=2058\" \/>\n<meta property=\"og:site_name\" content=\"El Puuc Noticias\" \/>\n<meta property=\"article:published_time\" content=\"2022-06-03T19:33:42+00:00\" \/>\n<meta property=\"article:modified_time\" content=\"2022-06-03T19:33:45+00:00\" \/>\n<meta property=\"og:image\" content=\"https:\/\/elpuucnoticias.com\/wp-content\/uploads\/2022\/06\/IMG_0700.jpg\" \/>\n\t<meta property=\"og:image:width\" content=\"2480\" \/>\n\t<meta property=\"og:image:height\" content=\"1984\" \/>\n\t<meta property=\"og:image:type\" content=\"image\/jpeg\" \/>\n<meta name=\"twitter:card\" content=\"summary_large_image\" \/>\n<meta name=\"twitter:label1\" content=\"Escrito por\" \/>\n\t<meta name=\"twitter:data1\" content=\"elpuucnoticias\" \/>\n\t<meta name=\"twitter:label2\" content=\"Tiempo de lectura\" \/>\n\t<meta name=\"twitter:data2\" content=\"2 minutos\" \/>\n<script type=\"application\/ld+json\" class=\"yoast-schema-graph\">{\"@context\":\"https:\/\/schema.org\",\"@graph\":[{\"@type\":\"WebSite\",\"@id\":\"https:\/\/elpuucnoticias.com\/#website\",\"url\":\"https:\/\/elpuucnoticias.com\/\",\"name\":\"El Puuc Noticias\",\"description\":\"Noticias - Entretenimiento - Deportes\",\"potentialAction\":[{\"@type\":\"SearchAction\",\"target\":{\"@type\":\"EntryPoint\",\"urlTemplate\":\"https:\/\/elpuucnoticias.com\/?s={search_term_string}\"},\"query-input\":\"required name=search_term_string\"}],\"inLanguage\":\"es\"},{\"@type\":\"ImageObject\",\"@id\":\"https:\/\/elpuucnoticias.com\/?p=2058#primaryimage\",\"inLanguage\":\"es\",\"url\":\"https:\/\/elpuucnoticias.com\/wp-content\/uploads\/2022\/06\/IMG_0700.jpg\",\"contentUrl\":\"https:\/\/elpuucnoticias.com\/wp-content\/uploads\/2022\/06\/IMG_0700.jpg\",\"width\":2480,\"height\":1984},{\"@type\":\"WebPage\",\"@id\":\"https:\/\/elpuucnoticias.com\/?p=2058#webpage\",\"url\":\"https:\/\/elpuucnoticias.com\/?p=2058\",\"name\":\"Inauguran en Oxkutzcab las actividades por el Mes del Orgullo LGBTTQIA - El Puuc Noticias\",\"isPartOf\":{\"@id\":\"https:\/\/elpuucnoticias.com\/#website\"},\"primaryImageOfPage\":{\"@id\":\"https:\/\/elpuucnoticias.com\/?p=2058#primaryimage\"},\"datePublished\":\"2022-06-03T19:33:42+00:00\",\"dateModified\":\"2022-06-03T19:33:45+00:00\",\"author\":{\"@id\":\"https:\/\/elpuucnoticias.com\/#\/schema\/person\/d2ea09e4c97f0160b11cdfb1d856bd9e\"},\"breadcrumb\":{\"@id\":\"https:\/\/elpuucnoticias.com\/?p=2058#breadcrumb\"},\"inLanguage\":\"es\",\"potentialAction\":[{\"@type\":\"ReadAction\",\"target\":[\"https:\/\/elpuucnoticias.com\/?p=2058\"]}]},{\"@type\":\"BreadcrumbList\",\"@id\":\"https:\/\/elpuucnoticias.com\/?p=2058#breadcrumb\",\"itemListElement\":[{\"@type\":\"ListItem\",\"position\":1,\"name\":\"Portada\",\"item\":\"https:\/\/elpuucnoticias.com\/\"},{\"@type\":\"ListItem\",\"position\":2,\"name\":\"Inauguran en Oxkutzcab las actividades por el Mes del Orgullo LGBTTQIA\"}]},{\"@type\":\"Person\",\"@id\":\"https:\/\/elpuucnoticias.com\/#\/schema\/person\/d2ea09e4c97f0160b11cdfb1d856bd9e\",\"name\":\"elpuucnoticias\",\"image\":{\"@type\":\"ImageObject\",\"@id\":\"https:\/\/elpuucnoticias.com\/#personlogo\",\"inLanguage\":\"es\",\"url\":\"https:\/\/secure.gravatar.com\/avatar\/5290a43657c74ffa15701dbe5b846bd85cc71930d803c84e91046a7333de6ce2?s=96&d=mm&r=g\",\"contentUrl\":\"https:\/\/secure.gravatar.com\/avatar\/5290a43657c74ffa15701dbe5b846bd85cc71930d803c84e91046a7333de6ce2?s=96&d=mm&r=g\",\"caption\":\"elpuucnoticias\"},\"sameAs\":[\"https:\/\/elpuucnoticias.com\"],\"url\":\"https:\/\/elpuucnoticias.com\/?author=1\"}]}<\/script>\n<!-- \/ Yoast SEO plugin. -->","yoast_head_json":{"title":"Inauguran en Oxkutzcab las actividades por el Mes del Orgullo LGBTTQIA - El Puuc Noticias","robots":{"index":"index","follow":"follow","max-snippet":"max-snippet:-1","max-image-preview":"max-image-preview:large","max-video-preview":"max-video-preview:-1"},"canonical":"https:\/\/elpuucnoticias.com\/?p=2058","og_locale":"es_ES","og_type":"article","og_title":"Inauguran en Oxkutzcab las actividades por el Mes del Orgullo LGBTTQIA - El Puuc Noticias","og_description":"Bajo el lema \u00abNo se trata de ser todos iguales, sino de aprender se respetar las diferencias\u00bb, el","og_url":"https:\/\/elpuucnoticias.com\/?p=2058","og_site_name":"El Puuc Noticias","article_published_time":"2022-06-03T19:33:42+00:00","article_modified_time":"2022-06-03T19:33:45+00:00","og_image":[{"width":2480,"height":1984,"url":"https:\/\/elpuucnoticias.com\/wp-content\/uploads\/2022\/06\/IMG_0700.jpg","type":"image\/jpeg"}],"twitter_card":"summary_large_image","twitter_misc":{"Escrito por":"elpuucnoticias","Tiempo de lectura":"2 minutos"},"schema":{"@context":"https:\/\/schema.org","@graph":[{"@type":"WebSite","@id":"https:\/\/elpuucnoticias.com\/#website","url":"https:\/\/elpuucnoticias.com\/","name":"El Puuc Noticias","description":"Noticias - Entretenimiento - Deportes","potentialAction":[{"@type":"SearchAction","target":{"@type":"EntryPoint","urlTemplate":"https:\/\/elpuucnoticias.com\/?s={search_term_string}"},"query-input":"required name=search_term_string"}],"inLanguage":"es"},{"@type":"ImageObject","@id":"https:\/\/elpuucnoticias.com\/?p=2058#primaryimage","inLanguage":"es","url":"https:\/\/elpuucnoticias.com\/wp-content\/uploads\/2022\/06\/IMG_0700.jpg","contentUrl":"https:\/\/elpuucnoticias.com\/wp-content\/uploads\/2022\/06\/IMG_0700.jpg","width":2480,"height":1984},{"@type":"WebPage","@id":"https:\/\/elpuucnoticias.com\/?p=2058#webpage","url":"https:\/\/elpuucnoticias.com\/?p=2058","name":"Inauguran en Oxkutzcab las actividades por el Mes del Orgullo LGBTTQIA - El Puuc Noticias","isPartOf":{"@id":"https:\/\/elpuucnoticias.com\/#website"},"primaryImageOfPage":{"@id":"https:\/\/elpuucnoticias.com\/?p=2058#primaryimage"},"datePublished":"2022-06-03T19:33:42+00:00","dateModified":"2022-06-03T19:33:45+00:00","author":{"@id":"https:\/\/elpuucnoticias.com\/#\/schema\/person\/d2ea09e4c97f0160b11cdfb1d856bd9e"},"breadcrumb":{"@id":"https:\/\/elpuucnoticias.com\/?p=2058#breadcrumb"},"inLanguage":"es","potentialAction":[{"@type":"ReadAction","target":["https:\/\/elpuucnoticias.com\/?p=2058"]}]},{"@type":"BreadcrumbList","@id":"https:\/\/elpuucnoticias.com\/?p=2058#breadcrumb","itemListElement":[{"@type":"ListItem","position":1,"name":"Portada","item":"https:\/\/elpuucnoticias.com\/"},{"@type":"ListItem","position":2,"name":"Inauguran en Oxkutzcab las actividades por el Mes del Orgullo LGBTTQIA"}]},{"@type":"Person","@id":"https:\/\/elpuucnoticias.com\/#\/schema\/person\/d2ea09e4c97f0160b11cdfb1d856bd9e","name":"elpuucnoticias","image":{"@type":"ImageObject","@id":"https:\/\/elpuucnoticias.com\/#personlogo","inLanguage":"es","url":"https:\/\/secure.gravatar.com\/avatar\/5290a43657c74ffa15701dbe5b846bd85cc71930d803c84e91046a7333de6ce2?s=96&d=mm&r=g","contentUrl":"https:\/\/secure.gravatar.com\/avatar\/5290a43657c74ffa15701dbe5b846bd85cc71930d803c84e91046a7333de6ce2?s=96&d=mm&r=g","caption":"elpuucnoticias"},"sameAs":["https:\/\/elpuucnoticias.com"],"url":"https:\/\/elpuucnoticias.com\/?author=1"}]}},"_links":{"self":[{"href":"https:\/\/elpuucnoticias.com\/index.php?rest_route=\/wp\/v2\/posts\/2058","targetHints":{"allow":["GET"]}}],"collection":[{"href":"https:\/\/elpuucnoticias.com\/index.php?rest_route=\/wp\/v2\/posts"}],"about":[{"href":"https:\/\/elpuucnoticias.com\/index.php?rest_route=\/wp\/v2\/types\/post"}],"author":[{"embeddable":true,"href":"https:\/\/elpuucnoticias.com\/index.php?rest_route=\/wp\/v2\/users\/1"}],"replies":[{"embeddable":true,"href":"https:\/\/elpuucnoticias.com\/index.php?rest_route=%2Fwp%2Fv2%2Fcomments&post=2058"}],"version-history":[{"count":1,"href":"https:\/\/elpuucnoticias.com\/index.php?rest_route=\/wp\/v2\/posts\/2058\/revisions"}],"predecessor-version":[{"id":2062,"href":"https:\/\/elpuucnoticias.com\/index.php?rest_route=\/wp\/v2\/posts\/2058\/revisions\/2062"}],"wp:featuredmedia":[{"embeddable":true,"href":"https:\/\/elpuucnoticias.com\/index.php?rest_route=\/wp\/v2\/media\/2059"}],"wp:attachment":[{"href":"https:\/\/elpuucnoticias.com\/index.php?rest_route=%2Fwp%2Fv2%2Fmedia&parent=2058"}],"wp:term":[{"taxonomy":"category","embeddable":true,"href":"https:\/\/elpuucnoticias.com\/index.php?rest_route=%2Fwp%2Fv2%2Fcategories&post=2058"},{"taxonomy":"post_tag","embeddable":true,"href":"https:\/\/elpuucnoticias.com\/index.php?rest_route=%2Fwp%2Fv2%2Ftags&post=2058"}],"curies":[{"name":"wp","href":"https:\/\/api.w.org\/{rel}","templated":true}]}}