{"id":20582,"date":"2025-08-11T12:34:08","date_gmt":"2025-08-11T18:34:08","guid":{"rendered":"https:\/\/elpuucnoticias.com\/?p=20582"},"modified":"2025-08-11T12:34:09","modified_gmt":"2025-08-11T18:34:09","slug":"realiza-la-fundacion-de-parques-y-museos-de-cozumel-aves-y-atardeceres-para-fomentar-en-la-ninez-la-apreciacion-de-la-biodiversidad","status":"publish","type":"post","link":"https:\/\/elpuucnoticias.com\/?p=20582","title":{"rendered":"Realiza la Fundaci\u00f3n de Parques y Museos de Cozumel \u201cAves y Atardeceres\u201d para fomentar en la ni\u00f1ez la apreciaci\u00f3n de la biodiversidad"},"content":{"rendered":"\n<p>La Fundaci\u00f3n de Parques y Museos de Cozumel (FPMC) llev\u00f3 a cabo la actividad \u201cAves y Atardeceres\u201d, una experiencia educativa \u00fanica de observaci\u00f3n de aves y apreciaci\u00f3n de la biodiversidad, que tuvo lugar en el Parque Ecol\u00f3gico Estatal Laguna Colombia, en el Parque Ecotur\u00edstico Punta Sur.<\/p>\n\n\n\n<figure class=\"wp-block-image is-style-default\"><a href=\"https:\/\/cgc.qroo.gob.mx\/cjg\/wp-content\/uploads\/2025\/08\/WhatsApp-Image-2025-08-11-at-11.06.23.jpeg\"><img decoding=\"async\" src=\"https:\/\/cgc.qroo.gob.mx\/cjg\/wp-content\/uploads\/2025\/08\/WhatsApp-Image-2025-08-11-at-11.06.23-585x390.jpeg\" alt=\"\" title=\"WhatsApp Image 2025-08-11 at 11.06.23\"\/><\/a><\/figure>\n\n\n\n<figure class=\"wp-block-image is-style-default\"><a href=\"https:\/\/cgc.qroo.gob.mx\/cjg\/wp-content\/uploads\/2025\/08\/WhatsApp-Image-2025-08-11-at-11.06.21.jpeg\"><img decoding=\"async\" src=\"https:\/\/cgc.qroo.gob.mx\/cjg\/wp-content\/uploads\/2025\/08\/WhatsApp-Image-2025-08-11-at-11.06.21-585x390.jpeg\" alt=\"\" title=\"WhatsApp Image 2025-08-11 at 11.06.21\"\/><\/a><\/figure>\n\n\n\n<p>Durante el recorrido, las y los participantes disfrutaron de un atardecer espectacular y observaron 15 especies de aves acu\u00e1ticas desde la Torre Cocodrilos, entre ellas el Flamenco Americano, la Fragata Tijereta, la Garza Rojiza y el \u00c1guila Pescadora, mencion\u00f3 el director de Conservaci\u00f3n y Educaci\u00f3n Ambiental Rafael Chac\u00f3n D\u00edaz.<\/p>\n\n\n\n<figure class=\"wp-block-image is-style-default\"><a href=\"https:\/\/cgc.qroo.gob.mx\/cjg\/wp-content\/uploads\/2025\/08\/WhatsApp-Image-2025-08-11-at-11.06.22-1.jpeg\"><img decoding=\"async\" src=\"https:\/\/cgc.qroo.gob.mx\/cjg\/wp-content\/uploads\/2025\/08\/WhatsApp-Image-2025-08-11-at-11.06.22-1-585x390.jpeg\" alt=\"\" title=\"WhatsApp Image 2025-08-11 at 11.06.22 (1)\"\/><\/a><\/figure>\n\n\n\n<figure class=\"wp-block-image is-style-default\"><a href=\"https:\/\/cgc.qroo.gob.mx\/cjg\/wp-content\/uploads\/2025\/08\/WhatsApp-Image-2025-08-11-at-11.06.22-2.jpeg\"><img decoding=\"async\" src=\"https:\/\/cgc.qroo.gob.mx\/cjg\/wp-content\/uploads\/2025\/08\/WhatsApp-Image-2025-08-11-at-11.06.22-2-585x394.jpeg\" alt=\"\" title=\"WhatsApp Image 2025-08-11 at 11.06.22 (2)\"\/><\/a><\/figure>\n\n\n\n<p>La actividad cont\u00f3 con la gu\u00eda y apoyo del personal del Centro de Conservaci\u00f3n y Educaci\u00f3n Ambiental (CCEA), quienes compartieron conocimientos sobre las caracter\u00edsticas f\u00edsicas y el comportamiento de las especies, as\u00ed como la importancia de su preservaci\u00f3n.<\/p>\n\n\n\n<figure class=\"wp-block-image is-style-default\"><a href=\"https:\/\/cgc.qroo.gob.mx\/cjg\/wp-content\/uploads\/2025\/08\/WhatsApp-Image-2025-08-11-at-11.06.22-3.jpeg\"><img decoding=\"async\" src=\"https:\/\/cgc.qroo.gob.mx\/cjg\/wp-content\/uploads\/2025\/08\/WhatsApp-Image-2025-08-11-at-11.06.22-3-585x390.jpeg\" alt=\"\" title=\"WhatsApp Image 2025-08-11 at 11.06.22 (3)\"\/><\/a><\/figure>\n\n\n\n<p>La directora general de la FPMC, Juanita Alonso Marrufo, ha indicado que con el Nuevo Acuerdo por el Bienestar y Desarrollo de Quintana Roo que impulsa la gobernadora Mara Lezama Espinosa, se facilitan espacios en los que las ni\u00f1as y los ni\u00f1os tengan contacto directo con la naturaleza, aprendan sobre su valor y adquieran el compromiso de cuidarla.<\/p>\n\n\n\n<figure class=\"wp-block-image is-style-default\"><a href=\"https:\/\/cgc.qroo.gob.mx\/cjg\/wp-content\/uploads\/2025\/08\/WhatsApp-Image-2025-08-11-at-11.06.23-1.jpeg\"><img decoding=\"async\" src=\"https:\/\/cgc.qroo.gob.mx\/cjg\/wp-content\/uploads\/2025\/08\/WhatsApp-Image-2025-08-11-at-11.06.23-1-585x390.jpeg\" alt=\"\" title=\"WhatsApp Image 2025-08-11 at 11.06.23 (1)\"\/><\/a><\/figure>\n\n\n\n<p>Con 38 a\u00f1os de trabajo ininterrumpido, la FPMC mantiene diversos programas de conservaci\u00f3n y la educaci\u00f3n ambiental que han marcado a generaciones de cozumele\u00f1as y cozumele\u00f1os, fortaleciendo el v\u00ednculo entre la comunidad y su entorno natural.<\/p>\n","protected":false},"excerpt":{"rendered":"<p>La Fundaci\u00f3n de Parques y Museos de Cozumel (FPMC) llev\u00f3 a cabo la actividad \u201cAves y Atardeceres\u201d, una<\/p>\n","protected":false},"author":1,"featured_media":20583,"comment_status":"closed","ping_status":"open","sticky":false,"template":"","format":"standard","meta":{"_monsterinsights_skip_tracking":false,"_monsterinsights_sitenote_active":false,"_monsterinsights_sitenote_note":"","_monsterinsights_sitenote_category":0,"footnotes":""},"categories":[11,24],"tags":[],"class_list":["post-20582","post","type-post","status-publish","format-standard","has-post-thumbnail","hentry","category-noticias","category-quintana-roo"],"yoast_head":"<!-- This site is optimized with the Yoast SEO plugin v18.3 - https:\/\/yoast.com\/wordpress\/plugins\/seo\/ -->\n<title>Realiza la Fundaci\u00f3n de Parques y Museos de Cozumel \u201cAves y Atardeceres\u201d para fomentar en la ni\u00f1ez la apreciaci\u00f3n de la biodiversidad - El Puuc Noticias<\/title>\n<meta name=\"robots\" content=\"index, follow, max-snippet:-1, max-image-preview:large, max-video-preview:-1\" \/>\n<link rel=\"canonical\" href=\"https:\/\/elpuucnoticias.com\/?p=20582\" \/>\n<meta property=\"og:locale\" content=\"es_ES\" \/>\n<meta property=\"og:type\" content=\"article\" \/>\n<meta property=\"og:title\" content=\"Realiza la Fundaci\u00f3n de Parques y Museos de Cozumel \u201cAves y Atardeceres\u201d para fomentar en la ni\u00f1ez la apreciaci\u00f3n de la biodiversidad - El Puuc Noticias\" \/>\n<meta property=\"og:description\" content=\"La Fundaci\u00f3n de Parques y Museos de Cozumel (FPMC) llev\u00f3 a cabo la actividad \u201cAves y Atardeceres\u201d, una\" \/>\n<meta property=\"og:url\" content=\"https:\/\/elpuucnoticias.com\/?p=20582\" \/>\n<meta property=\"og:site_name\" content=\"El Puuc Noticias\" \/>\n<meta property=\"article:published_time\" content=\"2025-08-11T18:34:08+00:00\" \/>\n<meta property=\"article:modified_time\" content=\"2025-08-11T18:34:09+00:00\" \/>\n<meta property=\"og:image\" content=\"https:\/\/elpuucnoticias.com\/wp-content\/uploads\/2025\/08\/whatsapp-image-2025-08-11-at-11.06.22.jpeg\" \/>\n\t<meta property=\"og:image:width\" content=\"1600\" \/>\n\t<meta property=\"og:image:height\" content=\"1065\" \/>\n\t<meta property=\"og:image:type\" content=\"image\/jpeg\" \/>\n<meta name=\"twitter:card\" content=\"summary_large_image\" \/>\n<meta name=\"twitter:label1\" content=\"Escrito por\" \/>\n\t<meta name=\"twitter:data1\" content=\"elpuucnoticias\" \/>\n\t<meta name=\"twitter:label2\" content=\"Tiempo de lectura\" \/>\n\t<meta name=\"twitter:data2\" content=\"1 minuto\" \/>\n<script type=\"application\/ld+json\" class=\"yoast-schema-graph\">{\"@context\":\"https:\/\/schema.org\",\"@graph\":[{\"@type\":\"WebSite\",\"@id\":\"https:\/\/elpuucnoticias.com\/#website\",\"url\":\"https:\/\/elpuucnoticias.com\/\",\"name\":\"El Puuc Noticias\",\"description\":\"Noticias - Entretenimiento - Deportes\",\"potentialAction\":[{\"@type\":\"SearchAction\",\"target\":{\"@type\":\"EntryPoint\",\"urlTemplate\":\"https:\/\/elpuucnoticias.com\/?s={search_term_string}\"},\"query-input\":\"required name=search_term_string\"}],\"inLanguage\":\"es\"},{\"@type\":\"ImageObject\",\"@id\":\"https:\/\/elpuucnoticias.com\/?p=20582#primaryimage\",\"inLanguage\":\"es\",\"url\":\"https:\/\/elpuucnoticias.com\/wp-content\/uploads\/2025\/08\/whatsapp-image-2025-08-11-at-11.06.22.jpeg\",\"contentUrl\":\"https:\/\/elpuucnoticias.com\/wp-content\/uploads\/2025\/08\/whatsapp-image-2025-08-11-at-11.06.22.jpeg\",\"width\":1600,\"height\":1065},{\"@type\":\"WebPage\",\"@id\":\"https:\/\/elpuucnoticias.com\/?p=20582#webpage\",\"url\":\"https:\/\/elpuucnoticias.com\/?p=20582\",\"name\":\"Realiza la Fundaci\u00f3n de Parques y Museos de Cozumel \u201cAves y Atardeceres\u201d para fomentar en la ni\u00f1ez la apreciaci\u00f3n de la biodiversidad - El Puuc Noticias\",\"isPartOf\":{\"@id\":\"https:\/\/elpuucnoticias.com\/#website\"},\"primaryImageOfPage\":{\"@id\":\"https:\/\/elpuucnoticias.com\/?p=20582#primaryimage\"},\"datePublished\":\"2025-08-11T18:34:08+00:00\",\"dateModified\":\"2025-08-11T18:34:09+00:00\",\"author\":{\"@id\":\"https:\/\/elpuucnoticias.com\/#\/schema\/person\/d2ea09e4c97f0160b11cdfb1d856bd9e\"},\"breadcrumb\":{\"@id\":\"https:\/\/elpuucnoticias.com\/?p=20582#breadcrumb\"},\"inLanguage\":\"es\",\"potentialAction\":[{\"@type\":\"ReadAction\",\"target\":[\"https:\/\/elpuucnoticias.com\/?p=20582\"]}]},{\"@type\":\"BreadcrumbList\",\"@id\":\"https:\/\/elpuucnoticias.com\/?p=20582#breadcrumb\",\"itemListElement\":[{\"@type\":\"ListItem\",\"position\":1,\"name\":\"Portada\",\"item\":\"https:\/\/elpuucnoticias.com\/\"},{\"@type\":\"ListItem\",\"position\":2,\"name\":\"Realiza la Fundaci\u00f3n de Parques y Museos de Cozumel \u201cAves y Atardeceres\u201d para fomentar en la ni\u00f1ez la apreciaci\u00f3n de la biodiversidad\"}]},{\"@type\":\"Person\",\"@id\":\"https:\/\/elpuucnoticias.com\/#\/schema\/person\/d2ea09e4c97f0160b11cdfb1d856bd9e\",\"name\":\"elpuucnoticias\",\"image\":{\"@type\":\"ImageObject\",\"@id\":\"https:\/\/elpuucnoticias.com\/#personlogo\",\"inLanguage\":\"es\",\"url\":\"https:\/\/secure.gravatar.com\/avatar\/5290a43657c74ffa15701dbe5b846bd85cc71930d803c84e91046a7333de6ce2?s=96&d=mm&r=g\",\"contentUrl\":\"https:\/\/secure.gravatar.com\/avatar\/5290a43657c74ffa15701dbe5b846bd85cc71930d803c84e91046a7333de6ce2?s=96&d=mm&r=g\",\"caption\":\"elpuucnoticias\"},\"sameAs\":[\"https:\/\/elpuucnoticias.com\"],\"url\":\"https:\/\/elpuucnoticias.com\/?author=1\"}]}<\/script>\n<!-- \/ Yoast SEO plugin. -->","yoast_head_json":{"title":"Realiza la Fundaci\u00f3n de Parques y Museos de Cozumel \u201cAves y Atardeceres\u201d para fomentar en la ni\u00f1ez la apreciaci\u00f3n de la biodiversidad - El Puuc Noticias","robots":{"index":"index","follow":"follow","max-snippet":"max-snippet:-1","max-image-preview":"max-image-preview:large","max-video-preview":"max-video-preview:-1"},"canonical":"https:\/\/elpuucnoticias.com\/?p=20582","og_locale":"es_ES","og_type":"article","og_title":"Realiza la Fundaci\u00f3n de Parques y Museos de Cozumel \u201cAves y Atardeceres\u201d para fomentar en la ni\u00f1ez la apreciaci\u00f3n de la biodiversidad - El Puuc Noticias","og_description":"La Fundaci\u00f3n de Parques y Museos de Cozumel (FPMC) llev\u00f3 a cabo la actividad \u201cAves y Atardeceres\u201d, una","og_url":"https:\/\/elpuucnoticias.com\/?p=20582","og_site_name":"El Puuc Noticias","article_published_time":"2025-08-11T18:34:08+00:00","article_modified_time":"2025-08-11T18:34:09+00:00","og_image":[{"width":1600,"height":1065,"url":"https:\/\/elpuucnoticias.com\/wp-content\/uploads\/2025\/08\/whatsapp-image-2025-08-11-at-11.06.22.jpeg","type":"image\/jpeg"}],"twitter_card":"summary_large_image","twitter_misc":{"Escrito por":"elpuucnoticias","Tiempo de lectura":"1 minuto"},"schema":{"@context":"https:\/\/schema.org","@graph":[{"@type":"WebSite","@id":"https:\/\/elpuucnoticias.com\/#website","url":"https:\/\/elpuucnoticias.com\/","name":"El Puuc Noticias","description":"Noticias - Entretenimiento - Deportes","potentialAction":[{"@type":"SearchAction","target":{"@type":"EntryPoint","urlTemplate":"https:\/\/elpuucnoticias.com\/?s={search_term_string}"},"query-input":"required name=search_term_string"}],"inLanguage":"es"},{"@type":"ImageObject","@id":"https:\/\/elpuucnoticias.com\/?p=20582#primaryimage","inLanguage":"es","url":"https:\/\/elpuucnoticias.com\/wp-content\/uploads\/2025\/08\/whatsapp-image-2025-08-11-at-11.06.22.jpeg","contentUrl":"https:\/\/elpuucnoticias.com\/wp-content\/uploads\/2025\/08\/whatsapp-image-2025-08-11-at-11.06.22.jpeg","width":1600,"height":1065},{"@type":"WebPage","@id":"https:\/\/elpuucnoticias.com\/?p=20582#webpage","url":"https:\/\/elpuucnoticias.com\/?p=20582","name":"Realiza la Fundaci\u00f3n de Parques y Museos de Cozumel \u201cAves y Atardeceres\u201d para fomentar en la ni\u00f1ez la apreciaci\u00f3n de la biodiversidad - El Puuc Noticias","isPartOf":{"@id":"https:\/\/elpuucnoticias.com\/#website"},"primaryImageOfPage":{"@id":"https:\/\/elpuucnoticias.com\/?p=20582#primaryimage"},"datePublished":"2025-08-11T18:34:08+00:00","dateModified":"2025-08-11T18:34:09+00:00","author":{"@id":"https:\/\/elpuucnoticias.com\/#\/schema\/person\/d2ea09e4c97f0160b11cdfb1d856bd9e"},"breadcrumb":{"@id":"https:\/\/elpuucnoticias.com\/?p=20582#breadcrumb"},"inLanguage":"es","potentialAction":[{"@type":"ReadAction","target":["https:\/\/elpuucnoticias.com\/?p=20582"]}]},{"@type":"BreadcrumbList","@id":"https:\/\/elpuucnoticias.com\/?p=20582#breadcrumb","itemListElement":[{"@type":"ListItem","position":1,"name":"Portada","item":"https:\/\/elpuucnoticias.com\/"},{"@type":"ListItem","position":2,"name":"Realiza la Fundaci\u00f3n de Parques y Museos de Cozumel \u201cAves y Atardeceres\u201d para fomentar en la ni\u00f1ez la apreciaci\u00f3n de la biodiversidad"}]},{"@type":"Person","@id":"https:\/\/elpuucnoticias.com\/#\/schema\/person\/d2ea09e4c97f0160b11cdfb1d856bd9e","name":"elpuucnoticias","image":{"@type":"ImageObject","@id":"https:\/\/elpuucnoticias.com\/#personlogo","inLanguage":"es","url":"https:\/\/secure.gravatar.com\/avatar\/5290a43657c74ffa15701dbe5b846bd85cc71930d803c84e91046a7333de6ce2?s=96&d=mm&r=g","contentUrl":"https:\/\/secure.gravatar.com\/avatar\/5290a43657c74ffa15701dbe5b846bd85cc71930d803c84e91046a7333de6ce2?s=96&d=mm&r=g","caption":"elpuucnoticias"},"sameAs":["https:\/\/elpuucnoticias.com"],"url":"https:\/\/elpuucnoticias.com\/?author=1"}]}},"_links":{"self":[{"href":"https:\/\/elpuucnoticias.com\/index.php?rest_route=\/wp\/v2\/posts\/20582","targetHints":{"allow":["GET"]}}],"collection":[{"href":"https:\/\/elpuucnoticias.com\/index.php?rest_route=\/wp\/v2\/posts"}],"about":[{"href":"https:\/\/elpuucnoticias.com\/index.php?rest_route=\/wp\/v2\/types\/post"}],"author":[{"embeddable":true,"href":"https:\/\/elpuucnoticias.com\/index.php?rest_route=\/wp\/v2\/users\/1"}],"replies":[{"embeddable":true,"href":"https:\/\/elpuucnoticias.com\/index.php?rest_route=%2Fwp%2Fv2%2Fcomments&post=20582"}],"version-history":[{"count":1,"href":"https:\/\/elpuucnoticias.com\/index.php?rest_route=\/wp\/v2\/posts\/20582\/revisions"}],"predecessor-version":[{"id":20584,"href":"https:\/\/elpuucnoticias.com\/index.php?rest_route=\/wp\/v2\/posts\/20582\/revisions\/20584"}],"wp:featuredmedia":[{"embeddable":true,"href":"https:\/\/elpuucnoticias.com\/index.php?rest_route=\/wp\/v2\/media\/20583"}],"wp:attachment":[{"href":"https:\/\/elpuucnoticias.com\/index.php?rest_route=%2Fwp%2Fv2%2Fmedia&parent=20582"}],"wp:term":[{"taxonomy":"category","embeddable":true,"href":"https:\/\/elpuucnoticias.com\/index.php?rest_route=%2Fwp%2Fv2%2Fcategories&post=20582"},{"taxonomy":"post_tag","embeddable":true,"href":"https:\/\/elpuucnoticias.com\/index.php?rest_route=%2Fwp%2Fv2%2Ftags&post=20582"}],"curies":[{"name":"wp","href":"https:\/\/api.w.org\/{rel}","templated":true}]}}