{"id":20585,"date":"2025-08-12T13:33:39","date_gmt":"2025-08-12T19:33:39","guid":{"rendered":"https:\/\/elpuucnoticias.com\/?p=20585"},"modified":"2025-08-12T13:33:40","modified_gmt":"2025-08-12T19:33:40","slug":"firma-la-secretaria-del-trabajo-y-prevision-social-y-la-universidad-intercultural-maya-de-quintana-roo-convenio-de-colaboracion-para-el-desarrollo-de-proyectos-y-ejecucion-de-acciones-conjuntas","status":"publish","type":"post","link":"https:\/\/elpuucnoticias.com\/?p=20585","title":{"rendered":"Firma la Secretar\u00eda del Trabajo y Previsi\u00f3n Social y la Universidad Intercultural Maya de Quintana Roo convenio de colaboraci\u00f3n para el desarrollo de proyectos y ejecuci\u00f3n de acciones conjuntas"},"content":{"rendered":"\n<p>La encargada de la Secretar\u00eda del Trabajo y Previsi\u00f3n Social (STyPS) del estado, Ver\u00f3nica Salinas Mozo y el rector de la Universidad Intercultural Maya de Quintana Roo (UIMQROO), William Brice\u00f1o Guzm\u00e1n firmaron un convenio de colaboraci\u00f3n para el desarrollo de proyectos y ejecuci\u00f3n de acciones conjuntas.<\/p>\n\n\n\n<figure class=\"wp-block-image is-style-default\"><a href=\"https:\/\/cgc.qroo.gob.mx\/cjg\/wp-content\/uploads\/2025\/08\/WhatsApp-Image-2025-08-11-at-14.07.37-2.jpeg\"><img decoding=\"async\" src=\"https:\/\/cgc.qroo.gob.mx\/cjg\/wp-content\/uploads\/2025\/08\/WhatsApp-Image-2025-08-11-at-14.07.37-2-585x439.jpeg\" alt=\"\" title=\"WhatsApp Image 2025-08-11 at 14.07.37 (2)\"\/><\/a><\/figure>\n\n\n\n<p>Este convenio, tiene como prop\u00f3sito establecer las bases y mecanismos de colaboraci\u00f3n entre ambas instituciones, conforme a los cuales se contribuye al desarrollo conjunto de proyectos, programas, acuerdos y acciones que impacten positivamente en \u00e1reas fundamentales como el emprendimiento, la innovaci\u00f3n, investigaci\u00f3n acad\u00e9mica, docencia, capacitaci\u00f3n, formaci\u00f3n, difusi\u00f3n, promoci\u00f3n, cultura, legalidad y el arte otros temas de inter\u00e9s general.<\/p>\n\n\n\n<figure class=\"wp-block-image is-style-default\"><a href=\"https:\/\/cgc.qroo.gob.mx\/cjg\/wp-content\/uploads\/2025\/08\/WhatsApp-Image-2025-08-11-at-14.07.36-1.jpeg\"><img decoding=\"async\" src=\"https:\/\/cgc.qroo.gob.mx\/cjg\/wp-content\/uploads\/2025\/08\/WhatsApp-Image-2025-08-11-at-14.07.36-1-585x439.jpeg\" alt=\"\" title=\"WhatsApp Image 2025-08-11 at 14.07.36 (1)\"\/><\/a><\/figure>\n\n\n\n<p>La encargada de la STyPS, Ver\u00f3nica Salinas Mozo, destac\u00f3 la importancia de la colaboraci\u00f3n interinstitucional como herramienta para fortalecer el tejido social, impulsar el talento local y garantizar que el trabajo digno, la legalidad e innovaci\u00f3n lleguen a cada rinc\u00f3n de Quintana Roo.<\/p>\n\n\n\n<figure class=\"wp-block-image is-style-default\"><a href=\"https:\/\/cgc.qroo.gob.mx\/cjg\/wp-content\/uploads\/2025\/08\/WhatsApp-Image-2025-08-11-at-14.07.36-2.jpeg\"><img decoding=\"async\" src=\"https:\/\/cgc.qroo.gob.mx\/cjg\/wp-content\/uploads\/2025\/08\/WhatsApp-Image-2025-08-11-at-14.07.36-2-585x439.jpeg\" alt=\"\" title=\"WhatsApp Image 2025-08-11 at 14.07.36 (2)\"\/><\/a><\/figure>\n\n\n\n<p>Salinas Mozo, puntualiz\u00f3 que como parte de los compromisos de este convenio y sumados al Nuevo Acuerdo por el Bienestar y Desarrollo de Quintana Roo, que impulsa la gobernadora Mara Lezama Espinosa, se destaca la realizaci\u00f3n de proyectos y programas conjuntos de investigaci\u00f3n cient\u00edfica, tecnol\u00f3gica o educativa en temas de inter\u00e9s para ambas partes.<\/p>\n\n\n\n<figure class=\"wp-block-image is-style-default\"><a href=\"https:\/\/cgc.qroo.gob.mx\/cjg\/wp-content\/uploads\/2025\/08\/WhatsApp-Image-2025-08-11-at-14.07.36-3.jpeg\"><img decoding=\"async\" src=\"https:\/\/cgc.qroo.gob.mx\/cjg\/wp-content\/uploads\/2025\/08\/WhatsApp-Image-2025-08-11-at-14.07.36-3-585x439.jpeg\" alt=\"\" title=\"WhatsApp Image 2025-08-11 at 14.07.36 (3)\"\/><\/a><\/figure>\n\n\n\n<p>Asimismo, explic\u00f3 que la coordinaci\u00f3n de esfuerzos y acciones fortalecer\u00e1n a ambas instituciones en cursos de capacitaci\u00f3n, evaluaci\u00f3n y certificaci\u00f3n; la organizaci\u00f3n e impartici\u00f3n de cursos de formaci\u00f3n y actualizaci\u00f3n, incluyendo la coordinaci\u00f3n de las actividades administrativas y docentes necesarias, as\u00ed como invitar a expertos reconocidos para impartir cursos, talleres, seminarios y otros eventos, adem\u00e1s de participar en proyectos conjuntos de investigaci\u00f3n cient\u00edfica y tecnol\u00f3gica.<\/p>\n\n\n\n<figure class=\"wp-block-image is-style-default\"><a href=\"https:\/\/cgc.qroo.gob.mx\/cjg\/wp-content\/uploads\/2025\/08\/WhatsApp-Image-2025-08-11-at-14.07.37-1.jpeg\"><img decoding=\"async\" src=\"https:\/\/cgc.qroo.gob.mx\/cjg\/wp-content\/uploads\/2025\/08\/WhatsApp-Image-2025-08-11-at-14.07.37-1-585x439.jpeg\" alt=\"\" title=\"WhatsApp Image 2025-08-11 at 14.07.37 (1)\"\/><\/a><\/figure>\n\n\n\n<p>Por su parte, el rector de la UIMQROO, William Brice\u00f1o Guzm\u00e1n se comprometi\u00f3 a trabajar en conjunto con acciones que beneficien a ambas instituciones, siempre apegados al beneficio de las y los ciudadanos del estado, como premisa de la gobernadora Mara Lezama.<\/p>\n\n\n\n<p><\/p>\n\n\n\n<p><\/p>\n\n\n\n<p><\/p>\n\n\n\n<p><\/p>\n","protected":false},"excerpt":{"rendered":"<p>La encargada de la Secretar\u00eda del Trabajo y Previsi\u00f3n Social (STyPS) del estado, Ver\u00f3nica Salinas Mozo y el<\/p>\n","protected":false},"author":1,"featured_media":20586,"comment_status":"closed","ping_status":"open","sticky":false,"template":"","format":"standard","meta":{"_monsterinsights_skip_tracking":false,"_monsterinsights_sitenote_active":false,"_monsterinsights_sitenote_note":"","_monsterinsights_sitenote_category":0,"footnotes":""},"categories":[11,24],"tags":[],"class_list":["post-20585","post","type-post","status-publish","format-standard","has-post-thumbnail","hentry","category-noticias","category-quintana-roo"],"yoast_head":"<!-- This site is optimized with the Yoast SEO plugin v18.3 - https:\/\/yoast.com\/wordpress\/plugins\/seo\/ -->\n<title>Firma la Secretar\u00eda del Trabajo y Previsi\u00f3n Social y la Universidad Intercultural Maya de Quintana Roo convenio de colaboraci\u00f3n para el desarrollo de proyectos y ejecuci\u00f3n de acciones conjuntas - El Puuc Noticias<\/title>\n<meta name=\"robots\" content=\"index, follow, max-snippet:-1, max-image-preview:large, max-video-preview:-1\" \/>\n<link rel=\"canonical\" href=\"https:\/\/elpuucnoticias.com\/?p=20585\" \/>\n<meta property=\"og:locale\" content=\"es_ES\" \/>\n<meta property=\"og:type\" content=\"article\" \/>\n<meta property=\"og:title\" content=\"Firma la Secretar\u00eda del Trabajo y Previsi\u00f3n Social y la Universidad Intercultural Maya de Quintana Roo convenio de colaboraci\u00f3n para el desarrollo de proyectos y ejecuci\u00f3n de acciones conjuntas - El Puuc Noticias\" \/>\n<meta property=\"og:description\" content=\"La encargada de la Secretar\u00eda del Trabajo y Previsi\u00f3n Social (STyPS) del estado, Ver\u00f3nica Salinas Mozo y el\" \/>\n<meta property=\"og:url\" content=\"https:\/\/elpuucnoticias.com\/?p=20585\" \/>\n<meta property=\"og:site_name\" content=\"El Puuc Noticias\" \/>\n<meta property=\"article:published_time\" content=\"2025-08-12T19:33:39+00:00\" \/>\n<meta property=\"article:modified_time\" content=\"2025-08-12T19:33:40+00:00\" \/>\n<meta property=\"og:image\" content=\"https:\/\/cgc.qroo.gob.mx\/cjg\/wp-content\/uploads\/2025\/08\/WhatsApp-Image-2025-08-11-at-14.07.37-2-585x439.jpeg\" \/>\n<meta name=\"twitter:card\" content=\"summary_large_image\" \/>\n<meta name=\"twitter:label1\" content=\"Escrito por\" \/>\n\t<meta name=\"twitter:data1\" content=\"elpuucnoticias\" \/>\n\t<meta name=\"twitter:label2\" content=\"Tiempo de lectura\" \/>\n\t<meta name=\"twitter:data2\" content=\"2 minutos\" \/>\n<script type=\"application\/ld+json\" class=\"yoast-schema-graph\">{\"@context\":\"https:\/\/schema.org\",\"@graph\":[{\"@type\":\"WebSite\",\"@id\":\"https:\/\/elpuucnoticias.com\/#website\",\"url\":\"https:\/\/elpuucnoticias.com\/\",\"name\":\"El Puuc Noticias\",\"description\":\"Noticias - Entretenimiento - Deportes\",\"potentialAction\":[{\"@type\":\"SearchAction\",\"target\":{\"@type\":\"EntryPoint\",\"urlTemplate\":\"https:\/\/elpuucnoticias.com\/?s={search_term_string}\"},\"query-input\":\"required name=search_term_string\"}],\"inLanguage\":\"es\"},{\"@type\":\"ImageObject\",\"@id\":\"https:\/\/elpuucnoticias.com\/?p=20585#primaryimage\",\"inLanguage\":\"es\",\"url\":\"https:\/\/elpuucnoticias.com\/wp-content\/uploads\/2025\/08\/whatsapp-image-2025-08-11-at-14.07.36.jpeg\",\"contentUrl\":\"https:\/\/elpuucnoticias.com\/wp-content\/uploads\/2025\/08\/whatsapp-image-2025-08-11-at-14.07.36.jpeg\",\"width\":1280,\"height\":960},{\"@type\":\"WebPage\",\"@id\":\"https:\/\/elpuucnoticias.com\/?p=20585#webpage\",\"url\":\"https:\/\/elpuucnoticias.com\/?p=20585\",\"name\":\"Firma la Secretar\u00eda del Trabajo y Previsi\u00f3n Social y la Universidad Intercultural Maya de Quintana Roo convenio de colaboraci\u00f3n para el desarrollo de proyectos y ejecuci\u00f3n de acciones conjuntas - El Puuc Noticias\",\"isPartOf\":{\"@id\":\"https:\/\/elpuucnoticias.com\/#website\"},\"primaryImageOfPage\":{\"@id\":\"https:\/\/elpuucnoticias.com\/?p=20585#primaryimage\"},\"datePublished\":\"2025-08-12T19:33:39+00:00\",\"dateModified\":\"2025-08-12T19:33:40+00:00\",\"author\":{\"@id\":\"https:\/\/elpuucnoticias.com\/#\/schema\/person\/d2ea09e4c97f0160b11cdfb1d856bd9e\"},\"breadcrumb\":{\"@id\":\"https:\/\/elpuucnoticias.com\/?p=20585#breadcrumb\"},\"inLanguage\":\"es\",\"potentialAction\":[{\"@type\":\"ReadAction\",\"target\":[\"https:\/\/elpuucnoticias.com\/?p=20585\"]}]},{\"@type\":\"BreadcrumbList\",\"@id\":\"https:\/\/elpuucnoticias.com\/?p=20585#breadcrumb\",\"itemListElement\":[{\"@type\":\"ListItem\",\"position\":1,\"name\":\"Portada\",\"item\":\"https:\/\/elpuucnoticias.com\/\"},{\"@type\":\"ListItem\",\"position\":2,\"name\":\"Firma la Secretar\u00eda del Trabajo y Previsi\u00f3n Social y la Universidad Intercultural Maya de Quintana Roo convenio de colaboraci\u00f3n para el desarrollo de proyectos y ejecuci\u00f3n de acciones conjuntas\"}]},{\"@type\":\"Person\",\"@id\":\"https:\/\/elpuucnoticias.com\/#\/schema\/person\/d2ea09e4c97f0160b11cdfb1d856bd9e\",\"name\":\"elpuucnoticias\",\"image\":{\"@type\":\"ImageObject\",\"@id\":\"https:\/\/elpuucnoticias.com\/#personlogo\",\"inLanguage\":\"es\",\"url\":\"https:\/\/secure.gravatar.com\/avatar\/5290a43657c74ffa15701dbe5b846bd85cc71930d803c84e91046a7333de6ce2?s=96&d=mm&r=g\",\"contentUrl\":\"https:\/\/secure.gravatar.com\/avatar\/5290a43657c74ffa15701dbe5b846bd85cc71930d803c84e91046a7333de6ce2?s=96&d=mm&r=g\",\"caption\":\"elpuucnoticias\"},\"sameAs\":[\"https:\/\/elpuucnoticias.com\"],\"url\":\"https:\/\/elpuucnoticias.com\/?author=1\"}]}<\/script>\n<!-- \/ Yoast SEO plugin. -->","yoast_head_json":{"title":"Firma la Secretar\u00eda del Trabajo y Previsi\u00f3n Social y la Universidad Intercultural Maya de Quintana Roo convenio de colaboraci\u00f3n para el desarrollo de proyectos y ejecuci\u00f3n de acciones conjuntas - El Puuc Noticias","robots":{"index":"index","follow":"follow","max-snippet":"max-snippet:-1","max-image-preview":"max-image-preview:large","max-video-preview":"max-video-preview:-1"},"canonical":"https:\/\/elpuucnoticias.com\/?p=20585","og_locale":"es_ES","og_type":"article","og_title":"Firma la Secretar\u00eda del Trabajo y Previsi\u00f3n Social y la Universidad Intercultural Maya de Quintana Roo convenio de colaboraci\u00f3n para el desarrollo de proyectos y ejecuci\u00f3n de acciones conjuntas - El Puuc Noticias","og_description":"La encargada de la Secretar\u00eda del Trabajo y Previsi\u00f3n Social (STyPS) del estado, Ver\u00f3nica Salinas Mozo y el","og_url":"https:\/\/elpuucnoticias.com\/?p=20585","og_site_name":"El Puuc Noticias","article_published_time":"2025-08-12T19:33:39+00:00","article_modified_time":"2025-08-12T19:33:40+00:00","og_image":[{"url":"https:\/\/cgc.qroo.gob.mx\/cjg\/wp-content\/uploads\/2025\/08\/WhatsApp-Image-2025-08-11-at-14.07.37-2-585x439.jpeg"}],"twitter_card":"summary_large_image","twitter_misc":{"Escrito por":"elpuucnoticias","Tiempo de lectura":"2 minutos"},"schema":{"@context":"https:\/\/schema.org","@graph":[{"@type":"WebSite","@id":"https:\/\/elpuucnoticias.com\/#website","url":"https:\/\/elpuucnoticias.com\/","name":"El Puuc Noticias","description":"Noticias - Entretenimiento - Deportes","potentialAction":[{"@type":"SearchAction","target":{"@type":"EntryPoint","urlTemplate":"https:\/\/elpuucnoticias.com\/?s={search_term_string}"},"query-input":"required name=search_term_string"}],"inLanguage":"es"},{"@type":"ImageObject","@id":"https:\/\/elpuucnoticias.com\/?p=20585#primaryimage","inLanguage":"es","url":"https:\/\/elpuucnoticias.com\/wp-content\/uploads\/2025\/08\/whatsapp-image-2025-08-11-at-14.07.36.jpeg","contentUrl":"https:\/\/elpuucnoticias.com\/wp-content\/uploads\/2025\/08\/whatsapp-image-2025-08-11-at-14.07.36.jpeg","width":1280,"height":960},{"@type":"WebPage","@id":"https:\/\/elpuucnoticias.com\/?p=20585#webpage","url":"https:\/\/elpuucnoticias.com\/?p=20585","name":"Firma la Secretar\u00eda del Trabajo y Previsi\u00f3n Social y la Universidad Intercultural Maya de Quintana Roo convenio de colaboraci\u00f3n para el desarrollo de proyectos y ejecuci\u00f3n de acciones conjuntas - El Puuc Noticias","isPartOf":{"@id":"https:\/\/elpuucnoticias.com\/#website"},"primaryImageOfPage":{"@id":"https:\/\/elpuucnoticias.com\/?p=20585#primaryimage"},"datePublished":"2025-08-12T19:33:39+00:00","dateModified":"2025-08-12T19:33:40+00:00","author":{"@id":"https:\/\/elpuucnoticias.com\/#\/schema\/person\/d2ea09e4c97f0160b11cdfb1d856bd9e"},"breadcrumb":{"@id":"https:\/\/elpuucnoticias.com\/?p=20585#breadcrumb"},"inLanguage":"es","potentialAction":[{"@type":"ReadAction","target":["https:\/\/elpuucnoticias.com\/?p=20585"]}]},{"@type":"BreadcrumbList","@id":"https:\/\/elpuucnoticias.com\/?p=20585#breadcrumb","itemListElement":[{"@type":"ListItem","position":1,"name":"Portada","item":"https:\/\/elpuucnoticias.com\/"},{"@type":"ListItem","position":2,"name":"Firma la Secretar\u00eda del Trabajo y Previsi\u00f3n Social y la Universidad Intercultural Maya de Quintana Roo convenio de colaboraci\u00f3n para el desarrollo de proyectos y ejecuci\u00f3n de acciones conjuntas"}]},{"@type":"Person","@id":"https:\/\/elpuucnoticias.com\/#\/schema\/person\/d2ea09e4c97f0160b11cdfb1d856bd9e","name":"elpuucnoticias","image":{"@type":"ImageObject","@id":"https:\/\/elpuucnoticias.com\/#personlogo","inLanguage":"es","url":"https:\/\/secure.gravatar.com\/avatar\/5290a43657c74ffa15701dbe5b846bd85cc71930d803c84e91046a7333de6ce2?s=96&d=mm&r=g","contentUrl":"https:\/\/secure.gravatar.com\/avatar\/5290a43657c74ffa15701dbe5b846bd85cc71930d803c84e91046a7333de6ce2?s=96&d=mm&r=g","caption":"elpuucnoticias"},"sameAs":["https:\/\/elpuucnoticias.com"],"url":"https:\/\/elpuucnoticias.com\/?author=1"}]}},"_links":{"self":[{"href":"https:\/\/elpuucnoticias.com\/index.php?rest_route=\/wp\/v2\/posts\/20585","targetHints":{"allow":["GET"]}}],"collection":[{"href":"https:\/\/elpuucnoticias.com\/index.php?rest_route=\/wp\/v2\/posts"}],"about":[{"href":"https:\/\/elpuucnoticias.com\/index.php?rest_route=\/wp\/v2\/types\/post"}],"author":[{"embeddable":true,"href":"https:\/\/elpuucnoticias.com\/index.php?rest_route=\/wp\/v2\/users\/1"}],"replies":[{"embeddable":true,"href":"https:\/\/elpuucnoticias.com\/index.php?rest_route=%2Fwp%2Fv2%2Fcomments&post=20585"}],"version-history":[{"count":1,"href":"https:\/\/elpuucnoticias.com\/index.php?rest_route=\/wp\/v2\/posts\/20585\/revisions"}],"predecessor-version":[{"id":20587,"href":"https:\/\/elpuucnoticias.com\/index.php?rest_route=\/wp\/v2\/posts\/20585\/revisions\/20587"}],"wp:featuredmedia":[{"embeddable":true,"href":"https:\/\/elpuucnoticias.com\/index.php?rest_route=\/wp\/v2\/media\/20586"}],"wp:attachment":[{"href":"https:\/\/elpuucnoticias.com\/index.php?rest_route=%2Fwp%2Fv2%2Fmedia&parent=20585"}],"wp:term":[{"taxonomy":"category","embeddable":true,"href":"https:\/\/elpuucnoticias.com\/index.php?rest_route=%2Fwp%2Fv2%2Fcategories&post=20585"},{"taxonomy":"post_tag","embeddable":true,"href":"https:\/\/elpuucnoticias.com\/index.php?rest_route=%2Fwp%2Fv2%2Ftags&post=20585"}],"curies":[{"name":"wp","href":"https:\/\/api.w.org\/{rel}","templated":true}]}}