{"id":20588,"date":"2025-08-12T13:37:21","date_gmt":"2025-08-12T19:37:21","guid":{"rendered":"https:\/\/elpuucnoticias.com\/?p=20588"},"modified":"2025-08-12T13:37:22","modified_gmt":"2025-08-12T19:37:22","slug":"instala-mara-lezama-el-comite-promotor-de-inversiones-para-impulsar-la-economia-y-el-desarrollo-en-quintana-roo","status":"publish","type":"post","link":"https:\/\/elpuucnoticias.com\/?p=20588","title":{"rendered":"Instala Mara Lezama el Comit\u00e9 Promotor de Inversiones para impulsar la econom\u00eda y el desarrollo en Quintana Roo"},"content":{"rendered":"\n<p>Al instalarse el Comit\u00e9 Promotor de Inversiones en Quintana Roo por la gobernadora Mara Lezama Espinosa y el coordinador de Corredores del Bienestar de la Secretar\u00eda de Econom\u00eda, Carlos Alfonso Candelaria L\u00f3pez, se inform\u00f3 que el portafolio de inversiones para la entidad contempla 24 proyectos registrados con m\u00e1s de 6 mil millones de d\u00f3lares de inversi\u00f3n.<\/p>\n\n\n\n<figure class=\"wp-block-image is-style-default\"><a href=\"https:\/\/cgc.qroo.gob.mx\/cjg\/wp-content\/uploads\/2025\/08\/WhatsApp-Image-2025-08-11-at-15.06.44-2-scaled.jpeg\"><img decoding=\"async\" src=\"https:\/\/cgc.qroo.gob.mx\/cjg\/wp-content\/uploads\/2025\/08\/WhatsApp-Image-2025-08-11-at-15.06.44-2-585x390.jpeg\" alt=\"\" title=\"WhatsApp Image 2025-08-11 at 15.06.44 (2)\"\/><\/a><\/figure>\n\n\n\n<p>Este comit\u00e9 forma parte del Plan M\u00e9xico 2024\u20132030 y tiene como objetivo fortalecer la coordinaci\u00f3n entre los tres \u00f3rdenes de gobierno y el sector empresarial para atraer inversiones productivas en sectores estrat\u00e9gicos que generen bienestar, empleos dignos y prosperidad compartida, especialmente en el sur del estado.<\/p>\n\n\n\n<figure class=\"wp-block-image is-style-default\"><a href=\"https:\/\/cgc.qroo.gob.mx\/cjg\/wp-content\/uploads\/2025\/08\/WhatsApp-Image-2025-08-11-at-15.06.42-1-scaled.jpeg\"><img decoding=\"async\" src=\"https:\/\/cgc.qroo.gob.mx\/cjg\/wp-content\/uploads\/2025\/08\/WhatsApp-Image-2025-08-11-at-15.06.42-1-585x390.jpeg\" alt=\"\" title=\"WhatsApp Image 2025-08-11 at 15.06.42 (1)\"\/><\/a><\/figure>\n\n\n\n<p>Ante la presencia de los integrantes, presidentes de c\u00e1maras y organizaciones empresariales de todo el estado, la gobernadora Mara Lezama destac\u00f3 que \u201ces un gran paso que puede cambiar el rumbo del sur de Quintana Roo, es un espacio donde se trabajar\u00e1 de la mano con el gobierno federal, con los municipios y, por supuesto, en los empresarios\u201d.<\/p>\n\n\n\n<p>\u201cEstamos trabajando todos los d\u00edas, el objetivo es la prosperidad compartida, que es una frase que escuchamos mucho, pero que verdaderamente el \u00e9xito tur\u00edstico se derrame en todas las casas, los hogares y este Polo de Desarrollo Econ\u00f3mico para el Bienestar viene a ser fundamental para que esto suceda\u201d, a\u00f1adi\u00f3 Mara Lezama.<\/p>\n\n\n\n<figure class=\"wp-block-image is-style-default\"><a href=\"https:\/\/cgc.qroo.gob.mx\/cjg\/wp-content\/uploads\/2025\/08\/WhatsApp-Image-2025-08-11-at-15.06.43-1-scaled.jpeg\"><img decoding=\"async\" src=\"https:\/\/cgc.qroo.gob.mx\/cjg\/wp-content\/uploads\/2025\/08\/WhatsApp-Image-2025-08-11-at-15.06.43-1-585x390.jpeg\" alt=\"\" title=\"WhatsApp Image 2025-08-11 at 15.06.43 (1)\"\/><\/a><\/figure>\n\n\n\n<p>Asimismo, expres\u00f3 que despu\u00e9s de largos a\u00f1os de estar escuchando que haya un solo Quintana Roo, que el norte est\u00e9 junto con el sur, que no existan dos Quintana Roo, \u201cpor primera vez est\u00e1 sucediendo, se est\u00e1n haciendo los enlaces, se est\u00e1 poniendo en el mapa una y otra vez a la capital. Y estoy 100 por ciento convencida que ser\u00e1, de verdad, un gran acierto, vamos a seguir trabajando, arrastrando el l\u00e1piz para que llegue esa inversi\u00f3n que tanto necesitamos en beneficio de la gente\u201d, cit\u00f3 la titular del Ejecutivo.<\/p>\n\n\n\n<p>Por otra parte, la gobernadora Mara Lezama afirm\u00f3 que Quintana Roo tambi\u00e9n se suma a la estrategia promocional para el consumo de los productos nacionales y locales, porque lo Hecho en M\u00e9xico y lo Hecho en Quintana Roo est\u00e1n bien hechos.<\/p>\n\n\n\n<figure class=\"wp-block-image is-style-default\"><a href=\"https:\/\/cgc.qroo.gob.mx\/cjg\/wp-content\/uploads\/2025\/08\/WhatsApp-Image-2025-08-11-at-15.06.43-scaled.jpeg\"><img decoding=\"async\" src=\"https:\/\/cgc.qroo.gob.mx\/cjg\/wp-content\/uploads\/2025\/08\/WhatsApp-Image-2025-08-11-at-15.06.43-585x390.jpeg\" alt=\"\" title=\"WhatsApp Image 2025-08-11 at 15.06.43\"\/><\/a><\/figure>\n\n\n\n<p>\u201cNos sumamos a la pol\u00edtica p\u00fablica que nuestra Presidenta Claudia Sheinbaum y al Plan M\u00e9xico, para impulsar el consumo nacional\u201d, a\u00f1adi\u00f3 Mara Lezama al agradecer, tambi\u00e9n, el apoyo del secretario de Econom\u00eda Marcelo Ebrard, quien recientemente estuvo de gira en Chetumal.<\/p>\n\n\n\n<p>El evento cont\u00f3 con la participaci\u00f3n de Carlos Alfonso Candelaria L\u00f3pez, Coordinador del Corredor del Bienestar, y B\u00e1rbara Botello Santib\u00e1\u00f1ez, responsable del Plan de Marca Nacional Hecho en M\u00e9xico, as\u00ed como de Jos\u00e9 Antonio Arce y Escamilla, Titular de la Coordinaci\u00f3n del Corredor Econ\u00f3mico del Bienestar en la zona del Corredor Maya, con quienes se formaliz\u00f3 la instalaci\u00f3n de este Comit\u00e9.<\/p>\n\n\n\n<figure class=\"wp-block-image is-style-default\"><img decoding=\"async\" src=\"https:\/\/cgc.qroo.gob.mx\/cjg\/wp-content\/uploads\/2025\/08\/WhatsApp-Image-2025-08-11-at-15.06.45-585x390.jpeg\" alt=\"\" title=\"WhatsApp Image 2025-08-11 at 15.06.45\"\/><\/figure>\n\n\n\n<p>Este nuevo \u00f3rgano honor\u00edfico estar\u00e1 integrado por destacadas empresarias y empresarios de Quintana Roo, quienes aportar\u00e1n su experiencia y visi\u00f3n para comunicar de manera directa las acciones y programas de la Secretar\u00eda de Econom\u00eda, convocar reuniones estrat\u00e9gicas, dar seguimiento puntual a acuerdos y promover la inversi\u00f3n productiva con contenido nacional.<\/p>\n\n\n\n<p>Ante todos ellos, Carlos Alfonso Candelaria L\u00f3pez explic\u00f3 que la instalaci\u00f3n del Polo de Desarrollo Econ\u00f3mico para el Bienestar de Chetumal es resultado del trabajo intenso de la gobernadora Mara Lezama y son parte de la estrategia para fortalecer la inversi\u00f3n nacional y extranjera.<\/p>\n\n\n\n<p>Dijo que a nivel nacional el portafolio de inversi\u00f3n asciende actualmente a 298 mil 061 millones de d\u00f3lares, con 2 mil proyectos en el pa\u00eds.<\/p>\n\n\n\n<figure class=\"wp-block-image is-style-default\"><a href=\"https:\/\/cgc.qroo.gob.mx\/cjg\/wp-content\/uploads\/2025\/08\/WhatsApp-Image-2025-08-11-at-15.06.44-1-scaled.jpeg\"><img decoding=\"async\" src=\"https:\/\/cgc.qroo.gob.mx\/cjg\/wp-content\/uploads\/2025\/08\/WhatsApp-Image-2025-08-11-at-15.06.44-1-585x390.jpeg\" alt=\"\" title=\"WhatsApp Image 2025-08-11 at 15.06.44 (1)\"\/><\/a><\/figure>\n\n\n\n<p>Por su parte, B\u00e1rbara Botello Santib\u00e1\u00f1ez, responsable del Plan de Marca Nacional Hecho en M\u00e9xico, explic\u00f3 que esta marca de certificaci\u00f3n reconoce los productos que se realizan en el pa\u00eds, ayuda a exportar. \u201cHecho en M\u00e9xico\u201d es para presumir todo lo que tenemos\u201d, dijo.<\/p>\n\n\n\n<p>Con esta instalaci\u00f3n, Quintana Roo se suma a otros 13 estados que ya han implementado el Comit\u00e9 Promotor de Inversiones. La medida consolida a Chetumal como un punto clave para el desarrollo regional, con acceso preferente a incentivos fiscales, infraestructura estrat\u00e9gica y apoyo federal, marcando un nuevo cap\u00edtulo para el crecimiento econ\u00f3mico sostenible y con justicia social en la entidad.<\/p>\n\n\n\n<p>El evento cont\u00f3 con la presencia de Paul Carrillo de C\u00e1ceres, Secretario de Desarrollo Econ\u00f3mico de Quintana Roo, quien expuso los motivos de esta instalaci\u00f3n; la presidenta municipal de Benito Ju\u00e1rez, Ana Paty Peralta de la Pe\u00f1a, y la Rectora de la Universidad An\u00e1huac Canc\u00fan, Yoani Paola Rodr\u00edguez Villegas.<\/p>\n","protected":false},"excerpt":{"rendered":"<p>Al instalarse el Comit\u00e9 Promotor de Inversiones en Quintana Roo por la gobernadora Mara Lezama Espinosa y el<\/p>\n","protected":false},"author":1,"featured_media":20589,"comment_status":"closed","ping_status":"open","sticky":false,"template":"","format":"standard","meta":{"_monsterinsights_skip_tracking":false,"_monsterinsights_sitenote_active":false,"_monsterinsights_sitenote_note":"","_monsterinsights_sitenote_category":0,"footnotes":""},"categories":[11,24],"tags":[],"class_list":["post-20588","post","type-post","status-publish","format-standard","has-post-thumbnail","hentry","category-noticias","category-quintana-roo"],"yoast_head":"<!-- This site is optimized with the Yoast SEO plugin v18.3 - https:\/\/yoast.com\/wordpress\/plugins\/seo\/ -->\n<title>Instala Mara Lezama el Comit\u00e9 Promotor de Inversiones para impulsar la econom\u00eda y el desarrollo en Quintana Roo - El Puuc Noticias<\/title>\n<meta name=\"robots\" content=\"index, follow, max-snippet:-1, max-image-preview:large, max-video-preview:-1\" \/>\n<link rel=\"canonical\" href=\"https:\/\/elpuucnoticias.com\/?p=20588\" \/>\n<meta property=\"og:locale\" content=\"es_ES\" \/>\n<meta property=\"og:type\" content=\"article\" \/>\n<meta property=\"og:title\" content=\"Instala Mara Lezama el Comit\u00e9 Promotor de Inversiones para impulsar la econom\u00eda y el desarrollo en Quintana Roo - El Puuc Noticias\" \/>\n<meta property=\"og:description\" content=\"Al instalarse el Comit\u00e9 Promotor de Inversiones en Quintana Roo por la gobernadora Mara Lezama Espinosa y el\" \/>\n<meta property=\"og:url\" content=\"https:\/\/elpuucnoticias.com\/?p=20588\" \/>\n<meta property=\"og:site_name\" content=\"El Puuc Noticias\" \/>\n<meta property=\"article:published_time\" content=\"2025-08-12T19:37:21+00:00\" \/>\n<meta property=\"article:modified_time\" content=\"2025-08-12T19:37:22+00:00\" \/>\n<meta property=\"og:image\" content=\"https:\/\/elpuucnoticias.com\/wp-content\/uploads\/2025\/08\/whatsapp-image-2025-08-11-at-15.06.42-scaled-1.jpeg\" \/>\n\t<meta property=\"og:image:width\" content=\"2560\" \/>\n\t<meta property=\"og:image:height\" content=\"1707\" \/>\n\t<meta property=\"og:image:type\" content=\"image\/jpeg\" \/>\n<meta name=\"twitter:card\" content=\"summary_large_image\" \/>\n<meta name=\"twitter:label1\" content=\"Escrito por\" \/>\n\t<meta name=\"twitter:data1\" content=\"elpuucnoticias\" \/>\n\t<meta name=\"twitter:label2\" content=\"Tiempo de lectura\" \/>\n\t<meta name=\"twitter:data2\" content=\"4 minutos\" \/>\n<script type=\"application\/ld+json\" class=\"yoast-schema-graph\">{\"@context\":\"https:\/\/schema.org\",\"@graph\":[{\"@type\":\"WebSite\",\"@id\":\"https:\/\/elpuucnoticias.com\/#website\",\"url\":\"https:\/\/elpuucnoticias.com\/\",\"name\":\"El Puuc Noticias\",\"description\":\"Noticias - Entretenimiento - Deportes\",\"potentialAction\":[{\"@type\":\"SearchAction\",\"target\":{\"@type\":\"EntryPoint\",\"urlTemplate\":\"https:\/\/elpuucnoticias.com\/?s={search_term_string}\"},\"query-input\":\"required name=search_term_string\"}],\"inLanguage\":\"es\"},{\"@type\":\"ImageObject\",\"@id\":\"https:\/\/elpuucnoticias.com\/?p=20588#primaryimage\",\"inLanguage\":\"es\",\"url\":\"https:\/\/elpuucnoticias.com\/wp-content\/uploads\/2025\/08\/whatsapp-image-2025-08-11-at-15.06.42-scaled-1.jpeg\",\"contentUrl\":\"https:\/\/elpuucnoticias.com\/wp-content\/uploads\/2025\/08\/whatsapp-image-2025-08-11-at-15.06.42-scaled-1.jpeg\",\"width\":2560,\"height\":1707},{\"@type\":\"WebPage\",\"@id\":\"https:\/\/elpuucnoticias.com\/?p=20588#webpage\",\"url\":\"https:\/\/elpuucnoticias.com\/?p=20588\",\"name\":\"Instala Mara Lezama el Comit\u00e9 Promotor de Inversiones para impulsar la econom\u00eda y el desarrollo en Quintana Roo - El Puuc Noticias\",\"isPartOf\":{\"@id\":\"https:\/\/elpuucnoticias.com\/#website\"},\"primaryImageOfPage\":{\"@id\":\"https:\/\/elpuucnoticias.com\/?p=20588#primaryimage\"},\"datePublished\":\"2025-08-12T19:37:21+00:00\",\"dateModified\":\"2025-08-12T19:37:22+00:00\",\"author\":{\"@id\":\"https:\/\/elpuucnoticias.com\/#\/schema\/person\/d2ea09e4c97f0160b11cdfb1d856bd9e\"},\"breadcrumb\":{\"@id\":\"https:\/\/elpuucnoticias.com\/?p=20588#breadcrumb\"},\"inLanguage\":\"es\",\"potentialAction\":[{\"@type\":\"ReadAction\",\"target\":[\"https:\/\/elpuucnoticias.com\/?p=20588\"]}]},{\"@type\":\"BreadcrumbList\",\"@id\":\"https:\/\/elpuucnoticias.com\/?p=20588#breadcrumb\",\"itemListElement\":[{\"@type\":\"ListItem\",\"position\":1,\"name\":\"Portada\",\"item\":\"https:\/\/elpuucnoticias.com\/\"},{\"@type\":\"ListItem\",\"position\":2,\"name\":\"Instala Mara Lezama el Comit\u00e9 Promotor de Inversiones para impulsar la econom\u00eda y el desarrollo en Quintana Roo\"}]},{\"@type\":\"Person\",\"@id\":\"https:\/\/elpuucnoticias.com\/#\/schema\/person\/d2ea09e4c97f0160b11cdfb1d856bd9e\",\"name\":\"elpuucnoticias\",\"image\":{\"@type\":\"ImageObject\",\"@id\":\"https:\/\/elpuucnoticias.com\/#personlogo\",\"inLanguage\":\"es\",\"url\":\"https:\/\/secure.gravatar.com\/avatar\/5290a43657c74ffa15701dbe5b846bd85cc71930d803c84e91046a7333de6ce2?s=96&d=mm&r=g\",\"contentUrl\":\"https:\/\/secure.gravatar.com\/avatar\/5290a43657c74ffa15701dbe5b846bd85cc71930d803c84e91046a7333de6ce2?s=96&d=mm&r=g\",\"caption\":\"elpuucnoticias\"},\"sameAs\":[\"https:\/\/elpuucnoticias.com\"],\"url\":\"https:\/\/elpuucnoticias.com\/?author=1\"}]}<\/script>\n<!-- \/ Yoast SEO plugin. -->","yoast_head_json":{"title":"Instala Mara Lezama el Comit\u00e9 Promotor de Inversiones para impulsar la econom\u00eda y el desarrollo en Quintana Roo - El Puuc Noticias","robots":{"index":"index","follow":"follow","max-snippet":"max-snippet:-1","max-image-preview":"max-image-preview:large","max-video-preview":"max-video-preview:-1"},"canonical":"https:\/\/elpuucnoticias.com\/?p=20588","og_locale":"es_ES","og_type":"article","og_title":"Instala Mara Lezama el Comit\u00e9 Promotor de Inversiones para impulsar la econom\u00eda y el desarrollo en Quintana Roo - El Puuc Noticias","og_description":"Al instalarse el Comit\u00e9 Promotor de Inversiones en Quintana Roo por la gobernadora Mara Lezama Espinosa y el","og_url":"https:\/\/elpuucnoticias.com\/?p=20588","og_site_name":"El Puuc Noticias","article_published_time":"2025-08-12T19:37:21+00:00","article_modified_time":"2025-08-12T19:37:22+00:00","og_image":[{"width":2560,"height":1707,"url":"https:\/\/elpuucnoticias.com\/wp-content\/uploads\/2025\/08\/whatsapp-image-2025-08-11-at-15.06.42-scaled-1.jpeg","type":"image\/jpeg"}],"twitter_card":"summary_large_image","twitter_misc":{"Escrito por":"elpuucnoticias","Tiempo de lectura":"4 minutos"},"schema":{"@context":"https:\/\/schema.org","@graph":[{"@type":"WebSite","@id":"https:\/\/elpuucnoticias.com\/#website","url":"https:\/\/elpuucnoticias.com\/","name":"El Puuc Noticias","description":"Noticias - Entretenimiento - Deportes","potentialAction":[{"@type":"SearchAction","target":{"@type":"EntryPoint","urlTemplate":"https:\/\/elpuucnoticias.com\/?s={search_term_string}"},"query-input":"required name=search_term_string"}],"inLanguage":"es"},{"@type":"ImageObject","@id":"https:\/\/elpuucnoticias.com\/?p=20588#primaryimage","inLanguage":"es","url":"https:\/\/elpuucnoticias.com\/wp-content\/uploads\/2025\/08\/whatsapp-image-2025-08-11-at-15.06.42-scaled-1.jpeg","contentUrl":"https:\/\/elpuucnoticias.com\/wp-content\/uploads\/2025\/08\/whatsapp-image-2025-08-11-at-15.06.42-scaled-1.jpeg","width":2560,"height":1707},{"@type":"WebPage","@id":"https:\/\/elpuucnoticias.com\/?p=20588#webpage","url":"https:\/\/elpuucnoticias.com\/?p=20588","name":"Instala Mara Lezama el Comit\u00e9 Promotor de Inversiones para impulsar la econom\u00eda y el desarrollo en Quintana Roo - El Puuc Noticias","isPartOf":{"@id":"https:\/\/elpuucnoticias.com\/#website"},"primaryImageOfPage":{"@id":"https:\/\/elpuucnoticias.com\/?p=20588#primaryimage"},"datePublished":"2025-08-12T19:37:21+00:00","dateModified":"2025-08-12T19:37:22+00:00","author":{"@id":"https:\/\/elpuucnoticias.com\/#\/schema\/person\/d2ea09e4c97f0160b11cdfb1d856bd9e"},"breadcrumb":{"@id":"https:\/\/elpuucnoticias.com\/?p=20588#breadcrumb"},"inLanguage":"es","potentialAction":[{"@type":"ReadAction","target":["https:\/\/elpuucnoticias.com\/?p=20588"]}]},{"@type":"BreadcrumbList","@id":"https:\/\/elpuucnoticias.com\/?p=20588#breadcrumb","itemListElement":[{"@type":"ListItem","position":1,"name":"Portada","item":"https:\/\/elpuucnoticias.com\/"},{"@type":"ListItem","position":2,"name":"Instala Mara Lezama el Comit\u00e9 Promotor de Inversiones para impulsar la econom\u00eda y el desarrollo en Quintana Roo"}]},{"@type":"Person","@id":"https:\/\/elpuucnoticias.com\/#\/schema\/person\/d2ea09e4c97f0160b11cdfb1d856bd9e","name":"elpuucnoticias","image":{"@type":"ImageObject","@id":"https:\/\/elpuucnoticias.com\/#personlogo","inLanguage":"es","url":"https:\/\/secure.gravatar.com\/avatar\/5290a43657c74ffa15701dbe5b846bd85cc71930d803c84e91046a7333de6ce2?s=96&d=mm&r=g","contentUrl":"https:\/\/secure.gravatar.com\/avatar\/5290a43657c74ffa15701dbe5b846bd85cc71930d803c84e91046a7333de6ce2?s=96&d=mm&r=g","caption":"elpuucnoticias"},"sameAs":["https:\/\/elpuucnoticias.com"],"url":"https:\/\/elpuucnoticias.com\/?author=1"}]}},"_links":{"self":[{"href":"https:\/\/elpuucnoticias.com\/index.php?rest_route=\/wp\/v2\/posts\/20588","targetHints":{"allow":["GET"]}}],"collection":[{"href":"https:\/\/elpuucnoticias.com\/index.php?rest_route=\/wp\/v2\/posts"}],"about":[{"href":"https:\/\/elpuucnoticias.com\/index.php?rest_route=\/wp\/v2\/types\/post"}],"author":[{"embeddable":true,"href":"https:\/\/elpuucnoticias.com\/index.php?rest_route=\/wp\/v2\/users\/1"}],"replies":[{"embeddable":true,"href":"https:\/\/elpuucnoticias.com\/index.php?rest_route=%2Fwp%2Fv2%2Fcomments&post=20588"}],"version-history":[{"count":1,"href":"https:\/\/elpuucnoticias.com\/index.php?rest_route=\/wp\/v2\/posts\/20588\/revisions"}],"predecessor-version":[{"id":20590,"href":"https:\/\/elpuucnoticias.com\/index.php?rest_route=\/wp\/v2\/posts\/20588\/revisions\/20590"}],"wp:featuredmedia":[{"embeddable":true,"href":"https:\/\/elpuucnoticias.com\/index.php?rest_route=\/wp\/v2\/media\/20589"}],"wp:attachment":[{"href":"https:\/\/elpuucnoticias.com\/index.php?rest_route=%2Fwp%2Fv2%2Fmedia&parent=20588"}],"wp:term":[{"taxonomy":"category","embeddable":true,"href":"https:\/\/elpuucnoticias.com\/index.php?rest_route=%2Fwp%2Fv2%2Fcategories&post=20588"},{"taxonomy":"post_tag","embeddable":true,"href":"https:\/\/elpuucnoticias.com\/index.php?rest_route=%2Fwp%2Fv2%2Ftags&post=20588"}],"curies":[{"name":"wp","href":"https:\/\/api.w.org\/{rel}","templated":true}]}}