{"id":20597,"date":"2025-08-12T13:49:59","date_gmt":"2025-08-12T19:49:59","guid":{"rendered":"https:\/\/elpuucnoticias.com\/?p=20597"},"modified":"2025-08-12T13:49:59","modified_gmt":"2025-08-12T19:49:59","slug":"convoca-la-fundacion-de-parques-y-museos-de-cozumel-a-la-exposicion-relato-del-pais-de-la-luz-del-artista-japones-kenji-endo","status":"publish","type":"post","link":"https:\/\/elpuucnoticias.com\/?p=20597","title":{"rendered":"Convoca La Fundaci\u00f3n de Parques y Museos de Cozumel a la exposici\u00f3n \u201cRelato del Pa\u00eds de la Luz\u201d, del artista japon\u00e9s Kenji Endo"},"content":{"rendered":"\n<p>La Fundaci\u00f3n de Parques y Museos de Cozumel (FPMC) invita a la comunidad y visitantes a la inauguraci\u00f3n de la exposici\u00f3n fotogr\u00e1fica y escult\u00f3rica \u201cRelato del Pa\u00eds de la Luz\u201d, del reconocido artista japon\u00e9s Kenji Endo, que se llevar\u00e1 a cabo el pr\u00f3ximo viernes 15 de agosto, a las 20:00 horas, en el Museo de la Isla. La entrada es libre.<\/p>\n\n\n\n<figure class=\"wp-block-image is-style-default\"><a href=\"https:\/\/cgc.qroo.gob.mx\/cjg\/wp-content\/uploads\/2025\/08\/WhatsApp-Image-2025-08-12-at-12.01.12.jpeg\"><img decoding=\"async\" src=\"https:\/\/cgc.qroo.gob.mx\/cjg\/wp-content\/uploads\/2025\/08\/WhatsApp-Image-2025-08-12-at-12.01.12-585x438.jpeg\" alt=\"\" title=\"WhatsApp Image 2025-08-12 at 12.01.12\"\/><\/a><\/figure>\n\n\n\n<p>Kenji Endo, originario de la prefectura de Saitama, Jap\u00f3n, y criado en las cercan\u00edas de Tokio, desarroll\u00f3 su vocaci\u00f3n art\u00edstica influenciado por un entorno cultural vibrante y diverso, que lo llevaron a estudiar escultura tridimensional en la Universidad de Arte Musashino y continu\u00f3 su formaci\u00f3n en la Universidad de las Artes de la Prefectura de Aichi.<\/p>\n\n\n\n<figure class=\"wp-block-image is-style-default\"><a href=\"https:\/\/cgc.qroo.gob.mx\/cjg\/wp-content\/uploads\/2025\/08\/WhatsApp-Image-2025-08-12-at-12.01.11-1.jpeg\"><img decoding=\"async\" src=\"https:\/\/cgc.qroo.gob.mx\/cjg\/wp-content\/uploads\/2025\/08\/WhatsApp-Image-2025-08-12-at-12.01.11-1-585x390.jpeg\" alt=\"\" title=\"WhatsApp Image 2025-08-12 at 12.01.11 (1)\"\/><\/a><\/figure>\n\n\n\n<p>La directora del Museo de la Isla, Isela Carrillo Cupul, agreg\u00f3 que la carrera del maestro Kenji Endo es internacional e incluye estudios en Francia, Alemania e Irlanda, as\u00ed como exposiciones individuales y colectivas en Jap\u00f3n, Estados Unidos, M\u00e9xico, Espa\u00f1a, entre otros pa\u00edses europeos.<\/p>\n\n\n\n<figure class=\"wp-block-image is-style-default\"><a href=\"https:\/\/cgc.qroo.gob.mx\/cjg\/wp-content\/uploads\/2025\/08\/WhatsApp-Image-2025-08-12-at-12.01.11.jpeg\"><img decoding=\"async\" src=\"https:\/\/cgc.qroo.gob.mx\/cjg\/wp-content\/uploads\/2025\/08\/WhatsApp-Image-2025-08-12-at-12.01.11-585x390.jpeg\" alt=\"\" title=\"WhatsApp Image 2025-08-12 at 12.01.11\"\/><\/a><\/figure>\n\n\n\n<p>Su estilo fusiona influencias del manga y el anime japon\u00e9s, con un marcado inter\u00e9s por la exploraci\u00f3n espacial, inspirada en la carrera espacial de la Guerra Fr\u00eda, que vivi\u00f3 en su infancia. El artista encuentra afinidad con las narrativas de la saga cinematogr\u00e1fica Star Wars y el anime Gundam, que imaginan colonias espaciales y la evoluci\u00f3n de la humanidad en el cosmos.<\/p>\n\n\n\n<figure class=\"wp-block-image is-style-default\"><a href=\"https:\/\/cgc.qroo.gob.mx\/cjg\/wp-content\/uploads\/2025\/08\/WhatsApp-Image-2025-08-12-at-12.01.12-1.jpeg\"><img decoding=\"async\" src=\"https:\/\/cgc.qroo.gob.mx\/cjg\/wp-content\/uploads\/2025\/08\/WhatsApp-Image-2025-08-12-at-12.01.12-1-585x744.jpeg\" alt=\"\" title=\"WhatsApp Image 2025-08-12 at 12.01.12 (1)\"\/><\/a><\/figure>\n\n\n\n<p>En \u201cRelato del Pa\u00eds de la Luz\u201d, Kenji Endo presentar\u00e1 14 fotograf\u00edas en gran formato de obras exhibidas en distintas partes del mundo, as\u00ed como una escultura in\u00e9dita, creada en un taller de soldadura de Cozumel e inspirada en la vida marina y los corales de la isla.<\/p>\n\n\n\n<p>La FPMC contin\u00faa ofreciendo a la comunidad experiencias culturales de alto nivel y fomenta el intercambio art\u00edstico internacional. La cita para la inauguraci\u00f3n de esta exposici\u00f3n es este viernes 15 de agosto, a las 20:00 horas, en el Museo de la Isla, concluy\u00f3 la directora del centro museogr\u00e1fico.<\/p>\n","protected":false},"excerpt":{"rendered":"<p>La Fundaci\u00f3n de Parques y Museos de Cozumel (FPMC) invita a la comunidad y visitantes a la inauguraci\u00f3n<\/p>\n","protected":false},"author":1,"featured_media":20598,"comment_status":"closed","ping_status":"open","sticky":false,"template":"","format":"standard","meta":{"_monsterinsights_skip_tracking":false,"_monsterinsights_sitenote_active":false,"_monsterinsights_sitenote_note":"","_monsterinsights_sitenote_category":0,"footnotes":""},"categories":[11,24],"tags":[],"class_list":["post-20597","post","type-post","status-publish","format-standard","has-post-thumbnail","hentry","category-noticias","category-quintana-roo"],"yoast_head":"<!-- This site is optimized with the Yoast SEO plugin v18.3 - https:\/\/yoast.com\/wordpress\/plugins\/seo\/ -->\n<title>Convoca La Fundaci\u00f3n de Parques y Museos de Cozumel a la exposici\u00f3n \u201cRelato del Pa\u00eds de la Luz\u201d, del artista japon\u00e9s Kenji Endo - El Puuc Noticias<\/title>\n<meta name=\"robots\" content=\"index, follow, max-snippet:-1, max-image-preview:large, max-video-preview:-1\" \/>\n<link rel=\"canonical\" href=\"https:\/\/elpuucnoticias.com\/?p=20597\" \/>\n<meta property=\"og:locale\" content=\"es_ES\" \/>\n<meta property=\"og:type\" content=\"article\" \/>\n<meta property=\"og:title\" content=\"Convoca La Fundaci\u00f3n de Parques y Museos de Cozumel a la exposici\u00f3n \u201cRelato del Pa\u00eds de la Luz\u201d, del artista japon\u00e9s Kenji Endo - El Puuc Noticias\" \/>\n<meta property=\"og:description\" content=\"La Fundaci\u00f3n de Parques y Museos de Cozumel (FPMC) invita a la comunidad y visitantes a la inauguraci\u00f3n\" \/>\n<meta property=\"og:url\" content=\"https:\/\/elpuucnoticias.com\/?p=20597\" \/>\n<meta property=\"og:site_name\" content=\"El Puuc Noticias\" \/>\n<meta property=\"article:published_time\" content=\"2025-08-12T19:49:59+00:00\" \/>\n<meta property=\"og:image\" content=\"https:\/\/elpuucnoticias.com\/wp-content\/uploads\/2025\/08\/whatsapp-image-2025-08-12-at-12.01.10.jpeg\" \/>\n\t<meta property=\"og:image:width\" content=\"1600\" \/>\n\t<meta property=\"og:image:height\" content=\"1600\" \/>\n\t<meta property=\"og:image:type\" content=\"image\/jpeg\" \/>\n<meta name=\"twitter:card\" content=\"summary_large_image\" \/>\n<meta name=\"twitter:label1\" content=\"Escrito por\" \/>\n\t<meta name=\"twitter:data1\" content=\"elpuucnoticias\" \/>\n\t<meta name=\"twitter:label2\" content=\"Tiempo de lectura\" \/>\n\t<meta name=\"twitter:data2\" content=\"2 minutos\" \/>\n<script type=\"application\/ld+json\" class=\"yoast-schema-graph\">{\"@context\":\"https:\/\/schema.org\",\"@graph\":[{\"@type\":\"WebSite\",\"@id\":\"https:\/\/elpuucnoticias.com\/#website\",\"url\":\"https:\/\/elpuucnoticias.com\/\",\"name\":\"El Puuc Noticias\",\"description\":\"Noticias - Entretenimiento - Deportes\",\"potentialAction\":[{\"@type\":\"SearchAction\",\"target\":{\"@type\":\"EntryPoint\",\"urlTemplate\":\"https:\/\/elpuucnoticias.com\/?s={search_term_string}\"},\"query-input\":\"required name=search_term_string\"}],\"inLanguage\":\"es\"},{\"@type\":\"ImageObject\",\"@id\":\"https:\/\/elpuucnoticias.com\/?p=20597#primaryimage\",\"inLanguage\":\"es\",\"url\":\"https:\/\/elpuucnoticias.com\/wp-content\/uploads\/2025\/08\/whatsapp-image-2025-08-12-at-12.01.10.jpeg\",\"contentUrl\":\"https:\/\/elpuucnoticias.com\/wp-content\/uploads\/2025\/08\/whatsapp-image-2025-08-12-at-12.01.10.jpeg\",\"width\":1600,\"height\":1600},{\"@type\":\"WebPage\",\"@id\":\"https:\/\/elpuucnoticias.com\/?p=20597#webpage\",\"url\":\"https:\/\/elpuucnoticias.com\/?p=20597\",\"name\":\"Convoca La Fundaci\u00f3n de Parques y Museos de Cozumel a la exposici\u00f3n \u201cRelato del Pa\u00eds de la Luz\u201d, del artista japon\u00e9s Kenji Endo - El Puuc Noticias\",\"isPartOf\":{\"@id\":\"https:\/\/elpuucnoticias.com\/#website\"},\"primaryImageOfPage\":{\"@id\":\"https:\/\/elpuucnoticias.com\/?p=20597#primaryimage\"},\"datePublished\":\"2025-08-12T19:49:59+00:00\",\"dateModified\":\"2025-08-12T19:49:59+00:00\",\"author\":{\"@id\":\"https:\/\/elpuucnoticias.com\/#\/schema\/person\/d2ea09e4c97f0160b11cdfb1d856bd9e\"},\"breadcrumb\":{\"@id\":\"https:\/\/elpuucnoticias.com\/?p=20597#breadcrumb\"},\"inLanguage\":\"es\",\"potentialAction\":[{\"@type\":\"ReadAction\",\"target\":[\"https:\/\/elpuucnoticias.com\/?p=20597\"]}]},{\"@type\":\"BreadcrumbList\",\"@id\":\"https:\/\/elpuucnoticias.com\/?p=20597#breadcrumb\",\"itemListElement\":[{\"@type\":\"ListItem\",\"position\":1,\"name\":\"Portada\",\"item\":\"https:\/\/elpuucnoticias.com\/\"},{\"@type\":\"ListItem\",\"position\":2,\"name\":\"Convoca La Fundaci\u00f3n de Parques y Museos de Cozumel a la exposici\u00f3n \u201cRelato del Pa\u00eds de la Luz\u201d, del artista japon\u00e9s Kenji Endo\"}]},{\"@type\":\"Person\",\"@id\":\"https:\/\/elpuucnoticias.com\/#\/schema\/person\/d2ea09e4c97f0160b11cdfb1d856bd9e\",\"name\":\"elpuucnoticias\",\"image\":{\"@type\":\"ImageObject\",\"@id\":\"https:\/\/elpuucnoticias.com\/#personlogo\",\"inLanguage\":\"es\",\"url\":\"https:\/\/secure.gravatar.com\/avatar\/5290a43657c74ffa15701dbe5b846bd85cc71930d803c84e91046a7333de6ce2?s=96&d=mm&r=g\",\"contentUrl\":\"https:\/\/secure.gravatar.com\/avatar\/5290a43657c74ffa15701dbe5b846bd85cc71930d803c84e91046a7333de6ce2?s=96&d=mm&r=g\",\"caption\":\"elpuucnoticias\"},\"sameAs\":[\"https:\/\/elpuucnoticias.com\"],\"url\":\"https:\/\/elpuucnoticias.com\/?author=1\"}]}<\/script>\n<!-- \/ Yoast SEO plugin. -->","yoast_head_json":{"title":"Convoca La Fundaci\u00f3n de Parques y Museos de Cozumel a la exposici\u00f3n \u201cRelato del Pa\u00eds de la Luz\u201d, del artista japon\u00e9s Kenji Endo - El Puuc Noticias","robots":{"index":"index","follow":"follow","max-snippet":"max-snippet:-1","max-image-preview":"max-image-preview:large","max-video-preview":"max-video-preview:-1"},"canonical":"https:\/\/elpuucnoticias.com\/?p=20597","og_locale":"es_ES","og_type":"article","og_title":"Convoca La Fundaci\u00f3n de Parques y Museos de Cozumel a la exposici\u00f3n \u201cRelato del Pa\u00eds de la Luz\u201d, del artista japon\u00e9s Kenji Endo - El Puuc Noticias","og_description":"La Fundaci\u00f3n de Parques y Museos de Cozumel (FPMC) invita a la comunidad y visitantes a la inauguraci\u00f3n","og_url":"https:\/\/elpuucnoticias.com\/?p=20597","og_site_name":"El Puuc Noticias","article_published_time":"2025-08-12T19:49:59+00:00","og_image":[{"width":1600,"height":1600,"url":"https:\/\/elpuucnoticias.com\/wp-content\/uploads\/2025\/08\/whatsapp-image-2025-08-12-at-12.01.10.jpeg","type":"image\/jpeg"}],"twitter_card":"summary_large_image","twitter_misc":{"Escrito por":"elpuucnoticias","Tiempo de lectura":"2 minutos"},"schema":{"@context":"https:\/\/schema.org","@graph":[{"@type":"WebSite","@id":"https:\/\/elpuucnoticias.com\/#website","url":"https:\/\/elpuucnoticias.com\/","name":"El Puuc Noticias","description":"Noticias - Entretenimiento - Deportes","potentialAction":[{"@type":"SearchAction","target":{"@type":"EntryPoint","urlTemplate":"https:\/\/elpuucnoticias.com\/?s={search_term_string}"},"query-input":"required name=search_term_string"}],"inLanguage":"es"},{"@type":"ImageObject","@id":"https:\/\/elpuucnoticias.com\/?p=20597#primaryimage","inLanguage":"es","url":"https:\/\/elpuucnoticias.com\/wp-content\/uploads\/2025\/08\/whatsapp-image-2025-08-12-at-12.01.10.jpeg","contentUrl":"https:\/\/elpuucnoticias.com\/wp-content\/uploads\/2025\/08\/whatsapp-image-2025-08-12-at-12.01.10.jpeg","width":1600,"height":1600},{"@type":"WebPage","@id":"https:\/\/elpuucnoticias.com\/?p=20597#webpage","url":"https:\/\/elpuucnoticias.com\/?p=20597","name":"Convoca La Fundaci\u00f3n de Parques y Museos de Cozumel a la exposici\u00f3n \u201cRelato del Pa\u00eds de la Luz\u201d, del artista japon\u00e9s Kenji Endo - El Puuc Noticias","isPartOf":{"@id":"https:\/\/elpuucnoticias.com\/#website"},"primaryImageOfPage":{"@id":"https:\/\/elpuucnoticias.com\/?p=20597#primaryimage"},"datePublished":"2025-08-12T19:49:59+00:00","dateModified":"2025-08-12T19:49:59+00:00","author":{"@id":"https:\/\/elpuucnoticias.com\/#\/schema\/person\/d2ea09e4c97f0160b11cdfb1d856bd9e"},"breadcrumb":{"@id":"https:\/\/elpuucnoticias.com\/?p=20597#breadcrumb"},"inLanguage":"es","potentialAction":[{"@type":"ReadAction","target":["https:\/\/elpuucnoticias.com\/?p=20597"]}]},{"@type":"BreadcrumbList","@id":"https:\/\/elpuucnoticias.com\/?p=20597#breadcrumb","itemListElement":[{"@type":"ListItem","position":1,"name":"Portada","item":"https:\/\/elpuucnoticias.com\/"},{"@type":"ListItem","position":2,"name":"Convoca La Fundaci\u00f3n de Parques y Museos de Cozumel a la exposici\u00f3n \u201cRelato del Pa\u00eds de la Luz\u201d, del artista japon\u00e9s Kenji Endo"}]},{"@type":"Person","@id":"https:\/\/elpuucnoticias.com\/#\/schema\/person\/d2ea09e4c97f0160b11cdfb1d856bd9e","name":"elpuucnoticias","image":{"@type":"ImageObject","@id":"https:\/\/elpuucnoticias.com\/#personlogo","inLanguage":"es","url":"https:\/\/secure.gravatar.com\/avatar\/5290a43657c74ffa15701dbe5b846bd85cc71930d803c84e91046a7333de6ce2?s=96&d=mm&r=g","contentUrl":"https:\/\/secure.gravatar.com\/avatar\/5290a43657c74ffa15701dbe5b846bd85cc71930d803c84e91046a7333de6ce2?s=96&d=mm&r=g","caption":"elpuucnoticias"},"sameAs":["https:\/\/elpuucnoticias.com"],"url":"https:\/\/elpuucnoticias.com\/?author=1"}]}},"_links":{"self":[{"href":"https:\/\/elpuucnoticias.com\/index.php?rest_route=\/wp\/v2\/posts\/20597","targetHints":{"allow":["GET"]}}],"collection":[{"href":"https:\/\/elpuucnoticias.com\/index.php?rest_route=\/wp\/v2\/posts"}],"about":[{"href":"https:\/\/elpuucnoticias.com\/index.php?rest_route=\/wp\/v2\/types\/post"}],"author":[{"embeddable":true,"href":"https:\/\/elpuucnoticias.com\/index.php?rest_route=\/wp\/v2\/users\/1"}],"replies":[{"embeddable":true,"href":"https:\/\/elpuucnoticias.com\/index.php?rest_route=%2Fwp%2Fv2%2Fcomments&post=20597"}],"version-history":[{"count":1,"href":"https:\/\/elpuucnoticias.com\/index.php?rest_route=\/wp\/v2\/posts\/20597\/revisions"}],"predecessor-version":[{"id":20599,"href":"https:\/\/elpuucnoticias.com\/index.php?rest_route=\/wp\/v2\/posts\/20597\/revisions\/20599"}],"wp:featuredmedia":[{"embeddable":true,"href":"https:\/\/elpuucnoticias.com\/index.php?rest_route=\/wp\/v2\/media\/20598"}],"wp:attachment":[{"href":"https:\/\/elpuucnoticias.com\/index.php?rest_route=%2Fwp%2Fv2%2Fmedia&parent=20597"}],"wp:term":[{"taxonomy":"category","embeddable":true,"href":"https:\/\/elpuucnoticias.com\/index.php?rest_route=%2Fwp%2Fv2%2Fcategories&post=20597"},{"taxonomy":"post_tag","embeddable":true,"href":"https:\/\/elpuucnoticias.com\/index.php?rest_route=%2Fwp%2Fv2%2Ftags&post=20597"}],"curies":[{"name":"wp","href":"https:\/\/api.w.org\/{rel}","templated":true}]}}