{"id":20600,"date":"2025-08-12T13:52:42","date_gmt":"2025-08-12T19:52:42","guid":{"rendered":"https:\/\/elpuucnoticias.com\/?p=20600"},"modified":"2025-08-12T13:52:43","modified_gmt":"2025-08-12T19:52:43","slug":"inicia-el-proceso-de-reasignacion-de-espacios-a-educacion-media-superior-2025","status":"publish","type":"post","link":"https:\/\/elpuucnoticias.com\/?p=20600","title":{"rendered":"Inicia el proceso de reasignaci\u00f3n de espacios a educaci\u00f3n media superior 2025"},"content":{"rendered":"\n<p>La Secretar\u00eda de Educaci\u00f3n de Quintana Roo (SEQ) inform\u00f3 que desde el pasado lunes y hasta el pr\u00f3ximo viernes 15 de agosto, se lleva a cabo la atenci\u00f3n de alumnas y alumnos sin un espacio asignado, quienes se registraron, pero no asistieron a la aplicaci\u00f3n del Examen Nacional de Ingreso a la Educaci\u00f3n Media Superior (EXANI-I) 2025 o no se inscribieron en el sistema en l\u00ednea.<\/p>\n\n\n\n<figure class=\"wp-block-image is-style-default\"><a href=\"https:\/\/cgc.qroo.gob.mx\/cjg\/wp-content\/uploads\/2025\/08\/WhatsApp-Image-2025-08-12-at-12.42.49.jpeg\"><img decoding=\"async\" src=\"https:\/\/cgc.qroo.gob.mx\/cjg\/wp-content\/uploads\/2025\/08\/WhatsApp-Image-2025-08-12-at-12.42.49-585x390.jpeg\" alt=\"\" title=\"WhatsApp Image 2025-08-12 at 12.42.49\"\/><\/a><\/figure>\n\n\n\n<p>A trav\u00e9s del Nuevo Acuerdo por el Bienestar y Desarrollo de Quintana Roo que impulsa la gobernadora Mara Lezama Espinosa, se brinda una educaci\u00f3n de calidad, humanista, progresista y solidaria, que prioriza que las y los estudiantes cuenten con un espacio seguro para realizar sus estudios en todos los niveles educativos.<\/p>\n\n\n\n<p>Durante este periodo se informar\u00e1 sobre la oferta de espacios disponibles a quienes no obtuvieron asignaci\u00f3n en alguna de las opciones para cursar el bachillerato y a quienes no se registraron, pero solicitan un espacio.<\/p>\n\n\n\n<figure class=\"wp-block-image is-style-default\"><a href=\"https:\/\/cgc.qroo.gob.mx\/cjg\/wp-content\/uploads\/2025\/08\/WhatsApp-Image-2025-08-12-at-12.42.49-1.jpeg\"><img decoding=\"async\" src=\"https:\/\/cgc.qroo.gob.mx\/cjg\/wp-content\/uploads\/2025\/08\/WhatsApp-Image-2025-08-12-at-12.42.49-1-585x390.jpeg\" alt=\"\" title=\"WhatsApp Image 2025-08-12 at 12.42.49 (1)\"\/><\/a><\/figure>\n\n\n\n<p>Adem\u00e1s, se ofrecer\u00e1 orientaci\u00f3n a las personas interesadas sobre las distintas modalidades de educaci\u00f3n media superior disponibles. En Benito Ju\u00e1rez se cuenta con m\u00e1s de 800 espacios disponibles, en Playa del Carmen con 287 y en Tulum con m\u00e1s de 50. En el resto de los dem\u00e1s municipios se cuenta con un total de mil 878 espacios.<\/p>\n\n\n\n<p>En las sedes de atenci\u00f3n de Canc\u00fan y Playa del Carmen se organiz\u00f3 una Feria de Oferta de Espacios, en la que participan Cecyteqroo y Cobaqroo con Prepa Modular y modalidad no escolarizada, escuelas particulares, Preparatoria Abierta SEQ, Centros de Asesor\u00eda de Prepa Abierta, as\u00ed como se brindar\u00e1 informaci\u00f3n sobre el programa Prepa en L\u00ednea que oferta la SEP.<\/p>\n\n\n\n<figure class=\"wp-block-image is-style-default\"><a href=\"https:\/\/cgc.qroo.gob.mx\/cjg\/wp-content\/uploads\/2025\/08\/WhatsApp-Image-2025-08-12-at-12.42.49-2.jpeg\"><img decoding=\"async\" src=\"https:\/\/cgc.qroo.gob.mx\/cjg\/wp-content\/uploads\/2025\/08\/WhatsApp-Image-2025-08-12-at-12.42.49-2-585x390.jpeg\" alt=\"\" title=\"WhatsApp Image 2025-08-12 at 12.42.49 (2)\"\/><\/a><\/figure>\n\n\n\n<p>Cabe recordar que el pasado s\u00e1bado 14 de junio del presente a\u00f1o, el Centro Nacional de Evaluaci\u00f3n para la Educaci\u00f3n Superior (CONEVAL), aplic\u00f3 el examen EXANI-I para asignar un espacio a las y los j\u00f3venes en alguna preparatoria p\u00fablica del estado, resultados que fueron publicados a trav\u00e9s de la cuenta de cada aspirante el d\u00eda viernes 11 de julio.<\/p>\n\n\n\n<p>El d\u00eda mi\u00e9rcoles 23 de julio se llev\u00f3 a cabo la presentaci\u00f3n del informe de resultados del Examen Nacional de Ingreso a la Educaci\u00f3n Media Superior (EXANI-I) 2025, a las direcciones generales de subsistemas y a la Subsecretar\u00eda de Educaci\u00f3n B\u00e1sica de la SEQ, presentaci\u00f3n que incluy\u00f3 los datos demogr\u00e1ficos, resultados acad\u00e9micos e informaci\u00f3n de contexto de los sustentantes.<\/p>\n","protected":false},"excerpt":{"rendered":"<p>La Secretar\u00eda de Educaci\u00f3n de Quintana Roo (SEQ) inform\u00f3 que desde el pasado lunes y hasta el pr\u00f3ximo<\/p>\n","protected":false},"author":1,"featured_media":20601,"comment_status":"closed","ping_status":"open","sticky":false,"template":"","format":"standard","meta":{"_monsterinsights_skip_tracking":false,"_monsterinsights_sitenote_active":false,"_monsterinsights_sitenote_note":"","_monsterinsights_sitenote_category":0,"footnotes":""},"categories":[11,24],"tags":[],"class_list":["post-20600","post","type-post","status-publish","format-standard","has-post-thumbnail","hentry","category-noticias","category-quintana-roo"],"yoast_head":"<!-- This site is optimized with the Yoast SEO plugin v18.3 - https:\/\/yoast.com\/wordpress\/plugins\/seo\/ -->\n<title>Inicia el proceso de reasignaci\u00f3n de espacios a educaci\u00f3n media superior 2025 - El Puuc Noticias<\/title>\n<meta name=\"robots\" content=\"index, follow, max-snippet:-1, max-image-preview:large, max-video-preview:-1\" \/>\n<link rel=\"canonical\" href=\"https:\/\/elpuucnoticias.com\/?p=20600\" \/>\n<meta property=\"og:locale\" content=\"es_ES\" \/>\n<meta property=\"og:type\" content=\"article\" \/>\n<meta property=\"og:title\" content=\"Inicia el proceso de reasignaci\u00f3n de espacios a educaci\u00f3n media superior 2025 - El Puuc Noticias\" \/>\n<meta property=\"og:description\" content=\"La Secretar\u00eda de Educaci\u00f3n de Quintana Roo (SEQ) inform\u00f3 que desde el pasado lunes y hasta el pr\u00f3ximo\" \/>\n<meta property=\"og:url\" content=\"https:\/\/elpuucnoticias.com\/?p=20600\" \/>\n<meta property=\"og:site_name\" content=\"El Puuc Noticias\" \/>\n<meta property=\"article:published_time\" content=\"2025-08-12T19:52:42+00:00\" \/>\n<meta property=\"article:modified_time\" content=\"2025-08-12T19:52:43+00:00\" \/>\n<meta property=\"og:image\" content=\"https:\/\/elpuucnoticias.com\/wp-content\/uploads\/2025\/08\/whatsapp-image-2025-08-12-at-12.42.48.jpeg\" \/>\n\t<meta property=\"og:image:width\" content=\"1280\" \/>\n\t<meta property=\"og:image:height\" content=\"853\" \/>\n\t<meta property=\"og:image:type\" content=\"image\/jpeg\" \/>\n<meta name=\"twitter:card\" content=\"summary_large_image\" \/>\n<meta name=\"twitter:label1\" content=\"Escrito por\" \/>\n\t<meta name=\"twitter:data1\" content=\"elpuucnoticias\" \/>\n\t<meta name=\"twitter:label2\" content=\"Tiempo de lectura\" \/>\n\t<meta name=\"twitter:data2\" content=\"2 minutos\" \/>\n<script type=\"application\/ld+json\" class=\"yoast-schema-graph\">{\"@context\":\"https:\/\/schema.org\",\"@graph\":[{\"@type\":\"WebSite\",\"@id\":\"https:\/\/elpuucnoticias.com\/#website\",\"url\":\"https:\/\/elpuucnoticias.com\/\",\"name\":\"El Puuc Noticias\",\"description\":\"Noticias - Entretenimiento - Deportes\",\"potentialAction\":[{\"@type\":\"SearchAction\",\"target\":{\"@type\":\"EntryPoint\",\"urlTemplate\":\"https:\/\/elpuucnoticias.com\/?s={search_term_string}\"},\"query-input\":\"required name=search_term_string\"}],\"inLanguage\":\"es\"},{\"@type\":\"ImageObject\",\"@id\":\"https:\/\/elpuucnoticias.com\/?p=20600#primaryimage\",\"inLanguage\":\"es\",\"url\":\"https:\/\/elpuucnoticias.com\/wp-content\/uploads\/2025\/08\/whatsapp-image-2025-08-12-at-12.42.48.jpeg\",\"contentUrl\":\"https:\/\/elpuucnoticias.com\/wp-content\/uploads\/2025\/08\/whatsapp-image-2025-08-12-at-12.42.48.jpeg\",\"width\":1280,\"height\":853},{\"@type\":\"WebPage\",\"@id\":\"https:\/\/elpuucnoticias.com\/?p=20600#webpage\",\"url\":\"https:\/\/elpuucnoticias.com\/?p=20600\",\"name\":\"Inicia el proceso de reasignaci\u00f3n de espacios a educaci\u00f3n media superior 2025 - El Puuc Noticias\",\"isPartOf\":{\"@id\":\"https:\/\/elpuucnoticias.com\/#website\"},\"primaryImageOfPage\":{\"@id\":\"https:\/\/elpuucnoticias.com\/?p=20600#primaryimage\"},\"datePublished\":\"2025-08-12T19:52:42+00:00\",\"dateModified\":\"2025-08-12T19:52:43+00:00\",\"author\":{\"@id\":\"https:\/\/elpuucnoticias.com\/#\/schema\/person\/d2ea09e4c97f0160b11cdfb1d856bd9e\"},\"breadcrumb\":{\"@id\":\"https:\/\/elpuucnoticias.com\/?p=20600#breadcrumb\"},\"inLanguage\":\"es\",\"potentialAction\":[{\"@type\":\"ReadAction\",\"target\":[\"https:\/\/elpuucnoticias.com\/?p=20600\"]}]},{\"@type\":\"BreadcrumbList\",\"@id\":\"https:\/\/elpuucnoticias.com\/?p=20600#breadcrumb\",\"itemListElement\":[{\"@type\":\"ListItem\",\"position\":1,\"name\":\"Portada\",\"item\":\"https:\/\/elpuucnoticias.com\/\"},{\"@type\":\"ListItem\",\"position\":2,\"name\":\"Inicia el proceso de reasignaci\u00f3n de espacios a educaci\u00f3n media superior 2025\"}]},{\"@type\":\"Person\",\"@id\":\"https:\/\/elpuucnoticias.com\/#\/schema\/person\/d2ea09e4c97f0160b11cdfb1d856bd9e\",\"name\":\"elpuucnoticias\",\"image\":{\"@type\":\"ImageObject\",\"@id\":\"https:\/\/elpuucnoticias.com\/#personlogo\",\"inLanguage\":\"es\",\"url\":\"https:\/\/secure.gravatar.com\/avatar\/5290a43657c74ffa15701dbe5b846bd85cc71930d803c84e91046a7333de6ce2?s=96&d=mm&r=g\",\"contentUrl\":\"https:\/\/secure.gravatar.com\/avatar\/5290a43657c74ffa15701dbe5b846bd85cc71930d803c84e91046a7333de6ce2?s=96&d=mm&r=g\",\"caption\":\"elpuucnoticias\"},\"sameAs\":[\"https:\/\/elpuucnoticias.com\"],\"url\":\"https:\/\/elpuucnoticias.com\/?author=1\"}]}<\/script>\n<!-- \/ Yoast SEO plugin. -->","yoast_head_json":{"title":"Inicia el proceso de reasignaci\u00f3n de espacios a educaci\u00f3n media superior 2025 - El Puuc Noticias","robots":{"index":"index","follow":"follow","max-snippet":"max-snippet:-1","max-image-preview":"max-image-preview:large","max-video-preview":"max-video-preview:-1"},"canonical":"https:\/\/elpuucnoticias.com\/?p=20600","og_locale":"es_ES","og_type":"article","og_title":"Inicia el proceso de reasignaci\u00f3n de espacios a educaci\u00f3n media superior 2025 - El Puuc Noticias","og_description":"La Secretar\u00eda de Educaci\u00f3n de Quintana Roo (SEQ) inform\u00f3 que desde el pasado lunes y hasta el pr\u00f3ximo","og_url":"https:\/\/elpuucnoticias.com\/?p=20600","og_site_name":"El Puuc Noticias","article_published_time":"2025-08-12T19:52:42+00:00","article_modified_time":"2025-08-12T19:52:43+00:00","og_image":[{"width":1280,"height":853,"url":"https:\/\/elpuucnoticias.com\/wp-content\/uploads\/2025\/08\/whatsapp-image-2025-08-12-at-12.42.48.jpeg","type":"image\/jpeg"}],"twitter_card":"summary_large_image","twitter_misc":{"Escrito por":"elpuucnoticias","Tiempo de lectura":"2 minutos"},"schema":{"@context":"https:\/\/schema.org","@graph":[{"@type":"WebSite","@id":"https:\/\/elpuucnoticias.com\/#website","url":"https:\/\/elpuucnoticias.com\/","name":"El Puuc Noticias","description":"Noticias - Entretenimiento - Deportes","potentialAction":[{"@type":"SearchAction","target":{"@type":"EntryPoint","urlTemplate":"https:\/\/elpuucnoticias.com\/?s={search_term_string}"},"query-input":"required name=search_term_string"}],"inLanguage":"es"},{"@type":"ImageObject","@id":"https:\/\/elpuucnoticias.com\/?p=20600#primaryimage","inLanguage":"es","url":"https:\/\/elpuucnoticias.com\/wp-content\/uploads\/2025\/08\/whatsapp-image-2025-08-12-at-12.42.48.jpeg","contentUrl":"https:\/\/elpuucnoticias.com\/wp-content\/uploads\/2025\/08\/whatsapp-image-2025-08-12-at-12.42.48.jpeg","width":1280,"height":853},{"@type":"WebPage","@id":"https:\/\/elpuucnoticias.com\/?p=20600#webpage","url":"https:\/\/elpuucnoticias.com\/?p=20600","name":"Inicia el proceso de reasignaci\u00f3n de espacios a educaci\u00f3n media superior 2025 - El Puuc Noticias","isPartOf":{"@id":"https:\/\/elpuucnoticias.com\/#website"},"primaryImageOfPage":{"@id":"https:\/\/elpuucnoticias.com\/?p=20600#primaryimage"},"datePublished":"2025-08-12T19:52:42+00:00","dateModified":"2025-08-12T19:52:43+00:00","author":{"@id":"https:\/\/elpuucnoticias.com\/#\/schema\/person\/d2ea09e4c97f0160b11cdfb1d856bd9e"},"breadcrumb":{"@id":"https:\/\/elpuucnoticias.com\/?p=20600#breadcrumb"},"inLanguage":"es","potentialAction":[{"@type":"ReadAction","target":["https:\/\/elpuucnoticias.com\/?p=20600"]}]},{"@type":"BreadcrumbList","@id":"https:\/\/elpuucnoticias.com\/?p=20600#breadcrumb","itemListElement":[{"@type":"ListItem","position":1,"name":"Portada","item":"https:\/\/elpuucnoticias.com\/"},{"@type":"ListItem","position":2,"name":"Inicia el proceso de reasignaci\u00f3n de espacios a educaci\u00f3n media superior 2025"}]},{"@type":"Person","@id":"https:\/\/elpuucnoticias.com\/#\/schema\/person\/d2ea09e4c97f0160b11cdfb1d856bd9e","name":"elpuucnoticias","image":{"@type":"ImageObject","@id":"https:\/\/elpuucnoticias.com\/#personlogo","inLanguage":"es","url":"https:\/\/secure.gravatar.com\/avatar\/5290a43657c74ffa15701dbe5b846bd85cc71930d803c84e91046a7333de6ce2?s=96&d=mm&r=g","contentUrl":"https:\/\/secure.gravatar.com\/avatar\/5290a43657c74ffa15701dbe5b846bd85cc71930d803c84e91046a7333de6ce2?s=96&d=mm&r=g","caption":"elpuucnoticias"},"sameAs":["https:\/\/elpuucnoticias.com"],"url":"https:\/\/elpuucnoticias.com\/?author=1"}]}},"_links":{"self":[{"href":"https:\/\/elpuucnoticias.com\/index.php?rest_route=\/wp\/v2\/posts\/20600","targetHints":{"allow":["GET"]}}],"collection":[{"href":"https:\/\/elpuucnoticias.com\/index.php?rest_route=\/wp\/v2\/posts"}],"about":[{"href":"https:\/\/elpuucnoticias.com\/index.php?rest_route=\/wp\/v2\/types\/post"}],"author":[{"embeddable":true,"href":"https:\/\/elpuucnoticias.com\/index.php?rest_route=\/wp\/v2\/users\/1"}],"replies":[{"embeddable":true,"href":"https:\/\/elpuucnoticias.com\/index.php?rest_route=%2Fwp%2Fv2%2Fcomments&post=20600"}],"version-history":[{"count":1,"href":"https:\/\/elpuucnoticias.com\/index.php?rest_route=\/wp\/v2\/posts\/20600\/revisions"}],"predecessor-version":[{"id":20602,"href":"https:\/\/elpuucnoticias.com\/index.php?rest_route=\/wp\/v2\/posts\/20600\/revisions\/20602"}],"wp:featuredmedia":[{"embeddable":true,"href":"https:\/\/elpuucnoticias.com\/index.php?rest_route=\/wp\/v2\/media\/20601"}],"wp:attachment":[{"href":"https:\/\/elpuucnoticias.com\/index.php?rest_route=%2Fwp%2Fv2%2Fmedia&parent=20600"}],"wp:term":[{"taxonomy":"category","embeddable":true,"href":"https:\/\/elpuucnoticias.com\/index.php?rest_route=%2Fwp%2Fv2%2Fcategories&post=20600"},{"taxonomy":"post_tag","embeddable":true,"href":"https:\/\/elpuucnoticias.com\/index.php?rest_route=%2Fwp%2Fv2%2Ftags&post=20600"}],"curies":[{"name":"wp","href":"https:\/\/api.w.org\/{rel}","templated":true}]}}