{"id":20603,"date":"2025-08-12T14:01:40","date_gmt":"2025-08-12T20:01:40","guid":{"rendered":"https:\/\/elpuucnoticias.com\/?p=20603"},"modified":"2025-08-12T14:01:40","modified_gmt":"2025-08-12T20:01:40","slug":"tren-de-pasajeros-mexico-pachuca-atenderan-a-108-mil-usuarios-al-dia-en-un-recorrido-de-una-hora-15-minutos","status":"publish","type":"post","link":"https:\/\/elpuucnoticias.com\/?p=20603","title":{"rendered":"Tren de pasajeros M\u00e9xico-Pachuca atender\u00e1n a 108 mil usuarios al d\u00eda en un recorrido de una hora 15 minutos"},"content":{"rendered":"\n<p>Ante la Presidenta Claudia Sheinbaum Pardo y el Secretario de Infraestructura, Comunicaciones y Transportes, Jes\u00fas Antonio Esteva Medina, Andr\u00e9s Lajous dio a conocer que esa ruta conectar\u00e1 a Pachuca (con una poblaci\u00f3n de 665 mil habitantes) y a la zona del Valle de M\u00e9xico<\/p>\n\n\n\n<p>Se adquirir\u00e1n 15 trenes de pasajeros con capacidad para 700 usuarios, tendr\u00e1n espacios preferentes para personas con silla de ruedas y correr\u00e1n a una velocidad m\u00e1xima de 130 km por hora<\/p>\n\n\n\n<figure class=\"wp-block-gallery has-nested-images columns-default is-cropped wp-block-gallery-1 is-layout-flex wp-block-gallery-is-layout-flex\">\n<figure class=\"wp-block-image size-large is-style-default\"><img loading=\"lazy\" decoding=\"async\" width=\"1024\" height=\"768\" data-id=\"20605\" src=\"https:\/\/elpuucnoticias.com\/wp-content\/uploads\/2025\/08\/whatsapp-image-2025-08-12-at-1.02.38-pm-5-1024x768.jpeg\" alt=\"\" class=\"wp-image-20605\" srcset=\"https:\/\/elpuucnoticias.com\/wp-content\/uploads\/2025\/08\/whatsapp-image-2025-08-12-at-1.02.38-pm-5-1024x768.jpeg 1024w, https:\/\/elpuucnoticias.com\/wp-content\/uploads\/2025\/08\/whatsapp-image-2025-08-12-at-1.02.38-pm-5-300x225.jpeg 300w, https:\/\/elpuucnoticias.com\/wp-content\/uploads\/2025\/08\/whatsapp-image-2025-08-12-at-1.02.38-pm-5-768x576.jpeg 768w, https:\/\/elpuucnoticias.com\/wp-content\/uploads\/2025\/08\/whatsapp-image-2025-08-12-at-1.02.38-pm-5-800x600.jpeg 800w, https:\/\/elpuucnoticias.com\/wp-content\/uploads\/2025\/08\/whatsapp-image-2025-08-12-at-1.02.38-pm-5-320x240.jpeg 320w, https:\/\/elpuucnoticias.com\/wp-content\/uploads\/2025\/08\/whatsapp-image-2025-08-12-at-1.02.38-pm-5.jpeg 1280w\" sizes=\"auto, (max-width: 1024px) 100vw, 1024px\" \/><\/figure>\n\n\n\n<figure class=\"wp-block-image size-large is-style-default\"><img loading=\"lazy\" decoding=\"async\" width=\"1024\" height=\"682\" data-id=\"20604\" src=\"https:\/\/elpuucnoticias.com\/wp-content\/uploads\/2025\/08\/whatsapp-image-2025-08-12-at-1.02.38-pm-6-1024x682.jpeg\" alt=\"\" class=\"wp-image-20604\" srcset=\"https:\/\/elpuucnoticias.com\/wp-content\/uploads\/2025\/08\/whatsapp-image-2025-08-12-at-1.02.38-pm-6-1024x682.jpeg 1024w, https:\/\/elpuucnoticias.com\/wp-content\/uploads\/2025\/08\/whatsapp-image-2025-08-12-at-1.02.38-pm-6-300x200.jpeg 300w, https:\/\/elpuucnoticias.com\/wp-content\/uploads\/2025\/08\/whatsapp-image-2025-08-12-at-1.02.38-pm-6-768x511.jpeg 768w, https:\/\/elpuucnoticias.com\/wp-content\/uploads\/2025\/08\/whatsapp-image-2025-08-12-at-1.02.38-pm-6-600x400.jpeg 600w, https:\/\/elpuucnoticias.com\/wp-content\/uploads\/2025\/08\/whatsapp-image-2025-08-12-at-1.02.38-pm-6-320x213.jpeg 320w, https:\/\/elpuucnoticias.com\/wp-content\/uploads\/2025\/08\/whatsapp-image-2025-08-12-at-1.02.38-pm-6.jpeg 1280w\" sizes=\"auto, (max-width: 1024px) 100vw, 1024px\" \/><\/figure>\n<\/figure>\n\n\n\n<p>El tren de pasajeros M\u00e9xico-Pachuca, que construye el Gobierno de M\u00e9xico, tendr\u00e1 un tiempo de recorrido de una hora con 15 minutos, desde la estaci\u00f3n de Buenavista en la Ciudad de M\u00e9xico, hasta lo que ser\u00e1 la estaci\u00f3n terminal de Pachuca, destac\u00f3 el Titular de la Agencia Reguladora del Transporte Ferroviario (ARTF), Andr\u00e9s Lajous Loaeza.<\/p>\n\n\n\n<p>Durante la Supervisi\u00f3n del Tren M\u00e9xico-Pachuca, que encabez\u00f3 la Presidenta Claudia Sheinbaum Pardo en compa\u00f1\u00eda del secretario de Infraestructura, Comunicaciones y Transportes (SICT), Jes\u00fas Antonio Esteva Medina, dio a conocer que este servicio conectar\u00e1 a la Zona Metropolitana de Pachuca, que cuenta con 665 mil habitantes, con la del Valle de M\u00e9xico.<\/p>\n\n\n\n<figure class=\"wp-block-gallery has-nested-images columns-default is-cropped wp-block-gallery-2 is-layout-flex wp-block-gallery-is-layout-flex\">\n<figure class=\"wp-block-image size-large is-style-default\"><img loading=\"lazy\" decoding=\"async\" width=\"1024\" height=\"582\" data-id=\"20606\" src=\"https:\/\/elpuucnoticias.com\/wp-content\/uploads\/2025\/08\/whatsapp-image-2025-08-12-at-1.02.38-pm-1-1024x582.jpeg\" alt=\"\" class=\"wp-image-20606\" srcset=\"https:\/\/elpuucnoticias.com\/wp-content\/uploads\/2025\/08\/whatsapp-image-2025-08-12-at-1.02.38-pm-1-1024x582.jpeg 1024w, https:\/\/elpuucnoticias.com\/wp-content\/uploads\/2025\/08\/whatsapp-image-2025-08-12-at-1.02.38-pm-1-300x171.jpeg 300w, https:\/\/elpuucnoticias.com\/wp-content\/uploads\/2025\/08\/whatsapp-image-2025-08-12-at-1.02.38-pm-1-768x437.jpeg 768w, https:\/\/elpuucnoticias.com\/wp-content\/uploads\/2025\/08\/whatsapp-image-2025-08-12-at-1.02.38-pm-1-320x182.jpeg 320w, https:\/\/elpuucnoticias.com\/wp-content\/uploads\/2025\/08\/whatsapp-image-2025-08-12-at-1.02.38-pm-1.jpeg 1280w\" sizes=\"auto, (max-width: 1024px) 100vw, 1024px\" \/><\/figure>\n\n\n\n<figure class=\"wp-block-image size-large is-style-default\"><img loading=\"lazy\" decoding=\"async\" width=\"1024\" height=\"594\" data-id=\"20607\" src=\"https:\/\/elpuucnoticias.com\/wp-content\/uploads\/2025\/08\/whatsapp-image-2025-08-12-at-1.02.38-pm-1024x594.jpeg\" alt=\"\" class=\"wp-image-20607\" srcset=\"https:\/\/elpuucnoticias.com\/wp-content\/uploads\/2025\/08\/whatsapp-image-2025-08-12-at-1.02.38-pm-1024x594.jpeg 1024w, https:\/\/elpuucnoticias.com\/wp-content\/uploads\/2025\/08\/whatsapp-image-2025-08-12-at-1.02.38-pm-300x174.jpeg 300w, https:\/\/elpuucnoticias.com\/wp-content\/uploads\/2025\/08\/whatsapp-image-2025-08-12-at-1.02.38-pm-768x445.jpeg 768w, https:\/\/elpuucnoticias.com\/wp-content\/uploads\/2025\/08\/whatsapp-image-2025-08-12-at-1.02.38-pm-320x186.jpeg 320w, https:\/\/elpuucnoticias.com\/wp-content\/uploads\/2025\/08\/whatsapp-image-2025-08-12-at-1.02.38-pm.jpeg 1280w\" sizes=\"auto, (max-width: 1024px) 100vw, 1024px\" \/><\/figure>\n<\/figure>\n\n\n\n<p>Resalt\u00f3 que se prev\u00e9 una demanda de alrededor de 108 mil usuarios al d\u00eda, y contar\u00e1 con trenes el\u00e9ctricos, por lo que ser\u00e1n silenciosos y no contaminantes.<\/p>\n\n\n\n<p>La licitaci\u00f3n empez\u00f3 el 25 de junio, se public\u00f3 la convocatoria el 10 de julio y se estar\u00eda fallando a finales de agosto.<\/p>\n\n\n\n<p>Se adquirir\u00e1n 15 trenes de pasajeros con velocidad m\u00e1xima de 130 km por hora y longitud de 100 metros. \u201cSin embargo, son trenes y as\u00ed est\u00e1n planeados los andenes, que se pueden juntar y tenemos un tren acoplado, lo cual permite que en las horas de mayor demanda tengamos el doble de capacidad\u201d, explic\u00f3.<\/p>\n\n\n\n<p>Enfatiz\u00f3 que ser\u00e1n trenes seguros, c\u00f3modos, donde caben m\u00e1s de 700 pasajeros en cada uno, de ellos, 315 ir\u00e1n sentados. Ser\u00e1n de accesibilidad universal, es decir, no hay un escal\u00f3n entre el and\u00e9n y el tren; adem\u00e1s, tendr\u00e1n espacios preferentes para personas con silla de ruedas.<\/p>\n\n\n\n<figure class=\"wp-block-gallery has-nested-images columns-default is-cropped wp-block-gallery-3 is-layout-flex wp-block-gallery-is-layout-flex\">\n<figure class=\"wp-block-image size-large is-style-default\"><img loading=\"lazy\" decoding=\"async\" width=\"1024\" height=\"582\" data-id=\"20608\" src=\"https:\/\/elpuucnoticias.com\/wp-content\/uploads\/2025\/08\/whatsapp-image-2025-08-12-at-1.02.39-pm-1-1024x582.jpeg\" alt=\"\" class=\"wp-image-20608\" srcset=\"https:\/\/elpuucnoticias.com\/wp-content\/uploads\/2025\/08\/whatsapp-image-2025-08-12-at-1.02.39-pm-1-1024x582.jpeg 1024w, https:\/\/elpuucnoticias.com\/wp-content\/uploads\/2025\/08\/whatsapp-image-2025-08-12-at-1.02.39-pm-1-300x171.jpeg 300w, https:\/\/elpuucnoticias.com\/wp-content\/uploads\/2025\/08\/whatsapp-image-2025-08-12-at-1.02.39-pm-1-768x437.jpeg 768w, https:\/\/elpuucnoticias.com\/wp-content\/uploads\/2025\/08\/whatsapp-image-2025-08-12-at-1.02.39-pm-1-320x182.jpeg 320w, https:\/\/elpuucnoticias.com\/wp-content\/uploads\/2025\/08\/whatsapp-image-2025-08-12-at-1.02.39-pm-1.jpeg 1280w\" sizes=\"auto, (max-width: 1024px) 100vw, 1024px\" \/><\/figure>\n\n\n\n<figure class=\"wp-block-image size-large is-style-default\"><img loading=\"lazy\" decoding=\"async\" width=\"1024\" height=\"580\" data-id=\"20609\" src=\"https:\/\/elpuucnoticias.com\/wp-content\/uploads\/2025\/08\/whatsapp-image-2025-08-12-at-1.02.39-pm-1024x580.jpeg\" alt=\"\" class=\"wp-image-20609\" srcset=\"https:\/\/elpuucnoticias.com\/wp-content\/uploads\/2025\/08\/whatsapp-image-2025-08-12-at-1.02.39-pm-1024x580.jpeg 1024w, https:\/\/elpuucnoticias.com\/wp-content\/uploads\/2025\/08\/whatsapp-image-2025-08-12-at-1.02.39-pm-300x170.jpeg 300w, https:\/\/elpuucnoticias.com\/wp-content\/uploads\/2025\/08\/whatsapp-image-2025-08-12-at-1.02.39-pm-768x435.jpeg 768w, https:\/\/elpuucnoticias.com\/wp-content\/uploads\/2025\/08\/whatsapp-image-2025-08-12-at-1.02.39-pm-320x181.jpeg 320w, https:\/\/elpuucnoticias.com\/wp-content\/uploads\/2025\/08\/whatsapp-image-2025-08-12-at-1.02.39-pm.jpeg 1280w\" sizes=\"auto, (max-width: 1024px) 100vw, 1024px\" \/><\/figure>\n<\/figure>\n\n\n\n<p>El titular de la ARTF, \u00f3rgano desconcentrado de la SICT, dijo que el tren ir\u00e1 sobre v\u00edas dedicadas, aprovechando en su mayor parte el derecho de v\u00eda existente.<\/p>\n\n\n\n<p>\u201cHay un derecho de v\u00eda en los trenes de carga y ese derecho de v\u00eda se aprovecha para poner nuevas v\u00edas de pasajeros y que no haya una convivencia directa entre los trenes de carga y de pasajeros\u201d, puntualiz\u00f3.<\/p>\n\n\n\n<p>Sobre los tiempos de recorrido, estos ir\u00e1n desde la estaci\u00f3n Buenavista en la Ciudad de M\u00e9xico a Pachuca, Hidalgo, trayecto que se realizar\u00e1 en una hora con 15 minutos. \u201cA Jag\u00fcey de T\u00e9llez, a la entrada a la zona metropolitana a Pachuca y a Tizayuca, ser\u00e1 de 50 minutos\u201d.<\/p>\n\n\n\n<figure class=\"wp-block-gallery has-nested-images columns-default is-cropped wp-block-gallery-4 is-layout-flex wp-block-gallery-is-layout-flex\">\n<figure class=\"wp-block-image size-large is-style-default\"><img loading=\"lazy\" decoding=\"async\" width=\"1024\" height=\"730\" data-id=\"20610\" src=\"https:\/\/elpuucnoticias.com\/wp-content\/uploads\/2025\/08\/whatsapp-image-2025-08-12-at-1.02.39-pm-2-1024x730.jpeg\" alt=\"\" class=\"wp-image-20610\" srcset=\"https:\/\/elpuucnoticias.com\/wp-content\/uploads\/2025\/08\/whatsapp-image-2025-08-12-at-1.02.39-pm-2-1024x730.jpeg 1024w, https:\/\/elpuucnoticias.com\/wp-content\/uploads\/2025\/08\/whatsapp-image-2025-08-12-at-1.02.39-pm-2-300x214.jpeg 300w, https:\/\/elpuucnoticias.com\/wp-content\/uploads\/2025\/08\/whatsapp-image-2025-08-12-at-1.02.39-pm-2-768x548.jpeg 768w, https:\/\/elpuucnoticias.com\/wp-content\/uploads\/2025\/08\/whatsapp-image-2025-08-12-at-1.02.39-pm-2-320x228.jpeg 320w, https:\/\/elpuucnoticias.com\/wp-content\/uploads\/2025\/08\/whatsapp-image-2025-08-12-at-1.02.39-pm-2.jpeg 1280w\" sizes=\"auto, (max-width: 1024px) 100vw, 1024px\" \/><\/figure>\n\n\n\n<figure class=\"wp-block-image size-large is-style-default\"><img loading=\"lazy\" decoding=\"async\" width=\"1024\" height=\"648\" data-id=\"20612\" src=\"https:\/\/elpuucnoticias.com\/wp-content\/uploads\/2025\/08\/whatsapp-image-2025-08-12-at-1.02.38-pm-3-1024x648.jpeg\" alt=\"\" class=\"wp-image-20612\" srcset=\"https:\/\/elpuucnoticias.com\/wp-content\/uploads\/2025\/08\/whatsapp-image-2025-08-12-at-1.02.38-pm-3-1024x648.jpeg 1024w, https:\/\/elpuucnoticias.com\/wp-content\/uploads\/2025\/08\/whatsapp-image-2025-08-12-at-1.02.38-pm-3-300x190.jpeg 300w, https:\/\/elpuucnoticias.com\/wp-content\/uploads\/2025\/08\/whatsapp-image-2025-08-12-at-1.02.38-pm-3-768x486.jpeg 768w, https:\/\/elpuucnoticias.com\/wp-content\/uploads\/2025\/08\/whatsapp-image-2025-08-12-at-1.02.38-pm-3-150x95.jpeg 150w, https:\/\/elpuucnoticias.com\/wp-content\/uploads\/2025\/08\/whatsapp-image-2025-08-12-at-1.02.38-pm-3-320x203.jpeg 320w, https:\/\/elpuucnoticias.com\/wp-content\/uploads\/2025\/08\/whatsapp-image-2025-08-12-at-1.02.38-pm-3.jpeg 1280w\" sizes=\"auto, (max-width: 1024px) 100vw, 1024px\" \/><\/figure>\n\n\n\n<figure class=\"wp-block-image size-large is-style-default\"><img loading=\"lazy\" decoding=\"async\" width=\"1024\" height=\"768\" data-id=\"20611\" src=\"https:\/\/elpuucnoticias.com\/wp-content\/uploads\/2025\/08\/whatsapp-image-2025-08-12-at-1.02.38-pm-2-1024x768.jpeg\" alt=\"\" class=\"wp-image-20611\" srcset=\"https:\/\/elpuucnoticias.com\/wp-content\/uploads\/2025\/08\/whatsapp-image-2025-08-12-at-1.02.38-pm-2-1024x768.jpeg 1024w, https:\/\/elpuucnoticias.com\/wp-content\/uploads\/2025\/08\/whatsapp-image-2025-08-12-at-1.02.38-pm-2-300x225.jpeg 300w, https:\/\/elpuucnoticias.com\/wp-content\/uploads\/2025\/08\/whatsapp-image-2025-08-12-at-1.02.38-pm-2-768x576.jpeg 768w, https:\/\/elpuucnoticias.com\/wp-content\/uploads\/2025\/08\/whatsapp-image-2025-08-12-at-1.02.38-pm-2-800x600.jpeg 800w, https:\/\/elpuucnoticias.com\/wp-content\/uploads\/2025\/08\/whatsapp-image-2025-08-12-at-1.02.38-pm-2-320x240.jpeg 320w, https:\/\/elpuucnoticias.com\/wp-content\/uploads\/2025\/08\/whatsapp-image-2025-08-12-at-1.02.38-pm-2.jpeg 1280w\" sizes=\"auto, (max-width: 1024px) 100vw, 1024px\" \/><\/figure>\n<\/figure>\n\n\n\n<p>Adicionalmente, contar\u00e1 con estaciones principales y secundarias, entre ellas Pachuca, T\u00e9llez y Tizayuca, como algunas de las principales; pero tambi\u00e9n habr\u00e1 paraderos en Xolox, Huitzila, Empalme del Rey, Platah, en la zona industrial que desarrolla el Gobierno del Estado.<\/p>\n\n\n\n<p>Sobre el tipo de estaciones, Lajous Loaeza dijo que la mayor parte de la construcci\u00f3n se har\u00e1 con fachadas de ladrillo; ser\u00e1n espacios abiertos e iluminados de manera natural, como en Pachuca, una estaci\u00f3n de demanda media, as\u00ed como la estaci\u00f3n de T\u00e9llez y una estaci\u00f3n de demanda baja o paradero como ser\u00e1 en Xolox y Huitzila.<\/p>\n\n\n\n<p>En cuanto a la distribuci\u00f3n, esta permitir\u00e1 tener espacio no s\u00f3lo para la llegada del tren, sino tambi\u00e9n para la conexi\u00f3n con otros modos de transporte, ya sea transporte p\u00fablico, veh\u00edculos particulares y tambi\u00e9n con accesos peatonales, particularmente importantes en zonas donde son comunidades m\u00e1s peque\u00f1as, como Xolxox, Huitzila y Empalme del Rey.<\/p>\n","protected":false},"excerpt":{"rendered":"<p>Ante la Presidenta Claudia Sheinbaum Pardo y el Secretario de Infraestructura, Comunicaciones y Transportes, Jes\u00fas Antonio Esteva Medina,<\/p>\n","protected":false},"author":1,"featured_media":20613,"comment_status":"closed","ping_status":"open","sticky":false,"template":"","format":"standard","meta":{"_monsterinsights_skip_tracking":false,"_monsterinsights_sitenote_active":false,"_monsterinsights_sitenote_note":"","_monsterinsights_sitenote_category":0,"footnotes":""},"categories":[42],"tags":[],"class_list":["post-20603","post","type-post","status-publish","format-standard","has-post-thumbnail","hentry","category-nacional"],"yoast_head":"<!-- This site is optimized with the Yoast SEO plugin v18.3 - https:\/\/yoast.com\/wordpress\/plugins\/seo\/ -->\n<title>Tren de pasajeros M\u00e9xico-Pachuca atender\u00e1n a 108 mil usuarios al d\u00eda en un recorrido de una hora 15 minutos - El Puuc Noticias<\/title>\n<meta name=\"robots\" content=\"index, follow, max-snippet:-1, max-image-preview:large, max-video-preview:-1\" \/>\n<link rel=\"canonical\" href=\"https:\/\/elpuucnoticias.com\/?p=20603\" \/>\n<meta property=\"og:locale\" content=\"es_ES\" \/>\n<meta property=\"og:type\" content=\"article\" \/>\n<meta property=\"og:title\" content=\"Tren de pasajeros M\u00e9xico-Pachuca atender\u00e1n a 108 mil usuarios al d\u00eda en un recorrido de una hora 15 minutos - El Puuc Noticias\" \/>\n<meta property=\"og:description\" content=\"Ante la Presidenta Claudia Sheinbaum Pardo y el Secretario de Infraestructura, Comunicaciones y Transportes, Jes\u00fas Antonio Esteva Medina,\" \/>\n<meta property=\"og:url\" content=\"https:\/\/elpuucnoticias.com\/?p=20603\" \/>\n<meta property=\"og:site_name\" content=\"El Puuc Noticias\" \/>\n<meta property=\"article:published_time\" content=\"2025-08-12T20:01:40+00:00\" \/>\n<meta property=\"og:image\" content=\"https:\/\/elpuucnoticias.com\/wp-content\/uploads\/2025\/08\/whatsapp-image-2025-08-12-at-1.02.38-pm-4.jpeg\" \/>\n\t<meta property=\"og:image:width\" content=\"1280\" \/>\n\t<meta property=\"og:image:height\" content=\"960\" \/>\n\t<meta property=\"og:image:type\" content=\"image\/jpeg\" \/>\n<meta name=\"twitter:card\" content=\"summary_large_image\" \/>\n<meta name=\"twitter:label1\" content=\"Escrito por\" \/>\n\t<meta name=\"twitter:data1\" content=\"elpuucnoticias\" \/>\n\t<meta name=\"twitter:label2\" content=\"Tiempo de lectura\" \/>\n\t<meta name=\"twitter:data2\" content=\"3 minutos\" \/>\n<script type=\"application\/ld+json\" class=\"yoast-schema-graph\">{\"@context\":\"https:\/\/schema.org\",\"@graph\":[{\"@type\":\"WebSite\",\"@id\":\"https:\/\/elpuucnoticias.com\/#website\",\"url\":\"https:\/\/elpuucnoticias.com\/\",\"name\":\"El Puuc Noticias\",\"description\":\"Noticias - Entretenimiento - Deportes\",\"potentialAction\":[{\"@type\":\"SearchAction\",\"target\":{\"@type\":\"EntryPoint\",\"urlTemplate\":\"https:\/\/elpuucnoticias.com\/?s={search_term_string}\"},\"query-input\":\"required name=search_term_string\"}],\"inLanguage\":\"es\"},{\"@type\":\"ImageObject\",\"@id\":\"https:\/\/elpuucnoticias.com\/?p=20603#primaryimage\",\"inLanguage\":\"es\",\"url\":\"https:\/\/elpuucnoticias.com\/wp-content\/uploads\/2025\/08\/whatsapp-image-2025-08-12-at-1.02.38-pm-4.jpeg\",\"contentUrl\":\"https:\/\/elpuucnoticias.com\/wp-content\/uploads\/2025\/08\/whatsapp-image-2025-08-12-at-1.02.38-pm-4.jpeg\",\"width\":1280,\"height\":960},{\"@type\":\"WebPage\",\"@id\":\"https:\/\/elpuucnoticias.com\/?p=20603#webpage\",\"url\":\"https:\/\/elpuucnoticias.com\/?p=20603\",\"name\":\"Tren de pasajeros M\u00e9xico-Pachuca atender\u00e1n a 108 mil usuarios al d\u00eda en un recorrido de una hora 15 minutos - El Puuc Noticias\",\"isPartOf\":{\"@id\":\"https:\/\/elpuucnoticias.com\/#website\"},\"primaryImageOfPage\":{\"@id\":\"https:\/\/elpuucnoticias.com\/?p=20603#primaryimage\"},\"datePublished\":\"2025-08-12T20:01:40+00:00\",\"dateModified\":\"2025-08-12T20:01:40+00:00\",\"author\":{\"@id\":\"https:\/\/elpuucnoticias.com\/#\/schema\/person\/d2ea09e4c97f0160b11cdfb1d856bd9e\"},\"breadcrumb\":{\"@id\":\"https:\/\/elpuucnoticias.com\/?p=20603#breadcrumb\"},\"inLanguage\":\"es\",\"potentialAction\":[{\"@type\":\"ReadAction\",\"target\":[\"https:\/\/elpuucnoticias.com\/?p=20603\"]}]},{\"@type\":\"BreadcrumbList\",\"@id\":\"https:\/\/elpuucnoticias.com\/?p=20603#breadcrumb\",\"itemListElement\":[{\"@type\":\"ListItem\",\"position\":1,\"name\":\"Portada\",\"item\":\"https:\/\/elpuucnoticias.com\/\"},{\"@type\":\"ListItem\",\"position\":2,\"name\":\"Tren de pasajeros M\u00e9xico-Pachuca atender\u00e1n a 108 mil usuarios al d\u00eda en un recorrido de una hora 15 minutos\"}]},{\"@type\":\"Person\",\"@id\":\"https:\/\/elpuucnoticias.com\/#\/schema\/person\/d2ea09e4c97f0160b11cdfb1d856bd9e\",\"name\":\"elpuucnoticias\",\"image\":{\"@type\":\"ImageObject\",\"@id\":\"https:\/\/elpuucnoticias.com\/#personlogo\",\"inLanguage\":\"es\",\"url\":\"https:\/\/secure.gravatar.com\/avatar\/5290a43657c74ffa15701dbe5b846bd85cc71930d803c84e91046a7333de6ce2?s=96&d=mm&r=g\",\"contentUrl\":\"https:\/\/secure.gravatar.com\/avatar\/5290a43657c74ffa15701dbe5b846bd85cc71930d803c84e91046a7333de6ce2?s=96&d=mm&r=g\",\"caption\":\"elpuucnoticias\"},\"sameAs\":[\"https:\/\/elpuucnoticias.com\"],\"url\":\"https:\/\/elpuucnoticias.com\/?author=1\"}]}<\/script>\n<!-- \/ Yoast SEO plugin. -->","yoast_head_json":{"title":"Tren de pasajeros M\u00e9xico-Pachuca atender\u00e1n a 108 mil usuarios al d\u00eda en un recorrido de una hora 15 minutos - El Puuc Noticias","robots":{"index":"index","follow":"follow","max-snippet":"max-snippet:-1","max-image-preview":"max-image-preview:large","max-video-preview":"max-video-preview:-1"},"canonical":"https:\/\/elpuucnoticias.com\/?p=20603","og_locale":"es_ES","og_type":"article","og_title":"Tren de pasajeros M\u00e9xico-Pachuca atender\u00e1n a 108 mil usuarios al d\u00eda en un recorrido de una hora 15 minutos - El Puuc Noticias","og_description":"Ante la Presidenta Claudia Sheinbaum Pardo y el Secretario de Infraestructura, Comunicaciones y Transportes, Jes\u00fas Antonio Esteva Medina,","og_url":"https:\/\/elpuucnoticias.com\/?p=20603","og_site_name":"El Puuc Noticias","article_published_time":"2025-08-12T20:01:40+00:00","og_image":[{"width":1280,"height":960,"url":"https:\/\/elpuucnoticias.com\/wp-content\/uploads\/2025\/08\/whatsapp-image-2025-08-12-at-1.02.38-pm-4.jpeg","type":"image\/jpeg"}],"twitter_card":"summary_large_image","twitter_misc":{"Escrito por":"elpuucnoticias","Tiempo de lectura":"3 minutos"},"schema":{"@context":"https:\/\/schema.org","@graph":[{"@type":"WebSite","@id":"https:\/\/elpuucnoticias.com\/#website","url":"https:\/\/elpuucnoticias.com\/","name":"El Puuc Noticias","description":"Noticias - Entretenimiento - Deportes","potentialAction":[{"@type":"SearchAction","target":{"@type":"EntryPoint","urlTemplate":"https:\/\/elpuucnoticias.com\/?s={search_term_string}"},"query-input":"required name=search_term_string"}],"inLanguage":"es"},{"@type":"ImageObject","@id":"https:\/\/elpuucnoticias.com\/?p=20603#primaryimage","inLanguage":"es","url":"https:\/\/elpuucnoticias.com\/wp-content\/uploads\/2025\/08\/whatsapp-image-2025-08-12-at-1.02.38-pm-4.jpeg","contentUrl":"https:\/\/elpuucnoticias.com\/wp-content\/uploads\/2025\/08\/whatsapp-image-2025-08-12-at-1.02.38-pm-4.jpeg","width":1280,"height":960},{"@type":"WebPage","@id":"https:\/\/elpuucnoticias.com\/?p=20603#webpage","url":"https:\/\/elpuucnoticias.com\/?p=20603","name":"Tren de pasajeros M\u00e9xico-Pachuca atender\u00e1n a 108 mil usuarios al d\u00eda en un recorrido de una hora 15 minutos - El Puuc Noticias","isPartOf":{"@id":"https:\/\/elpuucnoticias.com\/#website"},"primaryImageOfPage":{"@id":"https:\/\/elpuucnoticias.com\/?p=20603#primaryimage"},"datePublished":"2025-08-12T20:01:40+00:00","dateModified":"2025-08-12T20:01:40+00:00","author":{"@id":"https:\/\/elpuucnoticias.com\/#\/schema\/person\/d2ea09e4c97f0160b11cdfb1d856bd9e"},"breadcrumb":{"@id":"https:\/\/elpuucnoticias.com\/?p=20603#breadcrumb"},"inLanguage":"es","potentialAction":[{"@type":"ReadAction","target":["https:\/\/elpuucnoticias.com\/?p=20603"]}]},{"@type":"BreadcrumbList","@id":"https:\/\/elpuucnoticias.com\/?p=20603#breadcrumb","itemListElement":[{"@type":"ListItem","position":1,"name":"Portada","item":"https:\/\/elpuucnoticias.com\/"},{"@type":"ListItem","position":2,"name":"Tren de pasajeros M\u00e9xico-Pachuca atender\u00e1n a 108 mil usuarios al d\u00eda en un recorrido de una hora 15 minutos"}]},{"@type":"Person","@id":"https:\/\/elpuucnoticias.com\/#\/schema\/person\/d2ea09e4c97f0160b11cdfb1d856bd9e","name":"elpuucnoticias","image":{"@type":"ImageObject","@id":"https:\/\/elpuucnoticias.com\/#personlogo","inLanguage":"es","url":"https:\/\/secure.gravatar.com\/avatar\/5290a43657c74ffa15701dbe5b846bd85cc71930d803c84e91046a7333de6ce2?s=96&d=mm&r=g","contentUrl":"https:\/\/secure.gravatar.com\/avatar\/5290a43657c74ffa15701dbe5b846bd85cc71930d803c84e91046a7333de6ce2?s=96&d=mm&r=g","caption":"elpuucnoticias"},"sameAs":["https:\/\/elpuucnoticias.com"],"url":"https:\/\/elpuucnoticias.com\/?author=1"}]}},"_links":{"self":[{"href":"https:\/\/elpuucnoticias.com\/index.php?rest_route=\/wp\/v2\/posts\/20603","targetHints":{"allow":["GET"]}}],"collection":[{"href":"https:\/\/elpuucnoticias.com\/index.php?rest_route=\/wp\/v2\/posts"}],"about":[{"href":"https:\/\/elpuucnoticias.com\/index.php?rest_route=\/wp\/v2\/types\/post"}],"author":[{"embeddable":true,"href":"https:\/\/elpuucnoticias.com\/index.php?rest_route=\/wp\/v2\/users\/1"}],"replies":[{"embeddable":true,"href":"https:\/\/elpuucnoticias.com\/index.php?rest_route=%2Fwp%2Fv2%2Fcomments&post=20603"}],"version-history":[{"count":1,"href":"https:\/\/elpuucnoticias.com\/index.php?rest_route=\/wp\/v2\/posts\/20603\/revisions"}],"predecessor-version":[{"id":20614,"href":"https:\/\/elpuucnoticias.com\/index.php?rest_route=\/wp\/v2\/posts\/20603\/revisions\/20614"}],"wp:featuredmedia":[{"embeddable":true,"href":"https:\/\/elpuucnoticias.com\/index.php?rest_route=\/wp\/v2\/media\/20613"}],"wp:attachment":[{"href":"https:\/\/elpuucnoticias.com\/index.php?rest_route=%2Fwp%2Fv2%2Fmedia&parent=20603"}],"wp:term":[{"taxonomy":"category","embeddable":true,"href":"https:\/\/elpuucnoticias.com\/index.php?rest_route=%2Fwp%2Fv2%2Fcategories&post=20603"},{"taxonomy":"post_tag","embeddable":true,"href":"https:\/\/elpuucnoticias.com\/index.php?rest_route=%2Fwp%2Fv2%2Ftags&post=20603"}],"curies":[{"name":"wp","href":"https:\/\/api.w.org\/{rel}","templated":true}]}}