{"id":2064,"date":"2022-06-05T01:14:24","date_gmt":"2022-06-05T07:14:24","guid":{"rendered":"https:\/\/elpuucnoticias.com\/?p=2064"},"modified":"2022-08-04T11:39:06","modified_gmt":"2022-08-04T17:39:06","slug":"inaugura-bioclinicos-en-ticul-ofreciendo-pruebas-covid-19-a-domicilio-y-diversas-promociones-en-analisis-clinicos","status":"publish","type":"post","link":"https:\/\/elpuucnoticias.com\/?p=2064","title":{"rendered":"Alcalde de Ticul asiste a inauguraci\u00f3n del laboratorio Biocl\u00ednicos que ofrece pruebas Covid-19 a domicilio y diversas promociones"},"content":{"rendered":"\n<p>En presencia de autoridades, entre ellas el alcalde de Ticul, Rafael Gerardo Montalvo Mata, se realiz\u00f3 la inauguraci\u00f3n del nuevo laboratorio de an\u00e1lisis cl\u00ednicos, Laboratorios Biocl\u00ednicos que abre sus puertas al p\u00fablico ticule\u00f1o, ofreciendo variedad en an\u00e1lisis y ofertas en paquetes para la familia, pruebas Covid-19 a domicilio sin costo alguno.<\/p>\n\n\n\n<figure class=\"wp-block-gallery has-nested-images columns-default is-cropped wp-block-gallery-1 is-layout-flex wp-block-gallery-is-layout-flex\">\n<figure class=\"wp-block-image size-large\"><img loading=\"lazy\" decoding=\"async\" width=\"1024\" height=\"694\" data-id=\"2066\" src=\"https:\/\/elpuucnoticias.com\/wp-content\/uploads\/2022\/06\/bioclinicos-6-1024x694.jpeg\" alt=\"\" class=\"wp-image-2066\" srcset=\"https:\/\/elpuucnoticias.com\/wp-content\/uploads\/2022\/06\/bioclinicos-6-1024x694.jpeg 1024w, https:\/\/elpuucnoticias.com\/wp-content\/uploads\/2022\/06\/bioclinicos-6-300x203.jpeg 300w, https:\/\/elpuucnoticias.com\/wp-content\/uploads\/2022\/06\/bioclinicos-6-768x520.jpeg 768w, https:\/\/elpuucnoticias.com\/wp-content\/uploads\/2022\/06\/bioclinicos-6.jpeg 1280w\" sizes=\"auto, (max-width: 1024px) 100vw, 1024px\" \/><\/figure>\n\n\n\n<figure class=\"wp-block-image size-large\"><img loading=\"lazy\" decoding=\"async\" width=\"1024\" height=\"856\" data-id=\"2067\" src=\"https:\/\/elpuucnoticias.com\/wp-content\/uploads\/2022\/06\/bioclinicos-1-1024x856.jpeg\" alt=\"\" class=\"wp-image-2067\" srcset=\"https:\/\/elpuucnoticias.com\/wp-content\/uploads\/2022\/06\/bioclinicos-1-1024x856.jpeg 1024w, https:\/\/elpuucnoticias.com\/wp-content\/uploads\/2022\/06\/bioclinicos-1-300x251.jpeg 300w, https:\/\/elpuucnoticias.com\/wp-content\/uploads\/2022\/06\/bioclinicos-1-768x642.jpeg 768w, https:\/\/elpuucnoticias.com\/wp-content\/uploads\/2022\/06\/bioclinicos-1.jpeg 1280w\" sizes=\"auto, (max-width: 1024px) 100vw, 1024px\" \/><\/figure>\n\n\n\n<figure class=\"wp-block-image size-large\"><img loading=\"lazy\" decoding=\"async\" width=\"1024\" height=\"858\" data-id=\"2068\" src=\"https:\/\/elpuucnoticias.com\/wp-content\/uploads\/2022\/06\/bioclinicos-2-1024x858.jpeg\" alt=\"\" class=\"wp-image-2068\" srcset=\"https:\/\/elpuucnoticias.com\/wp-content\/uploads\/2022\/06\/bioclinicos-2-1024x858.jpeg 1024w, https:\/\/elpuucnoticias.com\/wp-content\/uploads\/2022\/06\/bioclinicos-2-300x251.jpeg 300w, https:\/\/elpuucnoticias.com\/wp-content\/uploads\/2022\/06\/bioclinicos-2-768x643.jpeg 768w, https:\/\/elpuucnoticias.com\/wp-content\/uploads\/2022\/06\/bioclinicos-2.jpeg 1280w\" sizes=\"auto, (max-width: 1024px) 100vw, 1024px\" \/><\/figure>\n<\/figure>\n\n\n\n<p>Este s\u00e1bado 4 de junio se realiz\u00f3 la inauguraci\u00f3n del laboratorio de an\u00e1lisis Biocl\u00ednicos, en la calle 28 entre 27 y 29, en el Centro de Ticul, a un costado de la tienda de abarrotes Dunosusa.<\/p>\n\n\n\n<p>El personal que integra este servicio de salud es egresado de la Universidad Aut\u00f3noma de Yucat\u00e1n (UADY), y cuenta con experiencia profesional y est\u00e1 conformado por la QFB Sina\u00ed Mena, QFB Dami\u00e1n Dom\u00ednguez, QFB Jorge Puuc y QFB Valeria Parra Paz.<\/p>\n\n\n\n<figure class=\"wp-block-gallery has-nested-images columns-default is-cropped wp-block-gallery-2 is-layout-flex wp-block-gallery-is-layout-flex\">\n<figure class=\"wp-block-image size-large\"><img loading=\"lazy\" decoding=\"async\" width=\"1024\" height=\"805\" data-id=\"2069\" src=\"https:\/\/elpuucnoticias.com\/wp-content\/uploads\/2022\/06\/bioclinicos-4-1024x805.jpeg\" alt=\"\" class=\"wp-image-2069\" srcset=\"https:\/\/elpuucnoticias.com\/wp-content\/uploads\/2022\/06\/bioclinicos-4-1024x805.jpeg 1024w, https:\/\/elpuucnoticias.com\/wp-content\/uploads\/2022\/06\/bioclinicos-4-300x236.jpeg 300w, https:\/\/elpuucnoticias.com\/wp-content\/uploads\/2022\/06\/bioclinicos-4-768x604.jpeg 768w, https:\/\/elpuucnoticias.com\/wp-content\/uploads\/2022\/06\/bioclinicos-4.jpeg 1280w\" sizes=\"auto, (max-width: 1024px) 100vw, 1024px\" \/><\/figure>\n\n\n\n<figure class=\"wp-block-image size-large\"><img loading=\"lazy\" decoding=\"async\" width=\"1024\" height=\"965\" data-id=\"2070\" src=\"https:\/\/elpuucnoticias.com\/wp-content\/uploads\/2022\/06\/bioclinicos-5-1024x965.jpeg\" alt=\"\" class=\"wp-image-2070\" srcset=\"https:\/\/elpuucnoticias.com\/wp-content\/uploads\/2022\/06\/bioclinicos-5-1024x965.jpeg 1024w, https:\/\/elpuucnoticias.com\/wp-content\/uploads\/2022\/06\/bioclinicos-5-300x283.jpeg 300w, https:\/\/elpuucnoticias.com\/wp-content\/uploads\/2022\/06\/bioclinicos-5-768x724.jpeg 768w, https:\/\/elpuucnoticias.com\/wp-content\/uploads\/2022\/06\/bioclinicos-5.jpeg 1280w\" sizes=\"auto, (max-width: 1024px) 100vw, 1024px\" \/><\/figure>\n\n\n\n<figure class=\"wp-block-image size-large\"><img loading=\"lazy\" decoding=\"async\" width=\"1024\" height=\"694\" data-id=\"2071\" src=\"https:\/\/elpuucnoticias.com\/wp-content\/uploads\/2022\/06\/bioclinicos-6-1-1024x694.jpeg\" alt=\"\" class=\"wp-image-2071\" srcset=\"https:\/\/elpuucnoticias.com\/wp-content\/uploads\/2022\/06\/bioclinicos-6-1-1024x694.jpeg 1024w, https:\/\/elpuucnoticias.com\/wp-content\/uploads\/2022\/06\/bioclinicos-6-1-300x203.jpeg 300w, https:\/\/elpuucnoticias.com\/wp-content\/uploads\/2022\/06\/bioclinicos-6-1-768x520.jpeg 768w, https:\/\/elpuucnoticias.com\/wp-content\/uploads\/2022\/06\/bioclinicos-6-1.jpeg 1280w\" sizes=\"auto, (max-width: 1024px) 100vw, 1024px\" \/><\/figure>\n<\/figure>\n\n\n\n<p>El evento de este d\u00eda fue acompa\u00f1ado por el presidente de Ticul, Rafael Gerardo Montalvo Mata, quien brind\u00f3 palabras aleatorias y \u00e9xito. Junto a los qu\u00edmicos realiz\u00f3 el corte de list\u00f3n inaugural. Asisti\u00f3 el presb\u00edtero de la parroquia de San Antonio de Padua, quien bendijo el laboratorio y al personal para que tengan mucho \u00e9xito en esta nueva etapa de su vida.<\/p>\n\n\n\n<p>Se inform\u00f3 que el laboratorio otorgar\u00e1 10% de descuento para adultos mayores, y tambi\u00e9n cuentan con servicio a domicilio, sin ning\u00fan costo adicional, y laborar\u00e1 los domingos.\u2014 El Puuc Noticias<\/p>\n","protected":false},"excerpt":{"rendered":"<p>En presencia de autoridades, entre ellas el alcalde de Ticul, Rafael Gerardo Montalvo Mata, se realiz\u00f3 la inauguraci\u00f3n<\/p>\n","protected":false},"author":1,"featured_media":2065,"comment_status":"closed","ping_status":"open","sticky":false,"template":"","format":"standard","meta":{"_monsterinsights_skip_tracking":false,"_monsterinsights_sitenote_active":false,"_monsterinsights_sitenote_note":"","_monsterinsights_sitenote_category":0,"footnotes":""},"categories":[11,13],"tags":[],"class_list":["post-2064","post","type-post","status-publish","format-standard","has-post-thumbnail","hentry","category-noticias","category-ticul"],"yoast_head":"<!-- This site is optimized with the Yoast SEO plugin v18.3 - https:\/\/yoast.com\/wordpress\/plugins\/seo\/ -->\n<title>Alcalde de Ticul asiste a inauguraci\u00f3n del laboratorio Biocl\u00ednicos que ofrece pruebas Covid-19 a domicilio y diversas promociones - El Puuc Noticias<\/title>\n<meta name=\"robots\" content=\"index, follow, max-snippet:-1, max-image-preview:large, max-video-preview:-1\" \/>\n<link rel=\"canonical\" href=\"https:\/\/elpuucnoticias.com\/?p=2064\" \/>\n<meta property=\"og:locale\" content=\"es_ES\" \/>\n<meta property=\"og:type\" content=\"article\" \/>\n<meta property=\"og:title\" content=\"Alcalde de Ticul asiste a inauguraci\u00f3n del laboratorio Biocl\u00ednicos que ofrece pruebas Covid-19 a domicilio y diversas promociones - El Puuc Noticias\" \/>\n<meta property=\"og:description\" content=\"En presencia de autoridades, entre ellas el alcalde de Ticul, Rafael Gerardo Montalvo Mata, se realiz\u00f3 la inauguraci\u00f3n\" \/>\n<meta property=\"og:url\" content=\"https:\/\/elpuucnoticias.com\/?p=2064\" \/>\n<meta property=\"og:site_name\" content=\"El Puuc Noticias\" \/>\n<meta property=\"article:published_time\" content=\"2022-06-05T07:14:24+00:00\" \/>\n<meta property=\"article:modified_time\" content=\"2022-08-04T17:39:06+00:00\" \/>\n<meta property=\"og:image\" content=\"https:\/\/elpuucnoticias.com\/wp-content\/uploads\/2022\/06\/bioclinicos-3.jpeg\" \/>\n\t<meta property=\"og:image:width\" content=\"1280\" \/>\n\t<meta property=\"og:image:height\" content=\"1054\" \/>\n\t<meta property=\"og:image:type\" content=\"image\/jpeg\" \/>\n<meta name=\"twitter:card\" content=\"summary_large_image\" \/>\n<meta name=\"twitter:label1\" content=\"Escrito por\" \/>\n\t<meta name=\"twitter:data1\" content=\"elpuucnoticias\" \/>\n\t<meta name=\"twitter:label2\" content=\"Tiempo de lectura\" \/>\n\t<meta name=\"twitter:data2\" content=\"3 minutos\" \/>\n<script type=\"application\/ld+json\" class=\"yoast-schema-graph\">{\"@context\":\"https:\/\/schema.org\",\"@graph\":[{\"@type\":\"WebSite\",\"@id\":\"https:\/\/elpuucnoticias.com\/#website\",\"url\":\"https:\/\/elpuucnoticias.com\/\",\"name\":\"El Puuc Noticias\",\"description\":\"Noticias - Entretenimiento - Deportes\",\"potentialAction\":[{\"@type\":\"SearchAction\",\"target\":{\"@type\":\"EntryPoint\",\"urlTemplate\":\"https:\/\/elpuucnoticias.com\/?s={search_term_string}\"},\"query-input\":\"required name=search_term_string\"}],\"inLanguage\":\"es\"},{\"@type\":\"ImageObject\",\"@id\":\"https:\/\/elpuucnoticias.com\/?p=2064#primaryimage\",\"inLanguage\":\"es\",\"url\":\"https:\/\/elpuucnoticias.com\/wp-content\/uploads\/2022\/06\/bioclinicos-3.jpeg\",\"contentUrl\":\"https:\/\/elpuucnoticias.com\/wp-content\/uploads\/2022\/06\/bioclinicos-3.jpeg\",\"width\":1280,\"height\":1054},{\"@type\":\"WebPage\",\"@id\":\"https:\/\/elpuucnoticias.com\/?p=2064#webpage\",\"url\":\"https:\/\/elpuucnoticias.com\/?p=2064\",\"name\":\"Alcalde de Ticul asiste a inauguraci\u00f3n del laboratorio Biocl\u00ednicos que ofrece pruebas Covid-19 a domicilio y diversas promociones - El Puuc Noticias\",\"isPartOf\":{\"@id\":\"https:\/\/elpuucnoticias.com\/#website\"},\"primaryImageOfPage\":{\"@id\":\"https:\/\/elpuucnoticias.com\/?p=2064#primaryimage\"},\"datePublished\":\"2022-06-05T07:14:24+00:00\",\"dateModified\":\"2022-08-04T17:39:06+00:00\",\"author\":{\"@id\":\"https:\/\/elpuucnoticias.com\/#\/schema\/person\/d2ea09e4c97f0160b11cdfb1d856bd9e\"},\"breadcrumb\":{\"@id\":\"https:\/\/elpuucnoticias.com\/?p=2064#breadcrumb\"},\"inLanguage\":\"es\",\"potentialAction\":[{\"@type\":\"ReadAction\",\"target\":[\"https:\/\/elpuucnoticias.com\/?p=2064\"]}]},{\"@type\":\"BreadcrumbList\",\"@id\":\"https:\/\/elpuucnoticias.com\/?p=2064#breadcrumb\",\"itemListElement\":[{\"@type\":\"ListItem\",\"position\":1,\"name\":\"Portada\",\"item\":\"https:\/\/elpuucnoticias.com\/\"},{\"@type\":\"ListItem\",\"position\":2,\"name\":\"Alcalde de Ticul asiste a inauguraci\u00f3n del laboratorio Biocl\u00ednicos que ofrece pruebas Covid-19 a domicilio y diversas promociones\"}]},{\"@type\":\"Person\",\"@id\":\"https:\/\/elpuucnoticias.com\/#\/schema\/person\/d2ea09e4c97f0160b11cdfb1d856bd9e\",\"name\":\"elpuucnoticias\",\"image\":{\"@type\":\"ImageObject\",\"@id\":\"https:\/\/elpuucnoticias.com\/#personlogo\",\"inLanguage\":\"es\",\"url\":\"https:\/\/secure.gravatar.com\/avatar\/5290a43657c74ffa15701dbe5b846bd85cc71930d803c84e91046a7333de6ce2?s=96&d=mm&r=g\",\"contentUrl\":\"https:\/\/secure.gravatar.com\/avatar\/5290a43657c74ffa15701dbe5b846bd85cc71930d803c84e91046a7333de6ce2?s=96&d=mm&r=g\",\"caption\":\"elpuucnoticias\"},\"sameAs\":[\"https:\/\/elpuucnoticias.com\"],\"url\":\"https:\/\/elpuucnoticias.com\/?author=1\"}]}<\/script>\n<!-- \/ Yoast SEO plugin. -->","yoast_head_json":{"title":"Alcalde de Ticul asiste a inauguraci\u00f3n del laboratorio Biocl\u00ednicos que ofrece pruebas Covid-19 a domicilio y diversas promociones - El Puuc Noticias","robots":{"index":"index","follow":"follow","max-snippet":"max-snippet:-1","max-image-preview":"max-image-preview:large","max-video-preview":"max-video-preview:-1"},"canonical":"https:\/\/elpuucnoticias.com\/?p=2064","og_locale":"es_ES","og_type":"article","og_title":"Alcalde de Ticul asiste a inauguraci\u00f3n del laboratorio Biocl\u00ednicos que ofrece pruebas Covid-19 a domicilio y diversas promociones - El Puuc Noticias","og_description":"En presencia de autoridades, entre ellas el alcalde de Ticul, Rafael Gerardo Montalvo Mata, se realiz\u00f3 la inauguraci\u00f3n","og_url":"https:\/\/elpuucnoticias.com\/?p=2064","og_site_name":"El Puuc Noticias","article_published_time":"2022-06-05T07:14:24+00:00","article_modified_time":"2022-08-04T17:39:06+00:00","og_image":[{"width":1280,"height":1054,"url":"https:\/\/elpuucnoticias.com\/wp-content\/uploads\/2022\/06\/bioclinicos-3.jpeg","type":"image\/jpeg"}],"twitter_card":"summary_large_image","twitter_misc":{"Escrito por":"elpuucnoticias","Tiempo de lectura":"3 minutos"},"schema":{"@context":"https:\/\/schema.org","@graph":[{"@type":"WebSite","@id":"https:\/\/elpuucnoticias.com\/#website","url":"https:\/\/elpuucnoticias.com\/","name":"El Puuc Noticias","description":"Noticias - Entretenimiento - Deportes","potentialAction":[{"@type":"SearchAction","target":{"@type":"EntryPoint","urlTemplate":"https:\/\/elpuucnoticias.com\/?s={search_term_string}"},"query-input":"required name=search_term_string"}],"inLanguage":"es"},{"@type":"ImageObject","@id":"https:\/\/elpuucnoticias.com\/?p=2064#primaryimage","inLanguage":"es","url":"https:\/\/elpuucnoticias.com\/wp-content\/uploads\/2022\/06\/bioclinicos-3.jpeg","contentUrl":"https:\/\/elpuucnoticias.com\/wp-content\/uploads\/2022\/06\/bioclinicos-3.jpeg","width":1280,"height":1054},{"@type":"WebPage","@id":"https:\/\/elpuucnoticias.com\/?p=2064#webpage","url":"https:\/\/elpuucnoticias.com\/?p=2064","name":"Alcalde de Ticul asiste a inauguraci\u00f3n del laboratorio Biocl\u00ednicos que ofrece pruebas Covid-19 a domicilio y diversas promociones - El Puuc Noticias","isPartOf":{"@id":"https:\/\/elpuucnoticias.com\/#website"},"primaryImageOfPage":{"@id":"https:\/\/elpuucnoticias.com\/?p=2064#primaryimage"},"datePublished":"2022-06-05T07:14:24+00:00","dateModified":"2022-08-04T17:39:06+00:00","author":{"@id":"https:\/\/elpuucnoticias.com\/#\/schema\/person\/d2ea09e4c97f0160b11cdfb1d856bd9e"},"breadcrumb":{"@id":"https:\/\/elpuucnoticias.com\/?p=2064#breadcrumb"},"inLanguage":"es","potentialAction":[{"@type":"ReadAction","target":["https:\/\/elpuucnoticias.com\/?p=2064"]}]},{"@type":"BreadcrumbList","@id":"https:\/\/elpuucnoticias.com\/?p=2064#breadcrumb","itemListElement":[{"@type":"ListItem","position":1,"name":"Portada","item":"https:\/\/elpuucnoticias.com\/"},{"@type":"ListItem","position":2,"name":"Alcalde de Ticul asiste a inauguraci\u00f3n del laboratorio Biocl\u00ednicos que ofrece pruebas Covid-19 a domicilio y diversas promociones"}]},{"@type":"Person","@id":"https:\/\/elpuucnoticias.com\/#\/schema\/person\/d2ea09e4c97f0160b11cdfb1d856bd9e","name":"elpuucnoticias","image":{"@type":"ImageObject","@id":"https:\/\/elpuucnoticias.com\/#personlogo","inLanguage":"es","url":"https:\/\/secure.gravatar.com\/avatar\/5290a43657c74ffa15701dbe5b846bd85cc71930d803c84e91046a7333de6ce2?s=96&d=mm&r=g","contentUrl":"https:\/\/secure.gravatar.com\/avatar\/5290a43657c74ffa15701dbe5b846bd85cc71930d803c84e91046a7333de6ce2?s=96&d=mm&r=g","caption":"elpuucnoticias"},"sameAs":["https:\/\/elpuucnoticias.com"],"url":"https:\/\/elpuucnoticias.com\/?author=1"}]}},"_links":{"self":[{"href":"https:\/\/elpuucnoticias.com\/index.php?rest_route=\/wp\/v2\/posts\/2064","targetHints":{"allow":["GET"]}}],"collection":[{"href":"https:\/\/elpuucnoticias.com\/index.php?rest_route=\/wp\/v2\/posts"}],"about":[{"href":"https:\/\/elpuucnoticias.com\/index.php?rest_route=\/wp\/v2\/types\/post"}],"author":[{"embeddable":true,"href":"https:\/\/elpuucnoticias.com\/index.php?rest_route=\/wp\/v2\/users\/1"}],"replies":[{"embeddable":true,"href":"https:\/\/elpuucnoticias.com\/index.php?rest_route=%2Fwp%2Fv2%2Fcomments&post=2064"}],"version-history":[{"count":2,"href":"https:\/\/elpuucnoticias.com\/index.php?rest_route=\/wp\/v2\/posts\/2064\/revisions"}],"predecessor-version":[{"id":2973,"href":"https:\/\/elpuucnoticias.com\/index.php?rest_route=\/wp\/v2\/posts\/2064\/revisions\/2973"}],"wp:featuredmedia":[{"embeddable":true,"href":"https:\/\/elpuucnoticias.com\/index.php?rest_route=\/wp\/v2\/media\/2065"}],"wp:attachment":[{"href":"https:\/\/elpuucnoticias.com\/index.php?rest_route=%2Fwp%2Fv2%2Fmedia&parent=2064"}],"wp:term":[{"taxonomy":"category","embeddable":true,"href":"https:\/\/elpuucnoticias.com\/index.php?rest_route=%2Fwp%2Fv2%2Fcategories&post=2064"},{"taxonomy":"post_tag","embeddable":true,"href":"https:\/\/elpuucnoticias.com\/index.php?rest_route=%2Fwp%2Fv2%2Ftags&post=2064"}],"curies":[{"name":"wp","href":"https:\/\/api.w.org\/{rel}","templated":true}]}}