{"id":20648,"date":"2025-08-19T13:28:41","date_gmt":"2025-08-19T19:28:41","guid":{"rendered":"https:\/\/elpuucnoticias.com\/?p=20648"},"modified":"2025-08-19T13:28:42","modified_gmt":"2025-08-19T19:28:42","slug":"cancun-vibra-con-arte-y-participacion-social-en-el-parque-de-la-equidad","status":"publish","type":"post","link":"https:\/\/elpuucnoticias.com\/?p=20648","title":{"rendered":"Canc\u00fan vibra con arte y participaci\u00f3n social en el Parque de la Equidad"},"content":{"rendered":"\n<p>Como parte de una iniciativa ciudadana canalizada a trav\u00e9s del programa \u201cLa Voz del Pueblo\u201d que encabeza la gobernadora Mara Lezama Espinosa, se llev\u00f3 a cabo la jornada art\u00edstica en el patin\u00f3dromo del Parque de la Equidad, donde el colectivo SUSTO CREW CANC\u00daN dio inicio al proyecto de mural comunitario que busca mejorar el entorno urbano y utilizar el arte para fortalecer el tejido social, acci\u00f3n respaldada por Agencia de Proyectos Estrat\u00e9gicos del Estado de Quintana Roo (AGEPRO) y ONU-H\u00e1bitat.<\/p>\n\n\n\n<p>Esta actividad da muestra del compromiso del gobierno humanista con coraz\u00f3n feminista, que encabeza la gobernadora Mara Lezama, para cerrar brechas de desigualdad y fortalecer el tejido social mediante proyectos que nacen desde la ciudadan\u00eda. El mural se enmarca en el convenio con ONU-H\u00e1bitat y refleja los principios del Nuevo Acuerdo por el Bienestar y Desarrollo de Quintana Roo.<\/p>\n\n\n\n<p>\u201cEl arte urbano es una forma poderosa de expresar la identidad de nuestras comunidades. Este mural no solo embellece el espacio, tambi\u00e9n representa el latido joven de Canc\u00fan, su creatividad y su fuerza colectiva\u201d, expres\u00f3 Carlos Flores Hidalgo, director general de la AGEPRO.<\/p>\n\n\n\n<p>El mural, a\u00fan en proceso, contempla la creaci\u00f3n de cuatro piezas de 24 metros cada una, que integran dise\u00f1o, color, identidad local y participaci\u00f3n vecinal. Como parte del avance, se realiz\u00f3 una jornada de convivencia donde ni\u00f1as y ni\u00f1os intervinieron una secci\u00f3n del muro, en un ejercicio de inclusi\u00f3n y apropiaci\u00f3n del espacio p\u00fablico. Se espera que en pr\u00f3ximas fechas el mural sea concluido en su totalidad.<\/p>\n","protected":false},"excerpt":{"rendered":"<p>Como parte de una iniciativa ciudadana canalizada a trav\u00e9s del programa \u201cLa Voz del Pueblo\u201d que encabeza la<\/p>\n","protected":false},"author":1,"featured_media":20649,"comment_status":"closed","ping_status":"open","sticky":false,"template":"","format":"standard","meta":{"_monsterinsights_skip_tracking":false,"_monsterinsights_sitenote_active":false,"_monsterinsights_sitenote_note":"","_monsterinsights_sitenote_category":0,"footnotes":""},"categories":[24],"tags":[],"class_list":["post-20648","post","type-post","status-publish","format-standard","has-post-thumbnail","hentry","category-quintana-roo"],"yoast_head":"<!-- This site is optimized with the Yoast SEO plugin v18.3 - https:\/\/yoast.com\/wordpress\/plugins\/seo\/ -->\n<title>Canc\u00fan vibra con arte y participaci\u00f3n social en el Parque de la Equidad - El Puuc Noticias<\/title>\n<meta name=\"robots\" content=\"index, follow, max-snippet:-1, max-image-preview:large, max-video-preview:-1\" \/>\n<link rel=\"canonical\" href=\"https:\/\/elpuucnoticias.com\/?p=20648\" \/>\n<meta property=\"og:locale\" content=\"es_ES\" \/>\n<meta property=\"og:type\" content=\"article\" \/>\n<meta property=\"og:title\" content=\"Canc\u00fan vibra con arte y participaci\u00f3n social en el Parque de la Equidad - El Puuc Noticias\" \/>\n<meta property=\"og:description\" content=\"Como parte de una iniciativa ciudadana canalizada a trav\u00e9s del programa \u201cLa Voz del Pueblo\u201d que encabeza la\" \/>\n<meta property=\"og:url\" content=\"https:\/\/elpuucnoticias.com\/?p=20648\" \/>\n<meta property=\"og:site_name\" content=\"El Puuc Noticias\" \/>\n<meta property=\"article:published_time\" content=\"2025-08-19T19:28:41+00:00\" \/>\n<meta property=\"article:modified_time\" content=\"2025-08-19T19:28:42+00:00\" \/>\n<meta property=\"og:image\" content=\"https:\/\/elpuucnoticias.com\/wp-content\/uploads\/2025\/08\/whatsapp-image-2025-08-19-at-1.25.51-pm.jpeg\" \/>\n\t<meta property=\"og:image:width\" content=\"1600\" \/>\n\t<meta property=\"og:image:height\" content=\"739\" \/>\n\t<meta property=\"og:image:type\" content=\"image\/jpeg\" \/>\n<meta name=\"twitter:card\" content=\"summary_large_image\" \/>\n<meta name=\"twitter:label1\" content=\"Escrito por\" \/>\n\t<meta name=\"twitter:data1\" content=\"elpuucnoticias\" \/>\n\t<meta name=\"twitter:label2\" content=\"Tiempo de lectura\" \/>\n\t<meta name=\"twitter:data2\" content=\"1 minuto\" \/>\n<script type=\"application\/ld+json\" class=\"yoast-schema-graph\">{\"@context\":\"https:\/\/schema.org\",\"@graph\":[{\"@type\":\"WebSite\",\"@id\":\"https:\/\/elpuucnoticias.com\/#website\",\"url\":\"https:\/\/elpuucnoticias.com\/\",\"name\":\"El Puuc Noticias\",\"description\":\"Noticias - Entretenimiento - Deportes\",\"potentialAction\":[{\"@type\":\"SearchAction\",\"target\":{\"@type\":\"EntryPoint\",\"urlTemplate\":\"https:\/\/elpuucnoticias.com\/?s={search_term_string}\"},\"query-input\":\"required name=search_term_string\"}],\"inLanguage\":\"es\"},{\"@type\":\"ImageObject\",\"@id\":\"https:\/\/elpuucnoticias.com\/?p=20648#primaryimage\",\"inLanguage\":\"es\",\"url\":\"https:\/\/elpuucnoticias.com\/wp-content\/uploads\/2025\/08\/whatsapp-image-2025-08-19-at-1.25.51-pm.jpeg\",\"contentUrl\":\"https:\/\/elpuucnoticias.com\/wp-content\/uploads\/2025\/08\/whatsapp-image-2025-08-19-at-1.25.51-pm.jpeg\",\"width\":1600,\"height\":739},{\"@type\":\"WebPage\",\"@id\":\"https:\/\/elpuucnoticias.com\/?p=20648#webpage\",\"url\":\"https:\/\/elpuucnoticias.com\/?p=20648\",\"name\":\"Canc\u00fan vibra con arte y participaci\u00f3n social en el Parque de la Equidad - El Puuc Noticias\",\"isPartOf\":{\"@id\":\"https:\/\/elpuucnoticias.com\/#website\"},\"primaryImageOfPage\":{\"@id\":\"https:\/\/elpuucnoticias.com\/?p=20648#primaryimage\"},\"datePublished\":\"2025-08-19T19:28:41+00:00\",\"dateModified\":\"2025-08-19T19:28:42+00:00\",\"author\":{\"@id\":\"https:\/\/elpuucnoticias.com\/#\/schema\/person\/d2ea09e4c97f0160b11cdfb1d856bd9e\"},\"breadcrumb\":{\"@id\":\"https:\/\/elpuucnoticias.com\/?p=20648#breadcrumb\"},\"inLanguage\":\"es\",\"potentialAction\":[{\"@type\":\"ReadAction\",\"target\":[\"https:\/\/elpuucnoticias.com\/?p=20648\"]}]},{\"@type\":\"BreadcrumbList\",\"@id\":\"https:\/\/elpuucnoticias.com\/?p=20648#breadcrumb\",\"itemListElement\":[{\"@type\":\"ListItem\",\"position\":1,\"name\":\"Portada\",\"item\":\"https:\/\/elpuucnoticias.com\/\"},{\"@type\":\"ListItem\",\"position\":2,\"name\":\"Canc\u00fan vibra con arte y participaci\u00f3n social en el Parque de la Equidad\"}]},{\"@type\":\"Person\",\"@id\":\"https:\/\/elpuucnoticias.com\/#\/schema\/person\/d2ea09e4c97f0160b11cdfb1d856bd9e\",\"name\":\"elpuucnoticias\",\"image\":{\"@type\":\"ImageObject\",\"@id\":\"https:\/\/elpuucnoticias.com\/#personlogo\",\"inLanguage\":\"es\",\"url\":\"https:\/\/secure.gravatar.com\/avatar\/5290a43657c74ffa15701dbe5b846bd85cc71930d803c84e91046a7333de6ce2?s=96&d=mm&r=g\",\"contentUrl\":\"https:\/\/secure.gravatar.com\/avatar\/5290a43657c74ffa15701dbe5b846bd85cc71930d803c84e91046a7333de6ce2?s=96&d=mm&r=g\",\"caption\":\"elpuucnoticias\"},\"sameAs\":[\"https:\/\/elpuucnoticias.com\"],\"url\":\"https:\/\/elpuucnoticias.com\/?author=1\"}]}<\/script>\n<!-- \/ Yoast SEO plugin. -->","yoast_head_json":{"title":"Canc\u00fan vibra con arte y participaci\u00f3n social en el Parque de la Equidad - El Puuc Noticias","robots":{"index":"index","follow":"follow","max-snippet":"max-snippet:-1","max-image-preview":"max-image-preview:large","max-video-preview":"max-video-preview:-1"},"canonical":"https:\/\/elpuucnoticias.com\/?p=20648","og_locale":"es_ES","og_type":"article","og_title":"Canc\u00fan vibra con arte y participaci\u00f3n social en el Parque de la Equidad - El Puuc Noticias","og_description":"Como parte de una iniciativa ciudadana canalizada a trav\u00e9s del programa \u201cLa Voz del Pueblo\u201d que encabeza la","og_url":"https:\/\/elpuucnoticias.com\/?p=20648","og_site_name":"El Puuc Noticias","article_published_time":"2025-08-19T19:28:41+00:00","article_modified_time":"2025-08-19T19:28:42+00:00","og_image":[{"width":1600,"height":739,"url":"https:\/\/elpuucnoticias.com\/wp-content\/uploads\/2025\/08\/whatsapp-image-2025-08-19-at-1.25.51-pm.jpeg","type":"image\/jpeg"}],"twitter_card":"summary_large_image","twitter_misc":{"Escrito por":"elpuucnoticias","Tiempo de lectura":"1 minuto"},"schema":{"@context":"https:\/\/schema.org","@graph":[{"@type":"WebSite","@id":"https:\/\/elpuucnoticias.com\/#website","url":"https:\/\/elpuucnoticias.com\/","name":"El Puuc Noticias","description":"Noticias - Entretenimiento - Deportes","potentialAction":[{"@type":"SearchAction","target":{"@type":"EntryPoint","urlTemplate":"https:\/\/elpuucnoticias.com\/?s={search_term_string}"},"query-input":"required name=search_term_string"}],"inLanguage":"es"},{"@type":"ImageObject","@id":"https:\/\/elpuucnoticias.com\/?p=20648#primaryimage","inLanguage":"es","url":"https:\/\/elpuucnoticias.com\/wp-content\/uploads\/2025\/08\/whatsapp-image-2025-08-19-at-1.25.51-pm.jpeg","contentUrl":"https:\/\/elpuucnoticias.com\/wp-content\/uploads\/2025\/08\/whatsapp-image-2025-08-19-at-1.25.51-pm.jpeg","width":1600,"height":739},{"@type":"WebPage","@id":"https:\/\/elpuucnoticias.com\/?p=20648#webpage","url":"https:\/\/elpuucnoticias.com\/?p=20648","name":"Canc\u00fan vibra con arte y participaci\u00f3n social en el Parque de la Equidad - El Puuc Noticias","isPartOf":{"@id":"https:\/\/elpuucnoticias.com\/#website"},"primaryImageOfPage":{"@id":"https:\/\/elpuucnoticias.com\/?p=20648#primaryimage"},"datePublished":"2025-08-19T19:28:41+00:00","dateModified":"2025-08-19T19:28:42+00:00","author":{"@id":"https:\/\/elpuucnoticias.com\/#\/schema\/person\/d2ea09e4c97f0160b11cdfb1d856bd9e"},"breadcrumb":{"@id":"https:\/\/elpuucnoticias.com\/?p=20648#breadcrumb"},"inLanguage":"es","potentialAction":[{"@type":"ReadAction","target":["https:\/\/elpuucnoticias.com\/?p=20648"]}]},{"@type":"BreadcrumbList","@id":"https:\/\/elpuucnoticias.com\/?p=20648#breadcrumb","itemListElement":[{"@type":"ListItem","position":1,"name":"Portada","item":"https:\/\/elpuucnoticias.com\/"},{"@type":"ListItem","position":2,"name":"Canc\u00fan vibra con arte y participaci\u00f3n social en el Parque de la Equidad"}]},{"@type":"Person","@id":"https:\/\/elpuucnoticias.com\/#\/schema\/person\/d2ea09e4c97f0160b11cdfb1d856bd9e","name":"elpuucnoticias","image":{"@type":"ImageObject","@id":"https:\/\/elpuucnoticias.com\/#personlogo","inLanguage":"es","url":"https:\/\/secure.gravatar.com\/avatar\/5290a43657c74ffa15701dbe5b846bd85cc71930d803c84e91046a7333de6ce2?s=96&d=mm&r=g","contentUrl":"https:\/\/secure.gravatar.com\/avatar\/5290a43657c74ffa15701dbe5b846bd85cc71930d803c84e91046a7333de6ce2?s=96&d=mm&r=g","caption":"elpuucnoticias"},"sameAs":["https:\/\/elpuucnoticias.com"],"url":"https:\/\/elpuucnoticias.com\/?author=1"}]}},"_links":{"self":[{"href":"https:\/\/elpuucnoticias.com\/index.php?rest_route=\/wp\/v2\/posts\/20648","targetHints":{"allow":["GET"]}}],"collection":[{"href":"https:\/\/elpuucnoticias.com\/index.php?rest_route=\/wp\/v2\/posts"}],"about":[{"href":"https:\/\/elpuucnoticias.com\/index.php?rest_route=\/wp\/v2\/types\/post"}],"author":[{"embeddable":true,"href":"https:\/\/elpuucnoticias.com\/index.php?rest_route=\/wp\/v2\/users\/1"}],"replies":[{"embeddable":true,"href":"https:\/\/elpuucnoticias.com\/index.php?rest_route=%2Fwp%2Fv2%2Fcomments&post=20648"}],"version-history":[{"count":1,"href":"https:\/\/elpuucnoticias.com\/index.php?rest_route=\/wp\/v2\/posts\/20648\/revisions"}],"predecessor-version":[{"id":20650,"href":"https:\/\/elpuucnoticias.com\/index.php?rest_route=\/wp\/v2\/posts\/20648\/revisions\/20650"}],"wp:featuredmedia":[{"embeddable":true,"href":"https:\/\/elpuucnoticias.com\/index.php?rest_route=\/wp\/v2\/media\/20649"}],"wp:attachment":[{"href":"https:\/\/elpuucnoticias.com\/index.php?rest_route=%2Fwp%2Fv2%2Fmedia&parent=20648"}],"wp:term":[{"taxonomy":"category","embeddable":true,"href":"https:\/\/elpuucnoticias.com\/index.php?rest_route=%2Fwp%2Fv2%2Fcategories&post=20648"},{"taxonomy":"post_tag","embeddable":true,"href":"https:\/\/elpuucnoticias.com\/index.php?rest_route=%2Fwp%2Fv2%2Ftags&post=20648"}],"curies":[{"name":"wp","href":"https:\/\/api.w.org\/{rel}","templated":true}]}}