{"id":20665,"date":"2025-08-22T11:25:25","date_gmt":"2025-08-22T17:25:25","guid":{"rendered":"https:\/\/elpuucnoticias.com\/?p=20665"},"modified":"2025-08-22T11:25:26","modified_gmt":"2025-08-22T17:25:26","slug":"prioriza-el-impulso-deportivo-entre-la-ninez-quintanarroense-al-inaugurar-la-liga-formativa-de-futbol-porto-codeq","status":"publish","type":"post","link":"https:\/\/elpuucnoticias.com\/?p=20665","title":{"rendered":"Prioriza el impulso deportivo entre la ni\u00f1ez quintanarroense, al inaugurar la Liga Formativa de F\u00fatbol Porto-CODEQ"},"content":{"rendered":"\n<p>Al resaltar que el deporte es una herramienta fundamental para el desarrollo integral de las ni\u00f1as y ni\u00f1os quintanarroenses, Jacobo Arzate Hop, presidente de la Comisi\u00f3n del Deporte de Quintana Roo (CODEQ) encabez\u00f3 la ceremonia de inauguraci\u00f3n de la Liga Formativa de F\u00fatbol Porto-CODEQ, en la que participan alrededor de 1,400 jugadoras y jugadores.<\/p>\n\n\n\n<figure class=\"wp-block-image is-style-default\"><a href=\"https:\/\/cgc.qroo.gob.mx\/cjg\/wp-content\/uploads\/2025\/08\/WhatsApp-Image-2025-08-13-at-15.07.13.jpeg\"><img decoding=\"async\" src=\"https:\/\/cgc.qroo.gob.mx\/cjg\/wp-content\/uploads\/2025\/08\/WhatsApp-Image-2025-08-13-at-15.07.13-585x390.jpeg\" alt=\"\" title=\"WhatsApp Image 2025-08-13 at 15.07.13\"\/><\/a><\/figure>\n\n\n\n<p>A trav\u00e9s de la CODEQ se trabaja #ANivelDeCancha para promover las actividades y espacios en los que la ni\u00f1ez de la entidad pueda competir y desarrollarse, esto como parte de las acciones del Nuevo Acuerdo por el Bienestar y Desarrollo, promovido por la gobernadora Mara Lezama Espinosa.<\/p>\n\n\n\n<figure class=\"wp-block-image is-style-default\"><a href=\"https:\/\/cgc.qroo.gob.mx\/cjg\/wp-content\/uploads\/2025\/08\/WhatsApp-Image-2025-08-13-at-15.07.11.jpeg\"><img decoding=\"async\" src=\"https:\/\/cgc.qroo.gob.mx\/cjg\/wp-content\/uploads\/2025\/08\/WhatsApp-Image-2025-08-13-at-15.07.11-585x390.jpeg\" alt=\"\" title=\"WhatsApp Image 2025-08-13 at 15.07.11\"\/><\/a><\/figure>\n\n\n\n<p>\u201cHoy felicito a cada ni\u00f1a y ni\u00f1o que hoy est\u00e1n haciendo deporte, porque adem\u00e1s de tener una vida sana, el deporte tambi\u00e9n ayuda para que tengan un mejor desarrollo personal e integral, sigan por ese camino y comb\u00ednenlo con la educaci\u00f3n\u201d, coment\u00f3 el titular de la CODEQ, quien tambi\u00e9n dio la declaratoria inaugural del certamen y realiz\u00f3 la patada inaugural.<\/p>\n\n\n\n<figure class=\"wp-block-image is-style-default\"><a href=\"https:\/\/cgc.qroo.gob.mx\/cjg\/wp-content\/uploads\/2025\/08\/WhatsApp-Image-2025-08-13-at-15.07.12-2.jpeg\"><img decoding=\"async\" src=\"https:\/\/cgc.qroo.gob.mx\/cjg\/wp-content\/uploads\/2025\/08\/WhatsApp-Image-2025-08-13-at-15.07.12-2-585x390.jpeg\" alt=\"\" title=\"WhatsApp Image 2025-08-13 at 15.07.12 (2)\"\/><\/a><\/figure>\n\n\n\n<p>Cabe resaltar que esta ceremonia de apertura tambi\u00e9n se hizo en el marco de la celebraci\u00f3n del primer aniversario de la Cancha de F\u00fatbol \u201cLa Bombonera\u201d, donde se vivi\u00f3 toda una fiesta deportiva, que incluy\u00f3 fuegos artificiales y un robot que asombr\u00f3 a las y los jugadores de la Liga.<\/p>\n\n\n\n<figure class=\"wp-block-image is-style-default\"><a href=\"https:\/\/cgc.qroo.gob.mx\/cjg\/wp-content\/uploads\/2025\/08\/WhatsApp-Image-2025-08-13-at-15.07.12.jpeg\"><img decoding=\"async\" src=\"https:\/\/cgc.qroo.gob.mx\/cjg\/wp-content\/uploads\/2025\/08\/WhatsApp-Image-2025-08-13-at-15.07.12-585x390.jpeg\" alt=\"\" title=\"WhatsApp Image 2025-08-13 at 15.07.12\"\/><\/a><\/figure>\n\n\n\n<p>Cabe destacar que se inform\u00f3 que para esta segunda temporada participar\u00e1n m\u00e1s de 1,400 ni\u00f1as y ni\u00f1os, repartidos en alrededor de 90 equipos en las categor\u00edas: Preescolar, Hormiguitas, Infantil, Sub-13 y Sub-15.<\/p>\n\n\n\n<figure class=\"wp-block-image is-style-default\"><a href=\"https:\/\/cgc.qroo.gob.mx\/cjg\/wp-content\/uploads\/2025\/08\/WhatsApp-Image-2025-08-13-at-15.07.13-1.jpeg\"><img decoding=\"async\" src=\"https:\/\/cgc.qroo.gob.mx\/cjg\/wp-content\/uploads\/2025\/08\/WhatsApp-Image-2025-08-13-at-15.07.13-1-585x390.jpeg\" alt=\"\" title=\"WhatsApp Image 2025-08-13 at 15.07.13 (1)\"\/><\/a><\/figure>\n\n\n\n<p>El titular de la CODEQ reconoci\u00f3 a la directiva de esta organizaci\u00f3n deportiva, por el gran esfuerzo realizado en la renovaci\u00f3n de la Cancha de F\u00fatbol \u201cLa Bombonera\u201d, que se ha convertido en un gran escenario donde ni\u00f1as y ni\u00f1os practican este popular deporte.<\/p>\n\n\n\n<figure class=\"wp-block-image is-style-default\"><a href=\"https:\/\/cgc.qroo.gob.mx\/cjg\/wp-content\/uploads\/2025\/08\/WhatsApp-Image-2025-08-13-at-15.07.12-1.jpeg\"><img decoding=\"async\" src=\"https:\/\/cgc.qroo.gob.mx\/cjg\/wp-content\/uploads\/2025\/08\/WhatsApp-Image-2025-08-13-at-15.07.12-1-585x390.jpeg\" alt=\"\" title=\"WhatsApp Image 2025-08-13 at 15.07.12 (1)\"\/><\/a><\/figure>\n\n\n\n<p>Al protocolo del certamen tambi\u00e9n asistieron Juan Pablo Calzada y Paul Canto, presidentes de la Liga Formativa Porto-CODEQ, as\u00ed como Roberto Agundis, quien acudi\u00f3 en representaci\u00f3n de los Socios Fundadores del Club Campestre.<\/p>\n","protected":false},"excerpt":{"rendered":"<p>Al resaltar que el deporte es una herramienta fundamental para el desarrollo integral de las ni\u00f1as y ni\u00f1os<\/p>\n","protected":false},"author":1,"featured_media":20666,"comment_status":"closed","ping_status":"open","sticky":false,"template":"","format":"standard","meta":{"_monsterinsights_skip_tracking":false,"_monsterinsights_sitenote_active":false,"_monsterinsights_sitenote_note":"","_monsterinsights_sitenote_category":0,"footnotes":""},"categories":[11,24],"tags":[],"class_list":["post-20665","post","type-post","status-publish","format-standard","has-post-thumbnail","hentry","category-noticias","category-quintana-roo"],"yoast_head":"<!-- This site is optimized with the Yoast SEO plugin v18.3 - https:\/\/yoast.com\/wordpress\/plugins\/seo\/ -->\n<title>Prioriza el impulso deportivo entre la ni\u00f1ez quintanarroense, al inaugurar la Liga Formativa de F\u00fatbol Porto-CODEQ - El Puuc Noticias<\/title>\n<meta name=\"robots\" content=\"index, follow, max-snippet:-1, max-image-preview:large, max-video-preview:-1\" \/>\n<link rel=\"canonical\" href=\"https:\/\/elpuucnoticias.com\/?p=20665\" \/>\n<meta property=\"og:locale\" content=\"es_ES\" \/>\n<meta property=\"og:type\" content=\"article\" \/>\n<meta property=\"og:title\" content=\"Prioriza el impulso deportivo entre la ni\u00f1ez quintanarroense, al inaugurar la Liga Formativa de F\u00fatbol Porto-CODEQ - El Puuc Noticias\" \/>\n<meta property=\"og:description\" content=\"Al resaltar que el deporte es una herramienta fundamental para el desarrollo integral de las ni\u00f1as y ni\u00f1os\" \/>\n<meta property=\"og:url\" content=\"https:\/\/elpuucnoticias.com\/?p=20665\" \/>\n<meta property=\"og:site_name\" content=\"El Puuc Noticias\" \/>\n<meta property=\"article:published_time\" content=\"2025-08-22T17:25:25+00:00\" \/>\n<meta property=\"article:modified_time\" content=\"2025-08-22T17:25:26+00:00\" \/>\n<meta property=\"og:image\" content=\"https:\/\/elpuucnoticias.com\/wp-content\/uploads\/2025\/08\/whatsapp-image-2025-08-13-at-15.07.11-1.jpeg\" \/>\n\t<meta property=\"og:image:width\" content=\"1600\" \/>\n\t<meta property=\"og:image:height\" content=\"1066\" \/>\n\t<meta property=\"og:image:type\" content=\"image\/jpeg\" \/>\n<meta name=\"twitter:card\" content=\"summary_large_image\" \/>\n<meta name=\"twitter:label1\" content=\"Escrito por\" \/>\n\t<meta name=\"twitter:data1\" content=\"elpuucnoticias\" \/>\n\t<meta name=\"twitter:label2\" content=\"Tiempo de lectura\" \/>\n\t<meta name=\"twitter:data2\" content=\"2 minutos\" \/>\n<script type=\"application\/ld+json\" class=\"yoast-schema-graph\">{\"@context\":\"https:\/\/schema.org\",\"@graph\":[{\"@type\":\"WebSite\",\"@id\":\"https:\/\/elpuucnoticias.com\/#website\",\"url\":\"https:\/\/elpuucnoticias.com\/\",\"name\":\"El Puuc Noticias\",\"description\":\"Noticias - Entretenimiento - Deportes\",\"potentialAction\":[{\"@type\":\"SearchAction\",\"target\":{\"@type\":\"EntryPoint\",\"urlTemplate\":\"https:\/\/elpuucnoticias.com\/?s={search_term_string}\"},\"query-input\":\"required name=search_term_string\"}],\"inLanguage\":\"es\"},{\"@type\":\"ImageObject\",\"@id\":\"https:\/\/elpuucnoticias.com\/?p=20665#primaryimage\",\"inLanguage\":\"es\",\"url\":\"https:\/\/elpuucnoticias.com\/wp-content\/uploads\/2025\/08\/whatsapp-image-2025-08-13-at-15.07.11-1.jpeg\",\"contentUrl\":\"https:\/\/elpuucnoticias.com\/wp-content\/uploads\/2025\/08\/whatsapp-image-2025-08-13-at-15.07.11-1.jpeg\",\"width\":1600,\"height\":1066},{\"@type\":\"WebPage\",\"@id\":\"https:\/\/elpuucnoticias.com\/?p=20665#webpage\",\"url\":\"https:\/\/elpuucnoticias.com\/?p=20665\",\"name\":\"Prioriza el impulso deportivo entre la ni\u00f1ez quintanarroense, al inaugurar la Liga Formativa de F\u00fatbol Porto-CODEQ - El Puuc Noticias\",\"isPartOf\":{\"@id\":\"https:\/\/elpuucnoticias.com\/#website\"},\"primaryImageOfPage\":{\"@id\":\"https:\/\/elpuucnoticias.com\/?p=20665#primaryimage\"},\"datePublished\":\"2025-08-22T17:25:25+00:00\",\"dateModified\":\"2025-08-22T17:25:26+00:00\",\"author\":{\"@id\":\"https:\/\/elpuucnoticias.com\/#\/schema\/person\/d2ea09e4c97f0160b11cdfb1d856bd9e\"},\"breadcrumb\":{\"@id\":\"https:\/\/elpuucnoticias.com\/?p=20665#breadcrumb\"},\"inLanguage\":\"es\",\"potentialAction\":[{\"@type\":\"ReadAction\",\"target\":[\"https:\/\/elpuucnoticias.com\/?p=20665\"]}]},{\"@type\":\"BreadcrumbList\",\"@id\":\"https:\/\/elpuucnoticias.com\/?p=20665#breadcrumb\",\"itemListElement\":[{\"@type\":\"ListItem\",\"position\":1,\"name\":\"Portada\",\"item\":\"https:\/\/elpuucnoticias.com\/\"},{\"@type\":\"ListItem\",\"position\":2,\"name\":\"Prioriza el impulso deportivo entre la ni\u00f1ez quintanarroense, al inaugurar la Liga Formativa de F\u00fatbol Porto-CODEQ\"}]},{\"@type\":\"Person\",\"@id\":\"https:\/\/elpuucnoticias.com\/#\/schema\/person\/d2ea09e4c97f0160b11cdfb1d856bd9e\",\"name\":\"elpuucnoticias\",\"image\":{\"@type\":\"ImageObject\",\"@id\":\"https:\/\/elpuucnoticias.com\/#personlogo\",\"inLanguage\":\"es\",\"url\":\"https:\/\/secure.gravatar.com\/avatar\/5290a43657c74ffa15701dbe5b846bd85cc71930d803c84e91046a7333de6ce2?s=96&d=mm&r=g\",\"contentUrl\":\"https:\/\/secure.gravatar.com\/avatar\/5290a43657c74ffa15701dbe5b846bd85cc71930d803c84e91046a7333de6ce2?s=96&d=mm&r=g\",\"caption\":\"elpuucnoticias\"},\"sameAs\":[\"https:\/\/elpuucnoticias.com\"],\"url\":\"https:\/\/elpuucnoticias.com\/?author=1\"}]}<\/script>\n<!-- \/ Yoast SEO plugin. -->","yoast_head_json":{"title":"Prioriza el impulso deportivo entre la ni\u00f1ez quintanarroense, al inaugurar la Liga Formativa de F\u00fatbol Porto-CODEQ - El Puuc Noticias","robots":{"index":"index","follow":"follow","max-snippet":"max-snippet:-1","max-image-preview":"max-image-preview:large","max-video-preview":"max-video-preview:-1"},"canonical":"https:\/\/elpuucnoticias.com\/?p=20665","og_locale":"es_ES","og_type":"article","og_title":"Prioriza el impulso deportivo entre la ni\u00f1ez quintanarroense, al inaugurar la Liga Formativa de F\u00fatbol Porto-CODEQ - El Puuc Noticias","og_description":"Al resaltar que el deporte es una herramienta fundamental para el desarrollo integral de las ni\u00f1as y ni\u00f1os","og_url":"https:\/\/elpuucnoticias.com\/?p=20665","og_site_name":"El Puuc Noticias","article_published_time":"2025-08-22T17:25:25+00:00","article_modified_time":"2025-08-22T17:25:26+00:00","og_image":[{"width":1600,"height":1066,"url":"https:\/\/elpuucnoticias.com\/wp-content\/uploads\/2025\/08\/whatsapp-image-2025-08-13-at-15.07.11-1.jpeg","type":"image\/jpeg"}],"twitter_card":"summary_large_image","twitter_misc":{"Escrito por":"elpuucnoticias","Tiempo de lectura":"2 minutos"},"schema":{"@context":"https:\/\/schema.org","@graph":[{"@type":"WebSite","@id":"https:\/\/elpuucnoticias.com\/#website","url":"https:\/\/elpuucnoticias.com\/","name":"El Puuc Noticias","description":"Noticias - Entretenimiento - Deportes","potentialAction":[{"@type":"SearchAction","target":{"@type":"EntryPoint","urlTemplate":"https:\/\/elpuucnoticias.com\/?s={search_term_string}"},"query-input":"required name=search_term_string"}],"inLanguage":"es"},{"@type":"ImageObject","@id":"https:\/\/elpuucnoticias.com\/?p=20665#primaryimage","inLanguage":"es","url":"https:\/\/elpuucnoticias.com\/wp-content\/uploads\/2025\/08\/whatsapp-image-2025-08-13-at-15.07.11-1.jpeg","contentUrl":"https:\/\/elpuucnoticias.com\/wp-content\/uploads\/2025\/08\/whatsapp-image-2025-08-13-at-15.07.11-1.jpeg","width":1600,"height":1066},{"@type":"WebPage","@id":"https:\/\/elpuucnoticias.com\/?p=20665#webpage","url":"https:\/\/elpuucnoticias.com\/?p=20665","name":"Prioriza el impulso deportivo entre la ni\u00f1ez quintanarroense, al inaugurar la Liga Formativa de F\u00fatbol Porto-CODEQ - El Puuc Noticias","isPartOf":{"@id":"https:\/\/elpuucnoticias.com\/#website"},"primaryImageOfPage":{"@id":"https:\/\/elpuucnoticias.com\/?p=20665#primaryimage"},"datePublished":"2025-08-22T17:25:25+00:00","dateModified":"2025-08-22T17:25:26+00:00","author":{"@id":"https:\/\/elpuucnoticias.com\/#\/schema\/person\/d2ea09e4c97f0160b11cdfb1d856bd9e"},"breadcrumb":{"@id":"https:\/\/elpuucnoticias.com\/?p=20665#breadcrumb"},"inLanguage":"es","potentialAction":[{"@type":"ReadAction","target":["https:\/\/elpuucnoticias.com\/?p=20665"]}]},{"@type":"BreadcrumbList","@id":"https:\/\/elpuucnoticias.com\/?p=20665#breadcrumb","itemListElement":[{"@type":"ListItem","position":1,"name":"Portada","item":"https:\/\/elpuucnoticias.com\/"},{"@type":"ListItem","position":2,"name":"Prioriza el impulso deportivo entre la ni\u00f1ez quintanarroense, al inaugurar la Liga Formativa de F\u00fatbol Porto-CODEQ"}]},{"@type":"Person","@id":"https:\/\/elpuucnoticias.com\/#\/schema\/person\/d2ea09e4c97f0160b11cdfb1d856bd9e","name":"elpuucnoticias","image":{"@type":"ImageObject","@id":"https:\/\/elpuucnoticias.com\/#personlogo","inLanguage":"es","url":"https:\/\/secure.gravatar.com\/avatar\/5290a43657c74ffa15701dbe5b846bd85cc71930d803c84e91046a7333de6ce2?s=96&d=mm&r=g","contentUrl":"https:\/\/secure.gravatar.com\/avatar\/5290a43657c74ffa15701dbe5b846bd85cc71930d803c84e91046a7333de6ce2?s=96&d=mm&r=g","caption":"elpuucnoticias"},"sameAs":["https:\/\/elpuucnoticias.com"],"url":"https:\/\/elpuucnoticias.com\/?author=1"}]}},"_links":{"self":[{"href":"https:\/\/elpuucnoticias.com\/index.php?rest_route=\/wp\/v2\/posts\/20665","targetHints":{"allow":["GET"]}}],"collection":[{"href":"https:\/\/elpuucnoticias.com\/index.php?rest_route=\/wp\/v2\/posts"}],"about":[{"href":"https:\/\/elpuucnoticias.com\/index.php?rest_route=\/wp\/v2\/types\/post"}],"author":[{"embeddable":true,"href":"https:\/\/elpuucnoticias.com\/index.php?rest_route=\/wp\/v2\/users\/1"}],"replies":[{"embeddable":true,"href":"https:\/\/elpuucnoticias.com\/index.php?rest_route=%2Fwp%2Fv2%2Fcomments&post=20665"}],"version-history":[{"count":1,"href":"https:\/\/elpuucnoticias.com\/index.php?rest_route=\/wp\/v2\/posts\/20665\/revisions"}],"predecessor-version":[{"id":20667,"href":"https:\/\/elpuucnoticias.com\/index.php?rest_route=\/wp\/v2\/posts\/20665\/revisions\/20667"}],"wp:featuredmedia":[{"embeddable":true,"href":"https:\/\/elpuucnoticias.com\/index.php?rest_route=\/wp\/v2\/media\/20666"}],"wp:attachment":[{"href":"https:\/\/elpuucnoticias.com\/index.php?rest_route=%2Fwp%2Fv2%2Fmedia&parent=20665"}],"wp:term":[{"taxonomy":"category","embeddable":true,"href":"https:\/\/elpuucnoticias.com\/index.php?rest_route=%2Fwp%2Fv2%2Fcategories&post=20665"},{"taxonomy":"post_tag","embeddable":true,"href":"https:\/\/elpuucnoticias.com\/index.php?rest_route=%2Fwp%2Fv2%2Ftags&post=20665"}],"curies":[{"name":"wp","href":"https:\/\/api.w.org\/{rel}","templated":true}]}}