{"id":20668,"date":"2025-08-22T11:35:34","date_gmt":"2025-08-22T17:35:34","guid":{"rendered":"https:\/\/elpuucnoticias.com\/?p=20668"},"modified":"2025-08-22T11:35:35","modified_gmt":"2025-08-22T17:35:35","slug":"colabora-la-fundacion-de-parques-y-museos-de-cozumel-con-el-ipn-en-investigacion-genetica-de-murcielagos","status":"publish","type":"post","link":"https:\/\/elpuucnoticias.com\/?p=20668","title":{"rendered":"Colabora la Fundaci\u00f3n de Parques y Museos de Cozumel con el IPN en investigaci\u00f3n gen\u00e9tica de murci\u00e9lagos"},"content":{"rendered":"\n<p>Con el objetivo de contribuir al conocimiento cient\u00edfico sobre la gen\u00e9tica de poblaciones de murci\u00e9lagos en M\u00e9xico, la Fundaci\u00f3n de Parques y Museos de Cozumel (FPMC) brind\u00f3 facilidades para que investigadoras e investigadores del Instituto Polit\u00e9cnico Nacional (IPN) realizaran un monitoreo de quir\u00f3pteros en las instalaciones del Centro de Conservaci\u00f3n y Educaci\u00f3n Ambiental (CCEA).<\/p>\n\n\n\n<figure class=\"wp-block-image is-style-default\"><a href=\"https:\/\/cgc.qroo.gob.mx\/cjg\/wp-content\/uploads\/2025\/08\/WhatsApp-Image-2025-08-14-at-14.39.27.jpeg\"><img decoding=\"async\" src=\"https:\/\/cgc.qroo.gob.mx\/cjg\/wp-content\/uploads\/2025\/08\/WhatsApp-Image-2025-08-14-at-14.39.27-585x439.jpeg\" alt=\"\" title=\"WhatsApp Image 2025-08-14 at 14.39.27\"\/><\/a><\/figure>\n\n\n\n<p>La directora general de la FPMC, Juanita Alonso Marrufo, destac\u00f3 que para la instituci\u00f3n es prioritario establecer alianzas con organismos acad\u00e9micos y de investigaci\u00f3n que fortalezcan la calidad de vida de la comunidad y la salud de los ecosistemas de la isla, en congruencia con el Nuevo Acuerdo por el Bienestar y Desarrollo de Quintana Roo que impulsa la gobernadora Mara Lezama Espinosa.<\/p>\n\n\n\n<figure class=\"wp-block-image is-style-default\"><a href=\"https:\/\/cgc.qroo.gob.mx\/cjg\/wp-content\/uploads\/2025\/08\/WhatsApp-Image-2025-08-14-at-14.39.26-1.jpeg\"><img decoding=\"async\" src=\"https:\/\/cgc.qroo.gob.mx\/cjg\/wp-content\/uploads\/2025\/08\/WhatsApp-Image-2025-08-14-at-14.39.26-1-585x621.jpeg\" alt=\"\" title=\"WhatsApp Image 2025-08-14 at 14.39.26 (1)\"\/><\/a><\/figure>\n\n\n\n<p>El director de Conservaci\u00f3n y Educaci\u00f3n Ambiental, Rafael Chac\u00f3n D\u00edaz, explic\u00f3 que la visita estuvo encabezada por el Maestro en Ciencias Jorge Eduardo Alem\u00e1n Silva, del Laboratorio de Bioconservaci\u00f3n y Manejo, del Departamento de Zoolog\u00eda de la Escuela Nacional de Ciencias Biol\u00f3gicas del IPN, quien da seguimiento al proyecto \u201cGen\u00e9tica de Poblaciones de Murci\u00e9lagos Mexicanos\u201d. Este estudio busca aportar informaci\u00f3n clave para comprender la historia evolutiva de estos mam\u00edferos y dise\u00f1ar estrategias efectivas de conservaci\u00f3n y manejo.<\/p>\n\n\n\n<figure class=\"wp-block-image is-style-default\"><a href=\"https:\/\/cgc.qroo.gob.mx\/cjg\/wp-content\/uploads\/2025\/08\/WhatsApp-Image-2025-08-14-at-14.39.26.jpeg\"><img decoding=\"async\" src=\"https:\/\/cgc.qroo.gob.mx\/cjg\/wp-content\/uploads\/2025\/08\/WhatsApp-Image-2025-08-14-at-14.39.26-585x504.jpeg\" alt=\"\" title=\"WhatsApp Image 2025-08-14 at 14.39.26\"\/><\/a><\/figure>\n\n\n\n<p>Durante su estancia en el CCEA y con los permisos de captura otorgados a la FPMC, el especialista instal\u00f3 trampas de niebla para la captura temporal de ejemplares, liber\u00e1ndolos posteriormente en condiciones seguras y garantizando su bienestar.<\/p>\n\n\n\n<p>Chac\u00f3n D\u00edaz subray\u00f3 que este tipo de investigaciones no solo enriquecen el acervo cient\u00edfico sobre la diversidad y estructura gen\u00e9tica de los murci\u00e9lagos en el pa\u00eds, sino que tambi\u00e9n fortalecen la colaboraci\u00f3n entre la ciencia y la conservaci\u00f3n. La FPMC sigue siendo un aliado estrat\u00e9gico en la generaci\u00f3n de conocimiento para la protecci\u00f3n de la biodiversidad.<\/p>\n\n\n\n<p><\/p>\n","protected":false},"excerpt":{"rendered":"<p>Con el objetivo de contribuir al conocimiento cient\u00edfico sobre la gen\u00e9tica de poblaciones de murci\u00e9lagos en M\u00e9xico, la<\/p>\n","protected":false},"author":1,"featured_media":20669,"comment_status":"closed","ping_status":"open","sticky":false,"template":"","format":"standard","meta":{"_monsterinsights_skip_tracking":false,"_monsterinsights_sitenote_active":false,"_monsterinsights_sitenote_note":"","_monsterinsights_sitenote_category":0,"footnotes":""},"categories":[11,24],"tags":[],"class_list":["post-20668","post","type-post","status-publish","format-standard","has-post-thumbnail","hentry","category-noticias","category-quintana-roo"],"yoast_head":"<!-- This site is optimized with the Yoast SEO plugin v18.3 - https:\/\/yoast.com\/wordpress\/plugins\/seo\/ -->\n<title>Colabora la Fundaci\u00f3n de Parques y Museos de Cozumel con el IPN en investigaci\u00f3n gen\u00e9tica de murci\u00e9lagos - El Puuc Noticias<\/title>\n<meta name=\"robots\" content=\"index, follow, max-snippet:-1, max-image-preview:large, max-video-preview:-1\" \/>\n<link rel=\"canonical\" href=\"https:\/\/elpuucnoticias.com\/?p=20668\" \/>\n<meta property=\"og:locale\" content=\"es_ES\" \/>\n<meta property=\"og:type\" content=\"article\" \/>\n<meta property=\"og:title\" content=\"Colabora la Fundaci\u00f3n de Parques y Museos de Cozumel con el IPN en investigaci\u00f3n gen\u00e9tica de murci\u00e9lagos - El Puuc Noticias\" \/>\n<meta property=\"og:description\" content=\"Con el objetivo de contribuir al conocimiento cient\u00edfico sobre la gen\u00e9tica de poblaciones de murci\u00e9lagos en M\u00e9xico, la\" \/>\n<meta property=\"og:url\" content=\"https:\/\/elpuucnoticias.com\/?p=20668\" \/>\n<meta property=\"og:site_name\" content=\"El Puuc Noticias\" \/>\n<meta property=\"article:published_time\" content=\"2025-08-22T17:35:34+00:00\" \/>\n<meta property=\"article:modified_time\" content=\"2025-08-22T17:35:35+00:00\" \/>\n<meta property=\"og:image\" content=\"https:\/\/elpuucnoticias.com\/wp-content\/uploads\/2025\/08\/whatsapp-image-2025-08-14-at-14.39.26-2.jpeg\" \/>\n\t<meta property=\"og:image:width\" content=\"1600\" \/>\n\t<meta property=\"og:image:height\" content=\"1200\" \/>\n\t<meta property=\"og:image:type\" content=\"image\/jpeg\" \/>\n<meta name=\"twitter:card\" content=\"summary_large_image\" \/>\n<meta name=\"twitter:label1\" content=\"Escrito por\" \/>\n\t<meta name=\"twitter:data1\" content=\"elpuucnoticias\" \/>\n\t<meta name=\"twitter:label2\" content=\"Tiempo de lectura\" \/>\n\t<meta name=\"twitter:data2\" content=\"2 minutos\" \/>\n<script type=\"application\/ld+json\" class=\"yoast-schema-graph\">{\"@context\":\"https:\/\/schema.org\",\"@graph\":[{\"@type\":\"WebSite\",\"@id\":\"https:\/\/elpuucnoticias.com\/#website\",\"url\":\"https:\/\/elpuucnoticias.com\/\",\"name\":\"El Puuc Noticias\",\"description\":\"Noticias - Entretenimiento - Deportes\",\"potentialAction\":[{\"@type\":\"SearchAction\",\"target\":{\"@type\":\"EntryPoint\",\"urlTemplate\":\"https:\/\/elpuucnoticias.com\/?s={search_term_string}\"},\"query-input\":\"required name=search_term_string\"}],\"inLanguage\":\"es\"},{\"@type\":\"ImageObject\",\"@id\":\"https:\/\/elpuucnoticias.com\/?p=20668#primaryimage\",\"inLanguage\":\"es\",\"url\":\"https:\/\/elpuucnoticias.com\/wp-content\/uploads\/2025\/08\/whatsapp-image-2025-08-14-at-14.39.26-2.jpeg\",\"contentUrl\":\"https:\/\/elpuucnoticias.com\/wp-content\/uploads\/2025\/08\/whatsapp-image-2025-08-14-at-14.39.26-2.jpeg\",\"width\":1600,\"height\":1200},{\"@type\":\"WebPage\",\"@id\":\"https:\/\/elpuucnoticias.com\/?p=20668#webpage\",\"url\":\"https:\/\/elpuucnoticias.com\/?p=20668\",\"name\":\"Colabora la Fundaci\u00f3n de Parques y Museos de Cozumel con el IPN en investigaci\u00f3n gen\u00e9tica de murci\u00e9lagos - El Puuc Noticias\",\"isPartOf\":{\"@id\":\"https:\/\/elpuucnoticias.com\/#website\"},\"primaryImageOfPage\":{\"@id\":\"https:\/\/elpuucnoticias.com\/?p=20668#primaryimage\"},\"datePublished\":\"2025-08-22T17:35:34+00:00\",\"dateModified\":\"2025-08-22T17:35:35+00:00\",\"author\":{\"@id\":\"https:\/\/elpuucnoticias.com\/#\/schema\/person\/d2ea09e4c97f0160b11cdfb1d856bd9e\"},\"breadcrumb\":{\"@id\":\"https:\/\/elpuucnoticias.com\/?p=20668#breadcrumb\"},\"inLanguage\":\"es\",\"potentialAction\":[{\"@type\":\"ReadAction\",\"target\":[\"https:\/\/elpuucnoticias.com\/?p=20668\"]}]},{\"@type\":\"BreadcrumbList\",\"@id\":\"https:\/\/elpuucnoticias.com\/?p=20668#breadcrumb\",\"itemListElement\":[{\"@type\":\"ListItem\",\"position\":1,\"name\":\"Portada\",\"item\":\"https:\/\/elpuucnoticias.com\/\"},{\"@type\":\"ListItem\",\"position\":2,\"name\":\"Colabora la Fundaci\u00f3n de Parques y Museos de Cozumel con el IPN en investigaci\u00f3n gen\u00e9tica de murci\u00e9lagos\"}]},{\"@type\":\"Person\",\"@id\":\"https:\/\/elpuucnoticias.com\/#\/schema\/person\/d2ea09e4c97f0160b11cdfb1d856bd9e\",\"name\":\"elpuucnoticias\",\"image\":{\"@type\":\"ImageObject\",\"@id\":\"https:\/\/elpuucnoticias.com\/#personlogo\",\"inLanguage\":\"es\",\"url\":\"https:\/\/secure.gravatar.com\/avatar\/5290a43657c74ffa15701dbe5b846bd85cc71930d803c84e91046a7333de6ce2?s=96&d=mm&r=g\",\"contentUrl\":\"https:\/\/secure.gravatar.com\/avatar\/5290a43657c74ffa15701dbe5b846bd85cc71930d803c84e91046a7333de6ce2?s=96&d=mm&r=g\",\"caption\":\"elpuucnoticias\"},\"sameAs\":[\"https:\/\/elpuucnoticias.com\"],\"url\":\"https:\/\/elpuucnoticias.com\/?author=1\"}]}<\/script>\n<!-- \/ Yoast SEO plugin. -->","yoast_head_json":{"title":"Colabora la Fundaci\u00f3n de Parques y Museos de Cozumel con el IPN en investigaci\u00f3n gen\u00e9tica de murci\u00e9lagos - El Puuc Noticias","robots":{"index":"index","follow":"follow","max-snippet":"max-snippet:-1","max-image-preview":"max-image-preview:large","max-video-preview":"max-video-preview:-1"},"canonical":"https:\/\/elpuucnoticias.com\/?p=20668","og_locale":"es_ES","og_type":"article","og_title":"Colabora la Fundaci\u00f3n de Parques y Museos de Cozumel con el IPN en investigaci\u00f3n gen\u00e9tica de murci\u00e9lagos - El Puuc Noticias","og_description":"Con el objetivo de contribuir al conocimiento cient\u00edfico sobre la gen\u00e9tica de poblaciones de murci\u00e9lagos en M\u00e9xico, la","og_url":"https:\/\/elpuucnoticias.com\/?p=20668","og_site_name":"El Puuc Noticias","article_published_time":"2025-08-22T17:35:34+00:00","article_modified_time":"2025-08-22T17:35:35+00:00","og_image":[{"width":1600,"height":1200,"url":"https:\/\/elpuucnoticias.com\/wp-content\/uploads\/2025\/08\/whatsapp-image-2025-08-14-at-14.39.26-2.jpeg","type":"image\/jpeg"}],"twitter_card":"summary_large_image","twitter_misc":{"Escrito por":"elpuucnoticias","Tiempo de lectura":"2 minutos"},"schema":{"@context":"https:\/\/schema.org","@graph":[{"@type":"WebSite","@id":"https:\/\/elpuucnoticias.com\/#website","url":"https:\/\/elpuucnoticias.com\/","name":"El Puuc Noticias","description":"Noticias - Entretenimiento - Deportes","potentialAction":[{"@type":"SearchAction","target":{"@type":"EntryPoint","urlTemplate":"https:\/\/elpuucnoticias.com\/?s={search_term_string}"},"query-input":"required name=search_term_string"}],"inLanguage":"es"},{"@type":"ImageObject","@id":"https:\/\/elpuucnoticias.com\/?p=20668#primaryimage","inLanguage":"es","url":"https:\/\/elpuucnoticias.com\/wp-content\/uploads\/2025\/08\/whatsapp-image-2025-08-14-at-14.39.26-2.jpeg","contentUrl":"https:\/\/elpuucnoticias.com\/wp-content\/uploads\/2025\/08\/whatsapp-image-2025-08-14-at-14.39.26-2.jpeg","width":1600,"height":1200},{"@type":"WebPage","@id":"https:\/\/elpuucnoticias.com\/?p=20668#webpage","url":"https:\/\/elpuucnoticias.com\/?p=20668","name":"Colabora la Fundaci\u00f3n de Parques y Museos de Cozumel con el IPN en investigaci\u00f3n gen\u00e9tica de murci\u00e9lagos - El Puuc Noticias","isPartOf":{"@id":"https:\/\/elpuucnoticias.com\/#website"},"primaryImageOfPage":{"@id":"https:\/\/elpuucnoticias.com\/?p=20668#primaryimage"},"datePublished":"2025-08-22T17:35:34+00:00","dateModified":"2025-08-22T17:35:35+00:00","author":{"@id":"https:\/\/elpuucnoticias.com\/#\/schema\/person\/d2ea09e4c97f0160b11cdfb1d856bd9e"},"breadcrumb":{"@id":"https:\/\/elpuucnoticias.com\/?p=20668#breadcrumb"},"inLanguage":"es","potentialAction":[{"@type":"ReadAction","target":["https:\/\/elpuucnoticias.com\/?p=20668"]}]},{"@type":"BreadcrumbList","@id":"https:\/\/elpuucnoticias.com\/?p=20668#breadcrumb","itemListElement":[{"@type":"ListItem","position":1,"name":"Portada","item":"https:\/\/elpuucnoticias.com\/"},{"@type":"ListItem","position":2,"name":"Colabora la Fundaci\u00f3n de Parques y Museos de Cozumel con el IPN en investigaci\u00f3n gen\u00e9tica de murci\u00e9lagos"}]},{"@type":"Person","@id":"https:\/\/elpuucnoticias.com\/#\/schema\/person\/d2ea09e4c97f0160b11cdfb1d856bd9e","name":"elpuucnoticias","image":{"@type":"ImageObject","@id":"https:\/\/elpuucnoticias.com\/#personlogo","inLanguage":"es","url":"https:\/\/secure.gravatar.com\/avatar\/5290a43657c74ffa15701dbe5b846bd85cc71930d803c84e91046a7333de6ce2?s=96&d=mm&r=g","contentUrl":"https:\/\/secure.gravatar.com\/avatar\/5290a43657c74ffa15701dbe5b846bd85cc71930d803c84e91046a7333de6ce2?s=96&d=mm&r=g","caption":"elpuucnoticias"},"sameAs":["https:\/\/elpuucnoticias.com"],"url":"https:\/\/elpuucnoticias.com\/?author=1"}]}},"_links":{"self":[{"href":"https:\/\/elpuucnoticias.com\/index.php?rest_route=\/wp\/v2\/posts\/20668","targetHints":{"allow":["GET"]}}],"collection":[{"href":"https:\/\/elpuucnoticias.com\/index.php?rest_route=\/wp\/v2\/posts"}],"about":[{"href":"https:\/\/elpuucnoticias.com\/index.php?rest_route=\/wp\/v2\/types\/post"}],"author":[{"embeddable":true,"href":"https:\/\/elpuucnoticias.com\/index.php?rest_route=\/wp\/v2\/users\/1"}],"replies":[{"embeddable":true,"href":"https:\/\/elpuucnoticias.com\/index.php?rest_route=%2Fwp%2Fv2%2Fcomments&post=20668"}],"version-history":[{"count":1,"href":"https:\/\/elpuucnoticias.com\/index.php?rest_route=\/wp\/v2\/posts\/20668\/revisions"}],"predecessor-version":[{"id":20670,"href":"https:\/\/elpuucnoticias.com\/index.php?rest_route=\/wp\/v2\/posts\/20668\/revisions\/20670"}],"wp:featuredmedia":[{"embeddable":true,"href":"https:\/\/elpuucnoticias.com\/index.php?rest_route=\/wp\/v2\/media\/20669"}],"wp:attachment":[{"href":"https:\/\/elpuucnoticias.com\/index.php?rest_route=%2Fwp%2Fv2%2Fmedia&parent=20668"}],"wp:term":[{"taxonomy":"category","embeddable":true,"href":"https:\/\/elpuucnoticias.com\/index.php?rest_route=%2Fwp%2Fv2%2Fcategories&post=20668"},{"taxonomy":"post_tag","embeddable":true,"href":"https:\/\/elpuucnoticias.com\/index.php?rest_route=%2Fwp%2Fv2%2Ftags&post=20668"}],"curies":[{"name":"wp","href":"https:\/\/api.w.org\/{rel}","templated":true}]}}