{"id":20671,"date":"2025-08-22T11:43:30","date_gmt":"2025-08-22T17:43:30","guid":{"rendered":"https:\/\/elpuucnoticias.com\/?p=20671"},"modified":"2025-08-22T11:43:32","modified_gmt":"2025-08-22T17:43:32","slug":"reportan-atletas-quintanarroenses-con-la-seleccion-mexicana-para-competir-en-el-campeonato-mundial-juvenil-de-tiro-con-arco","status":"publish","type":"post","link":"https:\/\/elpuucnoticias.com\/?p=20671","title":{"rendered":"Reportan atletas quintanarroenses con la Selecci\u00f3n Mexicana para competir en el Campeonato Mundial Juvenil de Tiro con Arco"},"content":{"rendered":"\n<p>Luego de una intensa preparaci\u00f3n, los atletas quintanarroenses Miranda Chab y Gabriel Jaramillo viajaron el pasado mi\u00e9rcoles a Ciudad de M\u00e9xico para reportar con la Selecci\u00f3n Mexicana de Tiro con Arco y con ello reportarse listos para tomar parte en el Campeonato Mundial Juvenil de la especialidad, que se disputar\u00e1 en Winnipeg, Canad\u00e1, del 17 al 25 de agosto.<\/p>\n\n\n\n<p>Tal como se estipula en el Nuevo Acuerdo por el Bienestar y Desarrollo, que promueve la gobernadora Mara Lezama Espinosa, se trabaja #ANivelDeCancha desde la Comisi\u00f3n del Deporte de Quintana Roo (CODEQ), presidida por Jacobo Arzate Hop, para dotar de herramientas a las y los atletas de la entidad y as\u00ed puedan cumplir con sus compromisos deportivos.<\/p>\n\n\n\n<figure class=\"wp-block-image is-style-default\"><img decoding=\"async\" src=\"https:\/\/cgc.qroo.gob.mx\/cjg\/wp-content\/uploads\/2025\/08\/54bcfc78-3767-48b3-8b63-51113d54aeb7-585x780.jpg\" alt=\"\" title=\"54bcfc78-3767-48b3-8b63-51113d54aeb7\"\/><\/figure>\n\n\n\n<p>Miranda y Gabriel, quienes viajaron acompa\u00f1ados de su entrenadora Laura Sosa, ya se encuentran en las instalaciones del Centro Nacional de Desarrollo de Talentos Deportivos y Alto Rendimiento (CNAR), en la capital del pa\u00eds, donde realizar\u00e1n una breve concentraci\u00f3n y el s\u00e1bado tienen previsto viajar rumbo a Canad\u00e1 para formar parte de esta importante justa internacional en la categor\u00eda Sub-18.<\/p>\n\n\n\n<p>Esta convocatoria se logr\u00f3 gracias a los excelentes resultados que ambos arqueros obtuvieron en las dos fases de la etapa de clasificaci\u00f3n, la primera de ellas en la Copa Presidente, realizada del 30 de abril al 4 de mayo en Tlaxcala, donde s\u00f3lo los mejores ocho del pa\u00eds pasaron a la segunda fase, y \u00e9sta consisti\u00f3 en la reci\u00e9n celebrada Olimpiada Nacional CONADE 2025, donde los tres primeros lograron su clasificaci\u00f3n para formar parte de la Selecci\u00f3n Nacional Juvenil.<\/p>\n\n\n\n<p>Adem\u00e1s, los atletas quintanarroenses reforzaron su preparaci\u00f3n al tomar parte en una concentraci\u00f3n que se realiz\u00f3 en San Luis Potos\u00ed y en donde pr\u00e1cticamente reafirmaron su lugar para competir por M\u00e9xico.<\/p>\n\n\n\n<p>En lo que corresponde a la participaci\u00f3n, Miranda Chab tiene previsto participar con el equipo mexicano femenil, donde har\u00e1 mancuerna con Karime Montoya, de Chiapas, y Laura Alan\u00eds, de Nuevo Le\u00f3n.<\/p>\n\n\n\n<p>Por su parte, Gabriel Jaramillo formar\u00e1 parte del equipo nacional varonil, junto a Fernando Hern\u00e1ndez, de Nuevo Le\u00f3n, y Yeshua Villanueva, de Jalisco, combinado que ser\u00e1 dirigido por la profesora quintanarroense Laura Sosa.<\/p>\n","protected":false},"excerpt":{"rendered":"<p>Luego de una intensa preparaci\u00f3n, los atletas quintanarroenses Miranda Chab y Gabriel Jaramillo viajaron el pasado mi\u00e9rcoles a<\/p>\n","protected":false},"author":1,"featured_media":20672,"comment_status":"closed","ping_status":"open","sticky":false,"template":"","format":"standard","meta":{"_monsterinsights_skip_tracking":false,"_monsterinsights_sitenote_active":false,"_monsterinsights_sitenote_note":"","_monsterinsights_sitenote_category":0,"footnotes":""},"categories":[11,24],"tags":[],"class_list":["post-20671","post","type-post","status-publish","format-standard","has-post-thumbnail","hentry","category-noticias","category-quintana-roo"],"yoast_head":"<!-- This site is optimized with the Yoast SEO plugin v18.3 - https:\/\/yoast.com\/wordpress\/plugins\/seo\/ -->\n<title>Reportan atletas quintanarroenses con la Selecci\u00f3n Mexicana para competir en el Campeonato Mundial Juvenil de Tiro con Arco - El Puuc Noticias<\/title>\n<meta name=\"robots\" content=\"index, follow, max-snippet:-1, max-image-preview:large, max-video-preview:-1\" \/>\n<link rel=\"canonical\" href=\"https:\/\/elpuucnoticias.com\/?p=20671\" \/>\n<meta property=\"og:locale\" content=\"es_ES\" \/>\n<meta property=\"og:type\" content=\"article\" \/>\n<meta property=\"og:title\" content=\"Reportan atletas quintanarroenses con la Selecci\u00f3n Mexicana para competir en el Campeonato Mundial Juvenil de Tiro con Arco - El Puuc Noticias\" \/>\n<meta property=\"og:description\" content=\"Luego de una intensa preparaci\u00f3n, los atletas quintanarroenses Miranda Chab y Gabriel Jaramillo viajaron el pasado mi\u00e9rcoles a\" \/>\n<meta property=\"og:url\" content=\"https:\/\/elpuucnoticias.com\/?p=20671\" \/>\n<meta property=\"og:site_name\" content=\"El Puuc Noticias\" \/>\n<meta property=\"article:published_time\" content=\"2025-08-22T17:43:30+00:00\" \/>\n<meta property=\"article:modified_time\" content=\"2025-08-22T17:43:32+00:00\" \/>\n<meta property=\"og:image\" content=\"https:\/\/elpuucnoticias.com\/wp-content\/uploads\/2025\/08\/5ed408a6-eb82-467b-a2be-ee6f1982622f.jpg\" \/>\n\t<meta property=\"og:image:width\" content=\"1200\" \/>\n\t<meta property=\"og:image:height\" content=\"1600\" \/>\n\t<meta property=\"og:image:type\" content=\"image\/jpeg\" \/>\n<meta name=\"twitter:card\" content=\"summary_large_image\" \/>\n<meta name=\"twitter:label1\" content=\"Escrito por\" \/>\n\t<meta name=\"twitter:data1\" content=\"elpuucnoticias\" \/>\n\t<meta name=\"twitter:label2\" content=\"Tiempo de lectura\" \/>\n\t<meta name=\"twitter:data2\" content=\"2 minutos\" \/>\n<script type=\"application\/ld+json\" class=\"yoast-schema-graph\">{\"@context\":\"https:\/\/schema.org\",\"@graph\":[{\"@type\":\"WebSite\",\"@id\":\"https:\/\/elpuucnoticias.com\/#website\",\"url\":\"https:\/\/elpuucnoticias.com\/\",\"name\":\"El Puuc Noticias\",\"description\":\"Noticias - Entretenimiento - Deportes\",\"potentialAction\":[{\"@type\":\"SearchAction\",\"target\":{\"@type\":\"EntryPoint\",\"urlTemplate\":\"https:\/\/elpuucnoticias.com\/?s={search_term_string}\"},\"query-input\":\"required name=search_term_string\"}],\"inLanguage\":\"es\"},{\"@type\":\"ImageObject\",\"@id\":\"https:\/\/elpuucnoticias.com\/?p=20671#primaryimage\",\"inLanguage\":\"es\",\"url\":\"https:\/\/elpuucnoticias.com\/wp-content\/uploads\/2025\/08\/5ed408a6-eb82-467b-a2be-ee6f1982622f.jpg\",\"contentUrl\":\"https:\/\/elpuucnoticias.com\/wp-content\/uploads\/2025\/08\/5ed408a6-eb82-467b-a2be-ee6f1982622f.jpg\",\"width\":1200,\"height\":1600},{\"@type\":\"WebPage\",\"@id\":\"https:\/\/elpuucnoticias.com\/?p=20671#webpage\",\"url\":\"https:\/\/elpuucnoticias.com\/?p=20671\",\"name\":\"Reportan atletas quintanarroenses con la Selecci\u00f3n Mexicana para competir en el Campeonato Mundial Juvenil de Tiro con Arco - El Puuc Noticias\",\"isPartOf\":{\"@id\":\"https:\/\/elpuucnoticias.com\/#website\"},\"primaryImageOfPage\":{\"@id\":\"https:\/\/elpuucnoticias.com\/?p=20671#primaryimage\"},\"datePublished\":\"2025-08-22T17:43:30+00:00\",\"dateModified\":\"2025-08-22T17:43:32+00:00\",\"author\":{\"@id\":\"https:\/\/elpuucnoticias.com\/#\/schema\/person\/d2ea09e4c97f0160b11cdfb1d856bd9e\"},\"breadcrumb\":{\"@id\":\"https:\/\/elpuucnoticias.com\/?p=20671#breadcrumb\"},\"inLanguage\":\"es\",\"potentialAction\":[{\"@type\":\"ReadAction\",\"target\":[\"https:\/\/elpuucnoticias.com\/?p=20671\"]}]},{\"@type\":\"BreadcrumbList\",\"@id\":\"https:\/\/elpuucnoticias.com\/?p=20671#breadcrumb\",\"itemListElement\":[{\"@type\":\"ListItem\",\"position\":1,\"name\":\"Portada\",\"item\":\"https:\/\/elpuucnoticias.com\/\"},{\"@type\":\"ListItem\",\"position\":2,\"name\":\"Reportan atletas quintanarroenses con la Selecci\u00f3n Mexicana para competir en el Campeonato Mundial Juvenil de Tiro con Arco\"}]},{\"@type\":\"Person\",\"@id\":\"https:\/\/elpuucnoticias.com\/#\/schema\/person\/d2ea09e4c97f0160b11cdfb1d856bd9e\",\"name\":\"elpuucnoticias\",\"image\":{\"@type\":\"ImageObject\",\"@id\":\"https:\/\/elpuucnoticias.com\/#personlogo\",\"inLanguage\":\"es\",\"url\":\"https:\/\/secure.gravatar.com\/avatar\/5290a43657c74ffa15701dbe5b846bd85cc71930d803c84e91046a7333de6ce2?s=96&d=mm&r=g\",\"contentUrl\":\"https:\/\/secure.gravatar.com\/avatar\/5290a43657c74ffa15701dbe5b846bd85cc71930d803c84e91046a7333de6ce2?s=96&d=mm&r=g\",\"caption\":\"elpuucnoticias\"},\"sameAs\":[\"https:\/\/elpuucnoticias.com\"],\"url\":\"https:\/\/elpuucnoticias.com\/?author=1\"}]}<\/script>\n<!-- \/ Yoast SEO plugin. -->","yoast_head_json":{"title":"Reportan atletas quintanarroenses con la Selecci\u00f3n Mexicana para competir en el Campeonato Mundial Juvenil de Tiro con Arco - El Puuc Noticias","robots":{"index":"index","follow":"follow","max-snippet":"max-snippet:-1","max-image-preview":"max-image-preview:large","max-video-preview":"max-video-preview:-1"},"canonical":"https:\/\/elpuucnoticias.com\/?p=20671","og_locale":"es_ES","og_type":"article","og_title":"Reportan atletas quintanarroenses con la Selecci\u00f3n Mexicana para competir en el Campeonato Mundial Juvenil de Tiro con Arco - El Puuc Noticias","og_description":"Luego de una intensa preparaci\u00f3n, los atletas quintanarroenses Miranda Chab y Gabriel Jaramillo viajaron el pasado mi\u00e9rcoles a","og_url":"https:\/\/elpuucnoticias.com\/?p=20671","og_site_name":"El Puuc Noticias","article_published_time":"2025-08-22T17:43:30+00:00","article_modified_time":"2025-08-22T17:43:32+00:00","og_image":[{"width":1200,"height":1600,"url":"https:\/\/elpuucnoticias.com\/wp-content\/uploads\/2025\/08\/5ed408a6-eb82-467b-a2be-ee6f1982622f.jpg","type":"image\/jpeg"}],"twitter_card":"summary_large_image","twitter_misc":{"Escrito por":"elpuucnoticias","Tiempo de lectura":"2 minutos"},"schema":{"@context":"https:\/\/schema.org","@graph":[{"@type":"WebSite","@id":"https:\/\/elpuucnoticias.com\/#website","url":"https:\/\/elpuucnoticias.com\/","name":"El Puuc Noticias","description":"Noticias - Entretenimiento - Deportes","potentialAction":[{"@type":"SearchAction","target":{"@type":"EntryPoint","urlTemplate":"https:\/\/elpuucnoticias.com\/?s={search_term_string}"},"query-input":"required name=search_term_string"}],"inLanguage":"es"},{"@type":"ImageObject","@id":"https:\/\/elpuucnoticias.com\/?p=20671#primaryimage","inLanguage":"es","url":"https:\/\/elpuucnoticias.com\/wp-content\/uploads\/2025\/08\/5ed408a6-eb82-467b-a2be-ee6f1982622f.jpg","contentUrl":"https:\/\/elpuucnoticias.com\/wp-content\/uploads\/2025\/08\/5ed408a6-eb82-467b-a2be-ee6f1982622f.jpg","width":1200,"height":1600},{"@type":"WebPage","@id":"https:\/\/elpuucnoticias.com\/?p=20671#webpage","url":"https:\/\/elpuucnoticias.com\/?p=20671","name":"Reportan atletas quintanarroenses con la Selecci\u00f3n Mexicana para competir en el Campeonato Mundial Juvenil de Tiro con Arco - El Puuc Noticias","isPartOf":{"@id":"https:\/\/elpuucnoticias.com\/#website"},"primaryImageOfPage":{"@id":"https:\/\/elpuucnoticias.com\/?p=20671#primaryimage"},"datePublished":"2025-08-22T17:43:30+00:00","dateModified":"2025-08-22T17:43:32+00:00","author":{"@id":"https:\/\/elpuucnoticias.com\/#\/schema\/person\/d2ea09e4c97f0160b11cdfb1d856bd9e"},"breadcrumb":{"@id":"https:\/\/elpuucnoticias.com\/?p=20671#breadcrumb"},"inLanguage":"es","potentialAction":[{"@type":"ReadAction","target":["https:\/\/elpuucnoticias.com\/?p=20671"]}]},{"@type":"BreadcrumbList","@id":"https:\/\/elpuucnoticias.com\/?p=20671#breadcrumb","itemListElement":[{"@type":"ListItem","position":1,"name":"Portada","item":"https:\/\/elpuucnoticias.com\/"},{"@type":"ListItem","position":2,"name":"Reportan atletas quintanarroenses con la Selecci\u00f3n Mexicana para competir en el Campeonato Mundial Juvenil de Tiro con Arco"}]},{"@type":"Person","@id":"https:\/\/elpuucnoticias.com\/#\/schema\/person\/d2ea09e4c97f0160b11cdfb1d856bd9e","name":"elpuucnoticias","image":{"@type":"ImageObject","@id":"https:\/\/elpuucnoticias.com\/#personlogo","inLanguage":"es","url":"https:\/\/secure.gravatar.com\/avatar\/5290a43657c74ffa15701dbe5b846bd85cc71930d803c84e91046a7333de6ce2?s=96&d=mm&r=g","contentUrl":"https:\/\/secure.gravatar.com\/avatar\/5290a43657c74ffa15701dbe5b846bd85cc71930d803c84e91046a7333de6ce2?s=96&d=mm&r=g","caption":"elpuucnoticias"},"sameAs":["https:\/\/elpuucnoticias.com"],"url":"https:\/\/elpuucnoticias.com\/?author=1"}]}},"_links":{"self":[{"href":"https:\/\/elpuucnoticias.com\/index.php?rest_route=\/wp\/v2\/posts\/20671","targetHints":{"allow":["GET"]}}],"collection":[{"href":"https:\/\/elpuucnoticias.com\/index.php?rest_route=\/wp\/v2\/posts"}],"about":[{"href":"https:\/\/elpuucnoticias.com\/index.php?rest_route=\/wp\/v2\/types\/post"}],"author":[{"embeddable":true,"href":"https:\/\/elpuucnoticias.com\/index.php?rest_route=\/wp\/v2\/users\/1"}],"replies":[{"embeddable":true,"href":"https:\/\/elpuucnoticias.com\/index.php?rest_route=%2Fwp%2Fv2%2Fcomments&post=20671"}],"version-history":[{"count":1,"href":"https:\/\/elpuucnoticias.com\/index.php?rest_route=\/wp\/v2\/posts\/20671\/revisions"}],"predecessor-version":[{"id":20673,"href":"https:\/\/elpuucnoticias.com\/index.php?rest_route=\/wp\/v2\/posts\/20671\/revisions\/20673"}],"wp:featuredmedia":[{"embeddable":true,"href":"https:\/\/elpuucnoticias.com\/index.php?rest_route=\/wp\/v2\/media\/20672"}],"wp:attachment":[{"href":"https:\/\/elpuucnoticias.com\/index.php?rest_route=%2Fwp%2Fv2%2Fmedia&parent=20671"}],"wp:term":[{"taxonomy":"category","embeddable":true,"href":"https:\/\/elpuucnoticias.com\/index.php?rest_route=%2Fwp%2Fv2%2Fcategories&post=20671"},{"taxonomy":"post_tag","embeddable":true,"href":"https:\/\/elpuucnoticias.com\/index.php?rest_route=%2Fwp%2Fv2%2Ftags&post=20671"}],"curies":[{"name":"wp","href":"https:\/\/api.w.org\/{rel}","templated":true}]}}