{"id":20677,"date":"2025-08-22T11:53:20","date_gmt":"2025-08-22T17:53:20","guid":{"rendered":"https:\/\/elpuucnoticias.com\/?p=20677"},"modified":"2025-08-22T11:53:20","modified_gmt":"2025-08-22T17:53:20","slug":"atletas-quintanarroenses-se-reportan-listos-para-competir-en-el-nacional-de-primera-fuerza-de-levantamiento-de-pesas","status":"publish","type":"post","link":"https:\/\/elpuucnoticias.com\/?p=20677","title":{"rendered":"Atletas quintanarroenses se reportan listos para competir en el Nacional de Primera Fuerza de Levantamiento de Pesas"},"content":{"rendered":"\n<p>Con el objetivo de seguir adquiriendo experiencia en sus respectivas carreras deportivas, un equipo quintanarroense, conformado por cinco atletas, dos entrenadores y dos jueces, participar\u00e1 en el Campeonato Nacional de Primera Fuerza de Levantamiento de Pesas, programado del 15 al 17 de agosto en el Sal\u00f3n Barranquilla de la ciudad de Campeche, que adem\u00e1s se trata de un preselectivo para conformar los equipos mexicanos que aspiran a participar en cert\u00e1menes internacionales.<\/p>\n\n\n\n<p>Con el respaldo y apoyo de la Comisi\u00f3n del Deporte de Quintana Roo (CODEQ), presidida por Jacobo Arzate Hop, este conjunto quintanarroense hizo el viaje para hacer frente a la justa, refrendando las acciones que se realizan para impulsar el talento estatal, tal como lo marca el Nuevo Acuerdo por el Bienestar y Desarrollo, promovido por la gobernadora Mara Lezama Espinosa.<\/p>\n\n\n\n<p>Cabe destacar que los deportistas quintanarroenses se medir\u00e1n ante m\u00e1s de 160 pesistas y representantes ol\u00edmpicos, provenientes de 20 estados del pa\u00eds, en un evento organizado y avalado por la Federaci\u00f3n Mexicana de Levantamiento de Pesas (FMLP).<\/p>\n\n\n\n<figure class=\"wp-block-image is-style-default\"><a href=\"https:\/\/cgc.qroo.gob.mx\/cjg\/wp-content\/uploads\/2025\/08\/48c7431f-41e8-4889-963e-9c9820302763-scaled.jpg\"><img decoding=\"async\" src=\"https:\/\/cgc.qroo.gob.mx\/cjg\/wp-content\/uploads\/2025\/08\/48c7431f-41e8-4889-963e-9c9820302763-585x439.jpg\" alt=\"\" title=\"48c7431f-41e8-4889-963e-9c9820302763\"\/><\/a><\/figure>\n\n\n\n<p>El combinado estatal est\u00e1 conformado por Herseleid Carrazco Cetz, quien a la par ya trabaja actualmente para lograr su clasificaci\u00f3n al Mundial de la especialidad; adem\u00e1s, en la lista tambi\u00e9n aparecen los multimedallistas Axel Mendoza S\u00e1nchez, Jes\u00fas Alejandro Gil Uc, Darwin Ariel G\u00f3mez Pech y V\u00edctor G\u00fc\u00e9mez Cel; quienes viajaron acompa\u00f1ados de los entrenadores Nolberto Charles y Jos\u00e9 Memije Carrazco.<\/p>\n\n\n\n<p>Los cinco atletas y dos entrenadores coincidieron en destacar que se sienten muy contentos por el apoyo que les ha brindado la gobernadora Mara Lezama, a trav\u00e9s de la CODEQ y Jacobo Arzate, para cumplir con sus objetivos competitivos, resaltando que son atletas internos del renovado CEDAR Chetumal.<\/p>\n\n\n\n<p>\u201cAlgunos ya no participan en la Olimpiada Nacional por su edad, pero este apoyo les permite mantenerse concentrados en sus entrenamientos y enfocados en sus objetivos, tanto en eventos nacionales como internacionales\u201d, destac\u00f3 el entrenador Jos\u00e9 Memije Carrazco.<\/p>\n\n\n\n<p>Tambi\u00e9n se sumaron las jueces certificadas para eventos nacionales Jezebel Hoyos Ruiz y Paola Mart\u00ednez Carrillo, para complementar la delegaci\u00f3n.<\/p>\n\n\n\n<p>Finalmente, se resalt\u00f3 que, gracias al grupo multidisciplinario de la CODEQ, los j\u00f3venes se han recuperado y mantenido entre los mejores del pa\u00eds, con el objetivo claro de alcanzar su m\u00e1ximo nivel y permanecer en los primeros lugares de las listas para competencias internacionales.<\/p>\n","protected":false},"excerpt":{"rendered":"<p>Con el objetivo de seguir adquiriendo experiencia en sus respectivas carreras deportivas, un equipo quintanarroense, conformado por cinco<\/p>\n","protected":false},"author":1,"featured_media":20678,"comment_status":"closed","ping_status":"open","sticky":false,"template":"","format":"standard","meta":{"_monsterinsights_skip_tracking":false,"_monsterinsights_sitenote_active":false,"_monsterinsights_sitenote_note":"","_monsterinsights_sitenote_category":0,"footnotes":""},"categories":[11,24],"tags":[],"class_list":["post-20677","post","type-post","status-publish","format-standard","has-post-thumbnail","hentry","category-noticias","category-quintana-roo"],"yoast_head":"<!-- This site is optimized with the Yoast SEO plugin v18.3 - https:\/\/yoast.com\/wordpress\/plugins\/seo\/ -->\n<title>Atletas quintanarroenses se reportan listos para competir en el Nacional de Primera Fuerza de Levantamiento de Pesas - El Puuc Noticias<\/title>\n<meta name=\"robots\" content=\"index, follow, max-snippet:-1, max-image-preview:large, max-video-preview:-1\" \/>\n<link rel=\"canonical\" href=\"https:\/\/elpuucnoticias.com\/?p=20677\" \/>\n<meta property=\"og:locale\" content=\"es_ES\" \/>\n<meta property=\"og:type\" content=\"article\" \/>\n<meta property=\"og:title\" content=\"Atletas quintanarroenses se reportan listos para competir en el Nacional de Primera Fuerza de Levantamiento de Pesas - El Puuc Noticias\" \/>\n<meta property=\"og:description\" content=\"Con el objetivo de seguir adquiriendo experiencia en sus respectivas carreras deportivas, un equipo quintanarroense, conformado por cinco\" \/>\n<meta property=\"og:url\" content=\"https:\/\/elpuucnoticias.com\/?p=20677\" \/>\n<meta property=\"og:site_name\" content=\"El Puuc Noticias\" \/>\n<meta property=\"article:published_time\" content=\"2025-08-22T17:53:20+00:00\" \/>\n<meta property=\"og:image\" content=\"https:\/\/elpuucnoticias.com\/wp-content\/uploads\/2025\/08\/fb351656-4e74-4c34-aca9-6d085d21fa1f-scaled-1.jpg\" \/>\n\t<meta property=\"og:image:width\" content=\"2560\" \/>\n\t<meta property=\"og:image:height\" content=\"1920\" \/>\n\t<meta property=\"og:image:type\" content=\"image\/jpeg\" \/>\n<meta name=\"twitter:card\" content=\"summary_large_image\" \/>\n<meta name=\"twitter:label1\" content=\"Escrito por\" \/>\n\t<meta name=\"twitter:data1\" content=\"elpuucnoticias\" \/>\n\t<meta name=\"twitter:label2\" content=\"Tiempo de lectura\" \/>\n\t<meta name=\"twitter:data2\" content=\"2 minutos\" \/>\n<script type=\"application\/ld+json\" class=\"yoast-schema-graph\">{\"@context\":\"https:\/\/schema.org\",\"@graph\":[{\"@type\":\"WebSite\",\"@id\":\"https:\/\/elpuucnoticias.com\/#website\",\"url\":\"https:\/\/elpuucnoticias.com\/\",\"name\":\"El Puuc Noticias\",\"description\":\"Noticias - Entretenimiento - Deportes\",\"potentialAction\":[{\"@type\":\"SearchAction\",\"target\":{\"@type\":\"EntryPoint\",\"urlTemplate\":\"https:\/\/elpuucnoticias.com\/?s={search_term_string}\"},\"query-input\":\"required name=search_term_string\"}],\"inLanguage\":\"es\"},{\"@type\":\"ImageObject\",\"@id\":\"https:\/\/elpuucnoticias.com\/?p=20677#primaryimage\",\"inLanguage\":\"es\",\"url\":\"https:\/\/elpuucnoticias.com\/wp-content\/uploads\/2025\/08\/fb351656-4e74-4c34-aca9-6d085d21fa1f-scaled-1.jpg\",\"contentUrl\":\"https:\/\/elpuucnoticias.com\/wp-content\/uploads\/2025\/08\/fb351656-4e74-4c34-aca9-6d085d21fa1f-scaled-1.jpg\",\"width\":2560,\"height\":1920},{\"@type\":\"WebPage\",\"@id\":\"https:\/\/elpuucnoticias.com\/?p=20677#webpage\",\"url\":\"https:\/\/elpuucnoticias.com\/?p=20677\",\"name\":\"Atletas quintanarroenses se reportan listos para competir en el Nacional de Primera Fuerza de Levantamiento de Pesas - El Puuc Noticias\",\"isPartOf\":{\"@id\":\"https:\/\/elpuucnoticias.com\/#website\"},\"primaryImageOfPage\":{\"@id\":\"https:\/\/elpuucnoticias.com\/?p=20677#primaryimage\"},\"datePublished\":\"2025-08-22T17:53:20+00:00\",\"dateModified\":\"2025-08-22T17:53:20+00:00\",\"author\":{\"@id\":\"https:\/\/elpuucnoticias.com\/#\/schema\/person\/d2ea09e4c97f0160b11cdfb1d856bd9e\"},\"breadcrumb\":{\"@id\":\"https:\/\/elpuucnoticias.com\/?p=20677#breadcrumb\"},\"inLanguage\":\"es\",\"potentialAction\":[{\"@type\":\"ReadAction\",\"target\":[\"https:\/\/elpuucnoticias.com\/?p=20677\"]}]},{\"@type\":\"BreadcrumbList\",\"@id\":\"https:\/\/elpuucnoticias.com\/?p=20677#breadcrumb\",\"itemListElement\":[{\"@type\":\"ListItem\",\"position\":1,\"name\":\"Portada\",\"item\":\"https:\/\/elpuucnoticias.com\/\"},{\"@type\":\"ListItem\",\"position\":2,\"name\":\"Atletas quintanarroenses se reportan listos para competir en el Nacional de Primera Fuerza de Levantamiento de Pesas\"}]},{\"@type\":\"Person\",\"@id\":\"https:\/\/elpuucnoticias.com\/#\/schema\/person\/d2ea09e4c97f0160b11cdfb1d856bd9e\",\"name\":\"elpuucnoticias\",\"image\":{\"@type\":\"ImageObject\",\"@id\":\"https:\/\/elpuucnoticias.com\/#personlogo\",\"inLanguage\":\"es\",\"url\":\"https:\/\/secure.gravatar.com\/avatar\/5290a43657c74ffa15701dbe5b846bd85cc71930d803c84e91046a7333de6ce2?s=96&d=mm&r=g\",\"contentUrl\":\"https:\/\/secure.gravatar.com\/avatar\/5290a43657c74ffa15701dbe5b846bd85cc71930d803c84e91046a7333de6ce2?s=96&d=mm&r=g\",\"caption\":\"elpuucnoticias\"},\"sameAs\":[\"https:\/\/elpuucnoticias.com\"],\"url\":\"https:\/\/elpuucnoticias.com\/?author=1\"}]}<\/script>\n<!-- \/ Yoast SEO plugin. -->","yoast_head_json":{"title":"Atletas quintanarroenses se reportan listos para competir en el Nacional de Primera Fuerza de Levantamiento de Pesas - El Puuc Noticias","robots":{"index":"index","follow":"follow","max-snippet":"max-snippet:-1","max-image-preview":"max-image-preview:large","max-video-preview":"max-video-preview:-1"},"canonical":"https:\/\/elpuucnoticias.com\/?p=20677","og_locale":"es_ES","og_type":"article","og_title":"Atletas quintanarroenses se reportan listos para competir en el Nacional de Primera Fuerza de Levantamiento de Pesas - El Puuc Noticias","og_description":"Con el objetivo de seguir adquiriendo experiencia en sus respectivas carreras deportivas, un equipo quintanarroense, conformado por cinco","og_url":"https:\/\/elpuucnoticias.com\/?p=20677","og_site_name":"El Puuc Noticias","article_published_time":"2025-08-22T17:53:20+00:00","og_image":[{"width":2560,"height":1920,"url":"https:\/\/elpuucnoticias.com\/wp-content\/uploads\/2025\/08\/fb351656-4e74-4c34-aca9-6d085d21fa1f-scaled-1.jpg","type":"image\/jpeg"}],"twitter_card":"summary_large_image","twitter_misc":{"Escrito por":"elpuucnoticias","Tiempo de lectura":"2 minutos"},"schema":{"@context":"https:\/\/schema.org","@graph":[{"@type":"WebSite","@id":"https:\/\/elpuucnoticias.com\/#website","url":"https:\/\/elpuucnoticias.com\/","name":"El Puuc Noticias","description":"Noticias - Entretenimiento - Deportes","potentialAction":[{"@type":"SearchAction","target":{"@type":"EntryPoint","urlTemplate":"https:\/\/elpuucnoticias.com\/?s={search_term_string}"},"query-input":"required name=search_term_string"}],"inLanguage":"es"},{"@type":"ImageObject","@id":"https:\/\/elpuucnoticias.com\/?p=20677#primaryimage","inLanguage":"es","url":"https:\/\/elpuucnoticias.com\/wp-content\/uploads\/2025\/08\/fb351656-4e74-4c34-aca9-6d085d21fa1f-scaled-1.jpg","contentUrl":"https:\/\/elpuucnoticias.com\/wp-content\/uploads\/2025\/08\/fb351656-4e74-4c34-aca9-6d085d21fa1f-scaled-1.jpg","width":2560,"height":1920},{"@type":"WebPage","@id":"https:\/\/elpuucnoticias.com\/?p=20677#webpage","url":"https:\/\/elpuucnoticias.com\/?p=20677","name":"Atletas quintanarroenses se reportan listos para competir en el Nacional de Primera Fuerza de Levantamiento de Pesas - El Puuc Noticias","isPartOf":{"@id":"https:\/\/elpuucnoticias.com\/#website"},"primaryImageOfPage":{"@id":"https:\/\/elpuucnoticias.com\/?p=20677#primaryimage"},"datePublished":"2025-08-22T17:53:20+00:00","dateModified":"2025-08-22T17:53:20+00:00","author":{"@id":"https:\/\/elpuucnoticias.com\/#\/schema\/person\/d2ea09e4c97f0160b11cdfb1d856bd9e"},"breadcrumb":{"@id":"https:\/\/elpuucnoticias.com\/?p=20677#breadcrumb"},"inLanguage":"es","potentialAction":[{"@type":"ReadAction","target":["https:\/\/elpuucnoticias.com\/?p=20677"]}]},{"@type":"BreadcrumbList","@id":"https:\/\/elpuucnoticias.com\/?p=20677#breadcrumb","itemListElement":[{"@type":"ListItem","position":1,"name":"Portada","item":"https:\/\/elpuucnoticias.com\/"},{"@type":"ListItem","position":2,"name":"Atletas quintanarroenses se reportan listos para competir en el Nacional de Primera Fuerza de Levantamiento de Pesas"}]},{"@type":"Person","@id":"https:\/\/elpuucnoticias.com\/#\/schema\/person\/d2ea09e4c97f0160b11cdfb1d856bd9e","name":"elpuucnoticias","image":{"@type":"ImageObject","@id":"https:\/\/elpuucnoticias.com\/#personlogo","inLanguage":"es","url":"https:\/\/secure.gravatar.com\/avatar\/5290a43657c74ffa15701dbe5b846bd85cc71930d803c84e91046a7333de6ce2?s=96&d=mm&r=g","contentUrl":"https:\/\/secure.gravatar.com\/avatar\/5290a43657c74ffa15701dbe5b846bd85cc71930d803c84e91046a7333de6ce2?s=96&d=mm&r=g","caption":"elpuucnoticias"},"sameAs":["https:\/\/elpuucnoticias.com"],"url":"https:\/\/elpuucnoticias.com\/?author=1"}]}},"_links":{"self":[{"href":"https:\/\/elpuucnoticias.com\/index.php?rest_route=\/wp\/v2\/posts\/20677","targetHints":{"allow":["GET"]}}],"collection":[{"href":"https:\/\/elpuucnoticias.com\/index.php?rest_route=\/wp\/v2\/posts"}],"about":[{"href":"https:\/\/elpuucnoticias.com\/index.php?rest_route=\/wp\/v2\/types\/post"}],"author":[{"embeddable":true,"href":"https:\/\/elpuucnoticias.com\/index.php?rest_route=\/wp\/v2\/users\/1"}],"replies":[{"embeddable":true,"href":"https:\/\/elpuucnoticias.com\/index.php?rest_route=%2Fwp%2Fv2%2Fcomments&post=20677"}],"version-history":[{"count":1,"href":"https:\/\/elpuucnoticias.com\/index.php?rest_route=\/wp\/v2\/posts\/20677\/revisions"}],"predecessor-version":[{"id":20679,"href":"https:\/\/elpuucnoticias.com\/index.php?rest_route=\/wp\/v2\/posts\/20677\/revisions\/20679"}],"wp:featuredmedia":[{"embeddable":true,"href":"https:\/\/elpuucnoticias.com\/index.php?rest_route=\/wp\/v2\/media\/20678"}],"wp:attachment":[{"href":"https:\/\/elpuucnoticias.com\/index.php?rest_route=%2Fwp%2Fv2%2Fmedia&parent=20677"}],"wp:term":[{"taxonomy":"category","embeddable":true,"href":"https:\/\/elpuucnoticias.com\/index.php?rest_route=%2Fwp%2Fv2%2Fcategories&post=20677"},{"taxonomy":"post_tag","embeddable":true,"href":"https:\/\/elpuucnoticias.com\/index.php?rest_route=%2Fwp%2Fv2%2Ftags&post=20677"}],"curies":[{"name":"wp","href":"https:\/\/api.w.org\/{rel}","templated":true}]}}