{"id":20680,"date":"2025-08-22T11:59:12","date_gmt":"2025-08-22T17:59:12","guid":{"rendered":"https:\/\/elpuucnoticias.com\/?p=20680"},"modified":"2025-08-22T11:59:12","modified_gmt":"2025-08-22T17:59:12","slug":"inaugura-la-fundacion-de-parques-y-museos-de-cozumel-exposicion-relato-del-pais-de-la-luz-del-artista-japones-kenji-endo","status":"publish","type":"post","link":"https:\/\/elpuucnoticias.com\/?p=20680","title":{"rendered":"Inaugura la Fundaci\u00f3n de Parques y Museos de Cozumel exposici\u00f3n \u201cRelato del Pa\u00eds de la Luz\u201d, del artista japon\u00e9s Kenji Endo"},"content":{"rendered":"\n<p>Un total de 14 impactantes fotograf\u00edas en gran formato y una escultura inspirada en la vida marina de Cozumel, fusionadas con elementos futuristas y de exploraci\u00f3n espacial, conforman la exposici\u00f3n \u201cRelato del Pa\u00eds de la Luz\u201d, del artista japon\u00e9s Kenji Endo, inaugurada la noche del pasado viernes por la Fundaci\u00f3n de Parques y Museos de Cozumel (FPMC), en el Museo de la Isla.<\/p>\n\n\n\n<figure class=\"wp-block-image is-style-default\"><a href=\"https:\/\/cgc.qroo.gob.mx\/cjg\/wp-content\/uploads\/2025\/08\/IMG-20250816-WA0005.jpg\"><img decoding=\"async\" src=\"https:\/\/cgc.qroo.gob.mx\/cjg\/wp-content\/uploads\/2025\/08\/IMG-20250816-WA0005-585x390.jpg\" alt=\"\" title=\"IMG-20250816-WA0005\"\/><\/a><\/figure>\n\n\n\n<p>La exposici\u00f3n escult\u00f3rica \u201cRelato del Pa\u00eds de la Luz\u201d del artista japon\u00e9s Kenji Endo, refleja su fascinaci\u00f3n por el cosmos y la exploraci\u00f3n espacial, inspirada en su infancia marcada por la Guerra Fr\u00eda y la carrera espacial. Influenciado por el manga, el anime y referentes como Star Wars y Gundam, Endo evoca en sus obras la migraci\u00f3n espacial, la evoluci\u00f3n de la humanidad y la esperanza en el universo, utilizando la luz azul como s\u00edmbolo, inspirado en la frase de Yuri Gagarin: \u201cLa Tierra era azul\u201d.<\/p>\n\n\n\n<figure class=\"wp-block-image is-style-default\"><a href=\"https:\/\/cgc.qroo.gob.mx\/cjg\/wp-content\/uploads\/2025\/08\/IMG-20250816-WA0002.jpg\"><img decoding=\"async\" src=\"https:\/\/cgc.qroo.gob.mx\/cjg\/wp-content\/uploads\/2025\/08\/IMG-20250816-WA0002-585x390.jpg\" alt=\"\" title=\"IMG-20250816-WA0002\"\/><\/a><\/figure>\n\n\n\n<p>El evento inaugural fue encabezado por la directora general de la FPMC, Juanita Alonso Marrufo, quien agradeci\u00f3 que el escultor japon\u00e9s eligiera al Museo de la Isla para presentar su obra, brindando a la comunidad y visitantes la oportunidad de conocer nuevas corrientes y t\u00e9cnicas art\u00edsticas, que pueden inspirar e impulsar a los talentos locales.<\/p>\n\n\n\n<figure class=\"wp-block-image is-style-default\"><a href=\"https:\/\/cgc.qroo.gob.mx\/cjg\/wp-content\/uploads\/2025\/08\/IMG-20250816-WA0001.jpg\"><img decoding=\"async\" src=\"https:\/\/cgc.qroo.gob.mx\/cjg\/wp-content\/uploads\/2025\/08\/IMG-20250816-WA0001-585x390.jpg\" alt=\"\" title=\"IMG-20250816-WA0001\"\/><\/a><\/figure>\n\n\n\n<p>Por su parte, Kenji Endo hizo un esfuerzo por dirigirse al p\u00fablico en el idioma espa\u00f1ol y compartir su entusiasmo por mostrar en Cozumel su m\u00e1s reciente instalaci\u00f3n, elaborada en un taller de soldadura de la isla, que plasma la belleza submarina local, bajo una visi\u00f3n futurista que denomin\u00f3 \u201cRelato del Pa\u00eds de la Luz\u201d.<\/p>\n\n\n\n<figure class=\"wp-block-image is-style-default\"><a href=\"https:\/\/cgc.qroo.gob.mx\/cjg\/wp-content\/uploads\/2025\/08\/IMG-20250816-WA0003.jpg\"><img decoding=\"async\" src=\"https:\/\/cgc.qroo.gob.mx\/cjg\/wp-content\/uploads\/2025\/08\/IMG-20250816-WA0003-585x378.jpg\" alt=\"\" title=\"IMG-20250816-WA0003\"\/><\/a><\/figure>\n\n\n\n<p>Juanita Alonso entreg\u00f3 un reconocimiento al artista quien estuvo acompa\u00f1ado tambi\u00e9n por el director de la Fundaci\u00f3n Jap\u00f3n en M\u00e9xico, Toru Oono, la diretora del centro museogr\u00e1fico, Isela Carrillo Cupul, los consejeros de la FPMC, Ana L\u00f3pez y Alejandro Queb Franco, as\u00ed como la muse\u00f3grafa Satoko Kitamura.<\/p>\n\n\n\n<figure class=\"wp-block-image is-style-default\"><a href=\"https:\/\/cgc.qroo.gob.mx\/cjg\/wp-content\/uploads\/2025\/08\/IMG-20250816-WA0004.jpg\"><img decoding=\"async\" src=\"https:\/\/cgc.qroo.gob.mx\/cjg\/wp-content\/uploads\/2025\/08\/IMG-20250816-WA0004-585x390.jpg\" alt=\"\" title=\"IMG-20250816-WA0004\"\/><\/a><\/figure>\n\n\n\n<p>El Museo de la Isla luci\u00f3 plet\u00f3rico con la presencia de un p\u00fablico de la comunidad que fue atraida por el talento del artista japon\u00e9s quien comenz\u00f3 su formaci\u00f3n en Par\u00eds y Francia, para posteriormente vivir y crear en varios pa\u00edses como Alemania, Irlanda, Estados Unidos, Espa\u00f1a y M\u00e9xico, donde ha expuesto s\u00f3lo en dos ocasiones, la segunda de ellas en Cozumel.<\/p>\n\n\n\n<p>Con este tipo de acciones, la FPMC refrenda su compromiso de acercar el arte y la cultura a la comunidad en sinton\u00eda con el Nuevo Acuerdo por el Bienestar y Desarrollo de Quintana Roo, impulsado por la gobernadora Mara Lezama Espinosa, que promueve espacios incluyentes para el disfrute, aprendizaje y participaci\u00f3n ciudadana.<\/p>\n","protected":false},"excerpt":{"rendered":"<p>Un total de 14 impactantes fotograf\u00edas en gran formato y una escultura inspirada en la vida marina de<\/p>\n","protected":false},"author":1,"featured_media":20682,"comment_status":"closed","ping_status":"open","sticky":false,"template":"","format":"standard","meta":{"_monsterinsights_skip_tracking":false,"_monsterinsights_sitenote_active":false,"_monsterinsights_sitenote_note":"","_monsterinsights_sitenote_category":0,"footnotes":""},"categories":[11,24],"tags":[],"class_list":["post-20680","post","type-post","status-publish","format-standard","has-post-thumbnail","hentry","category-noticias","category-quintana-roo"],"yoast_head":"<!-- This site is optimized with the Yoast SEO plugin v18.3 - https:\/\/yoast.com\/wordpress\/plugins\/seo\/ -->\n<title>Inaugura la Fundaci\u00f3n de Parques y Museos de Cozumel exposici\u00f3n \u201cRelato del Pa\u00eds de la Luz\u201d, del artista japon\u00e9s Kenji Endo - El Puuc Noticias<\/title>\n<meta name=\"robots\" content=\"index, follow, max-snippet:-1, max-image-preview:large, max-video-preview:-1\" \/>\n<link rel=\"canonical\" href=\"https:\/\/elpuucnoticias.com\/?p=20680\" \/>\n<meta property=\"og:locale\" content=\"es_ES\" \/>\n<meta property=\"og:type\" content=\"article\" \/>\n<meta property=\"og:title\" content=\"Inaugura la Fundaci\u00f3n de Parques y Museos de Cozumel exposici\u00f3n \u201cRelato del Pa\u00eds de la Luz\u201d, del artista japon\u00e9s Kenji Endo - El Puuc Noticias\" \/>\n<meta property=\"og:description\" content=\"Un total de 14 impactantes fotograf\u00edas en gran formato y una escultura inspirada en la vida marina de\" \/>\n<meta property=\"og:url\" content=\"https:\/\/elpuucnoticias.com\/?p=20680\" \/>\n<meta property=\"og:site_name\" content=\"El Puuc Noticias\" \/>\n<meta property=\"article:published_time\" content=\"2025-08-22T17:59:12+00:00\" \/>\n<meta property=\"og:image\" content=\"https:\/\/elpuucnoticias.com\/wp-content\/uploads\/2025\/08\/img-20250816-wa0006.jpg\" \/>\n\t<meta property=\"og:image:width\" content=\"1280\" \/>\n\t<meta property=\"og:image:height\" content=\"795\" \/>\n\t<meta property=\"og:image:type\" content=\"image\/jpeg\" \/>\n<meta name=\"twitter:card\" content=\"summary_large_image\" \/>\n<meta name=\"twitter:label1\" content=\"Escrito por\" \/>\n\t<meta name=\"twitter:data1\" content=\"elpuucnoticias\" \/>\n\t<meta name=\"twitter:label2\" content=\"Tiempo de lectura\" \/>\n\t<meta name=\"twitter:data2\" content=\"2 minutos\" \/>\n<script type=\"application\/ld+json\" class=\"yoast-schema-graph\">{\"@context\":\"https:\/\/schema.org\",\"@graph\":[{\"@type\":\"WebSite\",\"@id\":\"https:\/\/elpuucnoticias.com\/#website\",\"url\":\"https:\/\/elpuucnoticias.com\/\",\"name\":\"El Puuc Noticias\",\"description\":\"Noticias - Entretenimiento - Deportes\",\"potentialAction\":[{\"@type\":\"SearchAction\",\"target\":{\"@type\":\"EntryPoint\",\"urlTemplate\":\"https:\/\/elpuucnoticias.com\/?s={search_term_string}\"},\"query-input\":\"required name=search_term_string\"}],\"inLanguage\":\"es\"},{\"@type\":\"ImageObject\",\"@id\":\"https:\/\/elpuucnoticias.com\/?p=20680#primaryimage\",\"inLanguage\":\"es\",\"url\":\"https:\/\/elpuucnoticias.com\/wp-content\/uploads\/2025\/08\/img-20250816-wa0006.jpg\",\"contentUrl\":\"https:\/\/elpuucnoticias.com\/wp-content\/uploads\/2025\/08\/img-20250816-wa0006.jpg\",\"width\":1280,\"height\":795},{\"@type\":\"WebPage\",\"@id\":\"https:\/\/elpuucnoticias.com\/?p=20680#webpage\",\"url\":\"https:\/\/elpuucnoticias.com\/?p=20680\",\"name\":\"Inaugura la Fundaci\u00f3n de Parques y Museos de Cozumel exposici\u00f3n \u201cRelato del Pa\u00eds de la Luz\u201d, del artista japon\u00e9s Kenji Endo - El Puuc Noticias\",\"isPartOf\":{\"@id\":\"https:\/\/elpuucnoticias.com\/#website\"},\"primaryImageOfPage\":{\"@id\":\"https:\/\/elpuucnoticias.com\/?p=20680#primaryimage\"},\"datePublished\":\"2025-08-22T17:59:12+00:00\",\"dateModified\":\"2025-08-22T17:59:12+00:00\",\"author\":{\"@id\":\"https:\/\/elpuucnoticias.com\/#\/schema\/person\/d2ea09e4c97f0160b11cdfb1d856bd9e\"},\"breadcrumb\":{\"@id\":\"https:\/\/elpuucnoticias.com\/?p=20680#breadcrumb\"},\"inLanguage\":\"es\",\"potentialAction\":[{\"@type\":\"ReadAction\",\"target\":[\"https:\/\/elpuucnoticias.com\/?p=20680\"]}]},{\"@type\":\"BreadcrumbList\",\"@id\":\"https:\/\/elpuucnoticias.com\/?p=20680#breadcrumb\",\"itemListElement\":[{\"@type\":\"ListItem\",\"position\":1,\"name\":\"Portada\",\"item\":\"https:\/\/elpuucnoticias.com\/\"},{\"@type\":\"ListItem\",\"position\":2,\"name\":\"Inaugura la Fundaci\u00f3n de Parques y Museos de Cozumel exposici\u00f3n \u201cRelato del Pa\u00eds de la Luz\u201d, del artista japon\u00e9s Kenji Endo\"}]},{\"@type\":\"Person\",\"@id\":\"https:\/\/elpuucnoticias.com\/#\/schema\/person\/d2ea09e4c97f0160b11cdfb1d856bd9e\",\"name\":\"elpuucnoticias\",\"image\":{\"@type\":\"ImageObject\",\"@id\":\"https:\/\/elpuucnoticias.com\/#personlogo\",\"inLanguage\":\"es\",\"url\":\"https:\/\/secure.gravatar.com\/avatar\/5290a43657c74ffa15701dbe5b846bd85cc71930d803c84e91046a7333de6ce2?s=96&d=mm&r=g\",\"contentUrl\":\"https:\/\/secure.gravatar.com\/avatar\/5290a43657c74ffa15701dbe5b846bd85cc71930d803c84e91046a7333de6ce2?s=96&d=mm&r=g\",\"caption\":\"elpuucnoticias\"},\"sameAs\":[\"https:\/\/elpuucnoticias.com\"],\"url\":\"https:\/\/elpuucnoticias.com\/?author=1\"}]}<\/script>\n<!-- \/ Yoast SEO plugin. -->","yoast_head_json":{"title":"Inaugura la Fundaci\u00f3n de Parques y Museos de Cozumel exposici\u00f3n \u201cRelato del Pa\u00eds de la Luz\u201d, del artista japon\u00e9s Kenji Endo - El Puuc Noticias","robots":{"index":"index","follow":"follow","max-snippet":"max-snippet:-1","max-image-preview":"max-image-preview:large","max-video-preview":"max-video-preview:-1"},"canonical":"https:\/\/elpuucnoticias.com\/?p=20680","og_locale":"es_ES","og_type":"article","og_title":"Inaugura la Fundaci\u00f3n de Parques y Museos de Cozumel exposici\u00f3n \u201cRelato del Pa\u00eds de la Luz\u201d, del artista japon\u00e9s Kenji Endo - El Puuc Noticias","og_description":"Un total de 14 impactantes fotograf\u00edas en gran formato y una escultura inspirada en la vida marina de","og_url":"https:\/\/elpuucnoticias.com\/?p=20680","og_site_name":"El Puuc Noticias","article_published_time":"2025-08-22T17:59:12+00:00","og_image":[{"width":1280,"height":795,"url":"https:\/\/elpuucnoticias.com\/wp-content\/uploads\/2025\/08\/img-20250816-wa0006.jpg","type":"image\/jpeg"}],"twitter_card":"summary_large_image","twitter_misc":{"Escrito por":"elpuucnoticias","Tiempo de lectura":"2 minutos"},"schema":{"@context":"https:\/\/schema.org","@graph":[{"@type":"WebSite","@id":"https:\/\/elpuucnoticias.com\/#website","url":"https:\/\/elpuucnoticias.com\/","name":"El Puuc Noticias","description":"Noticias - Entretenimiento - Deportes","potentialAction":[{"@type":"SearchAction","target":{"@type":"EntryPoint","urlTemplate":"https:\/\/elpuucnoticias.com\/?s={search_term_string}"},"query-input":"required name=search_term_string"}],"inLanguage":"es"},{"@type":"ImageObject","@id":"https:\/\/elpuucnoticias.com\/?p=20680#primaryimage","inLanguage":"es","url":"https:\/\/elpuucnoticias.com\/wp-content\/uploads\/2025\/08\/img-20250816-wa0006.jpg","contentUrl":"https:\/\/elpuucnoticias.com\/wp-content\/uploads\/2025\/08\/img-20250816-wa0006.jpg","width":1280,"height":795},{"@type":"WebPage","@id":"https:\/\/elpuucnoticias.com\/?p=20680#webpage","url":"https:\/\/elpuucnoticias.com\/?p=20680","name":"Inaugura la Fundaci\u00f3n de Parques y Museos de Cozumel exposici\u00f3n \u201cRelato del Pa\u00eds de la Luz\u201d, del artista japon\u00e9s Kenji Endo - El Puuc Noticias","isPartOf":{"@id":"https:\/\/elpuucnoticias.com\/#website"},"primaryImageOfPage":{"@id":"https:\/\/elpuucnoticias.com\/?p=20680#primaryimage"},"datePublished":"2025-08-22T17:59:12+00:00","dateModified":"2025-08-22T17:59:12+00:00","author":{"@id":"https:\/\/elpuucnoticias.com\/#\/schema\/person\/d2ea09e4c97f0160b11cdfb1d856bd9e"},"breadcrumb":{"@id":"https:\/\/elpuucnoticias.com\/?p=20680#breadcrumb"},"inLanguage":"es","potentialAction":[{"@type":"ReadAction","target":["https:\/\/elpuucnoticias.com\/?p=20680"]}]},{"@type":"BreadcrumbList","@id":"https:\/\/elpuucnoticias.com\/?p=20680#breadcrumb","itemListElement":[{"@type":"ListItem","position":1,"name":"Portada","item":"https:\/\/elpuucnoticias.com\/"},{"@type":"ListItem","position":2,"name":"Inaugura la Fundaci\u00f3n de Parques y Museos de Cozumel exposici\u00f3n \u201cRelato del Pa\u00eds de la Luz\u201d, del artista japon\u00e9s Kenji Endo"}]},{"@type":"Person","@id":"https:\/\/elpuucnoticias.com\/#\/schema\/person\/d2ea09e4c97f0160b11cdfb1d856bd9e","name":"elpuucnoticias","image":{"@type":"ImageObject","@id":"https:\/\/elpuucnoticias.com\/#personlogo","inLanguage":"es","url":"https:\/\/secure.gravatar.com\/avatar\/5290a43657c74ffa15701dbe5b846bd85cc71930d803c84e91046a7333de6ce2?s=96&d=mm&r=g","contentUrl":"https:\/\/secure.gravatar.com\/avatar\/5290a43657c74ffa15701dbe5b846bd85cc71930d803c84e91046a7333de6ce2?s=96&d=mm&r=g","caption":"elpuucnoticias"},"sameAs":["https:\/\/elpuucnoticias.com"],"url":"https:\/\/elpuucnoticias.com\/?author=1"}]}},"_links":{"self":[{"href":"https:\/\/elpuucnoticias.com\/index.php?rest_route=\/wp\/v2\/posts\/20680","targetHints":{"allow":["GET"]}}],"collection":[{"href":"https:\/\/elpuucnoticias.com\/index.php?rest_route=\/wp\/v2\/posts"}],"about":[{"href":"https:\/\/elpuucnoticias.com\/index.php?rest_route=\/wp\/v2\/types\/post"}],"author":[{"embeddable":true,"href":"https:\/\/elpuucnoticias.com\/index.php?rest_route=\/wp\/v2\/users\/1"}],"replies":[{"embeddable":true,"href":"https:\/\/elpuucnoticias.com\/index.php?rest_route=%2Fwp%2Fv2%2Fcomments&post=20680"}],"version-history":[{"count":1,"href":"https:\/\/elpuucnoticias.com\/index.php?rest_route=\/wp\/v2\/posts\/20680\/revisions"}],"predecessor-version":[{"id":20683,"href":"https:\/\/elpuucnoticias.com\/index.php?rest_route=\/wp\/v2\/posts\/20680\/revisions\/20683"}],"wp:featuredmedia":[{"embeddable":true,"href":"https:\/\/elpuucnoticias.com\/index.php?rest_route=\/wp\/v2\/media\/20682"}],"wp:attachment":[{"href":"https:\/\/elpuucnoticias.com\/index.php?rest_route=%2Fwp%2Fv2%2Fmedia&parent=20680"}],"wp:term":[{"taxonomy":"category","embeddable":true,"href":"https:\/\/elpuucnoticias.com\/index.php?rest_route=%2Fwp%2Fv2%2Fcategories&post=20680"},{"taxonomy":"post_tag","embeddable":true,"href":"https:\/\/elpuucnoticias.com\/index.php?rest_route=%2Fwp%2Fv2%2Ftags&post=20680"}],"curies":[{"name":"wp","href":"https:\/\/api.w.org\/{rel}","templated":true}]}}