{"id":20699,"date":"2025-08-22T12:30:50","date_gmt":"2025-08-22T18:30:50","guid":{"rendered":"https:\/\/elpuucnoticias.com\/?p=20699"},"modified":"2025-08-22T12:30:51","modified_gmt":"2025-08-22T18:30:51","slug":"inicia-el-instituto-de-movilidad-de-quintana-roo-pruebas-con-autobuses-articulados-en-cancun","status":"publish","type":"post","link":"https:\/\/elpuucnoticias.com\/?p=20699","title":{"rendered":"Inicia el Instituto de Movilidad de Quintana Roo pruebas con autobuses articulados en Canc\u00fan"},"content":{"rendered":"\n<p>Con el objetivo de reducir los tiempos de espera de las y los ciudadanos en los paraderos y continuar mejorando la calidad del servicio de transporte p\u00fablico, el Instituto de Movilidad de Quintana Roo (IMOVEQROO) inici\u00f3 pruebas t\u00e9cnicas con autobuses articulados de 18.6 metros de longitud, con capacidad para 150 pasajeros y en cinco avenidas principales de Canc\u00fan.<\/p>\n\n\n\n<figure class=\"wp-block-image is-style-default\"><a href=\"https:\/\/cgc.qroo.gob.mx\/cjg\/wp-content\/uploads\/2025\/08\/e4b68cac-2fe3-43ec-b2f8-c90a37fa1cdf.jpg\"><img decoding=\"async\" src=\"https:\/\/cgc.qroo.gob.mx\/cjg\/wp-content\/uploads\/2025\/08\/e4b68cac-2fe3-43ec-b2f8-c90a37fa1cdf-585x315.jpg\" alt=\"\" title=\"e4b68cac-2fe3-43ec-b2f8-c90a37fa1cdf\"\/><\/a><\/figure>\n\n\n\n<p>El titular del IMOVEQROO, Rafael Hern\u00e1ndez Kotasek, en compa\u00f1\u00eda de la gobernadora Mara Lezama Espinosa, explicaron que las pruebas t\u00e9cnicas de vialidad que se est\u00e1n realizando este jueves y viernes forman parte de la modernizaci\u00f3n del transporte p\u00fablico solicitado por las y los habitantes de esta ciudad.<\/p>\n\n\n\n<p>\u201cEstas pruebas representan un paso clave hacia la modernizaci\u00f3n del transporte en Canc\u00fan. Queremos que las y los ciudadanos pasen menos tiempo esperando en los paraderos y lleguen m\u00e1s r\u00e1pido a su destino, con un sistema de movilidad m\u00e1s eficiente, seguro y digno\u201d, indic\u00f3 Hern\u00e1ndez Kotasek.<\/p>\n\n\n\n<figure class=\"wp-block-image is-style-default\"><a href=\"https:\/\/cgc.qroo.gob.mx\/cjg\/wp-content\/uploads\/2025\/08\/05d1a8c8-3520-41ea-87b8-dbe9fff9b881.jpg\"><img decoding=\"async\" src=\"https:\/\/cgc.qroo.gob.mx\/cjg\/wp-content\/uploads\/2025\/08\/05d1a8c8-3520-41ea-87b8-dbe9fff9b881-585x390.jpg\" alt=\"\" title=\"05d1a8c8-3520-41ea-87b8-dbe9fff9b881\"\/><\/a><\/figure>\n\n\n\n<p>Estas unidades, tienen casi el doble de capacidad que un autob\u00fas convencional; cuentan con tecnolog\u00eda Euro VI amigable con el medio ambiente, es un motor a diesel y tienen accesibilidad universal con rampa y \u00e1rea para sillas de ruedas.<\/p>\n\n\n\n<p>Las pruebas t\u00e9cnicas se llevaron a cabo en las siguientes ubicaciones, sin pasajeros a bordo y con un conductor especializado: Este jueves en la avenida Colosio (11:00 a.m.-12:00 p.m.); en la avenida L\u00f3pez Portillo (1:00 p.m. \u2013 3:00 p.m.); Boulevard Kukulc\u00e1n (4:00 p.m.-7:00 p.m.) y para el d\u00eda viernes en la avenida Tulum (2:00 a.m. \u2013 4:00 a.m.); avenida Kabah (1:00 am \u2013 2:00 am).<\/p>\n\n\n\n<figure class=\"wp-block-image is-style-default\"><a href=\"https:\/\/cgc.qroo.gob.mx\/cjg\/wp-content\/uploads\/2025\/08\/d1c54e48-ab69-4601-89c1-89a0c319faaa.jpg\"><img decoding=\"async\" src=\"https:\/\/cgc.qroo.gob.mx\/cjg\/wp-content\/uploads\/2025\/08\/d1c54e48-ab69-4601-89c1-89a0c319faaa-585x390.jpg\" alt=\"\" title=\"d1c54e48-ab69-4601-89c1-89a0c319faaa\"\/><\/a><\/figure>\n\n\n\n<p>Los resultados de estas pruebas ser\u00e1n determinantes para definir la viabilidad de implementar unidades articuladas en Canc\u00fan, ya que se van a medir las dimensiones de las unidades en las cinco avenidas estrat\u00e9gicas, asegurando que la infraestructura de la ciudad pueda recibir este tipo de transporte.<\/p>\n\n\n\n<p>Un autob\u00fas articulado, al tener una mayor capacidad, permite subir a un gran n\u00famero de personas de un solo golpe.<\/p>\n\n\n\n<p>Esto no solo disminuye el tiempo de espera, sino que tambi\u00e9n agiliza el flujo de la ruta, ya que se necesitan menos unidades para mover a la misma cantidad de gente, disminuyendo la saturaci\u00f3n y conectando de manera eficiente con otras rutas.<\/p>\n\n\n\n<figure class=\"wp-block-image is-style-default\"><a href=\"https:\/\/cgc.qroo.gob.mx\/cjg\/wp-content\/uploads\/2025\/08\/dc089ad5-cd63-4449-b0f4-0edf7c292414.jpg\"><img decoding=\"async\" src=\"https:\/\/cgc.qroo.gob.mx\/cjg\/wp-content\/uploads\/2025\/08\/dc089ad5-cd63-4449-b0f4-0edf7c292414-585x329.jpg\" alt=\"\" title=\"dc089ad5-cd63-4449-b0f4-0edf7c292414\"\/><\/a><\/figure>\n\n\n\n<p>Las empresas de transporte Autocar, Maya Caribe y Bonfil participan en la evaluaci\u00f3n de estas unidades.<\/p>\n\n\n\n<p>Autocar-Boulevard Kukulc\u00e1n avenida Tulum y Kabah.<br>Maya Caribe-Avenida L\u00f3pez Portillo.<br>Bonfil-Avenida Colosio.<\/p>\n\n\n\n<p>Si bien no todas las rutas contar\u00e1n con autobuses articulados, la idea es que complementen a las unidades de 11 y 12 metros, creando una movilidad m\u00e1s inteligente y eficiente, en especial en horas de gran afluencia, ya que tienen una alta concentraci\u00f3n de personas que esperan el transporte.<\/p>\n","protected":false},"excerpt":{"rendered":"<p>Con el objetivo de reducir los tiempos de espera de las y los ciudadanos en los paraderos y<\/p>\n","protected":false},"author":1,"featured_media":20701,"comment_status":"closed","ping_status":"open","sticky":false,"template":"","format":"standard","meta":{"_monsterinsights_skip_tracking":false,"_monsterinsights_sitenote_active":false,"_monsterinsights_sitenote_note":"","_monsterinsights_sitenote_category":0,"footnotes":""},"categories":[11,24],"tags":[],"class_list":["post-20699","post","type-post","status-publish","format-standard","has-post-thumbnail","hentry","category-noticias","category-quintana-roo"],"yoast_head":"<!-- This site is optimized with the Yoast SEO plugin v18.3 - https:\/\/yoast.com\/wordpress\/plugins\/seo\/ -->\n<title>Inicia el Instituto de Movilidad de Quintana Roo pruebas con autobuses articulados en Canc\u00fan - El Puuc Noticias<\/title>\n<meta name=\"robots\" content=\"index, follow, max-snippet:-1, max-image-preview:large, max-video-preview:-1\" \/>\n<link rel=\"canonical\" href=\"https:\/\/elpuucnoticias.com\/?p=20699\" \/>\n<meta property=\"og:locale\" content=\"es_ES\" \/>\n<meta property=\"og:type\" content=\"article\" \/>\n<meta property=\"og:title\" content=\"Inicia el Instituto de Movilidad de Quintana Roo pruebas con autobuses articulados en Canc\u00fan - El Puuc Noticias\" \/>\n<meta property=\"og:description\" content=\"Con el objetivo de reducir los tiempos de espera de las y los ciudadanos en los paraderos y\" \/>\n<meta property=\"og:url\" content=\"https:\/\/elpuucnoticias.com\/?p=20699\" \/>\n<meta property=\"og:site_name\" content=\"El Puuc Noticias\" \/>\n<meta property=\"article:published_time\" content=\"2025-08-22T18:30:50+00:00\" \/>\n<meta property=\"article:modified_time\" content=\"2025-08-22T18:30:51+00:00\" \/>\n<meta property=\"og:image\" content=\"https:\/\/elpuucnoticias.com\/wp-content\/uploads\/2025\/08\/94c7fbd3-0faf-4653-b7e5-85a94b99db87.jpg\" \/>\n\t<meta property=\"og:image:width\" content=\"1280\" \/>\n\t<meta property=\"og:image:height\" content=\"778\" \/>\n\t<meta property=\"og:image:type\" content=\"image\/jpeg\" \/>\n<meta name=\"twitter:card\" content=\"summary_large_image\" \/>\n<meta name=\"twitter:label1\" content=\"Escrito por\" \/>\n\t<meta name=\"twitter:data1\" content=\"elpuucnoticias\" \/>\n\t<meta name=\"twitter:label2\" content=\"Tiempo de lectura\" \/>\n\t<meta name=\"twitter:data2\" content=\"2 minutos\" \/>\n<script type=\"application\/ld+json\" class=\"yoast-schema-graph\">{\"@context\":\"https:\/\/schema.org\",\"@graph\":[{\"@type\":\"WebSite\",\"@id\":\"https:\/\/elpuucnoticias.com\/#website\",\"url\":\"https:\/\/elpuucnoticias.com\/\",\"name\":\"El Puuc Noticias\",\"description\":\"Noticias - Entretenimiento - Deportes\",\"potentialAction\":[{\"@type\":\"SearchAction\",\"target\":{\"@type\":\"EntryPoint\",\"urlTemplate\":\"https:\/\/elpuucnoticias.com\/?s={search_term_string}\"},\"query-input\":\"required name=search_term_string\"}],\"inLanguage\":\"es\"},{\"@type\":\"ImageObject\",\"@id\":\"https:\/\/elpuucnoticias.com\/?p=20699#primaryimage\",\"inLanguage\":\"es\",\"url\":\"https:\/\/elpuucnoticias.com\/wp-content\/uploads\/2025\/08\/94c7fbd3-0faf-4653-b7e5-85a94b99db87.jpg\",\"contentUrl\":\"https:\/\/elpuucnoticias.com\/wp-content\/uploads\/2025\/08\/94c7fbd3-0faf-4653-b7e5-85a94b99db87.jpg\",\"width\":1280,\"height\":778},{\"@type\":\"WebPage\",\"@id\":\"https:\/\/elpuucnoticias.com\/?p=20699#webpage\",\"url\":\"https:\/\/elpuucnoticias.com\/?p=20699\",\"name\":\"Inicia el Instituto de Movilidad de Quintana Roo pruebas con autobuses articulados en Canc\u00fan - El Puuc Noticias\",\"isPartOf\":{\"@id\":\"https:\/\/elpuucnoticias.com\/#website\"},\"primaryImageOfPage\":{\"@id\":\"https:\/\/elpuucnoticias.com\/?p=20699#primaryimage\"},\"datePublished\":\"2025-08-22T18:30:50+00:00\",\"dateModified\":\"2025-08-22T18:30:51+00:00\",\"author\":{\"@id\":\"https:\/\/elpuucnoticias.com\/#\/schema\/person\/d2ea09e4c97f0160b11cdfb1d856bd9e\"},\"breadcrumb\":{\"@id\":\"https:\/\/elpuucnoticias.com\/?p=20699#breadcrumb\"},\"inLanguage\":\"es\",\"potentialAction\":[{\"@type\":\"ReadAction\",\"target\":[\"https:\/\/elpuucnoticias.com\/?p=20699\"]}]},{\"@type\":\"BreadcrumbList\",\"@id\":\"https:\/\/elpuucnoticias.com\/?p=20699#breadcrumb\",\"itemListElement\":[{\"@type\":\"ListItem\",\"position\":1,\"name\":\"Portada\",\"item\":\"https:\/\/elpuucnoticias.com\/\"},{\"@type\":\"ListItem\",\"position\":2,\"name\":\"Inicia el Instituto de Movilidad de Quintana Roo pruebas con autobuses articulados en Canc\u00fan\"}]},{\"@type\":\"Person\",\"@id\":\"https:\/\/elpuucnoticias.com\/#\/schema\/person\/d2ea09e4c97f0160b11cdfb1d856bd9e\",\"name\":\"elpuucnoticias\",\"image\":{\"@type\":\"ImageObject\",\"@id\":\"https:\/\/elpuucnoticias.com\/#personlogo\",\"inLanguage\":\"es\",\"url\":\"https:\/\/secure.gravatar.com\/avatar\/5290a43657c74ffa15701dbe5b846bd85cc71930d803c84e91046a7333de6ce2?s=96&d=mm&r=g\",\"contentUrl\":\"https:\/\/secure.gravatar.com\/avatar\/5290a43657c74ffa15701dbe5b846bd85cc71930d803c84e91046a7333de6ce2?s=96&d=mm&r=g\",\"caption\":\"elpuucnoticias\"},\"sameAs\":[\"https:\/\/elpuucnoticias.com\"],\"url\":\"https:\/\/elpuucnoticias.com\/?author=1\"}]}<\/script>\n<!-- \/ Yoast SEO plugin. -->","yoast_head_json":{"title":"Inicia el Instituto de Movilidad de Quintana Roo pruebas con autobuses articulados en Canc\u00fan - El Puuc Noticias","robots":{"index":"index","follow":"follow","max-snippet":"max-snippet:-1","max-image-preview":"max-image-preview:large","max-video-preview":"max-video-preview:-1"},"canonical":"https:\/\/elpuucnoticias.com\/?p=20699","og_locale":"es_ES","og_type":"article","og_title":"Inicia el Instituto de Movilidad de Quintana Roo pruebas con autobuses articulados en Canc\u00fan - El Puuc Noticias","og_description":"Con el objetivo de reducir los tiempos de espera de las y los ciudadanos en los paraderos y","og_url":"https:\/\/elpuucnoticias.com\/?p=20699","og_site_name":"El Puuc Noticias","article_published_time":"2025-08-22T18:30:50+00:00","article_modified_time":"2025-08-22T18:30:51+00:00","og_image":[{"width":1280,"height":778,"url":"https:\/\/elpuucnoticias.com\/wp-content\/uploads\/2025\/08\/94c7fbd3-0faf-4653-b7e5-85a94b99db87.jpg","type":"image\/jpeg"}],"twitter_card":"summary_large_image","twitter_misc":{"Escrito por":"elpuucnoticias","Tiempo de lectura":"2 minutos"},"schema":{"@context":"https:\/\/schema.org","@graph":[{"@type":"WebSite","@id":"https:\/\/elpuucnoticias.com\/#website","url":"https:\/\/elpuucnoticias.com\/","name":"El Puuc Noticias","description":"Noticias - Entretenimiento - Deportes","potentialAction":[{"@type":"SearchAction","target":{"@type":"EntryPoint","urlTemplate":"https:\/\/elpuucnoticias.com\/?s={search_term_string}"},"query-input":"required name=search_term_string"}],"inLanguage":"es"},{"@type":"ImageObject","@id":"https:\/\/elpuucnoticias.com\/?p=20699#primaryimage","inLanguage":"es","url":"https:\/\/elpuucnoticias.com\/wp-content\/uploads\/2025\/08\/94c7fbd3-0faf-4653-b7e5-85a94b99db87.jpg","contentUrl":"https:\/\/elpuucnoticias.com\/wp-content\/uploads\/2025\/08\/94c7fbd3-0faf-4653-b7e5-85a94b99db87.jpg","width":1280,"height":778},{"@type":"WebPage","@id":"https:\/\/elpuucnoticias.com\/?p=20699#webpage","url":"https:\/\/elpuucnoticias.com\/?p=20699","name":"Inicia el Instituto de Movilidad de Quintana Roo pruebas con autobuses articulados en Canc\u00fan - El Puuc Noticias","isPartOf":{"@id":"https:\/\/elpuucnoticias.com\/#website"},"primaryImageOfPage":{"@id":"https:\/\/elpuucnoticias.com\/?p=20699#primaryimage"},"datePublished":"2025-08-22T18:30:50+00:00","dateModified":"2025-08-22T18:30:51+00:00","author":{"@id":"https:\/\/elpuucnoticias.com\/#\/schema\/person\/d2ea09e4c97f0160b11cdfb1d856bd9e"},"breadcrumb":{"@id":"https:\/\/elpuucnoticias.com\/?p=20699#breadcrumb"},"inLanguage":"es","potentialAction":[{"@type":"ReadAction","target":["https:\/\/elpuucnoticias.com\/?p=20699"]}]},{"@type":"BreadcrumbList","@id":"https:\/\/elpuucnoticias.com\/?p=20699#breadcrumb","itemListElement":[{"@type":"ListItem","position":1,"name":"Portada","item":"https:\/\/elpuucnoticias.com\/"},{"@type":"ListItem","position":2,"name":"Inicia el Instituto de Movilidad de Quintana Roo pruebas con autobuses articulados en Canc\u00fan"}]},{"@type":"Person","@id":"https:\/\/elpuucnoticias.com\/#\/schema\/person\/d2ea09e4c97f0160b11cdfb1d856bd9e","name":"elpuucnoticias","image":{"@type":"ImageObject","@id":"https:\/\/elpuucnoticias.com\/#personlogo","inLanguage":"es","url":"https:\/\/secure.gravatar.com\/avatar\/5290a43657c74ffa15701dbe5b846bd85cc71930d803c84e91046a7333de6ce2?s=96&d=mm&r=g","contentUrl":"https:\/\/secure.gravatar.com\/avatar\/5290a43657c74ffa15701dbe5b846bd85cc71930d803c84e91046a7333de6ce2?s=96&d=mm&r=g","caption":"elpuucnoticias"},"sameAs":["https:\/\/elpuucnoticias.com"],"url":"https:\/\/elpuucnoticias.com\/?author=1"}]}},"_links":{"self":[{"href":"https:\/\/elpuucnoticias.com\/index.php?rest_route=\/wp\/v2\/posts\/20699","targetHints":{"allow":["GET"]}}],"collection":[{"href":"https:\/\/elpuucnoticias.com\/index.php?rest_route=\/wp\/v2\/posts"}],"about":[{"href":"https:\/\/elpuucnoticias.com\/index.php?rest_route=\/wp\/v2\/types\/post"}],"author":[{"embeddable":true,"href":"https:\/\/elpuucnoticias.com\/index.php?rest_route=\/wp\/v2\/users\/1"}],"replies":[{"embeddable":true,"href":"https:\/\/elpuucnoticias.com\/index.php?rest_route=%2Fwp%2Fv2%2Fcomments&post=20699"}],"version-history":[{"count":1,"href":"https:\/\/elpuucnoticias.com\/index.php?rest_route=\/wp\/v2\/posts\/20699\/revisions"}],"predecessor-version":[{"id":20702,"href":"https:\/\/elpuucnoticias.com\/index.php?rest_route=\/wp\/v2\/posts\/20699\/revisions\/20702"}],"wp:featuredmedia":[{"embeddable":true,"href":"https:\/\/elpuucnoticias.com\/index.php?rest_route=\/wp\/v2\/media\/20701"}],"wp:attachment":[{"href":"https:\/\/elpuucnoticias.com\/index.php?rest_route=%2Fwp%2Fv2%2Fmedia&parent=20699"}],"wp:term":[{"taxonomy":"category","embeddable":true,"href":"https:\/\/elpuucnoticias.com\/index.php?rest_route=%2Fwp%2Fv2%2Fcategories&post=20699"},{"taxonomy":"post_tag","embeddable":true,"href":"https:\/\/elpuucnoticias.com\/index.php?rest_route=%2Fwp%2Fv2%2Ftags&post=20699"}],"curies":[{"name":"wp","href":"https:\/\/api.w.org\/{rel}","templated":true}]}}