{"id":20707,"date":"2025-08-22T13:38:04","date_gmt":"2025-08-22T19:38:04","guid":{"rendered":"https:\/\/elpuucnoticias.com\/?p=20707"},"modified":"2025-08-22T13:38:06","modified_gmt":"2025-08-22T19:38:06","slug":"detenido-por-el-robo-de-un-vehiculo-que-le-dieron-para-reparar-el-aire-acondicionado","status":"publish","type":"post","link":"https:\/\/elpuucnoticias.com\/?p=20707","title":{"rendered":"Detenido por el robo de un veh\u00edculo que le dieron para reparar el aire acondicionado"},"content":{"rendered":"\n<p><a><\/a>Agentes de la Polic\u00eda Estatal de Investigaci\u00f3n ( PEI) de la Secretar\u00eda de Seguridad P\u00fablica (SSP) en coordinaci\u00f3n con la Fiscal\u00eda General del Estado (FGE) detuvieron ayer a un individuo acusado de robo de veh\u00edculo.<\/p>\n\n\n\n<p>Joaqu\u00edn Alejandro \u201cN\u201d, de 30 a\u00f1os, originario de M\u00e9rida, el 20 de marzo de 2023 recibi\u00f3 en su taller de climas automotrices un veh\u00edculo Nissan Versa para que le hiciera un diagn\u00f3stico por las fallas que presentaba.<\/p>\n\n\n\n<p>La propietaria del auto pas\u00f3 al d\u00eda siguiente para saber de su veh\u00edculo, pero el individuo le habr\u00eda dicho que lo llev\u00f3 a otro taller, sin conocimiento ni consentimiento de la afectada.<\/p>\n\n\n\n<p>A partir de ah\u00ed, seg\u00fan la denuncia, Joaqu\u00edn Alejandro \u201cN\u201d se neg\u00f3 a devolver el veh\u00edculo, llegando incluso a insultar a la mujer por reclamarle su proceder.<\/p>\n\n\n\n<p>Los agentes y fiscales integraron la carpeta de investigaci\u00f3n con los datos de prueba que acreditan la probable responsabilidad del sujeto en el delito del que se le acusa y quien estaba evadido de la justicia desde noviembre de 2024.<\/p>\n\n\n\n<p>El acusado fue puesto a disposici\u00f3n del Juez de Control que libr\u00f3 la orden de aprehensi\u00f3n.<\/p>\n","protected":false},"excerpt":{"rendered":"<p>Agentes de la Polic\u00eda Estatal de Investigaci\u00f3n ( PEI) de la Secretar\u00eda de Seguridad P\u00fablica (SSP) en coordinaci\u00f3n<\/p>\n","protected":false},"author":1,"featured_media":20708,"comment_status":"closed","ping_status":"open","sticky":false,"template":"","format":"standard","meta":{"_monsterinsights_skip_tracking":false,"_monsterinsights_sitenote_active":false,"_monsterinsights_sitenote_note":"","_monsterinsights_sitenote_category":0,"footnotes":""},"categories":[11,3],"tags":[],"class_list":["post-20707","post","type-post","status-publish","format-standard","has-post-thumbnail","hentry","category-noticias","category-policiacas"],"yoast_head":"<!-- This site is optimized with the Yoast SEO plugin v18.3 - https:\/\/yoast.com\/wordpress\/plugins\/seo\/ -->\n<title>Detenido por el robo de un veh\u00edculo que le dieron para reparar el aire acondicionado - El Puuc Noticias<\/title>\n<meta name=\"robots\" content=\"index, follow, max-snippet:-1, max-image-preview:large, max-video-preview:-1\" \/>\n<link rel=\"canonical\" href=\"https:\/\/elpuucnoticias.com\/?p=20707\" \/>\n<meta property=\"og:locale\" content=\"es_ES\" \/>\n<meta property=\"og:type\" content=\"article\" \/>\n<meta property=\"og:title\" content=\"Detenido por el robo de un veh\u00edculo que le dieron para reparar el aire acondicionado - El Puuc Noticias\" \/>\n<meta property=\"og:description\" content=\"Agentes de la Polic\u00eda Estatal de Investigaci\u00f3n ( PEI) de la Secretar\u00eda de Seguridad P\u00fablica (SSP) en coordinaci\u00f3n\" \/>\n<meta property=\"og:url\" content=\"https:\/\/elpuucnoticias.com\/?p=20707\" \/>\n<meta property=\"og:site_name\" content=\"El Puuc Noticias\" \/>\n<meta property=\"article:published_time\" content=\"2025-08-22T19:38:04+00:00\" \/>\n<meta property=\"article:modified_time\" content=\"2025-08-22T19:38:06+00:00\" \/>\n<meta property=\"og:image\" content=\"https:\/\/elpuucnoticias.com\/wp-content\/uploads\/2025\/08\/535895560_1183810020446864_955816743643300370_n.jpg\" \/>\n\t<meta property=\"og:image:width\" content=\"788\" \/>\n\t<meta property=\"og:image:height\" content=\"749\" \/>\n\t<meta property=\"og:image:type\" content=\"image\/jpeg\" \/>\n<meta name=\"twitter:card\" content=\"summary_large_image\" \/>\n<meta name=\"twitter:label1\" content=\"Escrito por\" \/>\n\t<meta name=\"twitter:data1\" content=\"elpuucnoticias\" \/>\n\t<meta name=\"twitter:label2\" content=\"Tiempo de lectura\" \/>\n\t<meta name=\"twitter:data2\" content=\"1 minuto\" \/>\n<script type=\"application\/ld+json\" class=\"yoast-schema-graph\">{\"@context\":\"https:\/\/schema.org\",\"@graph\":[{\"@type\":\"WebSite\",\"@id\":\"https:\/\/elpuucnoticias.com\/#website\",\"url\":\"https:\/\/elpuucnoticias.com\/\",\"name\":\"El Puuc Noticias\",\"description\":\"Noticias - Entretenimiento - Deportes\",\"potentialAction\":[{\"@type\":\"SearchAction\",\"target\":{\"@type\":\"EntryPoint\",\"urlTemplate\":\"https:\/\/elpuucnoticias.com\/?s={search_term_string}\"},\"query-input\":\"required name=search_term_string\"}],\"inLanguage\":\"es\"},{\"@type\":\"ImageObject\",\"@id\":\"https:\/\/elpuucnoticias.com\/?p=20707#primaryimage\",\"inLanguage\":\"es\",\"url\":\"https:\/\/elpuucnoticias.com\/wp-content\/uploads\/2025\/08\/535895560_1183810020446864_955816743643300370_n.jpg\",\"contentUrl\":\"https:\/\/elpuucnoticias.com\/wp-content\/uploads\/2025\/08\/535895560_1183810020446864_955816743643300370_n.jpg\",\"width\":788,\"height\":749},{\"@type\":\"WebPage\",\"@id\":\"https:\/\/elpuucnoticias.com\/?p=20707#webpage\",\"url\":\"https:\/\/elpuucnoticias.com\/?p=20707\",\"name\":\"Detenido por el robo de un veh\u00edculo que le dieron para reparar el aire acondicionado - El Puuc Noticias\",\"isPartOf\":{\"@id\":\"https:\/\/elpuucnoticias.com\/#website\"},\"primaryImageOfPage\":{\"@id\":\"https:\/\/elpuucnoticias.com\/?p=20707#primaryimage\"},\"datePublished\":\"2025-08-22T19:38:04+00:00\",\"dateModified\":\"2025-08-22T19:38:06+00:00\",\"author\":{\"@id\":\"https:\/\/elpuucnoticias.com\/#\/schema\/person\/d2ea09e4c97f0160b11cdfb1d856bd9e\"},\"breadcrumb\":{\"@id\":\"https:\/\/elpuucnoticias.com\/?p=20707#breadcrumb\"},\"inLanguage\":\"es\",\"potentialAction\":[{\"@type\":\"ReadAction\",\"target\":[\"https:\/\/elpuucnoticias.com\/?p=20707\"]}]},{\"@type\":\"BreadcrumbList\",\"@id\":\"https:\/\/elpuucnoticias.com\/?p=20707#breadcrumb\",\"itemListElement\":[{\"@type\":\"ListItem\",\"position\":1,\"name\":\"Portada\",\"item\":\"https:\/\/elpuucnoticias.com\/\"},{\"@type\":\"ListItem\",\"position\":2,\"name\":\"Detenido por el robo de un veh\u00edculo que le dieron para reparar el aire acondicionado\"}]},{\"@type\":\"Person\",\"@id\":\"https:\/\/elpuucnoticias.com\/#\/schema\/person\/d2ea09e4c97f0160b11cdfb1d856bd9e\",\"name\":\"elpuucnoticias\",\"image\":{\"@type\":\"ImageObject\",\"@id\":\"https:\/\/elpuucnoticias.com\/#personlogo\",\"inLanguage\":\"es\",\"url\":\"https:\/\/secure.gravatar.com\/avatar\/5290a43657c74ffa15701dbe5b846bd85cc71930d803c84e91046a7333de6ce2?s=96&d=mm&r=g\",\"contentUrl\":\"https:\/\/secure.gravatar.com\/avatar\/5290a43657c74ffa15701dbe5b846bd85cc71930d803c84e91046a7333de6ce2?s=96&d=mm&r=g\",\"caption\":\"elpuucnoticias\"},\"sameAs\":[\"https:\/\/elpuucnoticias.com\"],\"url\":\"https:\/\/elpuucnoticias.com\/?author=1\"}]}<\/script>\n<!-- \/ Yoast SEO plugin. -->","yoast_head_json":{"title":"Detenido por el robo de un veh\u00edculo que le dieron para reparar el aire acondicionado - El Puuc Noticias","robots":{"index":"index","follow":"follow","max-snippet":"max-snippet:-1","max-image-preview":"max-image-preview:large","max-video-preview":"max-video-preview:-1"},"canonical":"https:\/\/elpuucnoticias.com\/?p=20707","og_locale":"es_ES","og_type":"article","og_title":"Detenido por el robo de un veh\u00edculo que le dieron para reparar el aire acondicionado - El Puuc Noticias","og_description":"Agentes de la Polic\u00eda Estatal de Investigaci\u00f3n ( PEI) de la Secretar\u00eda de Seguridad P\u00fablica (SSP) en coordinaci\u00f3n","og_url":"https:\/\/elpuucnoticias.com\/?p=20707","og_site_name":"El Puuc Noticias","article_published_time":"2025-08-22T19:38:04+00:00","article_modified_time":"2025-08-22T19:38:06+00:00","og_image":[{"width":788,"height":749,"url":"https:\/\/elpuucnoticias.com\/wp-content\/uploads\/2025\/08\/535895560_1183810020446864_955816743643300370_n.jpg","type":"image\/jpeg"}],"twitter_card":"summary_large_image","twitter_misc":{"Escrito por":"elpuucnoticias","Tiempo de lectura":"1 minuto"},"schema":{"@context":"https:\/\/schema.org","@graph":[{"@type":"WebSite","@id":"https:\/\/elpuucnoticias.com\/#website","url":"https:\/\/elpuucnoticias.com\/","name":"El Puuc Noticias","description":"Noticias - Entretenimiento - Deportes","potentialAction":[{"@type":"SearchAction","target":{"@type":"EntryPoint","urlTemplate":"https:\/\/elpuucnoticias.com\/?s={search_term_string}"},"query-input":"required name=search_term_string"}],"inLanguage":"es"},{"@type":"ImageObject","@id":"https:\/\/elpuucnoticias.com\/?p=20707#primaryimage","inLanguage":"es","url":"https:\/\/elpuucnoticias.com\/wp-content\/uploads\/2025\/08\/535895560_1183810020446864_955816743643300370_n.jpg","contentUrl":"https:\/\/elpuucnoticias.com\/wp-content\/uploads\/2025\/08\/535895560_1183810020446864_955816743643300370_n.jpg","width":788,"height":749},{"@type":"WebPage","@id":"https:\/\/elpuucnoticias.com\/?p=20707#webpage","url":"https:\/\/elpuucnoticias.com\/?p=20707","name":"Detenido por el robo de un veh\u00edculo que le dieron para reparar el aire acondicionado - El Puuc Noticias","isPartOf":{"@id":"https:\/\/elpuucnoticias.com\/#website"},"primaryImageOfPage":{"@id":"https:\/\/elpuucnoticias.com\/?p=20707#primaryimage"},"datePublished":"2025-08-22T19:38:04+00:00","dateModified":"2025-08-22T19:38:06+00:00","author":{"@id":"https:\/\/elpuucnoticias.com\/#\/schema\/person\/d2ea09e4c97f0160b11cdfb1d856bd9e"},"breadcrumb":{"@id":"https:\/\/elpuucnoticias.com\/?p=20707#breadcrumb"},"inLanguage":"es","potentialAction":[{"@type":"ReadAction","target":["https:\/\/elpuucnoticias.com\/?p=20707"]}]},{"@type":"BreadcrumbList","@id":"https:\/\/elpuucnoticias.com\/?p=20707#breadcrumb","itemListElement":[{"@type":"ListItem","position":1,"name":"Portada","item":"https:\/\/elpuucnoticias.com\/"},{"@type":"ListItem","position":2,"name":"Detenido por el robo de un veh\u00edculo que le dieron para reparar el aire acondicionado"}]},{"@type":"Person","@id":"https:\/\/elpuucnoticias.com\/#\/schema\/person\/d2ea09e4c97f0160b11cdfb1d856bd9e","name":"elpuucnoticias","image":{"@type":"ImageObject","@id":"https:\/\/elpuucnoticias.com\/#personlogo","inLanguage":"es","url":"https:\/\/secure.gravatar.com\/avatar\/5290a43657c74ffa15701dbe5b846bd85cc71930d803c84e91046a7333de6ce2?s=96&d=mm&r=g","contentUrl":"https:\/\/secure.gravatar.com\/avatar\/5290a43657c74ffa15701dbe5b846bd85cc71930d803c84e91046a7333de6ce2?s=96&d=mm&r=g","caption":"elpuucnoticias"},"sameAs":["https:\/\/elpuucnoticias.com"],"url":"https:\/\/elpuucnoticias.com\/?author=1"}]}},"_links":{"self":[{"href":"https:\/\/elpuucnoticias.com\/index.php?rest_route=\/wp\/v2\/posts\/20707","targetHints":{"allow":["GET"]}}],"collection":[{"href":"https:\/\/elpuucnoticias.com\/index.php?rest_route=\/wp\/v2\/posts"}],"about":[{"href":"https:\/\/elpuucnoticias.com\/index.php?rest_route=\/wp\/v2\/types\/post"}],"author":[{"embeddable":true,"href":"https:\/\/elpuucnoticias.com\/index.php?rest_route=\/wp\/v2\/users\/1"}],"replies":[{"embeddable":true,"href":"https:\/\/elpuucnoticias.com\/index.php?rest_route=%2Fwp%2Fv2%2Fcomments&post=20707"}],"version-history":[{"count":1,"href":"https:\/\/elpuucnoticias.com\/index.php?rest_route=\/wp\/v2\/posts\/20707\/revisions"}],"predecessor-version":[{"id":20709,"href":"https:\/\/elpuucnoticias.com\/index.php?rest_route=\/wp\/v2\/posts\/20707\/revisions\/20709"}],"wp:featuredmedia":[{"embeddable":true,"href":"https:\/\/elpuucnoticias.com\/index.php?rest_route=\/wp\/v2\/media\/20708"}],"wp:attachment":[{"href":"https:\/\/elpuucnoticias.com\/index.php?rest_route=%2Fwp%2Fv2%2Fmedia&parent=20707"}],"wp:term":[{"taxonomy":"category","embeddable":true,"href":"https:\/\/elpuucnoticias.com\/index.php?rest_route=%2Fwp%2Fv2%2Fcategories&post=20707"},{"taxonomy":"post_tag","embeddable":true,"href":"https:\/\/elpuucnoticias.com\/index.php?rest_route=%2Fwp%2Fv2%2Ftags&post=20707"}],"curies":[{"name":"wp","href":"https:\/\/api.w.org\/{rel}","templated":true}]}}