{"id":20710,"date":"2025-08-25T11:59:06","date_gmt":"2025-08-25T17:59:06","guid":{"rendered":"https:\/\/elpuucnoticias.com\/?p=20710"},"modified":"2025-08-25T11:59:07","modified_gmt":"2025-08-25T17:59:07","slug":"festeja-la-fundacion-de-parques-y-museos-de-cozumel-a-las-personas-adultas-mayores-con-un-paseo-especial-en-chankanaab","status":"publish","type":"post","link":"https:\/\/elpuucnoticias.com\/?p=20710","title":{"rendered":"Festeja la Fundaci\u00f3n de Parques y Museos de Cozumel a las personas adultas mayores con un paseo especial en Chankanaab"},"content":{"rendered":"\n<p>En el marco del D\u00eda de las Personas Adultas Mayores, que se conmemora el pr\u00f3ximo 28 de agosto, la Fundaci\u00f3n de Parques y Museos de Cozumel (FPMC) organiz\u00f3 un Paseo en el Parque Natural Chankanaab, donde se ofrecieron actividades recreativas y de convivencia para reconocer la aportaci\u00f3n de quienes con su experiencia han contribuido al desarrollo de la comunidad.<\/p>\n\n\n\n<figure class=\"wp-block-image is-style-default\"><a href=\"https:\/\/cgc.qroo.gob.mx\/cjg\/wp-content\/uploads\/2025\/08\/WhatsApp-Image-2025-08-22-at-15.31.43.jpeg\"><img decoding=\"async\" src=\"https:\/\/cgc.qroo.gob.mx\/cjg\/wp-content\/uploads\/2025\/08\/WhatsApp-Image-2025-08-22-at-15.31.43-585x399.jpeg\" alt=\"\" title=\"WhatsApp Image 2025-08-22 at 15.31.43\"\/><\/a><\/figure>\n\n\n\n<p>La directora general de la FPMC, Juanita Alonso Marrufo, dio la bienvenida a las y los asistentes, destacando que ofrecer este tipo de actividades espacios de convivencia y recreaci\u00f3n a las personas adultas mayores es una manera de agradecer su legado y su entrega hacia sus familias y la sociedad. Subray\u00f3 que estas acciones forman parte del Nuevo Acuerdo por el Bienestar y Desarrollo de Quintana Roo, que impulsa la gobernadora Mara Lezama Espinosa, con un enfoque humanista y de respeto hacia este sector de la poblaci\u00f3n.<\/p>\n\n\n\n<figure class=\"wp-block-image is-style-default\"><a href=\"https:\/\/cgc.qroo.gob.mx\/cjg\/wp-content\/uploads\/2025\/08\/WhatsApp-Image-2025-08-22-at-15.31.42-1.jpeg\"><img decoding=\"async\" src=\"https:\/\/cgc.qroo.gob.mx\/cjg\/wp-content\/uploads\/2025\/08\/WhatsApp-Image-2025-08-22-at-15.31.42-1-585x390.jpeg\" alt=\"\" title=\"WhatsApp Image 2025-08-22 at 15.31.42 (1)\"\/><\/a><\/figure>\n\n\n\n<p>Desde temprana hora, las y los abuelitos se reunieron en el BiblioAvi\u00f3n Gervasio, de donde fueron trasladados en veh\u00edculos de la Instituci\u00f3n hasta Chankanaab, donde fueron acompa\u00f1ados por un gu\u00eda del parque, quien les dio un recorrido el sendero interpretativo con r\u00e9plicas arqueol\u00f3gicas, incluido el emblem\u00e1tico arco de Labn\u00e1, el jard\u00edn bot\u00e1nico y visitaron la laguna Chankanaab. Tambi\u00e9n disfrutaron de momentos de descanso, convivencia, nado en la Caletita.<\/p>\n\n\n\n<figure class=\"wp-block-image is-style-default\"><a href=\"https:\/\/cgc.qroo.gob.mx\/cjg\/wp-content\/uploads\/2025\/08\/WhatsApp-Image-2025-08-22-at-15.31.42-2.jpeg\"><img decoding=\"async\" src=\"https:\/\/cgc.qroo.gob.mx\/cjg\/wp-content\/uploads\/2025\/08\/WhatsApp-Image-2025-08-22-at-15.31.42-2-585x390.jpeg\" alt=\"\" title=\"WhatsApp Image 2025-08-22 at 15.31.42 (2)\"\/><\/a><\/figure>\n\n\n\n<p>Durante la celebraci\u00f3n, Juanita Alonso resalt\u00f3 que es fundamental fomentar la participaci\u00f3n activa de este sector de la poblaci\u00f3n, mantenerlos en contacto con la naturaleza y brindarles la oportunidad de convivir con personas de su misma edad en un ambiente sano y recreativo.<\/p>\n\n\n\n<figure class=\"wp-block-image is-style-default\"><a href=\"https:\/\/cgc.qroo.gob.mx\/cjg\/wp-content\/uploads\/2025\/08\/WhatsApp-Image-2025-08-22-at-15.31.42.jpeg\"><img decoding=\"async\" src=\"https:\/\/cgc.qroo.gob.mx\/cjg\/wp-content\/uploads\/2025\/08\/WhatsApp-Image-2025-08-22-at-15.31.42-585x444.jpeg\" alt=\"\" title=\"WhatsApp Image 2025-08-22 at 15.31.42\"\/><\/a><\/figure>\n\n\n\n<p>Finalmente, se reiter\u00f3 el compromiso de la instituci\u00f3n de continuar impulsando programas y actividades que promuevan el bienestar y la calidad de vida de las y los adultos mayores, reconociendo con respeto y cari\u00f1o su invaluable contribuci\u00f3n a la historia y desarrollo de Cozumel.<\/p>\n\n\n\n<figure class=\"wp-block-image is-style-default\"><a href=\"https:\/\/cgc.qroo.gob.mx\/cjg\/wp-content\/uploads\/2025\/08\/WhatsApp-Image-2025-08-22-at-15.31.43-1.jpeg\"><img decoding=\"async\" src=\"https:\/\/cgc.qroo.gob.mx\/cjg\/wp-content\/uploads\/2025\/08\/WhatsApp-Image-2025-08-22-at-15.31.43-1-585x378.jpeg\" alt=\"\" title=\"WhatsApp Image 2025-08-22 at 15.31.43 (1)\"\/><\/a><\/figure>\n\n\n\n<p>Aprovech\u00f3 la oportunidad para invitar a las y los adultos mayores para asistir a la velada musical Noche de Baile \u201cCana al Aire\u201d, que se llevar\u00e1 a cabo el pr\u00f3ximo 30 de agosto, a las 19:00 horas, en la Explanada de la Bandera, ya que estar\u00e1 dedicada a celebrar a este importante sector de la poblaci\u00f3n.<\/p>\n","protected":false},"excerpt":{"rendered":"<p>En el marco del D\u00eda de las Personas Adultas Mayores, que se conmemora el pr\u00f3ximo 28 de agosto,<\/p>\n","protected":false},"author":1,"featured_media":20715,"comment_status":"closed","ping_status":"open","sticky":false,"template":"","format":"standard","meta":{"_monsterinsights_skip_tracking":false,"_monsterinsights_sitenote_active":false,"_monsterinsights_sitenote_note":"","_monsterinsights_sitenote_category":0,"footnotes":""},"categories":[11,24],"tags":[],"class_list":["post-20710","post","type-post","status-publish","format-standard","has-post-thumbnail","hentry","category-noticias","category-quintana-roo"],"yoast_head":"<!-- This site is optimized with the Yoast SEO plugin v18.3 - https:\/\/yoast.com\/wordpress\/plugins\/seo\/ -->\n<title>Festeja la Fundaci\u00f3n de Parques y Museos de Cozumel a las personas adultas mayores con un paseo especial en Chankanaab - El Puuc Noticias<\/title>\n<meta name=\"robots\" content=\"index, follow, max-snippet:-1, max-image-preview:large, max-video-preview:-1\" \/>\n<link rel=\"canonical\" href=\"https:\/\/elpuucnoticias.com\/?p=20710\" \/>\n<meta property=\"og:locale\" content=\"es_ES\" \/>\n<meta property=\"og:type\" content=\"article\" \/>\n<meta property=\"og:title\" content=\"Festeja la Fundaci\u00f3n de Parques y Museos de Cozumel a las personas adultas mayores con un paseo especial en Chankanaab - El Puuc Noticias\" \/>\n<meta property=\"og:description\" content=\"En el marco del D\u00eda de las Personas Adultas Mayores, que se conmemora el pr\u00f3ximo 28 de agosto,\" \/>\n<meta property=\"og:url\" content=\"https:\/\/elpuucnoticias.com\/?p=20710\" \/>\n<meta property=\"og:site_name\" content=\"El Puuc Noticias\" \/>\n<meta property=\"article:published_time\" content=\"2025-08-25T17:59:06+00:00\" \/>\n<meta property=\"article:modified_time\" content=\"2025-08-25T17:59:07+00:00\" \/>\n<meta property=\"og:image\" content=\"https:\/\/cgc.qroo.gob.mx\/cjg\/wp-content\/uploads\/2025\/08\/WhatsApp-Image-2025-08-22-at-15.31.43-585x399.jpeg\" \/>\n<meta name=\"twitter:card\" content=\"summary_large_image\" \/>\n<meta name=\"twitter:label1\" content=\"Escrito por\" \/>\n\t<meta name=\"twitter:data1\" content=\"elpuucnoticias\" \/>\n\t<meta name=\"twitter:label2\" content=\"Tiempo de lectura\" \/>\n\t<meta name=\"twitter:data2\" content=\"2 minutos\" \/>\n<script type=\"application\/ld+json\" class=\"yoast-schema-graph\">{\"@context\":\"https:\/\/schema.org\",\"@graph\":[{\"@type\":\"WebSite\",\"@id\":\"https:\/\/elpuucnoticias.com\/#website\",\"url\":\"https:\/\/elpuucnoticias.com\/\",\"name\":\"El Puuc Noticias\",\"description\":\"Noticias - Entretenimiento - Deportes\",\"potentialAction\":[{\"@type\":\"SearchAction\",\"target\":{\"@type\":\"EntryPoint\",\"urlTemplate\":\"https:\/\/elpuucnoticias.com\/?s={search_term_string}\"},\"query-input\":\"required name=search_term_string\"}],\"inLanguage\":\"es\"},{\"@type\":\"ImageObject\",\"@id\":\"https:\/\/elpuucnoticias.com\/?p=20710#primaryimage\",\"inLanguage\":\"es\",\"url\":\"https:\/\/elpuucnoticias.com\/wp-content\/uploads\/2025\/08\/whatsapp-image-2025-08-22-at-15.31.41.jpeg\",\"contentUrl\":\"https:\/\/elpuucnoticias.com\/wp-content\/uploads\/2025\/08\/whatsapp-image-2025-08-22-at-15.31.41.jpeg\",\"width\":1600,\"height\":1058},{\"@type\":\"WebPage\",\"@id\":\"https:\/\/elpuucnoticias.com\/?p=20710#webpage\",\"url\":\"https:\/\/elpuucnoticias.com\/?p=20710\",\"name\":\"Festeja la Fundaci\u00f3n de Parques y Museos de Cozumel a las personas adultas mayores con un paseo especial en Chankanaab - El Puuc Noticias\",\"isPartOf\":{\"@id\":\"https:\/\/elpuucnoticias.com\/#website\"},\"primaryImageOfPage\":{\"@id\":\"https:\/\/elpuucnoticias.com\/?p=20710#primaryimage\"},\"datePublished\":\"2025-08-25T17:59:06+00:00\",\"dateModified\":\"2025-08-25T17:59:07+00:00\",\"author\":{\"@id\":\"https:\/\/elpuucnoticias.com\/#\/schema\/person\/d2ea09e4c97f0160b11cdfb1d856bd9e\"},\"breadcrumb\":{\"@id\":\"https:\/\/elpuucnoticias.com\/?p=20710#breadcrumb\"},\"inLanguage\":\"es\",\"potentialAction\":[{\"@type\":\"ReadAction\",\"target\":[\"https:\/\/elpuucnoticias.com\/?p=20710\"]}]},{\"@type\":\"BreadcrumbList\",\"@id\":\"https:\/\/elpuucnoticias.com\/?p=20710#breadcrumb\",\"itemListElement\":[{\"@type\":\"ListItem\",\"position\":1,\"name\":\"Portada\",\"item\":\"https:\/\/elpuucnoticias.com\/\"},{\"@type\":\"ListItem\",\"position\":2,\"name\":\"Festeja la Fundaci\u00f3n de Parques y Museos de Cozumel a las personas adultas mayores con un paseo especial en Chankanaab\"}]},{\"@type\":\"Person\",\"@id\":\"https:\/\/elpuucnoticias.com\/#\/schema\/person\/d2ea09e4c97f0160b11cdfb1d856bd9e\",\"name\":\"elpuucnoticias\",\"image\":{\"@type\":\"ImageObject\",\"@id\":\"https:\/\/elpuucnoticias.com\/#personlogo\",\"inLanguage\":\"es\",\"url\":\"https:\/\/secure.gravatar.com\/avatar\/5290a43657c74ffa15701dbe5b846bd85cc71930d803c84e91046a7333de6ce2?s=96&d=mm&r=g\",\"contentUrl\":\"https:\/\/secure.gravatar.com\/avatar\/5290a43657c74ffa15701dbe5b846bd85cc71930d803c84e91046a7333de6ce2?s=96&d=mm&r=g\",\"caption\":\"elpuucnoticias\"},\"sameAs\":[\"https:\/\/elpuucnoticias.com\"],\"url\":\"https:\/\/elpuucnoticias.com\/?author=1\"}]}<\/script>\n<!-- \/ Yoast SEO plugin. -->","yoast_head_json":{"title":"Festeja la Fundaci\u00f3n de Parques y Museos de Cozumel a las personas adultas mayores con un paseo especial en Chankanaab - El Puuc Noticias","robots":{"index":"index","follow":"follow","max-snippet":"max-snippet:-1","max-image-preview":"max-image-preview:large","max-video-preview":"max-video-preview:-1"},"canonical":"https:\/\/elpuucnoticias.com\/?p=20710","og_locale":"es_ES","og_type":"article","og_title":"Festeja la Fundaci\u00f3n de Parques y Museos de Cozumel a las personas adultas mayores con un paseo especial en Chankanaab - El Puuc Noticias","og_description":"En el marco del D\u00eda de las Personas Adultas Mayores, que se conmemora el pr\u00f3ximo 28 de agosto,","og_url":"https:\/\/elpuucnoticias.com\/?p=20710","og_site_name":"El Puuc Noticias","article_published_time":"2025-08-25T17:59:06+00:00","article_modified_time":"2025-08-25T17:59:07+00:00","og_image":[{"url":"https:\/\/cgc.qroo.gob.mx\/cjg\/wp-content\/uploads\/2025\/08\/WhatsApp-Image-2025-08-22-at-15.31.43-585x399.jpeg"}],"twitter_card":"summary_large_image","twitter_misc":{"Escrito por":"elpuucnoticias","Tiempo de lectura":"2 minutos"},"schema":{"@context":"https:\/\/schema.org","@graph":[{"@type":"WebSite","@id":"https:\/\/elpuucnoticias.com\/#website","url":"https:\/\/elpuucnoticias.com\/","name":"El Puuc Noticias","description":"Noticias - Entretenimiento - Deportes","potentialAction":[{"@type":"SearchAction","target":{"@type":"EntryPoint","urlTemplate":"https:\/\/elpuucnoticias.com\/?s={search_term_string}"},"query-input":"required name=search_term_string"}],"inLanguage":"es"},{"@type":"ImageObject","@id":"https:\/\/elpuucnoticias.com\/?p=20710#primaryimage","inLanguage":"es","url":"https:\/\/elpuucnoticias.com\/wp-content\/uploads\/2025\/08\/whatsapp-image-2025-08-22-at-15.31.41.jpeg","contentUrl":"https:\/\/elpuucnoticias.com\/wp-content\/uploads\/2025\/08\/whatsapp-image-2025-08-22-at-15.31.41.jpeg","width":1600,"height":1058},{"@type":"WebPage","@id":"https:\/\/elpuucnoticias.com\/?p=20710#webpage","url":"https:\/\/elpuucnoticias.com\/?p=20710","name":"Festeja la Fundaci\u00f3n de Parques y Museos de Cozumel a las personas adultas mayores con un paseo especial en Chankanaab - El Puuc Noticias","isPartOf":{"@id":"https:\/\/elpuucnoticias.com\/#website"},"primaryImageOfPage":{"@id":"https:\/\/elpuucnoticias.com\/?p=20710#primaryimage"},"datePublished":"2025-08-25T17:59:06+00:00","dateModified":"2025-08-25T17:59:07+00:00","author":{"@id":"https:\/\/elpuucnoticias.com\/#\/schema\/person\/d2ea09e4c97f0160b11cdfb1d856bd9e"},"breadcrumb":{"@id":"https:\/\/elpuucnoticias.com\/?p=20710#breadcrumb"},"inLanguage":"es","potentialAction":[{"@type":"ReadAction","target":["https:\/\/elpuucnoticias.com\/?p=20710"]}]},{"@type":"BreadcrumbList","@id":"https:\/\/elpuucnoticias.com\/?p=20710#breadcrumb","itemListElement":[{"@type":"ListItem","position":1,"name":"Portada","item":"https:\/\/elpuucnoticias.com\/"},{"@type":"ListItem","position":2,"name":"Festeja la Fundaci\u00f3n de Parques y Museos de Cozumel a las personas adultas mayores con un paseo especial en Chankanaab"}]},{"@type":"Person","@id":"https:\/\/elpuucnoticias.com\/#\/schema\/person\/d2ea09e4c97f0160b11cdfb1d856bd9e","name":"elpuucnoticias","image":{"@type":"ImageObject","@id":"https:\/\/elpuucnoticias.com\/#personlogo","inLanguage":"es","url":"https:\/\/secure.gravatar.com\/avatar\/5290a43657c74ffa15701dbe5b846bd85cc71930d803c84e91046a7333de6ce2?s=96&d=mm&r=g","contentUrl":"https:\/\/secure.gravatar.com\/avatar\/5290a43657c74ffa15701dbe5b846bd85cc71930d803c84e91046a7333de6ce2?s=96&d=mm&r=g","caption":"elpuucnoticias"},"sameAs":["https:\/\/elpuucnoticias.com"],"url":"https:\/\/elpuucnoticias.com\/?author=1"}]}},"_links":{"self":[{"href":"https:\/\/elpuucnoticias.com\/index.php?rest_route=\/wp\/v2\/posts\/20710","targetHints":{"allow":["GET"]}}],"collection":[{"href":"https:\/\/elpuucnoticias.com\/index.php?rest_route=\/wp\/v2\/posts"}],"about":[{"href":"https:\/\/elpuucnoticias.com\/index.php?rest_route=\/wp\/v2\/types\/post"}],"author":[{"embeddable":true,"href":"https:\/\/elpuucnoticias.com\/index.php?rest_route=\/wp\/v2\/users\/1"}],"replies":[{"embeddable":true,"href":"https:\/\/elpuucnoticias.com\/index.php?rest_route=%2Fwp%2Fv2%2Fcomments&post=20710"}],"version-history":[{"count":1,"href":"https:\/\/elpuucnoticias.com\/index.php?rest_route=\/wp\/v2\/posts\/20710\/revisions"}],"predecessor-version":[{"id":20716,"href":"https:\/\/elpuucnoticias.com\/index.php?rest_route=\/wp\/v2\/posts\/20710\/revisions\/20716"}],"wp:featuredmedia":[{"embeddable":true,"href":"https:\/\/elpuucnoticias.com\/index.php?rest_route=\/wp\/v2\/media\/20715"}],"wp:attachment":[{"href":"https:\/\/elpuucnoticias.com\/index.php?rest_route=%2Fwp%2Fv2%2Fmedia&parent=20710"}],"wp:term":[{"taxonomy":"category","embeddable":true,"href":"https:\/\/elpuucnoticias.com\/index.php?rest_route=%2Fwp%2Fv2%2Fcategories&post=20710"},{"taxonomy":"post_tag","embeddable":true,"href":"https:\/\/elpuucnoticias.com\/index.php?rest_route=%2Fwp%2Fv2%2Ftags&post=20710"}],"curies":[{"name":"wp","href":"https:\/\/api.w.org\/{rel}","templated":true}]}}