{"id":20720,"date":"2025-08-25T12:07:21","date_gmt":"2025-08-25T18:07:21","guid":{"rendered":"https:\/\/elpuucnoticias.com\/?p=20720"},"modified":"2025-08-25T12:07:22","modified_gmt":"2025-08-25T18:07:22","slug":"se-fortalece-la-defensa-de-la-industria-canera-en-mexico","status":"publish","type":"post","link":"https:\/\/elpuucnoticias.com\/?p=20720","title":{"rendered":"Se fortalece la defensa de la industria ca\u00f1era en M\u00e9xico"},"content":{"rendered":"\n<p>En el marco de la reuni\u00f3n con el titular de la Secretar\u00eda de Agricultura y Desarrollo Rural, Julio Berdegu\u00e9 Sacrist\u00e1n, se tomaron acuerdos relevantes en favor de las y los productores de ca\u00f1a del pa\u00eds. El titular de la Secretar\u00eda de Desarrollo Agropecuario, Rural y Pesca (SEDARPE), Jorge Aguilar Osorio, particip\u00f3 en representaci\u00f3n del Gobierno de Quintana Roo, que encabeza la gobernadora Mara Lezama Espinosa, reafirmando el compromiso estatal con el fortalecimiento del sector ca\u00f1ero.<\/p>\n\n\n\n<p>Uno de los puntos centrales fue la defensa de la producci\u00f3n nacional de az\u00facar. Las y los ca\u00f1eros reiteraron su posici\u00f3n de no permitir la importaci\u00f3n de az\u00facar, destacando que M\u00e9xico es autosuficiente en este rubro. Si bien existen compromisos internacionales, se subray\u00f3 la necesidad de proteger la soberan\u00eda alimentaria y el trabajo de miles de familias productoras.<\/p>\n\n\n\n<figure class=\"wp-block-image is-style-default\"><a href=\"https:\/\/cgc.qroo.gob.mx\/cjg\/wp-content\/uploads\/2025\/08\/IMG-20250823-WA0037.jpg\"><img decoding=\"async\" src=\"https:\/\/cgc.qroo.gob.mx\/cjg\/wp-content\/uploads\/2025\/08\/IMG-20250823-WA0037-585x869.jpg\" alt=\"\" title=\"IMG-20250823-WA0037\"\/><\/a><\/figure>\n\n\n\n<p>En materia de comercio, se contin\u00faa con la identificaci\u00f3n de empresas que importan az\u00facar de forma irregular. Jorge Aguilar se\u00f1al\u00f3 que, como lo establece el Nuevo Acuerdo por el Bienestar y Desarrollo de Quintana Roo, que promueve la gobernadora Mara Lezama, se conjuntan esfuerzos con el Gobierno Federal que dirige Claudia Sheinbaum, en el marco del Plan M\u00e9xico.<\/p>\n\n\n\n<p>Se busca reducir el impacto de factores como el comercio desleal y la inflaci\u00f3n, que han afectado a las y los productores en los \u00faltimos a\u00f1os.<\/p>\n\n\n\n<figure class=\"wp-block-image is-style-default\"><a href=\"https:\/\/cgc.qroo.gob.mx\/cjg\/wp-content\/uploads\/2025\/08\/IMG-20250823-WA0036.jpg\"><img decoding=\"async\" src=\"https:\/\/cgc.qroo.gob.mx\/cjg\/wp-content\/uploads\/2025\/08\/IMG-20250823-WA0036-585x439.jpg\" alt=\"\" title=\"IMG-20250823-WA0036\"\/><\/a><\/figure>\n\n\n\n<p>Asimismo, se destac\u00f3 que los retos actuales incluyen el cambio clim\u00e1tico, la volatilidad de precios y la situaci\u00f3n econ\u00f3mica. En este sentido, la Secretar\u00eda de Econom\u00eda Federal solicitar\u00e1 permisos previos como requisito para importar az\u00facar, como medida para frenar pr\u00e1cticas que vulneran la producci\u00f3n nacional.<\/p>\n\n\n\n<p>En el \u00e1mbito fitosanitario en Quintana Roo, contin\u00faa el trabajo con el Centro de Investigaci\u00f3n Cient\u00edfica de Yucat\u00e1n (CICY). Adem\u00e1s, el Instituto Nacional de Investigaciones Forestales, Agr\u00edcolas y Pecuarias (INIFAP) se sumar\u00e1 a las acciones para reforzar el control sanitario en el sector ca\u00f1ero.<\/p>\n\n\n\n<figure class=\"wp-block-image is-style-default\"><a href=\"https:\/\/cgc.qroo.gob.mx\/cjg\/wp-content\/uploads\/2025\/08\/IMG-20250823-WA0035.jpg\"><img decoding=\"async\" src=\"https:\/\/cgc.qroo.gob.mx\/cjg\/wp-content\/uploads\/2025\/08\/IMG-20250823-WA0035-585x954.jpg\" alt=\"\" title=\"IMG-20250823-WA0035\"\/><\/a><\/figure>\n\n\n\n<p>Finalmente, se reconoci\u00f3 la gesti\u00f3n de la gobernadora Mara Lezama, quien mantiene di\u00e1logo con la Secretar\u00eda del Bienestar para dise\u00f1ar un programa de apoyo. Aunque a\u00fan no hay definiciones concretas, se reafirm\u00f3 que se trabaja con seriedad y responsabilidad.<\/p>\n\n\n\n<p>Se destac\u00f3 que la familia ca\u00f1era ha demostrado fortaleza a lo largo de cinco siglos de historia: \u201cLas ca\u00f1eras y ca\u00f1eros producen soberan\u00eda alimentaria de la naci\u00f3n\u201d.<\/p>\n","protected":false},"excerpt":{"rendered":"<p>En el marco de la reuni\u00f3n con el titular de la Secretar\u00eda de Agricultura y Desarrollo Rural, Julio<\/p>\n","protected":false},"author":1,"featured_media":20721,"comment_status":"closed","ping_status":"open","sticky":false,"template":"","format":"standard","meta":{"_monsterinsights_skip_tracking":false,"_monsterinsights_sitenote_active":false,"_monsterinsights_sitenote_note":"","_monsterinsights_sitenote_category":0,"footnotes":""},"categories":[11,24],"tags":[],"class_list":["post-20720","post","type-post","status-publish","format-standard","has-post-thumbnail","hentry","category-noticias","category-quintana-roo"],"yoast_head":"<!-- This site is optimized with the Yoast SEO plugin v18.3 - https:\/\/yoast.com\/wordpress\/plugins\/seo\/ -->\n<title>Se fortalece la defensa de la industria ca\u00f1era en M\u00e9xico - El Puuc Noticias<\/title>\n<meta name=\"robots\" content=\"index, follow, max-snippet:-1, max-image-preview:large, max-video-preview:-1\" \/>\n<link rel=\"canonical\" href=\"https:\/\/elpuucnoticias.com\/?p=20720\" \/>\n<meta property=\"og:locale\" content=\"es_ES\" \/>\n<meta property=\"og:type\" content=\"article\" \/>\n<meta property=\"og:title\" content=\"Se fortalece la defensa de la industria ca\u00f1era en M\u00e9xico - El Puuc Noticias\" \/>\n<meta property=\"og:description\" content=\"En el marco de la reuni\u00f3n con el titular de la Secretar\u00eda de Agricultura y Desarrollo Rural, Julio\" \/>\n<meta property=\"og:url\" content=\"https:\/\/elpuucnoticias.com\/?p=20720\" \/>\n<meta property=\"og:site_name\" content=\"El Puuc Noticias\" \/>\n<meta property=\"article:published_time\" content=\"2025-08-25T18:07:21+00:00\" \/>\n<meta property=\"article:modified_time\" content=\"2025-08-25T18:07:22+00:00\" \/>\n<meta property=\"og:image\" content=\"https:\/\/elpuucnoticias.com\/wp-content\/uploads\/2025\/08\/img-20250823-wa0034.jpg\" \/>\n\t<meta property=\"og:image:width\" content=\"1280\" \/>\n\t<meta property=\"og:image:height\" content=\"960\" \/>\n\t<meta property=\"og:image:type\" content=\"image\/jpeg\" \/>\n<meta name=\"twitter:card\" content=\"summary_large_image\" \/>\n<meta name=\"twitter:label1\" content=\"Escrito por\" \/>\n\t<meta name=\"twitter:data1\" content=\"elpuucnoticias\" \/>\n\t<meta name=\"twitter:label2\" content=\"Tiempo de lectura\" \/>\n\t<meta name=\"twitter:data2\" content=\"2 minutos\" \/>\n<script type=\"application\/ld+json\" class=\"yoast-schema-graph\">{\"@context\":\"https:\/\/schema.org\",\"@graph\":[{\"@type\":\"WebSite\",\"@id\":\"https:\/\/elpuucnoticias.com\/#website\",\"url\":\"https:\/\/elpuucnoticias.com\/\",\"name\":\"El Puuc Noticias\",\"description\":\"Noticias - Entretenimiento - Deportes\",\"potentialAction\":[{\"@type\":\"SearchAction\",\"target\":{\"@type\":\"EntryPoint\",\"urlTemplate\":\"https:\/\/elpuucnoticias.com\/?s={search_term_string}\"},\"query-input\":\"required name=search_term_string\"}],\"inLanguage\":\"es\"},{\"@type\":\"ImageObject\",\"@id\":\"https:\/\/elpuucnoticias.com\/?p=20720#primaryimage\",\"inLanguage\":\"es\",\"url\":\"https:\/\/elpuucnoticias.com\/wp-content\/uploads\/2025\/08\/img-20250823-wa0034.jpg\",\"contentUrl\":\"https:\/\/elpuucnoticias.com\/wp-content\/uploads\/2025\/08\/img-20250823-wa0034.jpg\",\"width\":1280,\"height\":960},{\"@type\":\"WebPage\",\"@id\":\"https:\/\/elpuucnoticias.com\/?p=20720#webpage\",\"url\":\"https:\/\/elpuucnoticias.com\/?p=20720\",\"name\":\"Se fortalece la defensa de la industria ca\u00f1era en M\u00e9xico - El Puuc Noticias\",\"isPartOf\":{\"@id\":\"https:\/\/elpuucnoticias.com\/#website\"},\"primaryImageOfPage\":{\"@id\":\"https:\/\/elpuucnoticias.com\/?p=20720#primaryimage\"},\"datePublished\":\"2025-08-25T18:07:21+00:00\",\"dateModified\":\"2025-08-25T18:07:22+00:00\",\"author\":{\"@id\":\"https:\/\/elpuucnoticias.com\/#\/schema\/person\/d2ea09e4c97f0160b11cdfb1d856bd9e\"},\"breadcrumb\":{\"@id\":\"https:\/\/elpuucnoticias.com\/?p=20720#breadcrumb\"},\"inLanguage\":\"es\",\"potentialAction\":[{\"@type\":\"ReadAction\",\"target\":[\"https:\/\/elpuucnoticias.com\/?p=20720\"]}]},{\"@type\":\"BreadcrumbList\",\"@id\":\"https:\/\/elpuucnoticias.com\/?p=20720#breadcrumb\",\"itemListElement\":[{\"@type\":\"ListItem\",\"position\":1,\"name\":\"Portada\",\"item\":\"https:\/\/elpuucnoticias.com\/\"},{\"@type\":\"ListItem\",\"position\":2,\"name\":\"Se fortalece la defensa de la industria ca\u00f1era en M\u00e9xico\"}]},{\"@type\":\"Person\",\"@id\":\"https:\/\/elpuucnoticias.com\/#\/schema\/person\/d2ea09e4c97f0160b11cdfb1d856bd9e\",\"name\":\"elpuucnoticias\",\"image\":{\"@type\":\"ImageObject\",\"@id\":\"https:\/\/elpuucnoticias.com\/#personlogo\",\"inLanguage\":\"es\",\"url\":\"https:\/\/secure.gravatar.com\/avatar\/5290a43657c74ffa15701dbe5b846bd85cc71930d803c84e91046a7333de6ce2?s=96&d=mm&r=g\",\"contentUrl\":\"https:\/\/secure.gravatar.com\/avatar\/5290a43657c74ffa15701dbe5b846bd85cc71930d803c84e91046a7333de6ce2?s=96&d=mm&r=g\",\"caption\":\"elpuucnoticias\"},\"sameAs\":[\"https:\/\/elpuucnoticias.com\"],\"url\":\"https:\/\/elpuucnoticias.com\/?author=1\"}]}<\/script>\n<!-- \/ Yoast SEO plugin. -->","yoast_head_json":{"title":"Se fortalece la defensa de la industria ca\u00f1era en M\u00e9xico - El Puuc Noticias","robots":{"index":"index","follow":"follow","max-snippet":"max-snippet:-1","max-image-preview":"max-image-preview:large","max-video-preview":"max-video-preview:-1"},"canonical":"https:\/\/elpuucnoticias.com\/?p=20720","og_locale":"es_ES","og_type":"article","og_title":"Se fortalece la defensa de la industria ca\u00f1era en M\u00e9xico - El Puuc Noticias","og_description":"En el marco de la reuni\u00f3n con el titular de la Secretar\u00eda de Agricultura y Desarrollo Rural, Julio","og_url":"https:\/\/elpuucnoticias.com\/?p=20720","og_site_name":"El Puuc Noticias","article_published_time":"2025-08-25T18:07:21+00:00","article_modified_time":"2025-08-25T18:07:22+00:00","og_image":[{"width":1280,"height":960,"url":"https:\/\/elpuucnoticias.com\/wp-content\/uploads\/2025\/08\/img-20250823-wa0034.jpg","type":"image\/jpeg"}],"twitter_card":"summary_large_image","twitter_misc":{"Escrito por":"elpuucnoticias","Tiempo de lectura":"2 minutos"},"schema":{"@context":"https:\/\/schema.org","@graph":[{"@type":"WebSite","@id":"https:\/\/elpuucnoticias.com\/#website","url":"https:\/\/elpuucnoticias.com\/","name":"El Puuc Noticias","description":"Noticias - Entretenimiento - Deportes","potentialAction":[{"@type":"SearchAction","target":{"@type":"EntryPoint","urlTemplate":"https:\/\/elpuucnoticias.com\/?s={search_term_string}"},"query-input":"required name=search_term_string"}],"inLanguage":"es"},{"@type":"ImageObject","@id":"https:\/\/elpuucnoticias.com\/?p=20720#primaryimage","inLanguage":"es","url":"https:\/\/elpuucnoticias.com\/wp-content\/uploads\/2025\/08\/img-20250823-wa0034.jpg","contentUrl":"https:\/\/elpuucnoticias.com\/wp-content\/uploads\/2025\/08\/img-20250823-wa0034.jpg","width":1280,"height":960},{"@type":"WebPage","@id":"https:\/\/elpuucnoticias.com\/?p=20720#webpage","url":"https:\/\/elpuucnoticias.com\/?p=20720","name":"Se fortalece la defensa de la industria ca\u00f1era en M\u00e9xico - El Puuc Noticias","isPartOf":{"@id":"https:\/\/elpuucnoticias.com\/#website"},"primaryImageOfPage":{"@id":"https:\/\/elpuucnoticias.com\/?p=20720#primaryimage"},"datePublished":"2025-08-25T18:07:21+00:00","dateModified":"2025-08-25T18:07:22+00:00","author":{"@id":"https:\/\/elpuucnoticias.com\/#\/schema\/person\/d2ea09e4c97f0160b11cdfb1d856bd9e"},"breadcrumb":{"@id":"https:\/\/elpuucnoticias.com\/?p=20720#breadcrumb"},"inLanguage":"es","potentialAction":[{"@type":"ReadAction","target":["https:\/\/elpuucnoticias.com\/?p=20720"]}]},{"@type":"BreadcrumbList","@id":"https:\/\/elpuucnoticias.com\/?p=20720#breadcrumb","itemListElement":[{"@type":"ListItem","position":1,"name":"Portada","item":"https:\/\/elpuucnoticias.com\/"},{"@type":"ListItem","position":2,"name":"Se fortalece la defensa de la industria ca\u00f1era en M\u00e9xico"}]},{"@type":"Person","@id":"https:\/\/elpuucnoticias.com\/#\/schema\/person\/d2ea09e4c97f0160b11cdfb1d856bd9e","name":"elpuucnoticias","image":{"@type":"ImageObject","@id":"https:\/\/elpuucnoticias.com\/#personlogo","inLanguage":"es","url":"https:\/\/secure.gravatar.com\/avatar\/5290a43657c74ffa15701dbe5b846bd85cc71930d803c84e91046a7333de6ce2?s=96&d=mm&r=g","contentUrl":"https:\/\/secure.gravatar.com\/avatar\/5290a43657c74ffa15701dbe5b846bd85cc71930d803c84e91046a7333de6ce2?s=96&d=mm&r=g","caption":"elpuucnoticias"},"sameAs":["https:\/\/elpuucnoticias.com"],"url":"https:\/\/elpuucnoticias.com\/?author=1"}]}},"_links":{"self":[{"href":"https:\/\/elpuucnoticias.com\/index.php?rest_route=\/wp\/v2\/posts\/20720","targetHints":{"allow":["GET"]}}],"collection":[{"href":"https:\/\/elpuucnoticias.com\/index.php?rest_route=\/wp\/v2\/posts"}],"about":[{"href":"https:\/\/elpuucnoticias.com\/index.php?rest_route=\/wp\/v2\/types\/post"}],"author":[{"embeddable":true,"href":"https:\/\/elpuucnoticias.com\/index.php?rest_route=\/wp\/v2\/users\/1"}],"replies":[{"embeddable":true,"href":"https:\/\/elpuucnoticias.com\/index.php?rest_route=%2Fwp%2Fv2%2Fcomments&post=20720"}],"version-history":[{"count":1,"href":"https:\/\/elpuucnoticias.com\/index.php?rest_route=\/wp\/v2\/posts\/20720\/revisions"}],"predecessor-version":[{"id":20722,"href":"https:\/\/elpuucnoticias.com\/index.php?rest_route=\/wp\/v2\/posts\/20720\/revisions\/20722"}],"wp:featuredmedia":[{"embeddable":true,"href":"https:\/\/elpuucnoticias.com\/index.php?rest_route=\/wp\/v2\/media\/20721"}],"wp:attachment":[{"href":"https:\/\/elpuucnoticias.com\/index.php?rest_route=%2Fwp%2Fv2%2Fmedia&parent=20720"}],"wp:term":[{"taxonomy":"category","embeddable":true,"href":"https:\/\/elpuucnoticias.com\/index.php?rest_route=%2Fwp%2Fv2%2Fcategories&post=20720"},{"taxonomy":"post_tag","embeddable":true,"href":"https:\/\/elpuucnoticias.com\/index.php?rest_route=%2Fwp%2Fv2%2Ftags&post=20720"}],"curies":[{"name":"wp","href":"https:\/\/api.w.org\/{rel}","templated":true}]}}