{"id":20723,"date":"2025-08-25T12:12:36","date_gmt":"2025-08-25T18:12:36","guid":{"rendered":"https:\/\/elpuucnoticias.com\/?p=20723"},"modified":"2025-08-25T12:12:38","modified_gmt":"2025-08-25T18:12:38","slug":"anuncia-mara-lezama-rehabilitacion-de-la-casa-del-estudiante-universitario-indigena-en-chetumal-para-que-no-trunquen-sus-suenos","status":"publish","type":"post","link":"https:\/\/elpuucnoticias.com\/?p=20723","title":{"rendered":"Anuncia Mara Lezama rehabilitaci\u00f3n de la Casa del Estudiante Universitario Ind\u00edgena en Chetumal, para que no trunquen sus sue\u00f1os"},"content":{"rendered":"\n<p>Una inversi\u00f3n sin precedentes de m\u00e1s de 12.8 millones de pesos anunci\u00f3 la gobernadora Mara Lezama para la rehabilitaci\u00f3n integral de la Casa del Estudiante Ind\u00edgena en Chetumal, para el bienestar 100 j\u00f3venes de comunidades mayas e ind\u00edgenas, garantiz\u00e1ndoles alojamiento digno y espacios de estudio.<\/p>\n\n\n\n<figure class=\"wp-block-image is-style-default\"><a href=\"https:\/\/cgc.qroo.gob.mx\/cjg\/wp-content\/uploads\/2025\/08\/IMG-20250824-WA0012-scaled.jpg\"><img decoding=\"async\" src=\"https:\/\/cgc.qroo.gob.mx\/cjg\/wp-content\/uploads\/2025\/08\/IMG-20250824-WA0012-585x390.jpg\" alt=\"\" title=\"IMG-20250824-WA0012\"\/><\/a><\/figure>\n\n\n\n<p>\u201cVamos a rehabilitar la Casa del Estudiante Ind\u00edgena para que las y los j\u00f3venes que vienen a estudiar a la capital, tengan un espacio digno donde alojarse. Era inconcebible que este espacio creado para recibir a j\u00f3venes de nuestras comunidades mayas e ind\u00edgenas, desde su inauguraci\u00f3n no hab\u00eda recibido ninguna atenci\u00f3n\u201d explic\u00f3 Mara Lezama.<\/p>\n\n\n\n<figure class=\"wp-block-image is-style-default\"><a href=\"https:\/\/cgc.qroo.gob.mx\/cjg\/wp-content\/uploads\/2025\/08\/IMG-20250824-WA0013-scaled.jpg\"><img decoding=\"async\" src=\"https:\/\/cgc.qroo.gob.mx\/cjg\/wp-content\/uploads\/2025\/08\/IMG-20250824-WA0013-585x390.jpg\" alt=\"\" title=\"IMG-20250824-WA0013\"\/><\/a><\/figure>\n\n\n\n<figure class=\"wp-block-image is-style-default\"><a href=\"https:\/\/cgc.qroo.gob.mx\/cjg\/wp-content\/uploads\/2025\/08\/IMG-20250824-WA0008-scaled.jpg\"><img decoding=\"async\" src=\"https:\/\/cgc.qroo.gob.mx\/cjg\/wp-content\/uploads\/2025\/08\/IMG-20250824-WA0008-585x390.jpg\" alt=\"\" title=\"IMG-20250824-WA0008\"\/><\/a><\/figure>\n\n\n\n<p>Esta acci\u00f3n prioritaria de este gobierno diferente, humanista con coraz\u00f3n feminista, transformar\u00e1 la vida de estudiantes universitarios originarios de comunidades mayas e ind\u00edgenas, brind\u00e1ndoles condiciones dignas para cumplir su sue\u00f1o universitario sin preocuparse por rentas, comida o traslados.<\/p>\n\n\n\n<figure class=\"wp-block-image is-style-default\"><a href=\"https:\/\/cgc.qroo.gob.mx\/cjg\/wp-content\/uploads\/2025\/08\/IMG-20250824-WA0009-scaled.jpg\"><img decoding=\"async\" src=\"https:\/\/cgc.qroo.gob.mx\/cjg\/wp-content\/uploads\/2025\/08\/IMG-20250824-WA0009-585x390.jpg\" alt=\"\" title=\"IMG-20250824-WA0009\"\/><\/a><\/figure>\n\n\n\n<p>La gobernadora Mara Lezama explic\u00f3 que los trabajos ser\u00e1n ejecutados a trav\u00e9s del Instituto de Infraestructura F\u00edsica Educativa de Quintana Roo (IFEQROO), que encabeza Aldo Castro Jim\u00e9nez, e incluir\u00e1n la rehabilitaci\u00f3n completa de pintura e impermeabilizaci\u00f3n, canceler\u00eda y herrer\u00eda, modernizaci\u00f3n de instalaciones el\u00e9ctricas y sanitarias, as\u00ed como mejora de \u00e1reas comunes, dormitorios y espacios de estudio.<\/p>\n\n\n\n<figure class=\"wp-block-image is-style-default\"><a href=\"https:\/\/cgc.qroo.gob.mx\/cjg\/wp-content\/uploads\/2025\/08\/IMG-20250824-WA0010-scaled.jpg\"><img decoding=\"async\" src=\"https:\/\/cgc.qroo.gob.mx\/cjg\/wp-content\/uploads\/2025\/08\/IMG-20250824-WA0010-585x390.jpg\" alt=\"\" title=\"IMG-20250824-WA0010\"\/><\/a><\/figure>\n\n\n\n<p>Mara Lezama enfatiz\u00f3 que seguir\u00e1 avanzando con la certeza de que la educaci\u00f3n es el coraz\u00f3n de la transformaci\u00f3n y la llave para que las y los j\u00f3venes tengan una vida de prosperidad compartida.<\/p>\n\n\n\n<figure class=\"wp-block-image is-style-default\"><a href=\"https:\/\/cgc.qroo.gob.mx\/cjg\/wp-content\/uploads\/2025\/08\/IMG-20250824-WA0011-scaled.jpg\"><img decoding=\"async\" src=\"https:\/\/cgc.qroo.gob.mx\/cjg\/wp-content\/uploads\/2025\/08\/IMG-20250824-WA0011-585x390.jpg\" alt=\"\" title=\"IMG-20250824-WA0011\"\/><\/a><\/figure>\n\n\n\n<p>La rehabilitaci\u00f3n de la Casa del Estudiante Ind\u00edgena es la primera etapa de un plan integral para fortalecer los apoyos a estudiantes en situaci\u00f3n de vulnerabilidad.<\/p>\n","protected":false},"excerpt":{"rendered":"<p>Una inversi\u00f3n sin precedentes de m\u00e1s de 12.8 millones de pesos anunci\u00f3 la gobernadora Mara Lezama para la<\/p>\n","protected":false},"author":1,"featured_media":20724,"comment_status":"closed","ping_status":"open","sticky":false,"template":"","format":"standard","meta":{"_monsterinsights_skip_tracking":false,"_monsterinsights_sitenote_active":false,"_monsterinsights_sitenote_note":"","_monsterinsights_sitenote_category":0,"footnotes":""},"categories":[11,24],"tags":[],"class_list":["post-20723","post","type-post","status-publish","format-standard","has-post-thumbnail","hentry","category-noticias","category-quintana-roo"],"yoast_head":"<!-- This site is optimized with the Yoast SEO plugin v18.3 - https:\/\/yoast.com\/wordpress\/plugins\/seo\/ -->\n<title>Anuncia Mara Lezama rehabilitaci\u00f3n de la Casa del Estudiante Universitario Ind\u00edgena en Chetumal, para que no trunquen sus sue\u00f1os - El Puuc Noticias<\/title>\n<meta name=\"robots\" content=\"index, follow, max-snippet:-1, max-image-preview:large, max-video-preview:-1\" \/>\n<link rel=\"canonical\" href=\"https:\/\/elpuucnoticias.com\/?p=20723\" \/>\n<meta property=\"og:locale\" content=\"es_ES\" \/>\n<meta property=\"og:type\" content=\"article\" \/>\n<meta property=\"og:title\" content=\"Anuncia Mara Lezama rehabilitaci\u00f3n de la Casa del Estudiante Universitario Ind\u00edgena en Chetumal, para que no trunquen sus sue\u00f1os - El Puuc Noticias\" \/>\n<meta property=\"og:description\" content=\"Una inversi\u00f3n sin precedentes de m\u00e1s de 12.8 millones de pesos anunci\u00f3 la gobernadora Mara Lezama para la\" \/>\n<meta property=\"og:url\" content=\"https:\/\/elpuucnoticias.com\/?p=20723\" \/>\n<meta property=\"og:site_name\" content=\"El Puuc Noticias\" \/>\n<meta property=\"article:published_time\" content=\"2025-08-25T18:12:36+00:00\" \/>\n<meta property=\"article:modified_time\" content=\"2025-08-25T18:12:38+00:00\" \/>\n<meta property=\"og:image\" content=\"https:\/\/elpuucnoticias.com\/wp-content\/uploads\/2025\/08\/img-20250824-wa0014-scaled-1.jpg\" \/>\n\t<meta property=\"og:image:width\" content=\"2560\" \/>\n\t<meta property=\"og:image:height\" content=\"1706\" \/>\n\t<meta property=\"og:image:type\" content=\"image\/jpeg\" \/>\n<meta name=\"twitter:card\" content=\"summary_large_image\" \/>\n<meta name=\"twitter:label1\" content=\"Escrito por\" \/>\n\t<meta name=\"twitter:data1\" content=\"elpuucnoticias\" \/>\n\t<meta name=\"twitter:label2\" content=\"Tiempo de lectura\" \/>\n\t<meta name=\"twitter:data2\" content=\"1 minuto\" \/>\n<script type=\"application\/ld+json\" class=\"yoast-schema-graph\">{\"@context\":\"https:\/\/schema.org\",\"@graph\":[{\"@type\":\"WebSite\",\"@id\":\"https:\/\/elpuucnoticias.com\/#website\",\"url\":\"https:\/\/elpuucnoticias.com\/\",\"name\":\"El Puuc Noticias\",\"description\":\"Noticias - Entretenimiento - Deportes\",\"potentialAction\":[{\"@type\":\"SearchAction\",\"target\":{\"@type\":\"EntryPoint\",\"urlTemplate\":\"https:\/\/elpuucnoticias.com\/?s={search_term_string}\"},\"query-input\":\"required name=search_term_string\"}],\"inLanguage\":\"es\"},{\"@type\":\"ImageObject\",\"@id\":\"https:\/\/elpuucnoticias.com\/?p=20723#primaryimage\",\"inLanguage\":\"es\",\"url\":\"https:\/\/elpuucnoticias.com\/wp-content\/uploads\/2025\/08\/img-20250824-wa0014-scaled-1.jpg\",\"contentUrl\":\"https:\/\/elpuucnoticias.com\/wp-content\/uploads\/2025\/08\/img-20250824-wa0014-scaled-1.jpg\",\"width\":2560,\"height\":1706},{\"@type\":\"WebPage\",\"@id\":\"https:\/\/elpuucnoticias.com\/?p=20723#webpage\",\"url\":\"https:\/\/elpuucnoticias.com\/?p=20723\",\"name\":\"Anuncia Mara Lezama rehabilitaci\u00f3n de la Casa del Estudiante Universitario Ind\u00edgena en Chetumal, para que no trunquen sus sue\u00f1os - El Puuc Noticias\",\"isPartOf\":{\"@id\":\"https:\/\/elpuucnoticias.com\/#website\"},\"primaryImageOfPage\":{\"@id\":\"https:\/\/elpuucnoticias.com\/?p=20723#primaryimage\"},\"datePublished\":\"2025-08-25T18:12:36+00:00\",\"dateModified\":\"2025-08-25T18:12:38+00:00\",\"author\":{\"@id\":\"https:\/\/elpuucnoticias.com\/#\/schema\/person\/d2ea09e4c97f0160b11cdfb1d856bd9e\"},\"breadcrumb\":{\"@id\":\"https:\/\/elpuucnoticias.com\/?p=20723#breadcrumb\"},\"inLanguage\":\"es\",\"potentialAction\":[{\"@type\":\"ReadAction\",\"target\":[\"https:\/\/elpuucnoticias.com\/?p=20723\"]}]},{\"@type\":\"BreadcrumbList\",\"@id\":\"https:\/\/elpuucnoticias.com\/?p=20723#breadcrumb\",\"itemListElement\":[{\"@type\":\"ListItem\",\"position\":1,\"name\":\"Portada\",\"item\":\"https:\/\/elpuucnoticias.com\/\"},{\"@type\":\"ListItem\",\"position\":2,\"name\":\"Anuncia Mara Lezama rehabilitaci\u00f3n de la Casa del Estudiante Universitario Ind\u00edgena en Chetumal, para que no trunquen sus sue\u00f1os\"}]},{\"@type\":\"Person\",\"@id\":\"https:\/\/elpuucnoticias.com\/#\/schema\/person\/d2ea09e4c97f0160b11cdfb1d856bd9e\",\"name\":\"elpuucnoticias\",\"image\":{\"@type\":\"ImageObject\",\"@id\":\"https:\/\/elpuucnoticias.com\/#personlogo\",\"inLanguage\":\"es\",\"url\":\"https:\/\/secure.gravatar.com\/avatar\/5290a43657c74ffa15701dbe5b846bd85cc71930d803c84e91046a7333de6ce2?s=96&d=mm&r=g\",\"contentUrl\":\"https:\/\/secure.gravatar.com\/avatar\/5290a43657c74ffa15701dbe5b846bd85cc71930d803c84e91046a7333de6ce2?s=96&d=mm&r=g\",\"caption\":\"elpuucnoticias\"},\"sameAs\":[\"https:\/\/elpuucnoticias.com\"],\"url\":\"https:\/\/elpuucnoticias.com\/?author=1\"}]}<\/script>\n<!-- \/ Yoast SEO plugin. -->","yoast_head_json":{"title":"Anuncia Mara Lezama rehabilitaci\u00f3n de la Casa del Estudiante Universitario Ind\u00edgena en Chetumal, para que no trunquen sus sue\u00f1os - El Puuc Noticias","robots":{"index":"index","follow":"follow","max-snippet":"max-snippet:-1","max-image-preview":"max-image-preview:large","max-video-preview":"max-video-preview:-1"},"canonical":"https:\/\/elpuucnoticias.com\/?p=20723","og_locale":"es_ES","og_type":"article","og_title":"Anuncia Mara Lezama rehabilitaci\u00f3n de la Casa del Estudiante Universitario Ind\u00edgena en Chetumal, para que no trunquen sus sue\u00f1os - El Puuc Noticias","og_description":"Una inversi\u00f3n sin precedentes de m\u00e1s de 12.8 millones de pesos anunci\u00f3 la gobernadora Mara Lezama para la","og_url":"https:\/\/elpuucnoticias.com\/?p=20723","og_site_name":"El Puuc Noticias","article_published_time":"2025-08-25T18:12:36+00:00","article_modified_time":"2025-08-25T18:12:38+00:00","og_image":[{"width":2560,"height":1706,"url":"https:\/\/elpuucnoticias.com\/wp-content\/uploads\/2025\/08\/img-20250824-wa0014-scaled-1.jpg","type":"image\/jpeg"}],"twitter_card":"summary_large_image","twitter_misc":{"Escrito por":"elpuucnoticias","Tiempo de lectura":"1 minuto"},"schema":{"@context":"https:\/\/schema.org","@graph":[{"@type":"WebSite","@id":"https:\/\/elpuucnoticias.com\/#website","url":"https:\/\/elpuucnoticias.com\/","name":"El Puuc Noticias","description":"Noticias - Entretenimiento - Deportes","potentialAction":[{"@type":"SearchAction","target":{"@type":"EntryPoint","urlTemplate":"https:\/\/elpuucnoticias.com\/?s={search_term_string}"},"query-input":"required name=search_term_string"}],"inLanguage":"es"},{"@type":"ImageObject","@id":"https:\/\/elpuucnoticias.com\/?p=20723#primaryimage","inLanguage":"es","url":"https:\/\/elpuucnoticias.com\/wp-content\/uploads\/2025\/08\/img-20250824-wa0014-scaled-1.jpg","contentUrl":"https:\/\/elpuucnoticias.com\/wp-content\/uploads\/2025\/08\/img-20250824-wa0014-scaled-1.jpg","width":2560,"height":1706},{"@type":"WebPage","@id":"https:\/\/elpuucnoticias.com\/?p=20723#webpage","url":"https:\/\/elpuucnoticias.com\/?p=20723","name":"Anuncia Mara Lezama rehabilitaci\u00f3n de la Casa del Estudiante Universitario Ind\u00edgena en Chetumal, para que no trunquen sus sue\u00f1os - El Puuc Noticias","isPartOf":{"@id":"https:\/\/elpuucnoticias.com\/#website"},"primaryImageOfPage":{"@id":"https:\/\/elpuucnoticias.com\/?p=20723#primaryimage"},"datePublished":"2025-08-25T18:12:36+00:00","dateModified":"2025-08-25T18:12:38+00:00","author":{"@id":"https:\/\/elpuucnoticias.com\/#\/schema\/person\/d2ea09e4c97f0160b11cdfb1d856bd9e"},"breadcrumb":{"@id":"https:\/\/elpuucnoticias.com\/?p=20723#breadcrumb"},"inLanguage":"es","potentialAction":[{"@type":"ReadAction","target":["https:\/\/elpuucnoticias.com\/?p=20723"]}]},{"@type":"BreadcrumbList","@id":"https:\/\/elpuucnoticias.com\/?p=20723#breadcrumb","itemListElement":[{"@type":"ListItem","position":1,"name":"Portada","item":"https:\/\/elpuucnoticias.com\/"},{"@type":"ListItem","position":2,"name":"Anuncia Mara Lezama rehabilitaci\u00f3n de la Casa del Estudiante Universitario Ind\u00edgena en Chetumal, para que no trunquen sus sue\u00f1os"}]},{"@type":"Person","@id":"https:\/\/elpuucnoticias.com\/#\/schema\/person\/d2ea09e4c97f0160b11cdfb1d856bd9e","name":"elpuucnoticias","image":{"@type":"ImageObject","@id":"https:\/\/elpuucnoticias.com\/#personlogo","inLanguage":"es","url":"https:\/\/secure.gravatar.com\/avatar\/5290a43657c74ffa15701dbe5b846bd85cc71930d803c84e91046a7333de6ce2?s=96&d=mm&r=g","contentUrl":"https:\/\/secure.gravatar.com\/avatar\/5290a43657c74ffa15701dbe5b846bd85cc71930d803c84e91046a7333de6ce2?s=96&d=mm&r=g","caption":"elpuucnoticias"},"sameAs":["https:\/\/elpuucnoticias.com"],"url":"https:\/\/elpuucnoticias.com\/?author=1"}]}},"_links":{"self":[{"href":"https:\/\/elpuucnoticias.com\/index.php?rest_route=\/wp\/v2\/posts\/20723","targetHints":{"allow":["GET"]}}],"collection":[{"href":"https:\/\/elpuucnoticias.com\/index.php?rest_route=\/wp\/v2\/posts"}],"about":[{"href":"https:\/\/elpuucnoticias.com\/index.php?rest_route=\/wp\/v2\/types\/post"}],"author":[{"embeddable":true,"href":"https:\/\/elpuucnoticias.com\/index.php?rest_route=\/wp\/v2\/users\/1"}],"replies":[{"embeddable":true,"href":"https:\/\/elpuucnoticias.com\/index.php?rest_route=%2Fwp%2Fv2%2Fcomments&post=20723"}],"version-history":[{"count":1,"href":"https:\/\/elpuucnoticias.com\/index.php?rest_route=\/wp\/v2\/posts\/20723\/revisions"}],"predecessor-version":[{"id":20725,"href":"https:\/\/elpuucnoticias.com\/index.php?rest_route=\/wp\/v2\/posts\/20723\/revisions\/20725"}],"wp:featuredmedia":[{"embeddable":true,"href":"https:\/\/elpuucnoticias.com\/index.php?rest_route=\/wp\/v2\/media\/20724"}],"wp:attachment":[{"href":"https:\/\/elpuucnoticias.com\/index.php?rest_route=%2Fwp%2Fv2%2Fmedia&parent=20723"}],"wp:term":[{"taxonomy":"category","embeddable":true,"href":"https:\/\/elpuucnoticias.com\/index.php?rest_route=%2Fwp%2Fv2%2Fcategories&post=20723"},{"taxonomy":"post_tag","embeddable":true,"href":"https:\/\/elpuucnoticias.com\/index.php?rest_route=%2Fwp%2Fv2%2Ftags&post=20723"}],"curies":[{"name":"wp","href":"https:\/\/api.w.org\/{rel}","templated":true}]}}