{"id":20726,"date":"2025-08-25T12:16:10","date_gmt":"2025-08-25T18:16:10","guid":{"rendered":"https:\/\/elpuucnoticias.com\/?p=20726"},"modified":"2025-08-25T12:16:12","modified_gmt":"2025-08-25T18:16:12","slug":"con-una-gran-fiesta-deportiva-mara-lezama-reinaugura-el-palacio-de-los-deportes-erick-paolo-martinez-de-chetumal","status":"publish","type":"post","link":"https:\/\/elpuucnoticias.com\/?p=20726","title":{"rendered":"Con una gran fiesta deportiva, Mara Lezama reinaugura el Palacio de los Deportes \u201cErick Paolo Mart\u00ednez\u201d de Chetumal"},"content":{"rendered":"\n<p>En lo que fue toda una fiesta deportiva que se vivi\u00f3 en un gran ambiente familiar, la gobernadora Mara Lezama Espinosa reinaugur\u00f3 el emblem\u00e1tico Palacio de los Deportes \u201cErick Paolo Mart\u00ednez\u201d de Chetumal, con la celebraci\u00f3n de un partido internacional, amistoso, profesional entre el equipo El Calor de Canc\u00fan y la Selecci\u00f3n de Belice.<\/p>\n\n\n\n<figure class=\"wp-block-image is-style-default\"><a href=\"https:\/\/cgc.qroo.gob.mx\/cjg\/wp-content\/uploads\/2025\/08\/IMG-20250824-WA0039-scaled.jpg\"><img decoding=\"async\" src=\"https:\/\/cgc.qroo.gob.mx\/cjg\/wp-content\/uploads\/2025\/08\/IMG-20250824-WA0039-585x390.jpg\" alt=\"\" title=\"IMG-20250824-WA0039\"\/><\/a><\/figure>\n\n\n\n<p>\u201cChetumal tuvo que esperar 20 a\u00f1os para tener un evento internacional profesional. Gracias por acompa\u00f1arnos leyendas del deporte. Este gobierno diferente ha hecho una gran inversi\u00f3n porque cree en el deporte, m\u00e1s de 160 millones de pesos en diferentes partes de Chetumal para que los deportistas jueguen en canchas dignas\u201d, expres\u00f3 la titular del Ejecutivo en la ceremonia inaugural.<\/p>\n\n\n\n<figure class=\"wp-block-image is-style-default\"><a href=\"https:\/\/cgc.qroo.gob.mx\/cjg\/wp-content\/uploads\/2025\/08\/IMG-20250824-WA0031-scaled.jpg\"><img decoding=\"async\" src=\"https:\/\/cgc.qroo.gob.mx\/cjg\/wp-content\/uploads\/2025\/08\/IMG-20250824-WA0031-585x390.jpg\" alt=\"\" title=\"IMG-20250824-WA0031\"\/><\/a><\/figure>\n\n\n\n<p>En el evento de apertura, la gobernadora Mara Lezama estuvo acompa\u00f1ada de la Ministra de Desarrollo Humano, Apoyo a la Familia y Asuntos de G\u00e9nero, Thea Garc\u00eda Ram\u00edrez, en representaci\u00f3n del Primer Ministro de Belice, John Brice\u00f1o; y de Jos\u00e9 Luis Kelly, C\u00f3nsul Honorario de Belice en Chetumal.<\/p>\n\n\n\n<figure class=\"wp-block-image is-style-default\"><a href=\"https:\/\/cgc.qroo.gob.mx\/cjg\/wp-content\/uploads\/2025\/08\/IMG-20250824-WA0033-scaled.jpg\"><img decoding=\"async\" src=\"https:\/\/cgc.qroo.gob.mx\/cjg\/wp-content\/uploads\/2025\/08\/IMG-20250824-WA0033-585x390.jpg\" alt=\"\" title=\"IMG-20250824-WA0033\"\/><\/a><\/figure>\n\n\n\n<p>Este espacio deportivo se rescat\u00f3 a trav\u00e9s de la Comisi\u00f3n del Deporte de Quintana Roo (CODEQ), presidida por Jacobo Arzate Hop y la Secretar\u00eda de Obras P\u00fablicas (SEOP), que encabeza Jos\u00e9 Lara, con una inversi\u00f3n de m\u00e1s de 15.9 millones de pesos y para el beneficio de m\u00e1s de 12 mil usuarios de la capital de Quintana Roo.<\/p>\n\n\n\n<figure class=\"wp-block-image is-style-default\"><a href=\"https:\/\/cgc.qroo.gob.mx\/cjg\/wp-content\/uploads\/2025\/08\/IMG-20250824-WA0034-scaled.jpg\"><img decoding=\"async\" src=\"https:\/\/cgc.qroo.gob.mx\/cjg\/wp-content\/uploads\/2025\/08\/IMG-20250824-WA0034-585x390.jpg\" alt=\"\" title=\"IMG-20250824-WA0034\"\/><\/a><\/figure>\n\n\n\n<p>Con la presentaci\u00f3n de los jugadores de ambos equipos, acompa\u00f1ado de luces y m\u00fasica arranc\u00f3 el protocolo del encuentro. Posteriormente, se entonaron los himnos nacionales de M\u00e9xico y de Belice y tras realizar el saque inicial, realizado por la gobernadora Mara Lezama, dio pie al encuentro, el cual estuvo ambientado por la afici\u00f3n presente, que hizo retumbar el recinto.<\/p>\n\n\n\n<figure class=\"wp-block-image is-style-default\"><a href=\"https:\/\/cgc.qroo.gob.mx\/cjg\/wp-content\/uploads\/2025\/08\/IMG-20250824-WA0035-scaled.jpg\"><img decoding=\"async\" src=\"https:\/\/cgc.qroo.gob.mx\/cjg\/wp-content\/uploads\/2025\/08\/IMG-20250824-WA0035-585x390.jpg\" alt=\"\" title=\"IMG-20250824-WA0035\"\/><\/a><\/figure>\n\n\n\n<p>La fiesta del \u201cdeporte r\u00e1faga\u201d se traslad\u00f3 a los alrededores del recinto, ya que para consentir a la afici\u00f3n que no pudo acceder al Palacio de los Deportes, se coloc\u00f3 una pantalla, donde pudieron ver en directo el encuentro y vivir tambi\u00e9n la experiencia del basquetbol profesional.<\/p>\n\n\n\n<figure class=\"wp-block-image is-style-default\"><a href=\"https:\/\/cgc.qroo.gob.mx\/cjg\/wp-content\/uploads\/2025\/08\/IMG-20250824-WA0036-scaled.jpg\"><img decoding=\"async\" src=\"https:\/\/cgc.qroo.gob.mx\/cjg\/wp-content\/uploads\/2025\/08\/IMG-20250824-WA0036-585x390.jpg\" alt=\"\" title=\"IMG-20250824-WA0036\"\/><\/a><\/figure>\n\n\n\n<p>Otro de los atractivos que se hizo presente la mascota \u201cFlama 33\u201d, quien con sus ocurrencias hizo re\u00edr a las y los aficionados, dejando un gran recuerdo a todos los que se dieron cita a este inmueble, que adem\u00e1s tuvo la presentaci\u00f3n del jugador chetumale\u00f1o Luis Armando Sandoval Arjona, un jugador con 17 a\u00f1os practicando esta disciplina y que desde hace m\u00e1s de 3 meses ha estado entrenando con El Calor de Canc\u00fan.<\/p>\n\n\n\n<figure class=\"wp-block-image is-style-default\"><a href=\"https:\/\/cgc.qroo.gob.mx\/cjg\/wp-content\/uploads\/2025\/08\/IMG-20250824-WA0037-scaled.jpg\"><img decoding=\"async\" src=\"https:\/\/cgc.qroo.gob.mx\/cjg\/wp-content\/uploads\/2025\/08\/IMG-20250824-WA0037-585x390.jpg\" alt=\"\" title=\"IMG-20250824-WA0037\"\/><\/a><\/figure>\n\n\n\n<p>En el pres\u00eddium estuvieron los diputados Eric Arcila Arjona y Alexa Murgu\u00eda Trujillo, presidenta de la Comisi\u00f3n de Deporte del Congreso del Estado; la presidenta municipal de Oth\u00f3n P. Blanco, Yensunni Mart\u00ednez Hern\u00e1ndez; Elda Mar\u00eda Xix Eu\u00e1n, secretaria de Educaci\u00f3n; Jacobo Arzate Hop, presidente de la CODEQ; Roberto Alvarado, director general de El Calor de Canc\u00fan y Jacob Leslie, Presidente de la Federaci\u00f3n de Basquetbol de Belice.<\/p>\n\n\n\n<figure class=\"wp-block-image is-style-default\"><a href=\"https:\/\/cgc.qroo.gob.mx\/cjg\/wp-content\/uploads\/2025\/08\/IMG-20250824-WA0038-scaled.jpg\"><img decoding=\"async\" src=\"https:\/\/cgc.qroo.gob.mx\/cjg\/wp-content\/uploads\/2025\/08\/IMG-20250824-WA0038-585x390.jpg\" alt=\"\" title=\"IMG-20250824-WA0038\"\/><\/a><\/figure>\n","protected":false},"excerpt":{"rendered":"<p>En lo que fue toda una fiesta deportiva que se vivi\u00f3 en un gran ambiente familiar, la gobernadora<\/p>\n","protected":false},"author":1,"featured_media":20727,"comment_status":"closed","ping_status":"open","sticky":false,"template":"","format":"standard","meta":{"_monsterinsights_skip_tracking":false,"_monsterinsights_sitenote_active":false,"_monsterinsights_sitenote_note":"","_monsterinsights_sitenote_category":0,"footnotes":""},"categories":[11,24],"tags":[],"class_list":["post-20726","post","type-post","status-publish","format-standard","has-post-thumbnail","hentry","category-noticias","category-quintana-roo"],"yoast_head":"<!-- This site is optimized with the Yoast SEO plugin v18.3 - https:\/\/yoast.com\/wordpress\/plugins\/seo\/ -->\n<title>Con una gran fiesta deportiva, Mara Lezama reinaugura el Palacio de los Deportes \u201cErick Paolo Mart\u00ednez\u201d de Chetumal - El Puuc Noticias<\/title>\n<meta name=\"robots\" content=\"index, follow, max-snippet:-1, max-image-preview:large, max-video-preview:-1\" \/>\n<link rel=\"canonical\" href=\"https:\/\/elpuucnoticias.com\/?p=20726\" \/>\n<meta property=\"og:locale\" content=\"es_ES\" \/>\n<meta property=\"og:type\" content=\"article\" \/>\n<meta property=\"og:title\" content=\"Con una gran fiesta deportiva, Mara Lezama reinaugura el Palacio de los Deportes \u201cErick Paolo Mart\u00ednez\u201d de Chetumal - El Puuc Noticias\" \/>\n<meta property=\"og:description\" content=\"En lo que fue toda una fiesta deportiva que se vivi\u00f3 en un gran ambiente familiar, la gobernadora\" \/>\n<meta property=\"og:url\" content=\"https:\/\/elpuucnoticias.com\/?p=20726\" \/>\n<meta property=\"og:site_name\" content=\"El Puuc Noticias\" \/>\n<meta property=\"article:published_time\" content=\"2025-08-25T18:16:10+00:00\" \/>\n<meta property=\"article:modified_time\" content=\"2025-08-25T18:16:12+00:00\" \/>\n<meta property=\"og:image\" content=\"https:\/\/elpuucnoticias.com\/wp-content\/uploads\/2025\/08\/img-20250824-wa0032-scaled-1.jpg\" \/>\n\t<meta property=\"og:image:width\" content=\"2560\" \/>\n\t<meta property=\"og:image:height\" content=\"1706\" \/>\n\t<meta property=\"og:image:type\" content=\"image\/jpeg\" \/>\n<meta name=\"twitter:card\" content=\"summary_large_image\" \/>\n<meta name=\"twitter:label1\" content=\"Escrito por\" \/>\n\t<meta name=\"twitter:data1\" content=\"elpuucnoticias\" \/>\n\t<meta name=\"twitter:label2\" content=\"Tiempo de lectura\" \/>\n\t<meta name=\"twitter:data2\" content=\"3 minutos\" \/>\n<script type=\"application\/ld+json\" class=\"yoast-schema-graph\">{\"@context\":\"https:\/\/schema.org\",\"@graph\":[{\"@type\":\"WebSite\",\"@id\":\"https:\/\/elpuucnoticias.com\/#website\",\"url\":\"https:\/\/elpuucnoticias.com\/\",\"name\":\"El Puuc Noticias\",\"description\":\"Noticias - Entretenimiento - Deportes\",\"potentialAction\":[{\"@type\":\"SearchAction\",\"target\":{\"@type\":\"EntryPoint\",\"urlTemplate\":\"https:\/\/elpuucnoticias.com\/?s={search_term_string}\"},\"query-input\":\"required name=search_term_string\"}],\"inLanguage\":\"es\"},{\"@type\":\"ImageObject\",\"@id\":\"https:\/\/elpuucnoticias.com\/?p=20726#primaryimage\",\"inLanguage\":\"es\",\"url\":\"https:\/\/elpuucnoticias.com\/wp-content\/uploads\/2025\/08\/img-20250824-wa0032-scaled-1.jpg\",\"contentUrl\":\"https:\/\/elpuucnoticias.com\/wp-content\/uploads\/2025\/08\/img-20250824-wa0032-scaled-1.jpg\",\"width\":2560,\"height\":1706},{\"@type\":\"WebPage\",\"@id\":\"https:\/\/elpuucnoticias.com\/?p=20726#webpage\",\"url\":\"https:\/\/elpuucnoticias.com\/?p=20726\",\"name\":\"Con una gran fiesta deportiva, Mara Lezama reinaugura el Palacio de los Deportes \u201cErick Paolo Mart\u00ednez\u201d de Chetumal - El Puuc Noticias\",\"isPartOf\":{\"@id\":\"https:\/\/elpuucnoticias.com\/#website\"},\"primaryImageOfPage\":{\"@id\":\"https:\/\/elpuucnoticias.com\/?p=20726#primaryimage\"},\"datePublished\":\"2025-08-25T18:16:10+00:00\",\"dateModified\":\"2025-08-25T18:16:12+00:00\",\"author\":{\"@id\":\"https:\/\/elpuucnoticias.com\/#\/schema\/person\/d2ea09e4c97f0160b11cdfb1d856bd9e\"},\"breadcrumb\":{\"@id\":\"https:\/\/elpuucnoticias.com\/?p=20726#breadcrumb\"},\"inLanguage\":\"es\",\"potentialAction\":[{\"@type\":\"ReadAction\",\"target\":[\"https:\/\/elpuucnoticias.com\/?p=20726\"]}]},{\"@type\":\"BreadcrumbList\",\"@id\":\"https:\/\/elpuucnoticias.com\/?p=20726#breadcrumb\",\"itemListElement\":[{\"@type\":\"ListItem\",\"position\":1,\"name\":\"Portada\",\"item\":\"https:\/\/elpuucnoticias.com\/\"},{\"@type\":\"ListItem\",\"position\":2,\"name\":\"Con una gran fiesta deportiva, Mara Lezama reinaugura el Palacio de los Deportes \u201cErick Paolo Mart\u00ednez\u201d de Chetumal\"}]},{\"@type\":\"Person\",\"@id\":\"https:\/\/elpuucnoticias.com\/#\/schema\/person\/d2ea09e4c97f0160b11cdfb1d856bd9e\",\"name\":\"elpuucnoticias\",\"image\":{\"@type\":\"ImageObject\",\"@id\":\"https:\/\/elpuucnoticias.com\/#personlogo\",\"inLanguage\":\"es\",\"url\":\"https:\/\/secure.gravatar.com\/avatar\/5290a43657c74ffa15701dbe5b846bd85cc71930d803c84e91046a7333de6ce2?s=96&d=mm&r=g\",\"contentUrl\":\"https:\/\/secure.gravatar.com\/avatar\/5290a43657c74ffa15701dbe5b846bd85cc71930d803c84e91046a7333de6ce2?s=96&d=mm&r=g\",\"caption\":\"elpuucnoticias\"},\"sameAs\":[\"https:\/\/elpuucnoticias.com\"],\"url\":\"https:\/\/elpuucnoticias.com\/?author=1\"}]}<\/script>\n<!-- \/ Yoast SEO plugin. -->","yoast_head_json":{"title":"Con una gran fiesta deportiva, Mara Lezama reinaugura el Palacio de los Deportes \u201cErick Paolo Mart\u00ednez\u201d de Chetumal - El Puuc Noticias","robots":{"index":"index","follow":"follow","max-snippet":"max-snippet:-1","max-image-preview":"max-image-preview:large","max-video-preview":"max-video-preview:-1"},"canonical":"https:\/\/elpuucnoticias.com\/?p=20726","og_locale":"es_ES","og_type":"article","og_title":"Con una gran fiesta deportiva, Mara Lezama reinaugura el Palacio de los Deportes \u201cErick Paolo Mart\u00ednez\u201d de Chetumal - El Puuc Noticias","og_description":"En lo que fue toda una fiesta deportiva que se vivi\u00f3 en un gran ambiente familiar, la gobernadora","og_url":"https:\/\/elpuucnoticias.com\/?p=20726","og_site_name":"El Puuc Noticias","article_published_time":"2025-08-25T18:16:10+00:00","article_modified_time":"2025-08-25T18:16:12+00:00","og_image":[{"width":2560,"height":1706,"url":"https:\/\/elpuucnoticias.com\/wp-content\/uploads\/2025\/08\/img-20250824-wa0032-scaled-1.jpg","type":"image\/jpeg"}],"twitter_card":"summary_large_image","twitter_misc":{"Escrito por":"elpuucnoticias","Tiempo de lectura":"3 minutos"},"schema":{"@context":"https:\/\/schema.org","@graph":[{"@type":"WebSite","@id":"https:\/\/elpuucnoticias.com\/#website","url":"https:\/\/elpuucnoticias.com\/","name":"El Puuc Noticias","description":"Noticias - Entretenimiento - Deportes","potentialAction":[{"@type":"SearchAction","target":{"@type":"EntryPoint","urlTemplate":"https:\/\/elpuucnoticias.com\/?s={search_term_string}"},"query-input":"required name=search_term_string"}],"inLanguage":"es"},{"@type":"ImageObject","@id":"https:\/\/elpuucnoticias.com\/?p=20726#primaryimage","inLanguage":"es","url":"https:\/\/elpuucnoticias.com\/wp-content\/uploads\/2025\/08\/img-20250824-wa0032-scaled-1.jpg","contentUrl":"https:\/\/elpuucnoticias.com\/wp-content\/uploads\/2025\/08\/img-20250824-wa0032-scaled-1.jpg","width":2560,"height":1706},{"@type":"WebPage","@id":"https:\/\/elpuucnoticias.com\/?p=20726#webpage","url":"https:\/\/elpuucnoticias.com\/?p=20726","name":"Con una gran fiesta deportiva, Mara Lezama reinaugura el Palacio de los Deportes \u201cErick Paolo Mart\u00ednez\u201d de Chetumal - El Puuc Noticias","isPartOf":{"@id":"https:\/\/elpuucnoticias.com\/#website"},"primaryImageOfPage":{"@id":"https:\/\/elpuucnoticias.com\/?p=20726#primaryimage"},"datePublished":"2025-08-25T18:16:10+00:00","dateModified":"2025-08-25T18:16:12+00:00","author":{"@id":"https:\/\/elpuucnoticias.com\/#\/schema\/person\/d2ea09e4c97f0160b11cdfb1d856bd9e"},"breadcrumb":{"@id":"https:\/\/elpuucnoticias.com\/?p=20726#breadcrumb"},"inLanguage":"es","potentialAction":[{"@type":"ReadAction","target":["https:\/\/elpuucnoticias.com\/?p=20726"]}]},{"@type":"BreadcrumbList","@id":"https:\/\/elpuucnoticias.com\/?p=20726#breadcrumb","itemListElement":[{"@type":"ListItem","position":1,"name":"Portada","item":"https:\/\/elpuucnoticias.com\/"},{"@type":"ListItem","position":2,"name":"Con una gran fiesta deportiva, Mara Lezama reinaugura el Palacio de los Deportes \u201cErick Paolo Mart\u00ednez\u201d de Chetumal"}]},{"@type":"Person","@id":"https:\/\/elpuucnoticias.com\/#\/schema\/person\/d2ea09e4c97f0160b11cdfb1d856bd9e","name":"elpuucnoticias","image":{"@type":"ImageObject","@id":"https:\/\/elpuucnoticias.com\/#personlogo","inLanguage":"es","url":"https:\/\/secure.gravatar.com\/avatar\/5290a43657c74ffa15701dbe5b846bd85cc71930d803c84e91046a7333de6ce2?s=96&d=mm&r=g","contentUrl":"https:\/\/secure.gravatar.com\/avatar\/5290a43657c74ffa15701dbe5b846bd85cc71930d803c84e91046a7333de6ce2?s=96&d=mm&r=g","caption":"elpuucnoticias"},"sameAs":["https:\/\/elpuucnoticias.com"],"url":"https:\/\/elpuucnoticias.com\/?author=1"}]}},"_links":{"self":[{"href":"https:\/\/elpuucnoticias.com\/index.php?rest_route=\/wp\/v2\/posts\/20726","targetHints":{"allow":["GET"]}}],"collection":[{"href":"https:\/\/elpuucnoticias.com\/index.php?rest_route=\/wp\/v2\/posts"}],"about":[{"href":"https:\/\/elpuucnoticias.com\/index.php?rest_route=\/wp\/v2\/types\/post"}],"author":[{"embeddable":true,"href":"https:\/\/elpuucnoticias.com\/index.php?rest_route=\/wp\/v2\/users\/1"}],"replies":[{"embeddable":true,"href":"https:\/\/elpuucnoticias.com\/index.php?rest_route=%2Fwp%2Fv2%2Fcomments&post=20726"}],"version-history":[{"count":1,"href":"https:\/\/elpuucnoticias.com\/index.php?rest_route=\/wp\/v2\/posts\/20726\/revisions"}],"predecessor-version":[{"id":20728,"href":"https:\/\/elpuucnoticias.com\/index.php?rest_route=\/wp\/v2\/posts\/20726\/revisions\/20728"}],"wp:featuredmedia":[{"embeddable":true,"href":"https:\/\/elpuucnoticias.com\/index.php?rest_route=\/wp\/v2\/media\/20727"}],"wp:attachment":[{"href":"https:\/\/elpuucnoticias.com\/index.php?rest_route=%2Fwp%2Fv2%2Fmedia&parent=20726"}],"wp:term":[{"taxonomy":"category","embeddable":true,"href":"https:\/\/elpuucnoticias.com\/index.php?rest_route=%2Fwp%2Fv2%2Fcategories&post=20726"},{"taxonomy":"post_tag","embeddable":true,"href":"https:\/\/elpuucnoticias.com\/index.php?rest_route=%2Fwp%2Fv2%2Ftags&post=20726"}],"curies":[{"name":"wp","href":"https:\/\/api.w.org\/{rel}","templated":true}]}}