{"id":20729,"date":"2025-08-25T12:23:41","date_gmt":"2025-08-25T18:23:41","guid":{"rendered":"https:\/\/elpuucnoticias.com\/?p=20729"},"modified":"2025-08-25T12:23:43","modified_gmt":"2025-08-25T18:23:43","slug":"con-el-rescate-del-parque-de-la-mujer-mara-lezama-devuelve-el-brillo-a-chetumal-y-fortalece-el-tejido-social","status":"publish","type":"post","link":"https:\/\/elpuucnoticias.com\/?p=20729","title":{"rendered":"Con el rescate del Parque de la Mujer, Mara Lezama devuelve el brillo a Chetumal y fortalece el tejido social"},"content":{"rendered":"\n<p>En el marco del Programa de Rescate de Espacios P\u00fablicos \u201cQue brille Chetumal\u201d, la gobernadora Mara Lezama Espinosa inaugur\u00f3 el Parque de la Mujer, en la colonia Miraflores de Chetumal, un espacio de esparcimiento comunitario que beneficiar\u00e1 directamente a 1,781 habitantes de la zona.<\/p>\n\n\n\n<figure class=\"wp-block-image is-style-default\"><a href=\"https:\/\/cgc.qroo.gob.mx\/cjg\/wp-content\/uploads\/2025\/08\/IMG-20250824-WA0056-scaled.jpg\"><img decoding=\"async\" src=\"https:\/\/cgc.qroo.gob.mx\/cjg\/wp-content\/uploads\/2025\/08\/IMG-20250824-WA0056-585x390.jpg\" alt=\"\" title=\"IMG-20250824-WA0056\"\/><\/a><\/figure>\n\n\n\n<p>Durante la inauguraci\u00f3n, la gobernadora Mara Lezama afirm\u00f3 que \u201cla transformaci\u00f3n de los parques es una respuesta a una demanda social de contar con espacios p\u00fablicos de calidad que fortalezcan el tejido comunitario, prevengan la delincuencia y las adicciones, y generen condiciones para la reconstrucci\u00f3n del tejido social\u201d.<\/p>\n\n\n\n<figure class=\"wp-block-image is-style-default\"><a href=\"https:\/\/cgc.qroo.gob.mx\/cjg\/wp-content\/uploads\/2025\/08\/IMG-20250824-WA0048-scaled.jpg\"><img decoding=\"async\" src=\"https:\/\/cgc.qroo.gob.mx\/cjg\/wp-content\/uploads\/2025\/08\/IMG-20250824-WA0048-585x390.jpg\" alt=\"\" title=\"IMG-20250824-WA0048\"\/><\/a><\/figure>\n\n\n\n<p>Y exhort\u00f3 a las familias a ocuparlo. \u201cVengan, disfruten de este espacio, es de ustedes y este gobierno diferente, humanista con coraz\u00f3n feminista, destina el dinero del pueblo para que regrese al pueblo, en obras como esta, para devolverle el brillo a Chetumal\u201d.<\/p>\n\n\n\n<figure class=\"wp-block-image is-style-default\"><a href=\"https:\/\/cgc.qroo.gob.mx\/cjg\/wp-content\/uploads\/2025\/08\/IMG-20250824-WA0049-scaled.jpg\"><img decoding=\"async\" src=\"https:\/\/cgc.qroo.gob.mx\/cjg\/wp-content\/uploads\/2025\/08\/IMG-20250824-WA0049-585x390.jpg\" alt=\"\" title=\"IMG-20250824-WA0049\"\/><\/a><\/figure>\n\n\n\n<p>Por su parte, la Secretaria de las Mujeres, Esther Burgos Jim\u00e9nez, acompa\u00f1\u00f3 a la gobernadora Mara Lezama, en la entrega de este espacio, y subray\u00f3 que rescatar parques como el de la Mujer significa tambi\u00e9n generar entornos seguros y de esparcimiento para las mujeres, ni\u00f1as, ni\u00f1os y las familias, aportando acciones para la prevenci\u00f3n de la violencia y ofreciendo alternativas de recreaci\u00f3n sana, cultural y deportiva para la comunidad chetumale\u00f1a.<\/p>\n\n\n\n<figure class=\"wp-block-image is-style-default\"><a href=\"https:\/\/cgc.qroo.gob.mx\/cjg\/wp-content\/uploads\/2025\/08\/IMG-20250824-WA0050-scaled.jpg\"><img decoding=\"async\" src=\"https:\/\/cgc.qroo.gob.mx\/cjg\/wp-content\/uploads\/2025\/08\/IMG-20250824-WA0050-585x390.jpg\" alt=\"\" title=\"IMG-20250824-WA0050\"\/><\/a><\/figure>\n\n\n\n<p>Los trabajos de rehabilitaci\u00f3n incluyeron pintura en \u00e1reas peatonales, bardas, gradas, pista de patinaje, rampas de acceso y juegos infantiles, adem\u00e1s de mantenimiento en canchas de f\u00fatbol y volibol de playa, colocaci\u00f3n de malla en el domo, instalaci\u00f3n de 22 luminarias y 16 postes con l\u00e1mparas, as\u00ed como botes de basura y juegos renovados.<\/p>\n\n\n\n<figure class=\"wp-block-image is-style-default\"><a href=\"https:\/\/cgc.qroo.gob.mx\/cjg\/wp-content\/uploads\/2025\/08\/IMG-20250824-WA0051-scaled.jpg\"><img decoding=\"async\" src=\"https:\/\/cgc.qroo.gob.mx\/cjg\/wp-content\/uploads\/2025\/08\/IMG-20250824-WA0051-585x390.jpg\" alt=\"\" title=\"IMG-20250824-WA0051\"\/><\/a><\/figure>\n\n\n\n<p>Tambi\u00e9n se realizaron labores de jardiner\u00eda y limpieza con el recubrimiento de 26 \u00e1rboles y la recuperaci\u00f3n del monumento en forma de caracol, logrando as\u00ed un espacio digno y funcional para todas y todos.<\/p>\n\n\n\n<figure class=\"wp-block-image is-style-default\"><a href=\"https:\/\/cgc.qroo.gob.mx\/cjg\/wp-content\/uploads\/2025\/08\/IMG-20250824-WA0053-scaled.jpg\"><img decoding=\"async\" src=\"https:\/\/cgc.qroo.gob.mx\/cjg\/wp-content\/uploads\/2025\/08\/IMG-20250824-WA0053-585x390.jpg\" alt=\"\" title=\"IMG-20250824-WA0053\"\/><\/a><\/figure>\n\n\n\n<p>La rehabilitaci\u00f3n del Parque de la Mujer forma parte de la estrategia del Gobierno del Estado para devolver el brillo a la capital mediante la recuperaci\u00f3n de espacios p\u00fablicos dignos, seguros y funcionales que promuevan la convivencia familiar, el deporte, la cultura y la recreaci\u00f3n.<\/p>\n\n\n\n<figure class=\"wp-block-image is-style-default\"><a href=\"https:\/\/cgc.qroo.gob.mx\/cjg\/wp-content\/uploads\/2025\/08\/IMG-20250824-WA0054-scaled.jpg\"><img decoding=\"async\" src=\"https:\/\/cgc.qroo.gob.mx\/cjg\/wp-content\/uploads\/2025\/08\/IMG-20250824-WA0054-585x390.jpg\" alt=\"\" title=\"IMG-20250824-WA0054\"\/><\/a><\/figure>\n\n\n\n<p>La recuperaci\u00f3n del espacio p\u00fablico fue posible gracias al trabajo coordinado de la Secretar\u00eda de las Mujeres, la Secretar\u00eda de Gobierno, la Oficial\u00eda Mayor, la Secretar\u00eda de Finanzas y Planeaci\u00f3n y la Direcci\u00f3n General de Bienes y Servicios.<\/p>\n\n\n\n<figure class=\"wp-block-image is-style-default\"><a href=\"https:\/\/cgc.qroo.gob.mx\/cjg\/wp-content\/uploads\/2025\/08\/IMG-20250824-WA0055-scaled.jpg\"><img decoding=\"async\" src=\"https:\/\/cgc.qroo.gob.mx\/cjg\/wp-content\/uploads\/2025\/08\/IMG-20250824-WA0055-585x390.jpg\" alt=\"\" title=\"IMG-20250824-WA0055\"\/><\/a><\/figure>\n\n\n\n<p>Para que el parque mantenga su brillo, se implement\u00f3 un esquema de supervisi\u00f3n continua que permitir\u00e1 a las y los vecinos reportar necesidades de mantenimiento mediante un c\u00f3digo QR, fortaleciendo as\u00ed la corresponsabilidad social para conservar en \u00f3ptimas condiciones estos espacios p\u00fablicos.<\/p>\n","protected":false},"excerpt":{"rendered":"<p>En el marco del Programa de Rescate de Espacios P\u00fablicos \u201cQue brille Chetumal\u201d, la gobernadora Mara Lezama Espinosa<\/p>\n","protected":false},"author":1,"featured_media":20730,"comment_status":"closed","ping_status":"open","sticky":false,"template":"","format":"standard","meta":{"_monsterinsights_skip_tracking":false,"_monsterinsights_sitenote_active":false,"_monsterinsights_sitenote_note":"","_monsterinsights_sitenote_category":0,"footnotes":""},"categories":[11,24],"tags":[],"class_list":["post-20729","post","type-post","status-publish","format-standard","has-post-thumbnail","hentry","category-noticias","category-quintana-roo"],"yoast_head":"<!-- This site is optimized with the Yoast SEO plugin v18.3 - https:\/\/yoast.com\/wordpress\/plugins\/seo\/ -->\n<title>Con el rescate del Parque de la Mujer, Mara Lezama devuelve el brillo a Chetumal y fortalece el tejido social - El Puuc Noticias<\/title>\n<meta name=\"robots\" content=\"index, follow, max-snippet:-1, max-image-preview:large, max-video-preview:-1\" \/>\n<link rel=\"canonical\" href=\"https:\/\/elpuucnoticias.com\/?p=20729\" \/>\n<meta property=\"og:locale\" content=\"es_ES\" \/>\n<meta property=\"og:type\" content=\"article\" \/>\n<meta property=\"og:title\" content=\"Con el rescate del Parque de la Mujer, Mara Lezama devuelve el brillo a Chetumal y fortalece el tejido social - El Puuc Noticias\" \/>\n<meta property=\"og:description\" content=\"En el marco del Programa de Rescate de Espacios P\u00fablicos \u201cQue brille Chetumal\u201d, la gobernadora Mara Lezama Espinosa\" \/>\n<meta property=\"og:url\" content=\"https:\/\/elpuucnoticias.com\/?p=20729\" \/>\n<meta property=\"og:site_name\" content=\"El Puuc Noticias\" \/>\n<meta property=\"article:published_time\" content=\"2025-08-25T18:23:41+00:00\" \/>\n<meta property=\"article:modified_time\" content=\"2025-08-25T18:23:43+00:00\" \/>\n<meta property=\"og:image\" content=\"https:\/\/elpuucnoticias.com\/wp-content\/uploads\/2025\/08\/img-20250824-wa0052-scaled-1.jpg\" \/>\n\t<meta property=\"og:image:width\" content=\"2560\" \/>\n\t<meta property=\"og:image:height\" content=\"1707\" \/>\n\t<meta property=\"og:image:type\" content=\"image\/jpeg\" \/>\n<meta name=\"twitter:card\" content=\"summary_large_image\" \/>\n<meta name=\"twitter:label1\" content=\"Escrito por\" \/>\n\t<meta name=\"twitter:data1\" content=\"elpuucnoticias\" \/>\n\t<meta name=\"twitter:label2\" content=\"Tiempo de lectura\" \/>\n\t<meta name=\"twitter:data2\" content=\"2 minutos\" \/>\n<script type=\"application\/ld+json\" class=\"yoast-schema-graph\">{\"@context\":\"https:\/\/schema.org\",\"@graph\":[{\"@type\":\"WebSite\",\"@id\":\"https:\/\/elpuucnoticias.com\/#website\",\"url\":\"https:\/\/elpuucnoticias.com\/\",\"name\":\"El Puuc Noticias\",\"description\":\"Noticias - Entretenimiento - Deportes\",\"potentialAction\":[{\"@type\":\"SearchAction\",\"target\":{\"@type\":\"EntryPoint\",\"urlTemplate\":\"https:\/\/elpuucnoticias.com\/?s={search_term_string}\"},\"query-input\":\"required name=search_term_string\"}],\"inLanguage\":\"es\"},{\"@type\":\"ImageObject\",\"@id\":\"https:\/\/elpuucnoticias.com\/?p=20729#primaryimage\",\"inLanguage\":\"es\",\"url\":\"https:\/\/elpuucnoticias.com\/wp-content\/uploads\/2025\/08\/img-20250824-wa0052-scaled-1.jpg\",\"contentUrl\":\"https:\/\/elpuucnoticias.com\/wp-content\/uploads\/2025\/08\/img-20250824-wa0052-scaled-1.jpg\",\"width\":2560,\"height\":1707},{\"@type\":\"WebPage\",\"@id\":\"https:\/\/elpuucnoticias.com\/?p=20729#webpage\",\"url\":\"https:\/\/elpuucnoticias.com\/?p=20729\",\"name\":\"Con el rescate del Parque de la Mujer, Mara Lezama devuelve el brillo a Chetumal y fortalece el tejido social - El Puuc Noticias\",\"isPartOf\":{\"@id\":\"https:\/\/elpuucnoticias.com\/#website\"},\"primaryImageOfPage\":{\"@id\":\"https:\/\/elpuucnoticias.com\/?p=20729#primaryimage\"},\"datePublished\":\"2025-08-25T18:23:41+00:00\",\"dateModified\":\"2025-08-25T18:23:43+00:00\",\"author\":{\"@id\":\"https:\/\/elpuucnoticias.com\/#\/schema\/person\/d2ea09e4c97f0160b11cdfb1d856bd9e\"},\"breadcrumb\":{\"@id\":\"https:\/\/elpuucnoticias.com\/?p=20729#breadcrumb\"},\"inLanguage\":\"es\",\"potentialAction\":[{\"@type\":\"ReadAction\",\"target\":[\"https:\/\/elpuucnoticias.com\/?p=20729\"]}]},{\"@type\":\"BreadcrumbList\",\"@id\":\"https:\/\/elpuucnoticias.com\/?p=20729#breadcrumb\",\"itemListElement\":[{\"@type\":\"ListItem\",\"position\":1,\"name\":\"Portada\",\"item\":\"https:\/\/elpuucnoticias.com\/\"},{\"@type\":\"ListItem\",\"position\":2,\"name\":\"Con el rescate del Parque de la Mujer, Mara Lezama devuelve el brillo a Chetumal y fortalece el tejido social\"}]},{\"@type\":\"Person\",\"@id\":\"https:\/\/elpuucnoticias.com\/#\/schema\/person\/d2ea09e4c97f0160b11cdfb1d856bd9e\",\"name\":\"elpuucnoticias\",\"image\":{\"@type\":\"ImageObject\",\"@id\":\"https:\/\/elpuucnoticias.com\/#personlogo\",\"inLanguage\":\"es\",\"url\":\"https:\/\/secure.gravatar.com\/avatar\/5290a43657c74ffa15701dbe5b846bd85cc71930d803c84e91046a7333de6ce2?s=96&d=mm&r=g\",\"contentUrl\":\"https:\/\/secure.gravatar.com\/avatar\/5290a43657c74ffa15701dbe5b846bd85cc71930d803c84e91046a7333de6ce2?s=96&d=mm&r=g\",\"caption\":\"elpuucnoticias\"},\"sameAs\":[\"https:\/\/elpuucnoticias.com\"],\"url\":\"https:\/\/elpuucnoticias.com\/?author=1\"}]}<\/script>\n<!-- \/ Yoast SEO plugin. -->","yoast_head_json":{"title":"Con el rescate del Parque de la Mujer, Mara Lezama devuelve el brillo a Chetumal y fortalece el tejido social - El Puuc Noticias","robots":{"index":"index","follow":"follow","max-snippet":"max-snippet:-1","max-image-preview":"max-image-preview:large","max-video-preview":"max-video-preview:-1"},"canonical":"https:\/\/elpuucnoticias.com\/?p=20729","og_locale":"es_ES","og_type":"article","og_title":"Con el rescate del Parque de la Mujer, Mara Lezama devuelve el brillo a Chetumal y fortalece el tejido social - El Puuc Noticias","og_description":"En el marco del Programa de Rescate de Espacios P\u00fablicos \u201cQue brille Chetumal\u201d, la gobernadora Mara Lezama Espinosa","og_url":"https:\/\/elpuucnoticias.com\/?p=20729","og_site_name":"El Puuc Noticias","article_published_time":"2025-08-25T18:23:41+00:00","article_modified_time":"2025-08-25T18:23:43+00:00","og_image":[{"width":2560,"height":1707,"url":"https:\/\/elpuucnoticias.com\/wp-content\/uploads\/2025\/08\/img-20250824-wa0052-scaled-1.jpg","type":"image\/jpeg"}],"twitter_card":"summary_large_image","twitter_misc":{"Escrito por":"elpuucnoticias","Tiempo de lectura":"2 minutos"},"schema":{"@context":"https:\/\/schema.org","@graph":[{"@type":"WebSite","@id":"https:\/\/elpuucnoticias.com\/#website","url":"https:\/\/elpuucnoticias.com\/","name":"El Puuc Noticias","description":"Noticias - Entretenimiento - Deportes","potentialAction":[{"@type":"SearchAction","target":{"@type":"EntryPoint","urlTemplate":"https:\/\/elpuucnoticias.com\/?s={search_term_string}"},"query-input":"required name=search_term_string"}],"inLanguage":"es"},{"@type":"ImageObject","@id":"https:\/\/elpuucnoticias.com\/?p=20729#primaryimage","inLanguage":"es","url":"https:\/\/elpuucnoticias.com\/wp-content\/uploads\/2025\/08\/img-20250824-wa0052-scaled-1.jpg","contentUrl":"https:\/\/elpuucnoticias.com\/wp-content\/uploads\/2025\/08\/img-20250824-wa0052-scaled-1.jpg","width":2560,"height":1707},{"@type":"WebPage","@id":"https:\/\/elpuucnoticias.com\/?p=20729#webpage","url":"https:\/\/elpuucnoticias.com\/?p=20729","name":"Con el rescate del Parque de la Mujer, Mara Lezama devuelve el brillo a Chetumal y fortalece el tejido social - El Puuc Noticias","isPartOf":{"@id":"https:\/\/elpuucnoticias.com\/#website"},"primaryImageOfPage":{"@id":"https:\/\/elpuucnoticias.com\/?p=20729#primaryimage"},"datePublished":"2025-08-25T18:23:41+00:00","dateModified":"2025-08-25T18:23:43+00:00","author":{"@id":"https:\/\/elpuucnoticias.com\/#\/schema\/person\/d2ea09e4c97f0160b11cdfb1d856bd9e"},"breadcrumb":{"@id":"https:\/\/elpuucnoticias.com\/?p=20729#breadcrumb"},"inLanguage":"es","potentialAction":[{"@type":"ReadAction","target":["https:\/\/elpuucnoticias.com\/?p=20729"]}]},{"@type":"BreadcrumbList","@id":"https:\/\/elpuucnoticias.com\/?p=20729#breadcrumb","itemListElement":[{"@type":"ListItem","position":1,"name":"Portada","item":"https:\/\/elpuucnoticias.com\/"},{"@type":"ListItem","position":2,"name":"Con el rescate del Parque de la Mujer, Mara Lezama devuelve el brillo a Chetumal y fortalece el tejido social"}]},{"@type":"Person","@id":"https:\/\/elpuucnoticias.com\/#\/schema\/person\/d2ea09e4c97f0160b11cdfb1d856bd9e","name":"elpuucnoticias","image":{"@type":"ImageObject","@id":"https:\/\/elpuucnoticias.com\/#personlogo","inLanguage":"es","url":"https:\/\/secure.gravatar.com\/avatar\/5290a43657c74ffa15701dbe5b846bd85cc71930d803c84e91046a7333de6ce2?s=96&d=mm&r=g","contentUrl":"https:\/\/secure.gravatar.com\/avatar\/5290a43657c74ffa15701dbe5b846bd85cc71930d803c84e91046a7333de6ce2?s=96&d=mm&r=g","caption":"elpuucnoticias"},"sameAs":["https:\/\/elpuucnoticias.com"],"url":"https:\/\/elpuucnoticias.com\/?author=1"}]}},"_links":{"self":[{"href":"https:\/\/elpuucnoticias.com\/index.php?rest_route=\/wp\/v2\/posts\/20729","targetHints":{"allow":["GET"]}}],"collection":[{"href":"https:\/\/elpuucnoticias.com\/index.php?rest_route=\/wp\/v2\/posts"}],"about":[{"href":"https:\/\/elpuucnoticias.com\/index.php?rest_route=\/wp\/v2\/types\/post"}],"author":[{"embeddable":true,"href":"https:\/\/elpuucnoticias.com\/index.php?rest_route=\/wp\/v2\/users\/1"}],"replies":[{"embeddable":true,"href":"https:\/\/elpuucnoticias.com\/index.php?rest_route=%2Fwp%2Fv2%2Fcomments&post=20729"}],"version-history":[{"count":1,"href":"https:\/\/elpuucnoticias.com\/index.php?rest_route=\/wp\/v2\/posts\/20729\/revisions"}],"predecessor-version":[{"id":20731,"href":"https:\/\/elpuucnoticias.com\/index.php?rest_route=\/wp\/v2\/posts\/20729\/revisions\/20731"}],"wp:featuredmedia":[{"embeddable":true,"href":"https:\/\/elpuucnoticias.com\/index.php?rest_route=\/wp\/v2\/media\/20730"}],"wp:attachment":[{"href":"https:\/\/elpuucnoticias.com\/index.php?rest_route=%2Fwp%2Fv2%2Fmedia&parent=20729"}],"wp:term":[{"taxonomy":"category","embeddable":true,"href":"https:\/\/elpuucnoticias.com\/index.php?rest_route=%2Fwp%2Fv2%2Fcategories&post=20729"},{"taxonomy":"post_tag","embeddable":true,"href":"https:\/\/elpuucnoticias.com\/index.php?rest_route=%2Fwp%2Fv2%2Ftags&post=20729"}],"curies":[{"name":"wp","href":"https:\/\/api.w.org\/{rel}","templated":true}]}}