{"id":20732,"date":"2025-08-25T12:29:31","date_gmt":"2025-08-25T18:29:31","guid":{"rendered":"https:\/\/elpuucnoticias.com\/?p=20732"},"modified":"2025-08-25T12:29:32","modified_gmt":"2025-08-25T18:29:32","slug":"participa-comunidad-en-jornada-de-meditacion-y-restauracion-de-manglar-en-punta-sur-organizada-por-la-fundacion-de-parques-y-museos-de-cozumel","status":"publish","type":"post","link":"https:\/\/elpuucnoticias.com\/?p=20732","title":{"rendered":"Participa comunidad en jornada de meditaci\u00f3n y restauraci\u00f3n de manglar en Punta Sur organizada por la Fundaci\u00f3n de Parques y Museos de Cozumel"},"content":{"rendered":"\n<p>Este fin de semana se llev\u00f3 a cabo en el Parque Ecotur\u00edstico Punta Sur la jornada \u201cHuellas de Conciencia\u201d, una experiencia que combina la meditaci\u00f3n con concientizaci\u00f3n ambiental y la restauraci\u00f3n del ecosistema de manglar, organizada por la Fundaci\u00f3n de Parques y Museos de Cozumel (FPMC).<\/p>\n\n\n\n<figure class=\"wp-block-image is-style-default\"><a href=\"https:\/\/cgc.qroo.gob.mx\/cjg\/wp-content\/uploads\/2025\/08\/WhatsApp-Image-2025-08-25-at-11.26.49.jpeg\"><img decoding=\"async\" src=\"https:\/\/cgc.qroo.gob.mx\/cjg\/wp-content\/uploads\/2025\/08\/WhatsApp-Image-2025-08-25-at-11.26.49-585x585.jpeg\" alt=\"\" title=\"WhatsApp Image 2025-08-25 at 11.26.49\"\/><\/a><\/figure>\n\n\n\n<p>Personas de la comunidad se reunieron en la playa de Punta Sur, donde, acompa\u00f1ados por el maestro en meditaci\u00f3n Luis Miguel P\u00e9rez Mart\u00edn, vivieron una ma\u00f1ana de introspecci\u00f3n vibrando con el sonido del mar, sintiendo la textura de la arena y la energ\u00eda del entorno natural.<\/p>\n\n\n\n<figure class=\"wp-block-image is-style-default\"><a href=\"https:\/\/cgc.qroo.gob.mx\/cjg\/wp-content\/uploads\/2025\/08\/WhatsApp-Image-2025-08-25-at-11.26.47.jpeg\"><img decoding=\"async\" src=\"https:\/\/cgc.qroo.gob.mx\/cjg\/wp-content\/uploads\/2025\/08\/WhatsApp-Image-2025-08-25-at-11.26.47-585x585.jpeg\" alt=\"\" title=\"WhatsApp Image 2025-08-25 at 11.26.47\"\/><\/a><\/figure>\n\n\n\n<p>Posteriormente, las y los participantes se trasladaron a la parcela educativa de la Laguna Xtac\u00fan, en la reserva ecol\u00f3gica Laguna Colombia, donde el director del Parque Ecotur\u00edstico Punta Sur, Jes\u00fas Benavides Andrade, explic\u00f3 el trabajo comunitario realizado durante casi 20 a\u00f1os en la restauraci\u00f3n del ecosistema de manglar.<\/p>\n\n\n\n<figure class=\"wp-block-image is-style-default\"><a href=\"https:\/\/cgc.qroo.gob.mx\/cjg\/wp-content\/uploads\/2025\/08\/WhatsApp-Image-2025-08-25-at-11.26.48-1.jpeg\"><img decoding=\"async\" src=\"https:\/\/cgc.qroo.gob.mx\/cjg\/wp-content\/uploads\/2025\/08\/WhatsApp-Image-2025-08-25-at-11.26.48-1-585x585.jpeg\" alt=\"\" title=\"WhatsApp Image 2025-08-25 at 11.26.48 (1)\"\/><\/a><\/figure>\n\n\n\n<p>A trav\u00e9s de esta actividad, aprendieron sobre la importancia de los manglares para la vida humana y su papel como reservorio de la biodiversidad y encargados de la captura de carbono, que adem\u00e1s est\u00e1n estrechamente vinculados a los ecosistemas que convergen en la reserva.<\/p>\n\n\n\n<figure class=\"wp-block-image is-style-default\"><a href=\"https:\/\/cgc.qroo.gob.mx\/cjg\/wp-content\/uploads\/2025\/08\/WhatsApp-Image-2025-08-25-at-11.26.49-1.jpeg\"><img decoding=\"async\" src=\"https:\/\/cgc.qroo.gob.mx\/cjg\/wp-content\/uploads\/2025\/08\/WhatsApp-Image-2025-08-25-at-11.26.49-1-585x585.jpeg\" alt=\"\" title=\"WhatsApp Image 2025-08-25 at 11.26.49 (1)\"\/><\/a><\/figure>\n\n\n\n<p>Posteriormente, las y los asistentes realizaron un recorrido en la laguna Colombia, a bordo del catamar\u00e1n Tatich, para conocer de cerca el avance del programa de restauraci\u00f3n del ecosistema de manglar que ha liderado la FPMC, de la mano con la sociedad.<\/p>\n\n\n\n<p>En este marco, la directora general de la FPMC, Juanita Alonso Marrufo, destac\u00f3 que estas acciones se alinean con el Nuevo Acuerdo por el Bienestar y Desarrollo de Quintana Roo, impulsado por la gobernadora Mara Lezama Espinosa, el cual reconoce a la educaci\u00f3n ambiental y a la participaci\u00f3n comunitaria como elementos fundamentales para garantizar un futuro sostenible y justo para todas y todos.<\/p>\n\n\n\n<figure class=\"wp-block-image is-style-default\"><img decoding=\"async\" src=\"https:\/\/cgc.qroo.gob.mx\/cjg\/wp-content\/uploads\/2025\/08\/WhatsApp-Image-2025-08-25-at-11.26.48-585x585.jpeg\" alt=\"\" title=\"WhatsApp Image 2025-08-25 at 11.26.48\"\/><\/figure>\n\n\n\n<p>Con iniciativas como esta, la FPMC reafirma su compromiso de fomentar la conciencia ambiental y el cuidado de los ecosistemas y la integraci\u00f3n de la comunidad en la transformaci\u00f3n hacia un Quintana Roo m\u00e1s pr\u00f3spero y en armon\u00eda con la naturaleza.<\/p>\n","protected":false},"excerpt":{"rendered":"<p>Este fin de semana se llev\u00f3 a cabo en el Parque Ecotur\u00edstico Punta Sur la jornada \u201cHuellas de<\/p>\n","protected":false},"author":1,"featured_media":20733,"comment_status":"closed","ping_status":"open","sticky":false,"template":"","format":"standard","meta":{"_monsterinsights_skip_tracking":false,"_monsterinsights_sitenote_active":false,"_monsterinsights_sitenote_note":"","_monsterinsights_sitenote_category":0,"footnotes":""},"categories":[11,24],"tags":[],"class_list":["post-20732","post","type-post","status-publish","format-standard","has-post-thumbnail","hentry","category-noticias","category-quintana-roo"],"yoast_head":"<!-- This site is optimized with the Yoast SEO plugin v18.3 - https:\/\/yoast.com\/wordpress\/plugins\/seo\/ -->\n<title>Participa comunidad en jornada de meditaci\u00f3n y restauraci\u00f3n de manglar en Punta Sur organizada por la Fundaci\u00f3n de Parques y Museos de Cozumel - El Puuc Noticias<\/title>\n<meta name=\"robots\" content=\"index, follow, max-snippet:-1, max-image-preview:large, max-video-preview:-1\" \/>\n<link rel=\"canonical\" href=\"https:\/\/elpuucnoticias.com\/?p=20732\" \/>\n<meta property=\"og:locale\" content=\"es_ES\" \/>\n<meta property=\"og:type\" content=\"article\" \/>\n<meta property=\"og:title\" content=\"Participa comunidad en jornada de meditaci\u00f3n y restauraci\u00f3n de manglar en Punta Sur organizada por la Fundaci\u00f3n de Parques y Museos de Cozumel - El Puuc Noticias\" \/>\n<meta property=\"og:description\" content=\"Este fin de semana se llev\u00f3 a cabo en el Parque Ecotur\u00edstico Punta Sur la jornada \u201cHuellas de\" \/>\n<meta property=\"og:url\" content=\"https:\/\/elpuucnoticias.com\/?p=20732\" \/>\n<meta property=\"og:site_name\" content=\"El Puuc Noticias\" \/>\n<meta property=\"article:published_time\" content=\"2025-08-25T18:29:31+00:00\" \/>\n<meta property=\"article:modified_time\" content=\"2025-08-25T18:29:32+00:00\" \/>\n<meta property=\"og:image\" content=\"https:\/\/elpuucnoticias.com\/wp-content\/uploads\/2025\/08\/whatsapp-image-2025-08-25-at-11.26.50.jpeg\" \/>\n\t<meta property=\"og:image:width\" content=\"1600\" \/>\n\t<meta property=\"og:image:height\" content=\"1600\" \/>\n\t<meta property=\"og:image:type\" content=\"image\/jpeg\" \/>\n<meta name=\"twitter:card\" content=\"summary_large_image\" \/>\n<meta name=\"twitter:label1\" content=\"Escrito por\" \/>\n\t<meta name=\"twitter:data1\" content=\"elpuucnoticias\" \/>\n\t<meta name=\"twitter:label2\" content=\"Tiempo de lectura\" \/>\n\t<meta name=\"twitter:data2\" content=\"2 minutos\" \/>\n<script type=\"application\/ld+json\" class=\"yoast-schema-graph\">{\"@context\":\"https:\/\/schema.org\",\"@graph\":[{\"@type\":\"WebSite\",\"@id\":\"https:\/\/elpuucnoticias.com\/#website\",\"url\":\"https:\/\/elpuucnoticias.com\/\",\"name\":\"El Puuc Noticias\",\"description\":\"Noticias - Entretenimiento - Deportes\",\"potentialAction\":[{\"@type\":\"SearchAction\",\"target\":{\"@type\":\"EntryPoint\",\"urlTemplate\":\"https:\/\/elpuucnoticias.com\/?s={search_term_string}\"},\"query-input\":\"required name=search_term_string\"}],\"inLanguage\":\"es\"},{\"@type\":\"ImageObject\",\"@id\":\"https:\/\/elpuucnoticias.com\/?p=20732#primaryimage\",\"inLanguage\":\"es\",\"url\":\"https:\/\/elpuucnoticias.com\/wp-content\/uploads\/2025\/08\/whatsapp-image-2025-08-25-at-11.26.50.jpeg\",\"contentUrl\":\"https:\/\/elpuucnoticias.com\/wp-content\/uploads\/2025\/08\/whatsapp-image-2025-08-25-at-11.26.50.jpeg\",\"width\":1600,\"height\":1600},{\"@type\":\"WebPage\",\"@id\":\"https:\/\/elpuucnoticias.com\/?p=20732#webpage\",\"url\":\"https:\/\/elpuucnoticias.com\/?p=20732\",\"name\":\"Participa comunidad en jornada de meditaci\u00f3n y restauraci\u00f3n de manglar en Punta Sur organizada por la Fundaci\u00f3n de Parques y Museos de Cozumel - El Puuc Noticias\",\"isPartOf\":{\"@id\":\"https:\/\/elpuucnoticias.com\/#website\"},\"primaryImageOfPage\":{\"@id\":\"https:\/\/elpuucnoticias.com\/?p=20732#primaryimage\"},\"datePublished\":\"2025-08-25T18:29:31+00:00\",\"dateModified\":\"2025-08-25T18:29:32+00:00\",\"author\":{\"@id\":\"https:\/\/elpuucnoticias.com\/#\/schema\/person\/d2ea09e4c97f0160b11cdfb1d856bd9e\"},\"breadcrumb\":{\"@id\":\"https:\/\/elpuucnoticias.com\/?p=20732#breadcrumb\"},\"inLanguage\":\"es\",\"potentialAction\":[{\"@type\":\"ReadAction\",\"target\":[\"https:\/\/elpuucnoticias.com\/?p=20732\"]}]},{\"@type\":\"BreadcrumbList\",\"@id\":\"https:\/\/elpuucnoticias.com\/?p=20732#breadcrumb\",\"itemListElement\":[{\"@type\":\"ListItem\",\"position\":1,\"name\":\"Portada\",\"item\":\"https:\/\/elpuucnoticias.com\/\"},{\"@type\":\"ListItem\",\"position\":2,\"name\":\"Participa comunidad en jornada de meditaci\u00f3n y restauraci\u00f3n de manglar en Punta Sur organizada por la Fundaci\u00f3n de Parques y Museos de Cozumel\"}]},{\"@type\":\"Person\",\"@id\":\"https:\/\/elpuucnoticias.com\/#\/schema\/person\/d2ea09e4c97f0160b11cdfb1d856bd9e\",\"name\":\"elpuucnoticias\",\"image\":{\"@type\":\"ImageObject\",\"@id\":\"https:\/\/elpuucnoticias.com\/#personlogo\",\"inLanguage\":\"es\",\"url\":\"https:\/\/secure.gravatar.com\/avatar\/5290a43657c74ffa15701dbe5b846bd85cc71930d803c84e91046a7333de6ce2?s=96&d=mm&r=g\",\"contentUrl\":\"https:\/\/secure.gravatar.com\/avatar\/5290a43657c74ffa15701dbe5b846bd85cc71930d803c84e91046a7333de6ce2?s=96&d=mm&r=g\",\"caption\":\"elpuucnoticias\"},\"sameAs\":[\"https:\/\/elpuucnoticias.com\"],\"url\":\"https:\/\/elpuucnoticias.com\/?author=1\"}]}<\/script>\n<!-- \/ Yoast SEO plugin. -->","yoast_head_json":{"title":"Participa comunidad en jornada de meditaci\u00f3n y restauraci\u00f3n de manglar en Punta Sur organizada por la Fundaci\u00f3n de Parques y Museos de Cozumel - El Puuc Noticias","robots":{"index":"index","follow":"follow","max-snippet":"max-snippet:-1","max-image-preview":"max-image-preview:large","max-video-preview":"max-video-preview:-1"},"canonical":"https:\/\/elpuucnoticias.com\/?p=20732","og_locale":"es_ES","og_type":"article","og_title":"Participa comunidad en jornada de meditaci\u00f3n y restauraci\u00f3n de manglar en Punta Sur organizada por la Fundaci\u00f3n de Parques y Museos de Cozumel - El Puuc Noticias","og_description":"Este fin de semana se llev\u00f3 a cabo en el Parque Ecotur\u00edstico Punta Sur la jornada \u201cHuellas de","og_url":"https:\/\/elpuucnoticias.com\/?p=20732","og_site_name":"El Puuc Noticias","article_published_time":"2025-08-25T18:29:31+00:00","article_modified_time":"2025-08-25T18:29:32+00:00","og_image":[{"width":1600,"height":1600,"url":"https:\/\/elpuucnoticias.com\/wp-content\/uploads\/2025\/08\/whatsapp-image-2025-08-25-at-11.26.50.jpeg","type":"image\/jpeg"}],"twitter_card":"summary_large_image","twitter_misc":{"Escrito por":"elpuucnoticias","Tiempo de lectura":"2 minutos"},"schema":{"@context":"https:\/\/schema.org","@graph":[{"@type":"WebSite","@id":"https:\/\/elpuucnoticias.com\/#website","url":"https:\/\/elpuucnoticias.com\/","name":"El Puuc Noticias","description":"Noticias - Entretenimiento - Deportes","potentialAction":[{"@type":"SearchAction","target":{"@type":"EntryPoint","urlTemplate":"https:\/\/elpuucnoticias.com\/?s={search_term_string}"},"query-input":"required name=search_term_string"}],"inLanguage":"es"},{"@type":"ImageObject","@id":"https:\/\/elpuucnoticias.com\/?p=20732#primaryimage","inLanguage":"es","url":"https:\/\/elpuucnoticias.com\/wp-content\/uploads\/2025\/08\/whatsapp-image-2025-08-25-at-11.26.50.jpeg","contentUrl":"https:\/\/elpuucnoticias.com\/wp-content\/uploads\/2025\/08\/whatsapp-image-2025-08-25-at-11.26.50.jpeg","width":1600,"height":1600},{"@type":"WebPage","@id":"https:\/\/elpuucnoticias.com\/?p=20732#webpage","url":"https:\/\/elpuucnoticias.com\/?p=20732","name":"Participa comunidad en jornada de meditaci\u00f3n y restauraci\u00f3n de manglar en Punta Sur organizada por la Fundaci\u00f3n de Parques y Museos de Cozumel - El Puuc Noticias","isPartOf":{"@id":"https:\/\/elpuucnoticias.com\/#website"},"primaryImageOfPage":{"@id":"https:\/\/elpuucnoticias.com\/?p=20732#primaryimage"},"datePublished":"2025-08-25T18:29:31+00:00","dateModified":"2025-08-25T18:29:32+00:00","author":{"@id":"https:\/\/elpuucnoticias.com\/#\/schema\/person\/d2ea09e4c97f0160b11cdfb1d856bd9e"},"breadcrumb":{"@id":"https:\/\/elpuucnoticias.com\/?p=20732#breadcrumb"},"inLanguage":"es","potentialAction":[{"@type":"ReadAction","target":["https:\/\/elpuucnoticias.com\/?p=20732"]}]},{"@type":"BreadcrumbList","@id":"https:\/\/elpuucnoticias.com\/?p=20732#breadcrumb","itemListElement":[{"@type":"ListItem","position":1,"name":"Portada","item":"https:\/\/elpuucnoticias.com\/"},{"@type":"ListItem","position":2,"name":"Participa comunidad en jornada de meditaci\u00f3n y restauraci\u00f3n de manglar en Punta Sur organizada por la Fundaci\u00f3n de Parques y Museos de Cozumel"}]},{"@type":"Person","@id":"https:\/\/elpuucnoticias.com\/#\/schema\/person\/d2ea09e4c97f0160b11cdfb1d856bd9e","name":"elpuucnoticias","image":{"@type":"ImageObject","@id":"https:\/\/elpuucnoticias.com\/#personlogo","inLanguage":"es","url":"https:\/\/secure.gravatar.com\/avatar\/5290a43657c74ffa15701dbe5b846bd85cc71930d803c84e91046a7333de6ce2?s=96&d=mm&r=g","contentUrl":"https:\/\/secure.gravatar.com\/avatar\/5290a43657c74ffa15701dbe5b846bd85cc71930d803c84e91046a7333de6ce2?s=96&d=mm&r=g","caption":"elpuucnoticias"},"sameAs":["https:\/\/elpuucnoticias.com"],"url":"https:\/\/elpuucnoticias.com\/?author=1"}]}},"_links":{"self":[{"href":"https:\/\/elpuucnoticias.com\/index.php?rest_route=\/wp\/v2\/posts\/20732","targetHints":{"allow":["GET"]}}],"collection":[{"href":"https:\/\/elpuucnoticias.com\/index.php?rest_route=\/wp\/v2\/posts"}],"about":[{"href":"https:\/\/elpuucnoticias.com\/index.php?rest_route=\/wp\/v2\/types\/post"}],"author":[{"embeddable":true,"href":"https:\/\/elpuucnoticias.com\/index.php?rest_route=\/wp\/v2\/users\/1"}],"replies":[{"embeddable":true,"href":"https:\/\/elpuucnoticias.com\/index.php?rest_route=%2Fwp%2Fv2%2Fcomments&post=20732"}],"version-history":[{"count":1,"href":"https:\/\/elpuucnoticias.com\/index.php?rest_route=\/wp\/v2\/posts\/20732\/revisions"}],"predecessor-version":[{"id":20734,"href":"https:\/\/elpuucnoticias.com\/index.php?rest_route=\/wp\/v2\/posts\/20732\/revisions\/20734"}],"wp:featuredmedia":[{"embeddable":true,"href":"https:\/\/elpuucnoticias.com\/index.php?rest_route=\/wp\/v2\/media\/20733"}],"wp:attachment":[{"href":"https:\/\/elpuucnoticias.com\/index.php?rest_route=%2Fwp%2Fv2%2Fmedia&parent=20732"}],"wp:term":[{"taxonomy":"category","embeddable":true,"href":"https:\/\/elpuucnoticias.com\/index.php?rest_route=%2Fwp%2Fv2%2Fcategories&post=20732"},{"taxonomy":"post_tag","embeddable":true,"href":"https:\/\/elpuucnoticias.com\/index.php?rest_route=%2Fwp%2Fv2%2Ftags&post=20732"}],"curies":[{"name":"wp","href":"https:\/\/api.w.org\/{rel}","templated":true}]}}