{"id":20751,"date":"2025-08-27T12:10:35","date_gmt":"2025-08-27T18:10:35","guid":{"rendered":"https:\/\/elpuucnoticias.com\/?p=20751"},"modified":"2025-08-27T12:10:36","modified_gmt":"2025-08-27T18:10:36","slug":"logra-el-aeropuerto-internacional-de-tulum-felipe-carrillo-puerto-recibir-a-mas-de-2-millones-66-mil-pasajeros","status":"publish","type":"post","link":"https:\/\/elpuucnoticias.com\/?p=20751","title":{"rendered":"Logra el Aeropuerto Internacional de Tulum \u201cFelipe Carrillo Puerto\u201d recibir a m\u00e1s de 2 millones 66 mil pasajeros"},"content":{"rendered":"\n<p>En un hecho que reafirma el dinamismo tur\u00edstico y la creciente conectividad del Caribe Mexicano, el Aeropuerto Internacional de Tulum \u201cFelipe Carrillo Puerto\u201d recibi\u00f3 uno de los tres nuevos aviones Embraer E195-E2 de la aerol\u00ednea Mexicana de Aviaci\u00f3n, procedente de la terminal a\u00e9rea de la \u201cFelipe \u00c1ngeles\u201d (AIFA), con una ocupaci\u00f3n completa de 132 pasajeros.<\/p>\n\n\n\n<figure class=\"wp-block-image is-style-default\"><a href=\"https:\/\/cgc.qroo.gob.mx\/cjg\/wp-content\/uploads\/2025\/08\/e50d71f2-0812-401a-b4ab-f5d7566b8482-scaled.jpg\"><img decoding=\"async\" src=\"https:\/\/cgc.qroo.gob.mx\/cjg\/wp-content\/uploads\/2025\/08\/e50d71f2-0812-401a-b4ab-f5d7566b8482-585x329.jpg\" alt=\"\" title=\"e50d71f2-0812-401a-b4ab-f5d7566b8482\"\/><\/a><\/figure>\n\n\n\n<p>El vuelo, que tambi\u00e9n regresa con ocupaci\u00f3n total, representa un paso m\u00e1s en el fortalecimiento de la conectividad a\u00e9rea hacia el estado, contribuyendo directamente al desarrollo econ\u00f3mico, la generaci\u00f3n de empleos y la diversificaci\u00f3n de mercados tur\u00edsticos.<\/p>\n\n\n\n<figure class=\"wp-block-image is-style-default\"><a href=\"https:\/\/cgc.qroo.gob.mx\/cjg\/wp-content\/uploads\/2025\/08\/7b6ca17f-d8db-4f6b-be2a-acf95502a7fa-scaled.jpg\"><img decoding=\"async\" src=\"https:\/\/cgc.qroo.gob.mx\/cjg\/wp-content\/uploads\/2025\/08\/7b6ca17f-d8db-4f6b-be2a-acf95502a7fa-585x329.jpg\" alt=\"\" title=\"7b6ca17f-d8db-4f6b-be2a-acf95502a7fa\"\/><\/a><\/figure>\n\n\n\n<p>El gobierno de Quintana Roo encabezado por la gobernadora Mara Lezama Espinosa, reconoce el compromiso de Mexicana de Aviaci\u00f3n por ampliar su flotilla y abrir nuevas rutas que conecten de forma eficiente con los principales destinos del estado.<\/p>\n\n\n\n<figure class=\"wp-block-image is-style-default\"><a href=\"https:\/\/cgc.qroo.gob.mx\/cjg\/wp-content\/uploads\/2025\/08\/a7c47e7f-d316-4665-aaf6-86154f46c926-scaled.jpg\"><img decoding=\"async\" src=\"https:\/\/cgc.qroo.gob.mx\/cjg\/wp-content\/uploads\/2025\/08\/a7c47e7f-d316-4665-aaf6-86154f46c926-585x273.jpg\" alt=\"\" title=\"a7c47e7f-d316-4665-aaf6-86154f46c926\"\/><\/a><\/figure>\n\n\n\n<p>Este tipo de acciones son clave para consolidar al Caribe Mexicano como uno de los destinos m\u00e1s importantes y competitivos a nivel nacional e internacional.<\/p>\n\n\n\n<figure class=\"wp-block-image is-style-default\"><a href=\"https:\/\/cgc.qroo.gob.mx\/cjg\/wp-content\/uploads\/2025\/08\/d5b40424-3f64-4992-8ec4-ab2cb0e159a7-scaled.jpg\"><img decoding=\"async\" src=\"https:\/\/cgc.qroo.gob.mx\/cjg\/wp-content\/uploads\/2025\/08\/d5b40424-3f64-4992-8ec4-ab2cb0e159a7-585x329.jpg\" alt=\"\" title=\"d5b40424-3f64-4992-8ec4-ab2cb0e159a7\"\/><\/a><\/figure>\n\n\n\n<p>\u201cSeguiremos trabajando de la mano con aerol\u00edneas, y actores del sector tur\u00edstico para garantizar una conectividad a\u00e9rea robusta y sostenible que impulse el turismo, fortalezca las comunidades locales y mantenga a Quintana Roo como l\u00edder en la industria como se establece en la Nueva Era de Turismo\u201d, se\u00f1al\u00f3 el titular de la Secretar\u00eda Estatal de Turismo, Bernardo Cueto Riestra.<\/p>\n","protected":false},"excerpt":{"rendered":"<p>En un hecho que reafirma el dinamismo tur\u00edstico y la creciente conectividad del Caribe Mexicano, el Aeropuerto Internacional<\/p>\n","protected":false},"author":1,"featured_media":20752,"comment_status":"closed","ping_status":"open","sticky":false,"template":"","format":"standard","meta":{"_monsterinsights_skip_tracking":false,"_monsterinsights_sitenote_active":false,"_monsterinsights_sitenote_note":"","_monsterinsights_sitenote_category":0,"footnotes":""},"categories":[11,24],"tags":[],"class_list":["post-20751","post","type-post","status-publish","format-standard","has-post-thumbnail","hentry","category-noticias","category-quintana-roo"],"yoast_head":"<!-- This site is optimized with the Yoast SEO plugin v18.3 - https:\/\/yoast.com\/wordpress\/plugins\/seo\/ -->\n<title>Logra el Aeropuerto Internacional de Tulum \u201cFelipe Carrillo Puerto\u201d recibir a m\u00e1s de 2 millones 66 mil pasajeros - El Puuc Noticias<\/title>\n<meta name=\"robots\" content=\"index, follow, max-snippet:-1, max-image-preview:large, max-video-preview:-1\" \/>\n<link rel=\"canonical\" href=\"https:\/\/elpuucnoticias.com\/?p=20751\" \/>\n<meta property=\"og:locale\" content=\"es_ES\" \/>\n<meta property=\"og:type\" content=\"article\" \/>\n<meta property=\"og:title\" content=\"Logra el Aeropuerto Internacional de Tulum \u201cFelipe Carrillo Puerto\u201d recibir a m\u00e1s de 2 millones 66 mil pasajeros - El Puuc Noticias\" \/>\n<meta property=\"og:description\" content=\"En un hecho que reafirma el dinamismo tur\u00edstico y la creciente conectividad del Caribe Mexicano, el Aeropuerto Internacional\" \/>\n<meta property=\"og:url\" content=\"https:\/\/elpuucnoticias.com\/?p=20751\" \/>\n<meta property=\"og:site_name\" content=\"El Puuc Noticias\" \/>\n<meta property=\"article:published_time\" content=\"2025-08-27T18:10:35+00:00\" \/>\n<meta property=\"article:modified_time\" content=\"2025-08-27T18:10:36+00:00\" \/>\n<meta property=\"og:image\" content=\"https:\/\/elpuucnoticias.com\/wp-content\/uploads\/2025\/08\/591412f8-c800-41bb-b927-cc857e6a38bd.jpg\" \/>\n\t<meta property=\"og:image:width\" content=\"1600\" \/>\n\t<meta property=\"og:image:height\" content=\"900\" \/>\n\t<meta property=\"og:image:type\" content=\"image\/jpeg\" \/>\n<meta name=\"twitter:card\" content=\"summary_large_image\" \/>\n<meta name=\"twitter:label1\" content=\"Escrito por\" \/>\n\t<meta name=\"twitter:data1\" content=\"elpuucnoticias\" \/>\n\t<meta name=\"twitter:label2\" content=\"Tiempo de lectura\" \/>\n\t<meta name=\"twitter:data2\" content=\"1 minuto\" \/>\n<script type=\"application\/ld+json\" class=\"yoast-schema-graph\">{\"@context\":\"https:\/\/schema.org\",\"@graph\":[{\"@type\":\"WebSite\",\"@id\":\"https:\/\/elpuucnoticias.com\/#website\",\"url\":\"https:\/\/elpuucnoticias.com\/\",\"name\":\"El Puuc Noticias\",\"description\":\"Noticias - Entretenimiento - Deportes\",\"potentialAction\":[{\"@type\":\"SearchAction\",\"target\":{\"@type\":\"EntryPoint\",\"urlTemplate\":\"https:\/\/elpuucnoticias.com\/?s={search_term_string}\"},\"query-input\":\"required name=search_term_string\"}],\"inLanguage\":\"es\"},{\"@type\":\"ImageObject\",\"@id\":\"https:\/\/elpuucnoticias.com\/?p=20751#primaryimage\",\"inLanguage\":\"es\",\"url\":\"https:\/\/elpuucnoticias.com\/wp-content\/uploads\/2025\/08\/591412f8-c800-41bb-b927-cc857e6a38bd.jpg\",\"contentUrl\":\"https:\/\/elpuucnoticias.com\/wp-content\/uploads\/2025\/08\/591412f8-c800-41bb-b927-cc857e6a38bd.jpg\",\"width\":1600,\"height\":900},{\"@type\":\"WebPage\",\"@id\":\"https:\/\/elpuucnoticias.com\/?p=20751#webpage\",\"url\":\"https:\/\/elpuucnoticias.com\/?p=20751\",\"name\":\"Logra el Aeropuerto Internacional de Tulum \u201cFelipe Carrillo Puerto\u201d recibir a m\u00e1s de 2 millones 66 mil pasajeros - El Puuc Noticias\",\"isPartOf\":{\"@id\":\"https:\/\/elpuucnoticias.com\/#website\"},\"primaryImageOfPage\":{\"@id\":\"https:\/\/elpuucnoticias.com\/?p=20751#primaryimage\"},\"datePublished\":\"2025-08-27T18:10:35+00:00\",\"dateModified\":\"2025-08-27T18:10:36+00:00\",\"author\":{\"@id\":\"https:\/\/elpuucnoticias.com\/#\/schema\/person\/d2ea09e4c97f0160b11cdfb1d856bd9e\"},\"breadcrumb\":{\"@id\":\"https:\/\/elpuucnoticias.com\/?p=20751#breadcrumb\"},\"inLanguage\":\"es\",\"potentialAction\":[{\"@type\":\"ReadAction\",\"target\":[\"https:\/\/elpuucnoticias.com\/?p=20751\"]}]},{\"@type\":\"BreadcrumbList\",\"@id\":\"https:\/\/elpuucnoticias.com\/?p=20751#breadcrumb\",\"itemListElement\":[{\"@type\":\"ListItem\",\"position\":1,\"name\":\"Portada\",\"item\":\"https:\/\/elpuucnoticias.com\/\"},{\"@type\":\"ListItem\",\"position\":2,\"name\":\"Logra el Aeropuerto Internacional de Tulum \u201cFelipe Carrillo Puerto\u201d recibir a m\u00e1s de 2 millones 66 mil pasajeros\"}]},{\"@type\":\"Person\",\"@id\":\"https:\/\/elpuucnoticias.com\/#\/schema\/person\/d2ea09e4c97f0160b11cdfb1d856bd9e\",\"name\":\"elpuucnoticias\",\"image\":{\"@type\":\"ImageObject\",\"@id\":\"https:\/\/elpuucnoticias.com\/#personlogo\",\"inLanguage\":\"es\",\"url\":\"https:\/\/secure.gravatar.com\/avatar\/5290a43657c74ffa15701dbe5b846bd85cc71930d803c84e91046a7333de6ce2?s=96&d=mm&r=g\",\"contentUrl\":\"https:\/\/secure.gravatar.com\/avatar\/5290a43657c74ffa15701dbe5b846bd85cc71930d803c84e91046a7333de6ce2?s=96&d=mm&r=g\",\"caption\":\"elpuucnoticias\"},\"sameAs\":[\"https:\/\/elpuucnoticias.com\"],\"url\":\"https:\/\/elpuucnoticias.com\/?author=1\"}]}<\/script>\n<!-- \/ Yoast SEO plugin. -->","yoast_head_json":{"title":"Logra el Aeropuerto Internacional de Tulum \u201cFelipe Carrillo Puerto\u201d recibir a m\u00e1s de 2 millones 66 mil pasajeros - El Puuc Noticias","robots":{"index":"index","follow":"follow","max-snippet":"max-snippet:-1","max-image-preview":"max-image-preview:large","max-video-preview":"max-video-preview:-1"},"canonical":"https:\/\/elpuucnoticias.com\/?p=20751","og_locale":"es_ES","og_type":"article","og_title":"Logra el Aeropuerto Internacional de Tulum \u201cFelipe Carrillo Puerto\u201d recibir a m\u00e1s de 2 millones 66 mil pasajeros - El Puuc Noticias","og_description":"En un hecho que reafirma el dinamismo tur\u00edstico y la creciente conectividad del Caribe Mexicano, el Aeropuerto Internacional","og_url":"https:\/\/elpuucnoticias.com\/?p=20751","og_site_name":"El Puuc Noticias","article_published_time":"2025-08-27T18:10:35+00:00","article_modified_time":"2025-08-27T18:10:36+00:00","og_image":[{"width":1600,"height":900,"url":"https:\/\/elpuucnoticias.com\/wp-content\/uploads\/2025\/08\/591412f8-c800-41bb-b927-cc857e6a38bd.jpg","type":"image\/jpeg"}],"twitter_card":"summary_large_image","twitter_misc":{"Escrito por":"elpuucnoticias","Tiempo de lectura":"1 minuto"},"schema":{"@context":"https:\/\/schema.org","@graph":[{"@type":"WebSite","@id":"https:\/\/elpuucnoticias.com\/#website","url":"https:\/\/elpuucnoticias.com\/","name":"El Puuc Noticias","description":"Noticias - Entretenimiento - Deportes","potentialAction":[{"@type":"SearchAction","target":{"@type":"EntryPoint","urlTemplate":"https:\/\/elpuucnoticias.com\/?s={search_term_string}"},"query-input":"required name=search_term_string"}],"inLanguage":"es"},{"@type":"ImageObject","@id":"https:\/\/elpuucnoticias.com\/?p=20751#primaryimage","inLanguage":"es","url":"https:\/\/elpuucnoticias.com\/wp-content\/uploads\/2025\/08\/591412f8-c800-41bb-b927-cc857e6a38bd.jpg","contentUrl":"https:\/\/elpuucnoticias.com\/wp-content\/uploads\/2025\/08\/591412f8-c800-41bb-b927-cc857e6a38bd.jpg","width":1600,"height":900},{"@type":"WebPage","@id":"https:\/\/elpuucnoticias.com\/?p=20751#webpage","url":"https:\/\/elpuucnoticias.com\/?p=20751","name":"Logra el Aeropuerto Internacional de Tulum \u201cFelipe Carrillo Puerto\u201d recibir a m\u00e1s de 2 millones 66 mil pasajeros - El Puuc Noticias","isPartOf":{"@id":"https:\/\/elpuucnoticias.com\/#website"},"primaryImageOfPage":{"@id":"https:\/\/elpuucnoticias.com\/?p=20751#primaryimage"},"datePublished":"2025-08-27T18:10:35+00:00","dateModified":"2025-08-27T18:10:36+00:00","author":{"@id":"https:\/\/elpuucnoticias.com\/#\/schema\/person\/d2ea09e4c97f0160b11cdfb1d856bd9e"},"breadcrumb":{"@id":"https:\/\/elpuucnoticias.com\/?p=20751#breadcrumb"},"inLanguage":"es","potentialAction":[{"@type":"ReadAction","target":["https:\/\/elpuucnoticias.com\/?p=20751"]}]},{"@type":"BreadcrumbList","@id":"https:\/\/elpuucnoticias.com\/?p=20751#breadcrumb","itemListElement":[{"@type":"ListItem","position":1,"name":"Portada","item":"https:\/\/elpuucnoticias.com\/"},{"@type":"ListItem","position":2,"name":"Logra el Aeropuerto Internacional de Tulum \u201cFelipe Carrillo Puerto\u201d recibir a m\u00e1s de 2 millones 66 mil pasajeros"}]},{"@type":"Person","@id":"https:\/\/elpuucnoticias.com\/#\/schema\/person\/d2ea09e4c97f0160b11cdfb1d856bd9e","name":"elpuucnoticias","image":{"@type":"ImageObject","@id":"https:\/\/elpuucnoticias.com\/#personlogo","inLanguage":"es","url":"https:\/\/secure.gravatar.com\/avatar\/5290a43657c74ffa15701dbe5b846bd85cc71930d803c84e91046a7333de6ce2?s=96&d=mm&r=g","contentUrl":"https:\/\/secure.gravatar.com\/avatar\/5290a43657c74ffa15701dbe5b846bd85cc71930d803c84e91046a7333de6ce2?s=96&d=mm&r=g","caption":"elpuucnoticias"},"sameAs":["https:\/\/elpuucnoticias.com"],"url":"https:\/\/elpuucnoticias.com\/?author=1"}]}},"_links":{"self":[{"href":"https:\/\/elpuucnoticias.com\/index.php?rest_route=\/wp\/v2\/posts\/20751","targetHints":{"allow":["GET"]}}],"collection":[{"href":"https:\/\/elpuucnoticias.com\/index.php?rest_route=\/wp\/v2\/posts"}],"about":[{"href":"https:\/\/elpuucnoticias.com\/index.php?rest_route=\/wp\/v2\/types\/post"}],"author":[{"embeddable":true,"href":"https:\/\/elpuucnoticias.com\/index.php?rest_route=\/wp\/v2\/users\/1"}],"replies":[{"embeddable":true,"href":"https:\/\/elpuucnoticias.com\/index.php?rest_route=%2Fwp%2Fv2%2Fcomments&post=20751"}],"version-history":[{"count":1,"href":"https:\/\/elpuucnoticias.com\/index.php?rest_route=\/wp\/v2\/posts\/20751\/revisions"}],"predecessor-version":[{"id":20753,"href":"https:\/\/elpuucnoticias.com\/index.php?rest_route=\/wp\/v2\/posts\/20751\/revisions\/20753"}],"wp:featuredmedia":[{"embeddable":true,"href":"https:\/\/elpuucnoticias.com\/index.php?rest_route=\/wp\/v2\/media\/20752"}],"wp:attachment":[{"href":"https:\/\/elpuucnoticias.com\/index.php?rest_route=%2Fwp%2Fv2%2Fmedia&parent=20751"}],"wp:term":[{"taxonomy":"category","embeddable":true,"href":"https:\/\/elpuucnoticias.com\/index.php?rest_route=%2Fwp%2Fv2%2Fcategories&post=20751"},{"taxonomy":"post_tag","embeddable":true,"href":"https:\/\/elpuucnoticias.com\/index.php?rest_route=%2Fwp%2Fv2%2Ftags&post=20751"}],"curies":[{"name":"wp","href":"https:\/\/api.w.org\/{rel}","templated":true}]}}