{"id":20757,"date":"2025-08-27T13:17:59","date_gmt":"2025-08-27T19:17:59","guid":{"rendered":"https:\/\/elpuucnoticias.com\/?p=20757"},"modified":"2025-08-27T13:17:59","modified_gmt":"2025-08-27T19:17:59","slug":"invita-la-fundacion-de-parques-y-museos-de-cozumel-a-vivir-el-fenomeno-arqueoastronomico-de-el-caracol-en-punta-sur","status":"publish","type":"post","link":"https:\/\/elpuucnoticias.com\/?p=20757","title":{"rendered":"Invita la Fundaci\u00f3n de Parques y Museos de Cozumel a vivir el fen\u00f3meno arqueoastron\u00f3mico de El Caracol en Punta Sur"},"content":{"rendered":"\n<p>La Fundaci\u00f3n de Parques y Museos de Cozumel (FPMC) convoca a la comunidad y visitantes a ser testigos del fen\u00f3meno arqueoastron\u00f3mico vespertino de El Caracol, que tendr\u00e1 lugar el jueves 28 de agosto, a las 18:00 horas, en el Parque Ecotur\u00edstico Punta Sur. Este asombroso efecto visual confirma el profundo conocimiento que los mayas ten\u00edan sobre los ciclos solares y su reflejo por medio de la arquitectura prehisp\u00e1nica.<\/p>\n\n\n\n<figure class=\"wp-block-image is-style-default\"><a href=\"https:\/\/cgc.qroo.gob.mx\/cjg\/wp-content\/uploads\/2025\/08\/WhatsApp-Image-2025-08-26-at-12.22.36-3.jpeg\"><img decoding=\"async\" src=\"https:\/\/cgc.qroo.gob.mx\/cjg\/wp-content\/uploads\/2025\/08\/WhatsApp-Image-2025-08-26-at-12.22.36-3-585x390.jpeg\" alt=\"\" title=\"WhatsApp Image 2025-08-26 at 12.22.36 (3)\"\/><\/a><\/figure>\n\n\n\n<p>En el marco del Nuevo Acuerdo por el Bienestar y Desarrollo de Quintana Roo, impulsado por la gobernadora Mara Lezama Espinosa, la FPMC impulsa actividades culturales que fortalecen la identidad y el orgullo por nuestras ra\u00edces, destac\u00f3 la directora general, Juanita Alonso Marrufo.<\/p>\n\n\n\n<figure class=\"wp-block-image is-style-default\"><a href=\"https:\/\/cgc.qroo.gob.mx\/cjg\/wp-content\/uploads\/2025\/08\/WhatsApp-Image-2025-08-26-at-12.22.35-1.jpeg\"><img decoding=\"async\" src=\"https:\/\/cgc.qroo.gob.mx\/cjg\/wp-content\/uploads\/2025\/08\/WhatsApp-Image-2025-08-26-at-12.22.35-1-585x389.jpeg\" alt=\"\" title=\"WhatsApp Image 2025-08-26 at 12.22.35 (1)\"\/><\/a><\/figure>\n\n\n\n<p>El director de Punta Sur, Jes\u00fas Benavides Andrade, explic\u00f3 que el fen\u00f3meno se observa en abril y agosto al atardecer, y en febrero y octubre al amanecer, cuando el sol se alinea con la ventana superior de la estructura de soporte de la c\u00fapula del edificio prehisp\u00e1nico conocido como El Caracol. Esta edificaci\u00f3n, que data del Poscl\u00e1sico Tard\u00edo (1200\u20131500 d.C.), habr\u00eda servido como marcador de navegaci\u00f3n para los antiguos marinos mayas.<\/p>\n\n\n\n<figure class=\"wp-block-image is-style-default\"><a href=\"https:\/\/cgc.qroo.gob.mx\/cjg\/wp-content\/uploads\/2025\/08\/WhatsApp-Image-2025-08-26-at-12.22.36-1.jpeg\"><img decoding=\"async\" src=\"https:\/\/cgc.qroo.gob.mx\/cjg\/wp-content\/uploads\/2025\/08\/WhatsApp-Image-2025-08-26-at-12.22.36-1-585x390.jpeg\" alt=\"\" title=\"WhatsApp Image 2025-08-26 at 12.22.36 (1)\"\/><\/a><\/figure>\n\n\n\n<p>Adem\u00e1s de presenciar este espect\u00e1culo natural y cultural, los asistentes podr\u00e1n participar en charlas ambientales y visitar la torre de observaci\u00f3n en las inmediaciones de la laguna X\u2019tac\u00fan, lo que convierte la experiencia en una oportunidad \u00fanica para disfrutar en familia y amigos, conectando ciencia, historia y naturaleza.<\/p>\n\n\n\n<figure class=\"wp-block-image is-style-default\"><a href=\"https:\/\/cgc.qroo.gob.mx\/cjg\/wp-content\/uploads\/2025\/08\/WhatsApp-Image-2025-08-26-at-12.22.36-2.jpeg\"><img decoding=\"async\" src=\"https:\/\/cgc.qroo.gob.mx\/cjg\/wp-content\/uploads\/2025\/08\/WhatsApp-Image-2025-08-26-at-12.22.36-2-585x390.jpeg\" alt=\"\" title=\"WhatsApp Image 2025-08-26 at 12.22.36 (2)\"\/><\/a><\/figure>\n\n\n\n<p>La FPMC reitera la invitaci\u00f3n al fen\u00f3meno arqueoastron\u00f3mico de El Caracol, el jueves 28 de agosto a las 18:00 horas en Punta Sur. La entrada es libre y el evento est\u00e1 sujeto a condiciones climatol\u00f3gicas.<\/p>\n","protected":false},"excerpt":{"rendered":"<p>La Fundaci\u00f3n de Parques y Museos de Cozumel (FPMC) convoca a la comunidad y visitantes a ser testigos<\/p>\n","protected":false},"author":1,"featured_media":20758,"comment_status":"closed","ping_status":"open","sticky":false,"template":"","format":"standard","meta":{"_monsterinsights_skip_tracking":false,"_monsterinsights_sitenote_active":false,"_monsterinsights_sitenote_note":"","_monsterinsights_sitenote_category":0,"footnotes":""},"categories":[11,24],"tags":[],"class_list":["post-20757","post","type-post","status-publish","format-standard","has-post-thumbnail","hentry","category-noticias","category-quintana-roo"],"yoast_head":"<!-- This site is optimized with the Yoast SEO plugin v18.3 - https:\/\/yoast.com\/wordpress\/plugins\/seo\/ -->\n<title>Invita la Fundaci\u00f3n de Parques y Museos de Cozumel a vivir el fen\u00f3meno arqueoastron\u00f3mico de El Caracol en Punta Sur - El Puuc Noticias<\/title>\n<meta name=\"robots\" content=\"index, follow, max-snippet:-1, max-image-preview:large, max-video-preview:-1\" \/>\n<link rel=\"canonical\" href=\"https:\/\/elpuucnoticias.com\/?p=20757\" \/>\n<meta property=\"og:locale\" content=\"es_ES\" \/>\n<meta property=\"og:type\" content=\"article\" \/>\n<meta property=\"og:title\" content=\"Invita la Fundaci\u00f3n de Parques y Museos de Cozumel a vivir el fen\u00f3meno arqueoastron\u00f3mico de El Caracol en Punta Sur - El Puuc Noticias\" \/>\n<meta property=\"og:description\" content=\"La Fundaci\u00f3n de Parques y Museos de Cozumel (FPMC) convoca a la comunidad y visitantes a ser testigos\" \/>\n<meta property=\"og:url\" content=\"https:\/\/elpuucnoticias.com\/?p=20757\" \/>\n<meta property=\"og:site_name\" content=\"El Puuc Noticias\" \/>\n<meta property=\"article:published_time\" content=\"2025-08-27T19:17:59+00:00\" \/>\n<meta property=\"og:image\" content=\"https:\/\/elpuucnoticias.com\/wp-content\/uploads\/2025\/08\/whatsapp-image-2025-08-26-at-12.22.36.jpeg\" \/>\n\t<meta property=\"og:image:width\" content=\"1600\" \/>\n\t<meta property=\"og:image:height\" content=\"1066\" \/>\n\t<meta property=\"og:image:type\" content=\"image\/jpeg\" \/>\n<meta name=\"twitter:card\" content=\"summary_large_image\" \/>\n<meta name=\"twitter:label1\" content=\"Escrito por\" \/>\n\t<meta name=\"twitter:data1\" content=\"elpuucnoticias\" \/>\n\t<meta name=\"twitter:label2\" content=\"Tiempo de lectura\" \/>\n\t<meta name=\"twitter:data2\" content=\"1 minuto\" \/>\n<script type=\"application\/ld+json\" class=\"yoast-schema-graph\">{\"@context\":\"https:\/\/schema.org\",\"@graph\":[{\"@type\":\"WebSite\",\"@id\":\"https:\/\/elpuucnoticias.com\/#website\",\"url\":\"https:\/\/elpuucnoticias.com\/\",\"name\":\"El Puuc Noticias\",\"description\":\"Noticias - Entretenimiento - Deportes\",\"potentialAction\":[{\"@type\":\"SearchAction\",\"target\":{\"@type\":\"EntryPoint\",\"urlTemplate\":\"https:\/\/elpuucnoticias.com\/?s={search_term_string}\"},\"query-input\":\"required name=search_term_string\"}],\"inLanguage\":\"es\"},{\"@type\":\"ImageObject\",\"@id\":\"https:\/\/elpuucnoticias.com\/?p=20757#primaryimage\",\"inLanguage\":\"es\",\"url\":\"https:\/\/elpuucnoticias.com\/wp-content\/uploads\/2025\/08\/whatsapp-image-2025-08-26-at-12.22.36.jpeg\",\"contentUrl\":\"https:\/\/elpuucnoticias.com\/wp-content\/uploads\/2025\/08\/whatsapp-image-2025-08-26-at-12.22.36.jpeg\",\"width\":1600,\"height\":1066},{\"@type\":\"WebPage\",\"@id\":\"https:\/\/elpuucnoticias.com\/?p=20757#webpage\",\"url\":\"https:\/\/elpuucnoticias.com\/?p=20757\",\"name\":\"Invita la Fundaci\u00f3n de Parques y Museos de Cozumel a vivir el fen\u00f3meno arqueoastron\u00f3mico de El Caracol en Punta Sur - El Puuc Noticias\",\"isPartOf\":{\"@id\":\"https:\/\/elpuucnoticias.com\/#website\"},\"primaryImageOfPage\":{\"@id\":\"https:\/\/elpuucnoticias.com\/?p=20757#primaryimage\"},\"datePublished\":\"2025-08-27T19:17:59+00:00\",\"dateModified\":\"2025-08-27T19:17:59+00:00\",\"author\":{\"@id\":\"https:\/\/elpuucnoticias.com\/#\/schema\/person\/d2ea09e4c97f0160b11cdfb1d856bd9e\"},\"breadcrumb\":{\"@id\":\"https:\/\/elpuucnoticias.com\/?p=20757#breadcrumb\"},\"inLanguage\":\"es\",\"potentialAction\":[{\"@type\":\"ReadAction\",\"target\":[\"https:\/\/elpuucnoticias.com\/?p=20757\"]}]},{\"@type\":\"BreadcrumbList\",\"@id\":\"https:\/\/elpuucnoticias.com\/?p=20757#breadcrumb\",\"itemListElement\":[{\"@type\":\"ListItem\",\"position\":1,\"name\":\"Portada\",\"item\":\"https:\/\/elpuucnoticias.com\/\"},{\"@type\":\"ListItem\",\"position\":2,\"name\":\"Invita la Fundaci\u00f3n de Parques y Museos de Cozumel a vivir el fen\u00f3meno arqueoastron\u00f3mico de El Caracol en Punta Sur\"}]},{\"@type\":\"Person\",\"@id\":\"https:\/\/elpuucnoticias.com\/#\/schema\/person\/d2ea09e4c97f0160b11cdfb1d856bd9e\",\"name\":\"elpuucnoticias\",\"image\":{\"@type\":\"ImageObject\",\"@id\":\"https:\/\/elpuucnoticias.com\/#personlogo\",\"inLanguage\":\"es\",\"url\":\"https:\/\/secure.gravatar.com\/avatar\/5290a43657c74ffa15701dbe5b846bd85cc71930d803c84e91046a7333de6ce2?s=96&d=mm&r=g\",\"contentUrl\":\"https:\/\/secure.gravatar.com\/avatar\/5290a43657c74ffa15701dbe5b846bd85cc71930d803c84e91046a7333de6ce2?s=96&d=mm&r=g\",\"caption\":\"elpuucnoticias\"},\"sameAs\":[\"https:\/\/elpuucnoticias.com\"],\"url\":\"https:\/\/elpuucnoticias.com\/?author=1\"}]}<\/script>\n<!-- \/ Yoast SEO plugin. -->","yoast_head_json":{"title":"Invita la Fundaci\u00f3n de Parques y Museos de Cozumel a vivir el fen\u00f3meno arqueoastron\u00f3mico de El Caracol en Punta Sur - El Puuc Noticias","robots":{"index":"index","follow":"follow","max-snippet":"max-snippet:-1","max-image-preview":"max-image-preview:large","max-video-preview":"max-video-preview:-1"},"canonical":"https:\/\/elpuucnoticias.com\/?p=20757","og_locale":"es_ES","og_type":"article","og_title":"Invita la Fundaci\u00f3n de Parques y Museos de Cozumel a vivir el fen\u00f3meno arqueoastron\u00f3mico de El Caracol en Punta Sur - El Puuc Noticias","og_description":"La Fundaci\u00f3n de Parques y Museos de Cozumel (FPMC) convoca a la comunidad y visitantes a ser testigos","og_url":"https:\/\/elpuucnoticias.com\/?p=20757","og_site_name":"El Puuc Noticias","article_published_time":"2025-08-27T19:17:59+00:00","og_image":[{"width":1600,"height":1066,"url":"https:\/\/elpuucnoticias.com\/wp-content\/uploads\/2025\/08\/whatsapp-image-2025-08-26-at-12.22.36.jpeg","type":"image\/jpeg"}],"twitter_card":"summary_large_image","twitter_misc":{"Escrito por":"elpuucnoticias","Tiempo de lectura":"1 minuto"},"schema":{"@context":"https:\/\/schema.org","@graph":[{"@type":"WebSite","@id":"https:\/\/elpuucnoticias.com\/#website","url":"https:\/\/elpuucnoticias.com\/","name":"El Puuc Noticias","description":"Noticias - Entretenimiento - Deportes","potentialAction":[{"@type":"SearchAction","target":{"@type":"EntryPoint","urlTemplate":"https:\/\/elpuucnoticias.com\/?s={search_term_string}"},"query-input":"required name=search_term_string"}],"inLanguage":"es"},{"@type":"ImageObject","@id":"https:\/\/elpuucnoticias.com\/?p=20757#primaryimage","inLanguage":"es","url":"https:\/\/elpuucnoticias.com\/wp-content\/uploads\/2025\/08\/whatsapp-image-2025-08-26-at-12.22.36.jpeg","contentUrl":"https:\/\/elpuucnoticias.com\/wp-content\/uploads\/2025\/08\/whatsapp-image-2025-08-26-at-12.22.36.jpeg","width":1600,"height":1066},{"@type":"WebPage","@id":"https:\/\/elpuucnoticias.com\/?p=20757#webpage","url":"https:\/\/elpuucnoticias.com\/?p=20757","name":"Invita la Fundaci\u00f3n de Parques y Museos de Cozumel a vivir el fen\u00f3meno arqueoastron\u00f3mico de El Caracol en Punta Sur - El Puuc Noticias","isPartOf":{"@id":"https:\/\/elpuucnoticias.com\/#website"},"primaryImageOfPage":{"@id":"https:\/\/elpuucnoticias.com\/?p=20757#primaryimage"},"datePublished":"2025-08-27T19:17:59+00:00","dateModified":"2025-08-27T19:17:59+00:00","author":{"@id":"https:\/\/elpuucnoticias.com\/#\/schema\/person\/d2ea09e4c97f0160b11cdfb1d856bd9e"},"breadcrumb":{"@id":"https:\/\/elpuucnoticias.com\/?p=20757#breadcrumb"},"inLanguage":"es","potentialAction":[{"@type":"ReadAction","target":["https:\/\/elpuucnoticias.com\/?p=20757"]}]},{"@type":"BreadcrumbList","@id":"https:\/\/elpuucnoticias.com\/?p=20757#breadcrumb","itemListElement":[{"@type":"ListItem","position":1,"name":"Portada","item":"https:\/\/elpuucnoticias.com\/"},{"@type":"ListItem","position":2,"name":"Invita la Fundaci\u00f3n de Parques y Museos de Cozumel a vivir el fen\u00f3meno arqueoastron\u00f3mico de El Caracol en Punta Sur"}]},{"@type":"Person","@id":"https:\/\/elpuucnoticias.com\/#\/schema\/person\/d2ea09e4c97f0160b11cdfb1d856bd9e","name":"elpuucnoticias","image":{"@type":"ImageObject","@id":"https:\/\/elpuucnoticias.com\/#personlogo","inLanguage":"es","url":"https:\/\/secure.gravatar.com\/avatar\/5290a43657c74ffa15701dbe5b846bd85cc71930d803c84e91046a7333de6ce2?s=96&d=mm&r=g","contentUrl":"https:\/\/secure.gravatar.com\/avatar\/5290a43657c74ffa15701dbe5b846bd85cc71930d803c84e91046a7333de6ce2?s=96&d=mm&r=g","caption":"elpuucnoticias"},"sameAs":["https:\/\/elpuucnoticias.com"],"url":"https:\/\/elpuucnoticias.com\/?author=1"}]}},"_links":{"self":[{"href":"https:\/\/elpuucnoticias.com\/index.php?rest_route=\/wp\/v2\/posts\/20757","targetHints":{"allow":["GET"]}}],"collection":[{"href":"https:\/\/elpuucnoticias.com\/index.php?rest_route=\/wp\/v2\/posts"}],"about":[{"href":"https:\/\/elpuucnoticias.com\/index.php?rest_route=\/wp\/v2\/types\/post"}],"author":[{"embeddable":true,"href":"https:\/\/elpuucnoticias.com\/index.php?rest_route=\/wp\/v2\/users\/1"}],"replies":[{"embeddable":true,"href":"https:\/\/elpuucnoticias.com\/index.php?rest_route=%2Fwp%2Fv2%2Fcomments&post=20757"}],"version-history":[{"count":1,"href":"https:\/\/elpuucnoticias.com\/index.php?rest_route=\/wp\/v2\/posts\/20757\/revisions"}],"predecessor-version":[{"id":20759,"href":"https:\/\/elpuucnoticias.com\/index.php?rest_route=\/wp\/v2\/posts\/20757\/revisions\/20759"}],"wp:featuredmedia":[{"embeddable":true,"href":"https:\/\/elpuucnoticias.com\/index.php?rest_route=\/wp\/v2\/media\/20758"}],"wp:attachment":[{"href":"https:\/\/elpuucnoticias.com\/index.php?rest_route=%2Fwp%2Fv2%2Fmedia&parent=20757"}],"wp:term":[{"taxonomy":"category","embeddable":true,"href":"https:\/\/elpuucnoticias.com\/index.php?rest_route=%2Fwp%2Fv2%2Fcategories&post=20757"},{"taxonomy":"post_tag","embeddable":true,"href":"https:\/\/elpuucnoticias.com\/index.php?rest_route=%2Fwp%2Fv2%2Ftags&post=20757"}],"curies":[{"name":"wp","href":"https:\/\/api.w.org\/{rel}","templated":true}]}}