{"id":20760,"date":"2025-08-27T13:20:12","date_gmt":"2025-08-27T19:20:12","guid":{"rendered":"https:\/\/elpuucnoticias.com\/?p=20760"},"modified":"2025-08-27T13:20:13","modified_gmt":"2025-08-27T19:20:13","slug":"llevan-caravana-de-prevencion-a-las-y-los-habitantes-de-nachi-cocom","status":"publish","type":"post","link":"https:\/\/elpuucnoticias.com\/?p=20760","title":{"rendered":"Llevan Caravana de Prevenci\u00f3n a las y los habitantes de Nachi Cocom"},"content":{"rendered":"\n<p>Con la finalidad de fomentar el derecho al sano esparcimiento, la convivencia familiar y la prevenci\u00f3n al maltrato animal, el Secretariado Ejecutivo del Sistema Estatal de Seguridad Ciudadana, realiz\u00f3 una Caravana de Prevenci\u00f3n en la comunidad de Nachi Cocom, en el municipio de Oth\u00f3n P. Blanco.<\/p>\n\n\n\n<figure class=\"wp-block-image is-style-default\"><a href=\"https:\/\/cgc.qroo.gob.mx\/cjg\/wp-content\/uploads\/2025\/08\/WhatsApp-Image-2025-08-26-at-12.31.33.jpeg\"><img decoding=\"async\" src=\"https:\/\/cgc.qroo.gob.mx\/cjg\/wp-content\/uploads\/2025\/08\/WhatsApp-Image-2025-08-26-at-12.31.33-585x263.jpeg\" alt=\"\" title=\"WhatsApp Image 2025-08-26 at 12.31.33\"\/><\/a><\/figure>\n\n\n\n<p>El titular del SESESC Adri\u00e1n Mart\u00ednez Ortega, dijo que con base al Nuevo Acuerdo por el Bienestar y Desarrollo de Quintana Roo, que promueve la gobernadora Mara Lezama Espinosa, el SESESC a trav\u00e9s el Centro Estatal de Prevenci\u00f3n social del Delito y Participaci\u00f3n Ciudadana (CEPSQROO), se mantiene acercamiento y colaboraci\u00f3n con las delegaciones municipales, con la finalidad de trabajar de la mano con la ciudadan\u00eda.<\/p>\n\n\n\n<figure class=\"wp-block-image is-style-default\"><a href=\"https:\/\/cgc.qroo.gob.mx\/cjg\/wp-content\/uploads\/2025\/08\/WhatsApp-Image-2025-08-26-at-12.31.31.jpeg\"><img decoding=\"async\" src=\"https:\/\/cgc.qroo.gob.mx\/cjg\/wp-content\/uploads\/2025\/08\/WhatsApp-Image-2025-08-26-at-12.31.31-585x373.jpeg\" alt=\"\" title=\"WhatsApp Image 2025-08-26 at 12.31.31\"\/><\/a><\/figure>\n\n\n\n<p>Mart\u00ednez Ortega indic\u00f3 que, con el objetivo de fomentar el derecho al sano esparcimiento, la convivencia familiar y la prevenci\u00f3n del maltrato animal, mediante actividades recreativas dirigidas a Ni\u00f1as, Ni\u00f1os y Adolescentes (NNA), as\u00ed como a sus familias, se busca acercar las caravanas de prevenci\u00f3n en todos los rincones de Quintana Roo.<\/p>\n\n\n\n<figure class=\"wp-block-image is-style-default\"><a href=\"https:\/\/cgc.qroo.gob.mx\/cjg\/wp-content\/uploads\/2025\/08\/WhatsApp-Image-2025-08-26-at-12.31.32-1.jpeg\"><img decoding=\"async\" src=\"https:\/\/cgc.qroo.gob.mx\/cjg\/wp-content\/uploads\/2025\/08\/WhatsApp-Image-2025-08-26-at-12.31.32-1-585x283.jpeg\" alt=\"\" title=\"WhatsApp Image 2025-08-26 at 12.31.32 (1)\"\/><\/a><\/figure>\n\n\n\n<p>En la comunidad de Nachi Cocom se llev\u00f3 a cabo una jornada de recreaci\u00f3n comunitaria, la actividad fue organizada por el SESESC a trav\u00e9s del CEPSQROO, donde se proyect\u00f3 una pel\u00edcula animada con un mensaje enfocado en la prevenci\u00f3n del maltrato animal, promoviendo valores como el respeto, la empat\u00eda y el cuidado hacia los seres vivos.<\/p>\n\n\n\n<figure class=\"wp-block-image is-style-default\"><a href=\"https:\/\/cgc.qroo.gob.mx\/cjg\/wp-content\/uploads\/2025\/08\/WhatsApp-Image-2025-08-26-at-12.31.32-2.jpeg\"><img decoding=\"async\" src=\"https:\/\/cgc.qroo.gob.mx\/cjg\/wp-content\/uploads\/2025\/08\/WhatsApp-Image-2025-08-26-at-12.31.32-2-585x318.jpeg\" alt=\"\" title=\"WhatsApp Image 2025-08-26 at 12.31.32 (2)\"\/><\/a><\/figure>\n\n\n\n<p>La actividad tambi\u00e9n tuvo como eje principal, el fortalecimiento del derecho de NNA al esparcimiento sano y la convivencia familiar; participaron 45 ni\u00f1as, ni\u00f1os y adolescentes, as\u00ed como 60 adultos, la proyecci\u00f3n fue acompa\u00f1ada de un ambiente ameno y acogedor, en el que ni\u00f1as, ni\u00f1os, adolescentes, madres y padres de familia compartieron risas, sana convivencia y palomitas.<\/p>\n\n\n\n<figure class=\"wp-block-image is-style-default\"><a href=\"https:\/\/cgc.qroo.gob.mx\/cjg\/wp-content\/uploads\/2025\/08\/WhatsApp-Image-2025-08-26-at-12.31.33-1.jpeg\"><img decoding=\"async\" src=\"https:\/\/cgc.qroo.gob.mx\/cjg\/wp-content\/uploads\/2025\/08\/WhatsApp-Image-2025-08-26-at-12.31.33-1-585x263.jpeg\" alt=\"\" title=\"WhatsApp Image 2025-08-26 at 12.31.33 (1)\"\/><\/a><\/figure>\n","protected":false},"excerpt":{"rendered":"<p>Con la finalidad de fomentar el derecho al sano esparcimiento, la convivencia familiar y la prevenci\u00f3n al maltrato<\/p>\n","protected":false},"author":1,"featured_media":20761,"comment_status":"closed","ping_status":"open","sticky":false,"template":"","format":"standard","meta":{"_monsterinsights_skip_tracking":false,"_monsterinsights_sitenote_active":false,"_monsterinsights_sitenote_note":"","_monsterinsights_sitenote_category":0,"footnotes":""},"categories":[11,24],"tags":[],"class_list":["post-20760","post","type-post","status-publish","format-standard","has-post-thumbnail","hentry","category-noticias","category-quintana-roo"],"yoast_head":"<!-- This site is optimized with the Yoast SEO plugin v18.3 - https:\/\/yoast.com\/wordpress\/plugins\/seo\/ -->\n<title>Llevan Caravana de Prevenci\u00f3n a las y los habitantes de Nachi Cocom - El Puuc Noticias<\/title>\n<meta name=\"robots\" content=\"index, follow, max-snippet:-1, max-image-preview:large, max-video-preview:-1\" \/>\n<link rel=\"canonical\" href=\"https:\/\/elpuucnoticias.com\/?p=20760\" \/>\n<meta property=\"og:locale\" content=\"es_ES\" \/>\n<meta property=\"og:type\" content=\"article\" \/>\n<meta property=\"og:title\" content=\"Llevan Caravana de Prevenci\u00f3n a las y los habitantes de Nachi Cocom - El Puuc Noticias\" \/>\n<meta property=\"og:description\" content=\"Con la finalidad de fomentar el derecho al sano esparcimiento, la convivencia familiar y la prevenci\u00f3n al maltrato\" \/>\n<meta property=\"og:url\" content=\"https:\/\/elpuucnoticias.com\/?p=20760\" \/>\n<meta property=\"og:site_name\" content=\"El Puuc Noticias\" \/>\n<meta property=\"article:published_time\" content=\"2025-08-27T19:20:12+00:00\" \/>\n<meta property=\"article:modified_time\" content=\"2025-08-27T19:20:13+00:00\" \/>\n<meta property=\"og:image\" content=\"https:\/\/elpuucnoticias.com\/wp-content\/uploads\/2025\/08\/whatsapp-image-2025-08-26-at-12.31.32.jpeg\" \/>\n\t<meta property=\"og:image:width\" content=\"1412\" \/>\n\t<meta property=\"og:image:height\" content=\"719\" \/>\n\t<meta property=\"og:image:type\" content=\"image\/jpeg\" \/>\n<meta name=\"twitter:card\" content=\"summary_large_image\" \/>\n<meta name=\"twitter:label1\" content=\"Escrito por\" \/>\n\t<meta name=\"twitter:data1\" content=\"elpuucnoticias\" \/>\n\t<meta name=\"twitter:label2\" content=\"Tiempo de lectura\" \/>\n\t<meta name=\"twitter:data2\" content=\"2 minutos\" \/>\n<script type=\"application\/ld+json\" class=\"yoast-schema-graph\">{\"@context\":\"https:\/\/schema.org\",\"@graph\":[{\"@type\":\"WebSite\",\"@id\":\"https:\/\/elpuucnoticias.com\/#website\",\"url\":\"https:\/\/elpuucnoticias.com\/\",\"name\":\"El Puuc Noticias\",\"description\":\"Noticias - Entretenimiento - Deportes\",\"potentialAction\":[{\"@type\":\"SearchAction\",\"target\":{\"@type\":\"EntryPoint\",\"urlTemplate\":\"https:\/\/elpuucnoticias.com\/?s={search_term_string}\"},\"query-input\":\"required name=search_term_string\"}],\"inLanguage\":\"es\"},{\"@type\":\"ImageObject\",\"@id\":\"https:\/\/elpuucnoticias.com\/?p=20760#primaryimage\",\"inLanguage\":\"es\",\"url\":\"https:\/\/elpuucnoticias.com\/wp-content\/uploads\/2025\/08\/whatsapp-image-2025-08-26-at-12.31.32.jpeg\",\"contentUrl\":\"https:\/\/elpuucnoticias.com\/wp-content\/uploads\/2025\/08\/whatsapp-image-2025-08-26-at-12.31.32.jpeg\",\"width\":1412,\"height\":719},{\"@type\":\"WebPage\",\"@id\":\"https:\/\/elpuucnoticias.com\/?p=20760#webpage\",\"url\":\"https:\/\/elpuucnoticias.com\/?p=20760\",\"name\":\"Llevan Caravana de Prevenci\u00f3n a las y los habitantes de Nachi Cocom - El Puuc Noticias\",\"isPartOf\":{\"@id\":\"https:\/\/elpuucnoticias.com\/#website\"},\"primaryImageOfPage\":{\"@id\":\"https:\/\/elpuucnoticias.com\/?p=20760#primaryimage\"},\"datePublished\":\"2025-08-27T19:20:12+00:00\",\"dateModified\":\"2025-08-27T19:20:13+00:00\",\"author\":{\"@id\":\"https:\/\/elpuucnoticias.com\/#\/schema\/person\/d2ea09e4c97f0160b11cdfb1d856bd9e\"},\"breadcrumb\":{\"@id\":\"https:\/\/elpuucnoticias.com\/?p=20760#breadcrumb\"},\"inLanguage\":\"es\",\"potentialAction\":[{\"@type\":\"ReadAction\",\"target\":[\"https:\/\/elpuucnoticias.com\/?p=20760\"]}]},{\"@type\":\"BreadcrumbList\",\"@id\":\"https:\/\/elpuucnoticias.com\/?p=20760#breadcrumb\",\"itemListElement\":[{\"@type\":\"ListItem\",\"position\":1,\"name\":\"Portada\",\"item\":\"https:\/\/elpuucnoticias.com\/\"},{\"@type\":\"ListItem\",\"position\":2,\"name\":\"Llevan Caravana de Prevenci\u00f3n a las y los habitantes de Nachi Cocom\"}]},{\"@type\":\"Person\",\"@id\":\"https:\/\/elpuucnoticias.com\/#\/schema\/person\/d2ea09e4c97f0160b11cdfb1d856bd9e\",\"name\":\"elpuucnoticias\",\"image\":{\"@type\":\"ImageObject\",\"@id\":\"https:\/\/elpuucnoticias.com\/#personlogo\",\"inLanguage\":\"es\",\"url\":\"https:\/\/secure.gravatar.com\/avatar\/5290a43657c74ffa15701dbe5b846bd85cc71930d803c84e91046a7333de6ce2?s=96&d=mm&r=g\",\"contentUrl\":\"https:\/\/secure.gravatar.com\/avatar\/5290a43657c74ffa15701dbe5b846bd85cc71930d803c84e91046a7333de6ce2?s=96&d=mm&r=g\",\"caption\":\"elpuucnoticias\"},\"sameAs\":[\"https:\/\/elpuucnoticias.com\"],\"url\":\"https:\/\/elpuucnoticias.com\/?author=1\"}]}<\/script>\n<!-- \/ Yoast SEO plugin. -->","yoast_head_json":{"title":"Llevan Caravana de Prevenci\u00f3n a las y los habitantes de Nachi Cocom - El Puuc Noticias","robots":{"index":"index","follow":"follow","max-snippet":"max-snippet:-1","max-image-preview":"max-image-preview:large","max-video-preview":"max-video-preview:-1"},"canonical":"https:\/\/elpuucnoticias.com\/?p=20760","og_locale":"es_ES","og_type":"article","og_title":"Llevan Caravana de Prevenci\u00f3n a las y los habitantes de Nachi Cocom - El Puuc Noticias","og_description":"Con la finalidad de fomentar el derecho al sano esparcimiento, la convivencia familiar y la prevenci\u00f3n al maltrato","og_url":"https:\/\/elpuucnoticias.com\/?p=20760","og_site_name":"El Puuc Noticias","article_published_time":"2025-08-27T19:20:12+00:00","article_modified_time":"2025-08-27T19:20:13+00:00","og_image":[{"width":1412,"height":719,"url":"https:\/\/elpuucnoticias.com\/wp-content\/uploads\/2025\/08\/whatsapp-image-2025-08-26-at-12.31.32.jpeg","type":"image\/jpeg"}],"twitter_card":"summary_large_image","twitter_misc":{"Escrito por":"elpuucnoticias","Tiempo de lectura":"2 minutos"},"schema":{"@context":"https:\/\/schema.org","@graph":[{"@type":"WebSite","@id":"https:\/\/elpuucnoticias.com\/#website","url":"https:\/\/elpuucnoticias.com\/","name":"El Puuc Noticias","description":"Noticias - Entretenimiento - Deportes","potentialAction":[{"@type":"SearchAction","target":{"@type":"EntryPoint","urlTemplate":"https:\/\/elpuucnoticias.com\/?s={search_term_string}"},"query-input":"required name=search_term_string"}],"inLanguage":"es"},{"@type":"ImageObject","@id":"https:\/\/elpuucnoticias.com\/?p=20760#primaryimage","inLanguage":"es","url":"https:\/\/elpuucnoticias.com\/wp-content\/uploads\/2025\/08\/whatsapp-image-2025-08-26-at-12.31.32.jpeg","contentUrl":"https:\/\/elpuucnoticias.com\/wp-content\/uploads\/2025\/08\/whatsapp-image-2025-08-26-at-12.31.32.jpeg","width":1412,"height":719},{"@type":"WebPage","@id":"https:\/\/elpuucnoticias.com\/?p=20760#webpage","url":"https:\/\/elpuucnoticias.com\/?p=20760","name":"Llevan Caravana de Prevenci\u00f3n a las y los habitantes de Nachi Cocom - El Puuc Noticias","isPartOf":{"@id":"https:\/\/elpuucnoticias.com\/#website"},"primaryImageOfPage":{"@id":"https:\/\/elpuucnoticias.com\/?p=20760#primaryimage"},"datePublished":"2025-08-27T19:20:12+00:00","dateModified":"2025-08-27T19:20:13+00:00","author":{"@id":"https:\/\/elpuucnoticias.com\/#\/schema\/person\/d2ea09e4c97f0160b11cdfb1d856bd9e"},"breadcrumb":{"@id":"https:\/\/elpuucnoticias.com\/?p=20760#breadcrumb"},"inLanguage":"es","potentialAction":[{"@type":"ReadAction","target":["https:\/\/elpuucnoticias.com\/?p=20760"]}]},{"@type":"BreadcrumbList","@id":"https:\/\/elpuucnoticias.com\/?p=20760#breadcrumb","itemListElement":[{"@type":"ListItem","position":1,"name":"Portada","item":"https:\/\/elpuucnoticias.com\/"},{"@type":"ListItem","position":2,"name":"Llevan Caravana de Prevenci\u00f3n a las y los habitantes de Nachi Cocom"}]},{"@type":"Person","@id":"https:\/\/elpuucnoticias.com\/#\/schema\/person\/d2ea09e4c97f0160b11cdfb1d856bd9e","name":"elpuucnoticias","image":{"@type":"ImageObject","@id":"https:\/\/elpuucnoticias.com\/#personlogo","inLanguage":"es","url":"https:\/\/secure.gravatar.com\/avatar\/5290a43657c74ffa15701dbe5b846bd85cc71930d803c84e91046a7333de6ce2?s=96&d=mm&r=g","contentUrl":"https:\/\/secure.gravatar.com\/avatar\/5290a43657c74ffa15701dbe5b846bd85cc71930d803c84e91046a7333de6ce2?s=96&d=mm&r=g","caption":"elpuucnoticias"},"sameAs":["https:\/\/elpuucnoticias.com"],"url":"https:\/\/elpuucnoticias.com\/?author=1"}]}},"_links":{"self":[{"href":"https:\/\/elpuucnoticias.com\/index.php?rest_route=\/wp\/v2\/posts\/20760","targetHints":{"allow":["GET"]}}],"collection":[{"href":"https:\/\/elpuucnoticias.com\/index.php?rest_route=\/wp\/v2\/posts"}],"about":[{"href":"https:\/\/elpuucnoticias.com\/index.php?rest_route=\/wp\/v2\/types\/post"}],"author":[{"embeddable":true,"href":"https:\/\/elpuucnoticias.com\/index.php?rest_route=\/wp\/v2\/users\/1"}],"replies":[{"embeddable":true,"href":"https:\/\/elpuucnoticias.com\/index.php?rest_route=%2Fwp%2Fv2%2Fcomments&post=20760"}],"version-history":[{"count":1,"href":"https:\/\/elpuucnoticias.com\/index.php?rest_route=\/wp\/v2\/posts\/20760\/revisions"}],"predecessor-version":[{"id":20762,"href":"https:\/\/elpuucnoticias.com\/index.php?rest_route=\/wp\/v2\/posts\/20760\/revisions\/20762"}],"wp:featuredmedia":[{"embeddable":true,"href":"https:\/\/elpuucnoticias.com\/index.php?rest_route=\/wp\/v2\/media\/20761"}],"wp:attachment":[{"href":"https:\/\/elpuucnoticias.com\/index.php?rest_route=%2Fwp%2Fv2%2Fmedia&parent=20760"}],"wp:term":[{"taxonomy":"category","embeddable":true,"href":"https:\/\/elpuucnoticias.com\/index.php?rest_route=%2Fwp%2Fv2%2Fcategories&post=20760"},{"taxonomy":"post_tag","embeddable":true,"href":"https:\/\/elpuucnoticias.com\/index.php?rest_route=%2Fwp%2Fv2%2Ftags&post=20760"}],"curies":[{"name":"wp","href":"https:\/\/api.w.org\/{rel}","templated":true}]}}