{"id":20766,"date":"2025-08-27T13:41:07","date_gmt":"2025-08-27T19:41:07","guid":{"rendered":"https:\/\/elpuucnoticias.com\/?p=20766"},"modified":"2025-08-27T13:41:07","modified_gmt":"2025-08-27T19:41:07","slug":"la-coordinacion-nacional-de-proteccion-civil-imparte-en-cancun-el-taller-de-atencion-de-emergencias-por-huracanes","status":"publish","type":"post","link":"https:\/\/elpuucnoticias.com\/?p=20766","title":{"rendered":"La Coordinaci\u00f3n Nacional de Protecci\u00f3n Civil imparte en Canc\u00fan, el taller de \u201cAtenci\u00f3n de Emergencias por Huracanes\u201d"},"content":{"rendered":"\n<p>La temporada de lluvias y ciclones tropicales es un per\u00edodo muy importante para nuestro estado, por lo que, para reforzar los conocimientos de los equipos de emergencia, se imparti\u00f3 en Canc\u00fan el curso-taller \u201cAtenci\u00f3n de Emergencias por Huracanes\u201d, a cargo de la Coordinaci\u00f3n Nacional de Protecci\u00f3n Civil.<\/p>\n\n\n\n<figure class=\"wp-block-image is-style-default\"><a href=\"https:\/\/cgc.qroo.gob.mx\/cjg\/wp-content\/uploads\/2025\/08\/e7bd5e68-c955-47d0-9d35-27b5d8f932a5.jpg\"><img decoding=\"async\" src=\"https:\/\/cgc.qroo.gob.mx\/cjg\/wp-content\/uploads\/2025\/08\/e7bd5e68-c955-47d0-9d35-27b5d8f932a5-585x439.jpg\" alt=\"\" title=\"e7bd5e68-c955-47d0-9d35-27b5d8f932a5\"\/><\/a><\/figure>\n\n\n\n<p>El director de la Coordinaci\u00f3n Estatal de Protecci\u00f3n Civil, Guillermo N\u00fa\u00f1ez Leal, apertur\u00f3 el evento, agradeciendo a todas las instancias gubernamentales presentes por asistir y participar activamente en estos cursos que a\u00f1aden nuevos conocimientos en temas de respuesta oportuna en casos de emergencia.<\/p>\n\n\n\n<figure class=\"wp-block-image is-style-default\"><a href=\"https:\/\/cgc.qroo.gob.mx\/cjg\/wp-content\/uploads\/2025\/08\/78e4ed57-64a2-4a1a-a3c0-adb7e8737a8f.jpg\"><img decoding=\"async\" src=\"https:\/\/cgc.qroo.gob.mx\/cjg\/wp-content\/uploads\/2025\/08\/78e4ed57-64a2-4a1a-a3c0-adb7e8737a8f-585x439.jpg\" alt=\"\" title=\"78e4ed57-64a2-4a1a-a3c0-adb7e8737a8f\"\/><\/a><\/figure>\n\n\n\n<p>Dijo que estas importantes acciones de prevenci\u00f3n son impulsadas por la gobernadora del estado, Mara Lezama Espinosa, a trav\u00e9s del Nuevo Acuerdo por el Bienestar y Desarrollo de Quintana Roo, y agradeci\u00f3 tambi\u00e9n el apoyo de la Coordinadora Nacional de Protecci\u00f3n Civil, Laura Vel\u00e1zquez Alz\u00faa, quien, al traer estos cursos, promueve la capacitaci\u00f3n de las brigadas de protecci\u00f3n civil.<\/p>\n\n\n\n<figure class=\"wp-block-image is-style-default\"><a href=\"https:\/\/cgc.qroo.gob.mx\/cjg\/wp-content\/uploads\/2025\/08\/128c662b-4999-4a04-880e-6b84e34d9117.jpg\"><img decoding=\"async\" src=\"https:\/\/cgc.qroo.gob.mx\/cjg\/wp-content\/uploads\/2025\/08\/128c662b-4999-4a04-880e-6b84e34d9117-585x439.jpg\" alt=\"\" title=\"128c662b-4999-4a04-880e-6b84e34d9117\"\/><\/a><\/figure>\n\n\n\n<p>El taller de \u201cAtenci\u00f3n de Emergencias por Huracanes\u201d se imparti\u00f3 en el Planetario Ka\u2019Yok\u2019 de Canc\u00fan y se abordaron temas como \u201cCaracter\u00edsticas de los Fen\u00f3menos Hidrometeorol\u00f3gicos\u201d, \u201cProgramas Especiales de Protecci\u00f3n Civil\u201d, \u201cProtocolo de Actuaci\u00f3n de Huracanes\u201d y \u201cEvaluaci\u00f3n de Da\u00f1os y An\u00e1lisis de Necesidades\u201d, con el prop\u00f3sito de fortalecer los conocimientos te\u00f3ricos y pr\u00e1cticos de autoridades estatales, municipales, cuerpos de emergencia y responsables de tomar decisiones, para mejorar la capacidad de respuesta ante fen\u00f3menos hidrometeorol\u00f3gicos.<\/p>\n\n\n\n<figure class=\"wp-block-image is-style-default\"><a href=\"https:\/\/cgc.qroo.gob.mx\/cjg\/wp-content\/uploads\/2025\/08\/211a8fbc-5365-48e8-8218-f92c67ab8006.jpg\"><img decoding=\"async\" src=\"https:\/\/cgc.qroo.gob.mx\/cjg\/wp-content\/uploads\/2025\/08\/211a8fbc-5365-48e8-8218-f92c67ab8006-585x439.jpg\" alt=\"\" title=\"211a8fbc-5365-48e8-8218-f92c67ab8006\"\/><\/a><\/figure>\n\n\n\n<p>Cabe resaltar que, para poder tomar este taller, se abri\u00f3 un registro que se complet\u00f3 en menos de un d\u00eda, dejando notar el compromiso de las instancias p\u00fablicas que diariamente trabajan para mantener segura a la poblaci\u00f3n. Asimismo, se pudo brindar este curso a m\u00e1s de 165 servidores p\u00fablicos que lograron expandir sus conocimientos y compartir sus experiencias.<\/p>\n\n\n\n<p>A este taller asisti\u00f3 personal de la Comisi\u00f3n Nacional del Agua (CONAGUA), fuerzas armadas como Guardia Nacional (GN), Secretar\u00eda de Marina (SEMAR), Secretar\u00eda de la Defensa Nacional (SEDENA), representantes de diferentes dependencias de gobierno como Secretar\u00eda de Turismo (SEDETUR), Secretar\u00eda de Seguridad Ciudadana (SSC), Secretar\u00eda de Obras P\u00fablicas (SEOP), Comisi\u00f3n de Agua Potable y Alcantarillado (CAPA), directores municipales de Protecci\u00f3n Civil, Bomberos, Cruz Roja Mexicana, \u00c1ngeles Verdes e instancias del sector privado como CANIRAC, Asociados N\u00e1uticos y Asociaci\u00f3n de Hoteles.<\/p>\n\n\n\n<figure class=\"wp-block-image is-style-default\"><a href=\"https:\/\/cgc.qroo.gob.mx\/cjg\/wp-content\/uploads\/2025\/08\/dd13c71b-14c3-4cf1-9acb-003392d53b0d.jpg\"><img decoding=\"async\" src=\"https:\/\/cgc.qroo.gob.mx\/cjg\/wp-content\/uploads\/2025\/08\/dd13c71b-14c3-4cf1-9acb-003392d53b0d-585x439.jpg\" alt=\"\" title=\"dd13c71b-14c3-4cf1-9acb-003392d53b0d\"\/><\/a><\/figure>\n\n\n\n<p>El titular de la COEPROC subray\u00f3 que el trabajo coordinado entre los tres \u00f3rdenes de gobierno genera certezas en la ciudadan\u00eda y enmarca el Nuevo Acuerdo por el Bienestar y Desarrollo de Quintana Roo, que impulsa la gobernadora Mara Lezama Espinosa, y cuyo eje central es la protecci\u00f3n y bienestar de las familias.<\/p>\n","protected":false},"excerpt":{"rendered":"<p>La temporada de lluvias y ciclones tropicales es un per\u00edodo muy importante para nuestro estado, por lo que,<\/p>\n","protected":false},"author":1,"featured_media":20767,"comment_status":"closed","ping_status":"open","sticky":false,"template":"","format":"standard","meta":{"_monsterinsights_skip_tracking":false,"_monsterinsights_sitenote_active":false,"_monsterinsights_sitenote_note":"","_monsterinsights_sitenote_category":0,"footnotes":""},"categories":[11,24],"tags":[],"class_list":["post-20766","post","type-post","status-publish","format-standard","has-post-thumbnail","hentry","category-noticias","category-quintana-roo"],"yoast_head":"<!-- This site is optimized with the Yoast SEO plugin v18.3 - https:\/\/yoast.com\/wordpress\/plugins\/seo\/ -->\n<title>La Coordinaci\u00f3n Nacional de Protecci\u00f3n Civil imparte en Canc\u00fan, el taller de \u201cAtenci\u00f3n de Emergencias por Huracanes\u201d - El Puuc Noticias<\/title>\n<meta name=\"robots\" content=\"index, follow, max-snippet:-1, max-image-preview:large, max-video-preview:-1\" \/>\n<link rel=\"canonical\" href=\"https:\/\/elpuucnoticias.com\/?p=20766\" \/>\n<meta property=\"og:locale\" content=\"es_ES\" \/>\n<meta property=\"og:type\" content=\"article\" \/>\n<meta property=\"og:title\" content=\"La Coordinaci\u00f3n Nacional de Protecci\u00f3n Civil imparte en Canc\u00fan, el taller de \u201cAtenci\u00f3n de Emergencias por Huracanes\u201d - El Puuc Noticias\" \/>\n<meta property=\"og:description\" content=\"La temporada de lluvias y ciclones tropicales es un per\u00edodo muy importante para nuestro estado, por lo que,\" \/>\n<meta property=\"og:url\" content=\"https:\/\/elpuucnoticias.com\/?p=20766\" \/>\n<meta property=\"og:site_name\" content=\"El Puuc Noticias\" \/>\n<meta property=\"article:published_time\" content=\"2025-08-27T19:41:07+00:00\" \/>\n<meta property=\"og:image\" content=\"https:\/\/elpuucnoticias.com\/wp-content\/uploads\/2025\/08\/df4c2b37-6561-4dd8-aeb9-be898da1cccc.jpg\" \/>\n\t<meta property=\"og:image:width\" content=\"1280\" \/>\n\t<meta property=\"og:image:height\" content=\"960\" \/>\n\t<meta property=\"og:image:type\" content=\"image\/jpeg\" \/>\n<meta name=\"twitter:card\" content=\"summary_large_image\" \/>\n<meta name=\"twitter:label1\" content=\"Escrito por\" \/>\n\t<meta name=\"twitter:data1\" content=\"elpuucnoticias\" \/>\n\t<meta name=\"twitter:label2\" content=\"Tiempo de lectura\" \/>\n\t<meta name=\"twitter:data2\" content=\"2 minutos\" \/>\n<script type=\"application\/ld+json\" class=\"yoast-schema-graph\">{\"@context\":\"https:\/\/schema.org\",\"@graph\":[{\"@type\":\"WebSite\",\"@id\":\"https:\/\/elpuucnoticias.com\/#website\",\"url\":\"https:\/\/elpuucnoticias.com\/\",\"name\":\"El Puuc Noticias\",\"description\":\"Noticias - Entretenimiento - Deportes\",\"potentialAction\":[{\"@type\":\"SearchAction\",\"target\":{\"@type\":\"EntryPoint\",\"urlTemplate\":\"https:\/\/elpuucnoticias.com\/?s={search_term_string}\"},\"query-input\":\"required name=search_term_string\"}],\"inLanguage\":\"es\"},{\"@type\":\"ImageObject\",\"@id\":\"https:\/\/elpuucnoticias.com\/?p=20766#primaryimage\",\"inLanguage\":\"es\",\"url\":\"https:\/\/elpuucnoticias.com\/wp-content\/uploads\/2025\/08\/df4c2b37-6561-4dd8-aeb9-be898da1cccc.jpg\",\"contentUrl\":\"https:\/\/elpuucnoticias.com\/wp-content\/uploads\/2025\/08\/df4c2b37-6561-4dd8-aeb9-be898da1cccc.jpg\",\"width\":1280,\"height\":960},{\"@type\":\"WebPage\",\"@id\":\"https:\/\/elpuucnoticias.com\/?p=20766#webpage\",\"url\":\"https:\/\/elpuucnoticias.com\/?p=20766\",\"name\":\"La Coordinaci\u00f3n Nacional de Protecci\u00f3n Civil imparte en Canc\u00fan, el taller de \u201cAtenci\u00f3n de Emergencias por Huracanes\u201d - El Puuc Noticias\",\"isPartOf\":{\"@id\":\"https:\/\/elpuucnoticias.com\/#website\"},\"primaryImageOfPage\":{\"@id\":\"https:\/\/elpuucnoticias.com\/?p=20766#primaryimage\"},\"datePublished\":\"2025-08-27T19:41:07+00:00\",\"dateModified\":\"2025-08-27T19:41:07+00:00\",\"author\":{\"@id\":\"https:\/\/elpuucnoticias.com\/#\/schema\/person\/d2ea09e4c97f0160b11cdfb1d856bd9e\"},\"breadcrumb\":{\"@id\":\"https:\/\/elpuucnoticias.com\/?p=20766#breadcrumb\"},\"inLanguage\":\"es\",\"potentialAction\":[{\"@type\":\"ReadAction\",\"target\":[\"https:\/\/elpuucnoticias.com\/?p=20766\"]}]},{\"@type\":\"BreadcrumbList\",\"@id\":\"https:\/\/elpuucnoticias.com\/?p=20766#breadcrumb\",\"itemListElement\":[{\"@type\":\"ListItem\",\"position\":1,\"name\":\"Portada\",\"item\":\"https:\/\/elpuucnoticias.com\/\"},{\"@type\":\"ListItem\",\"position\":2,\"name\":\"La Coordinaci\u00f3n Nacional de Protecci\u00f3n Civil imparte en Canc\u00fan, el taller de \u201cAtenci\u00f3n de Emergencias por Huracanes\u201d\"}]},{\"@type\":\"Person\",\"@id\":\"https:\/\/elpuucnoticias.com\/#\/schema\/person\/d2ea09e4c97f0160b11cdfb1d856bd9e\",\"name\":\"elpuucnoticias\",\"image\":{\"@type\":\"ImageObject\",\"@id\":\"https:\/\/elpuucnoticias.com\/#personlogo\",\"inLanguage\":\"es\",\"url\":\"https:\/\/secure.gravatar.com\/avatar\/5290a43657c74ffa15701dbe5b846bd85cc71930d803c84e91046a7333de6ce2?s=96&d=mm&r=g\",\"contentUrl\":\"https:\/\/secure.gravatar.com\/avatar\/5290a43657c74ffa15701dbe5b846bd85cc71930d803c84e91046a7333de6ce2?s=96&d=mm&r=g\",\"caption\":\"elpuucnoticias\"},\"sameAs\":[\"https:\/\/elpuucnoticias.com\"],\"url\":\"https:\/\/elpuucnoticias.com\/?author=1\"}]}<\/script>\n<!-- \/ Yoast SEO plugin. -->","yoast_head_json":{"title":"La Coordinaci\u00f3n Nacional de Protecci\u00f3n Civil imparte en Canc\u00fan, el taller de \u201cAtenci\u00f3n de Emergencias por Huracanes\u201d - El Puuc Noticias","robots":{"index":"index","follow":"follow","max-snippet":"max-snippet:-1","max-image-preview":"max-image-preview:large","max-video-preview":"max-video-preview:-1"},"canonical":"https:\/\/elpuucnoticias.com\/?p=20766","og_locale":"es_ES","og_type":"article","og_title":"La Coordinaci\u00f3n Nacional de Protecci\u00f3n Civil imparte en Canc\u00fan, el taller de \u201cAtenci\u00f3n de Emergencias por Huracanes\u201d - El Puuc Noticias","og_description":"La temporada de lluvias y ciclones tropicales es un per\u00edodo muy importante para nuestro estado, por lo que,","og_url":"https:\/\/elpuucnoticias.com\/?p=20766","og_site_name":"El Puuc Noticias","article_published_time":"2025-08-27T19:41:07+00:00","og_image":[{"width":1280,"height":960,"url":"https:\/\/elpuucnoticias.com\/wp-content\/uploads\/2025\/08\/df4c2b37-6561-4dd8-aeb9-be898da1cccc.jpg","type":"image\/jpeg"}],"twitter_card":"summary_large_image","twitter_misc":{"Escrito por":"elpuucnoticias","Tiempo de lectura":"2 minutos"},"schema":{"@context":"https:\/\/schema.org","@graph":[{"@type":"WebSite","@id":"https:\/\/elpuucnoticias.com\/#website","url":"https:\/\/elpuucnoticias.com\/","name":"El Puuc Noticias","description":"Noticias - Entretenimiento - Deportes","potentialAction":[{"@type":"SearchAction","target":{"@type":"EntryPoint","urlTemplate":"https:\/\/elpuucnoticias.com\/?s={search_term_string}"},"query-input":"required name=search_term_string"}],"inLanguage":"es"},{"@type":"ImageObject","@id":"https:\/\/elpuucnoticias.com\/?p=20766#primaryimage","inLanguage":"es","url":"https:\/\/elpuucnoticias.com\/wp-content\/uploads\/2025\/08\/df4c2b37-6561-4dd8-aeb9-be898da1cccc.jpg","contentUrl":"https:\/\/elpuucnoticias.com\/wp-content\/uploads\/2025\/08\/df4c2b37-6561-4dd8-aeb9-be898da1cccc.jpg","width":1280,"height":960},{"@type":"WebPage","@id":"https:\/\/elpuucnoticias.com\/?p=20766#webpage","url":"https:\/\/elpuucnoticias.com\/?p=20766","name":"La Coordinaci\u00f3n Nacional de Protecci\u00f3n Civil imparte en Canc\u00fan, el taller de \u201cAtenci\u00f3n de Emergencias por Huracanes\u201d - El Puuc Noticias","isPartOf":{"@id":"https:\/\/elpuucnoticias.com\/#website"},"primaryImageOfPage":{"@id":"https:\/\/elpuucnoticias.com\/?p=20766#primaryimage"},"datePublished":"2025-08-27T19:41:07+00:00","dateModified":"2025-08-27T19:41:07+00:00","author":{"@id":"https:\/\/elpuucnoticias.com\/#\/schema\/person\/d2ea09e4c97f0160b11cdfb1d856bd9e"},"breadcrumb":{"@id":"https:\/\/elpuucnoticias.com\/?p=20766#breadcrumb"},"inLanguage":"es","potentialAction":[{"@type":"ReadAction","target":["https:\/\/elpuucnoticias.com\/?p=20766"]}]},{"@type":"BreadcrumbList","@id":"https:\/\/elpuucnoticias.com\/?p=20766#breadcrumb","itemListElement":[{"@type":"ListItem","position":1,"name":"Portada","item":"https:\/\/elpuucnoticias.com\/"},{"@type":"ListItem","position":2,"name":"La Coordinaci\u00f3n Nacional de Protecci\u00f3n Civil imparte en Canc\u00fan, el taller de \u201cAtenci\u00f3n de Emergencias por Huracanes\u201d"}]},{"@type":"Person","@id":"https:\/\/elpuucnoticias.com\/#\/schema\/person\/d2ea09e4c97f0160b11cdfb1d856bd9e","name":"elpuucnoticias","image":{"@type":"ImageObject","@id":"https:\/\/elpuucnoticias.com\/#personlogo","inLanguage":"es","url":"https:\/\/secure.gravatar.com\/avatar\/5290a43657c74ffa15701dbe5b846bd85cc71930d803c84e91046a7333de6ce2?s=96&d=mm&r=g","contentUrl":"https:\/\/secure.gravatar.com\/avatar\/5290a43657c74ffa15701dbe5b846bd85cc71930d803c84e91046a7333de6ce2?s=96&d=mm&r=g","caption":"elpuucnoticias"},"sameAs":["https:\/\/elpuucnoticias.com"],"url":"https:\/\/elpuucnoticias.com\/?author=1"}]}},"_links":{"self":[{"href":"https:\/\/elpuucnoticias.com\/index.php?rest_route=\/wp\/v2\/posts\/20766","targetHints":{"allow":["GET"]}}],"collection":[{"href":"https:\/\/elpuucnoticias.com\/index.php?rest_route=\/wp\/v2\/posts"}],"about":[{"href":"https:\/\/elpuucnoticias.com\/index.php?rest_route=\/wp\/v2\/types\/post"}],"author":[{"embeddable":true,"href":"https:\/\/elpuucnoticias.com\/index.php?rest_route=\/wp\/v2\/users\/1"}],"replies":[{"embeddable":true,"href":"https:\/\/elpuucnoticias.com\/index.php?rest_route=%2Fwp%2Fv2%2Fcomments&post=20766"}],"version-history":[{"count":1,"href":"https:\/\/elpuucnoticias.com\/index.php?rest_route=\/wp\/v2\/posts\/20766\/revisions"}],"predecessor-version":[{"id":20768,"href":"https:\/\/elpuucnoticias.com\/index.php?rest_route=\/wp\/v2\/posts\/20766\/revisions\/20768"}],"wp:featuredmedia":[{"embeddable":true,"href":"https:\/\/elpuucnoticias.com\/index.php?rest_route=\/wp\/v2\/media\/20767"}],"wp:attachment":[{"href":"https:\/\/elpuucnoticias.com\/index.php?rest_route=%2Fwp%2Fv2%2Fmedia&parent=20766"}],"wp:term":[{"taxonomy":"category","embeddable":true,"href":"https:\/\/elpuucnoticias.com\/index.php?rest_route=%2Fwp%2Fv2%2Fcategories&post=20766"},{"taxonomy":"post_tag","embeddable":true,"href":"https:\/\/elpuucnoticias.com\/index.php?rest_route=%2Fwp%2Fv2%2Ftags&post=20766"}],"curies":[{"name":"wp","href":"https:\/\/api.w.org\/{rel}","templated":true}]}}