{"id":20772,"date":"2025-08-27T13:48:54","date_gmt":"2025-08-27T19:48:54","guid":{"rendered":"https:\/\/elpuucnoticias.com\/?p=20772"},"modified":"2025-08-27T13:48:54","modified_gmt":"2025-08-27T19:48:54","slug":"impulsa-gobierno-del-estado-respeto-pleno-a-garantias-individuales-de-las-personas-migrantes-indigenas-y-afromexicanas","status":"publish","type":"post","link":"https:\/\/elpuucnoticias.com\/?p=20772","title":{"rendered":"Impulsa Gobierno del Estado respeto pleno a garant\u00edas individuales de las personas migrantes, ind\u00edgenas y afromexicanas"},"content":{"rendered":"\n<p>Como parte de los acuerdos de colaboraci\u00f3n con la Organizaci\u00f3n Internacional para las Migraciones (OIM), el Gobierno del Estado realiz\u00f3 la segunda jornada del \u201cCiclo de capacitaciones a personas servidoras p\u00fablicas que tienen primer contacto con personas migrantes, ind\u00edgenas y afromexicanas 2025\u201d.<\/p>\n\n\n\n<figure class=\"wp-block-image is-style-default\"><a href=\"https:\/\/cgc.qroo.gob.mx\/cjg\/wp-content\/uploads\/2025\/08\/f55a4ec1-e95d-40ad-959d-955d6bc34f79.jpg\"><img decoding=\"async\" src=\"https:\/\/cgc.qroo.gob.mx\/cjg\/wp-content\/uploads\/2025\/08\/f55a4ec1-e95d-40ad-959d-955d6bc34f79-585x439.jpg\" alt=\"\" title=\"f55a4ec1-e95d-40ad-959d-955d6bc34f79\"\/><\/a><\/figure>\n\n\n\n<p>Con esta acci\u00f3n, el gobierno de la transformaci\u00f3n, humanista con coraz\u00f3n feminista que encabeza la gobernadora Mara Lezama Espinosa, garantiza y salvaguarda los derechos humanos de las personas migrantes que est\u00e9n de paso o viviendo en Quintana Roo.<\/p>\n\n\n\n<p>La jornada de capacitaci\u00f3n, en la que participaron 160 personas servidoras p\u00fablicas, fue coordinada por el titular de la Direcci\u00f3n de Atenci\u00f3n a Migrantes y Asuntos Internacionales de la Secretar\u00eda de Gobierno, Fernando Hern\u00e1ndez Ram\u00edrez.<\/p>\n\n\n\n<figure class=\"wp-block-image is-style-default\"><a href=\"https:\/\/cgc.qroo.gob.mx\/cjg\/wp-content\/uploads\/2025\/08\/b19b9c33-1f25-42a3-bd9f-3a1b80019f8e.jpg\"><img decoding=\"async\" src=\"https:\/\/cgc.qroo.gob.mx\/cjg\/wp-content\/uploads\/2025\/08\/b19b9c33-1f25-42a3-bd9f-3a1b80019f8e-585x329.jpg\" alt=\"\" title=\"b19b9c33-1f25-42a3-bd9f-3a1b80019f8e\"\/><\/a><\/figure>\n\n\n\n<p>Especific\u00f3 que esta capacitaci\u00f3n estuvo dirigida a personas servidoras p\u00fablicas que tienen primer contacto con personas migrantes, ind\u00edgenas y afromexicanas que est\u00e9n de paso o viviendo en el Estado, con el fin de garantizar y salvaguardar sus derechos como personas.<\/p>\n\n\n\n<p>La sede de labores fueron las instalaciones de la Academia de Polic\u00edas y tuvo como tema central el denominado \u201cEnfoque Especializado para la Trata de Personas Migrantes\u201d.<\/p>\n\n\n\n<figure class=\"wp-block-image is-style-default\"><a href=\"https:\/\/cgc.qroo.gob.mx\/cjg\/wp-content\/uploads\/2025\/08\/e116c0bb-72f4-4a54-a30a-a366896f3e05.jpg\"><img decoding=\"async\" src=\"https:\/\/cgc.qroo.gob.mx\/cjg\/wp-content\/uploads\/2025\/08\/e116c0bb-72f4-4a54-a30a-a366896f3e05-585x439.jpg\" alt=\"\" title=\"e116c0bb-72f4-4a54-a30a-a366896f3e05\"\/><\/a><\/figure>\n\n\n\n<p>En total, se realizar\u00e1n cuatro jornadas de capacitaci\u00f3n a fin de, como lo establece el Nuevo Acuerdo por el Bienestar y Desarrollo de Quintana Roo, consolidar un servicio p\u00fablico que respeta y garantiza los derechos de las personas migrantes, ind\u00edgenas y afromexicanas.<\/p>\n","protected":false},"excerpt":{"rendered":"<p>Como parte de los acuerdos de colaboraci\u00f3n con la Organizaci\u00f3n Internacional para las Migraciones (OIM), el Gobierno del<\/p>\n","protected":false},"author":1,"featured_media":20773,"comment_status":"closed","ping_status":"open","sticky":false,"template":"","format":"standard","meta":{"_monsterinsights_skip_tracking":false,"_monsterinsights_sitenote_active":false,"_monsterinsights_sitenote_note":"","_monsterinsights_sitenote_category":0,"footnotes":""},"categories":[11,24],"tags":[],"class_list":["post-20772","post","type-post","status-publish","format-standard","has-post-thumbnail","hentry","category-noticias","category-quintana-roo"],"yoast_head":"<!-- This site is optimized with the Yoast SEO plugin v18.3 - https:\/\/yoast.com\/wordpress\/plugins\/seo\/ -->\n<title>Impulsa Gobierno del Estado respeto pleno a garant\u00edas individuales de las personas migrantes, ind\u00edgenas y afromexicanas - El Puuc Noticias<\/title>\n<meta name=\"robots\" content=\"index, follow, max-snippet:-1, max-image-preview:large, max-video-preview:-1\" \/>\n<link rel=\"canonical\" href=\"https:\/\/elpuucnoticias.com\/?p=20772\" \/>\n<meta property=\"og:locale\" content=\"es_ES\" \/>\n<meta property=\"og:type\" content=\"article\" \/>\n<meta property=\"og:title\" content=\"Impulsa Gobierno del Estado respeto pleno a garant\u00edas individuales de las personas migrantes, ind\u00edgenas y afromexicanas - El Puuc Noticias\" \/>\n<meta property=\"og:description\" content=\"Como parte de los acuerdos de colaboraci\u00f3n con la Organizaci\u00f3n Internacional para las Migraciones (OIM), el Gobierno del\" \/>\n<meta property=\"og:url\" content=\"https:\/\/elpuucnoticias.com\/?p=20772\" \/>\n<meta property=\"og:site_name\" content=\"El Puuc Noticias\" \/>\n<meta property=\"article:published_time\" content=\"2025-08-27T19:48:54+00:00\" \/>\n<meta property=\"og:image\" content=\"https:\/\/elpuucnoticias.com\/wp-content\/uploads\/2025\/08\/73f8ccf2-108a-4dfa-af19-78d500568253.jpg\" \/>\n\t<meta property=\"og:image:width\" content=\"1600\" \/>\n\t<meta property=\"og:image:height\" content=\"1017\" \/>\n\t<meta property=\"og:image:type\" content=\"image\/jpeg\" \/>\n<meta name=\"twitter:card\" content=\"summary_large_image\" \/>\n<meta name=\"twitter:label1\" content=\"Escrito por\" \/>\n\t<meta name=\"twitter:data1\" content=\"elpuucnoticias\" \/>\n\t<meta name=\"twitter:label2\" content=\"Tiempo de lectura\" \/>\n\t<meta name=\"twitter:data2\" content=\"1 minuto\" \/>\n<script type=\"application\/ld+json\" class=\"yoast-schema-graph\">{\"@context\":\"https:\/\/schema.org\",\"@graph\":[{\"@type\":\"WebSite\",\"@id\":\"https:\/\/elpuucnoticias.com\/#website\",\"url\":\"https:\/\/elpuucnoticias.com\/\",\"name\":\"El Puuc Noticias\",\"description\":\"Noticias - Entretenimiento - Deportes\",\"potentialAction\":[{\"@type\":\"SearchAction\",\"target\":{\"@type\":\"EntryPoint\",\"urlTemplate\":\"https:\/\/elpuucnoticias.com\/?s={search_term_string}\"},\"query-input\":\"required name=search_term_string\"}],\"inLanguage\":\"es\"},{\"@type\":\"ImageObject\",\"@id\":\"https:\/\/elpuucnoticias.com\/?p=20772#primaryimage\",\"inLanguage\":\"es\",\"url\":\"https:\/\/elpuucnoticias.com\/wp-content\/uploads\/2025\/08\/73f8ccf2-108a-4dfa-af19-78d500568253.jpg\",\"contentUrl\":\"https:\/\/elpuucnoticias.com\/wp-content\/uploads\/2025\/08\/73f8ccf2-108a-4dfa-af19-78d500568253.jpg\",\"width\":1600,\"height\":1017},{\"@type\":\"WebPage\",\"@id\":\"https:\/\/elpuucnoticias.com\/?p=20772#webpage\",\"url\":\"https:\/\/elpuucnoticias.com\/?p=20772\",\"name\":\"Impulsa Gobierno del Estado respeto pleno a garant\u00edas individuales de las personas migrantes, ind\u00edgenas y afromexicanas - El Puuc Noticias\",\"isPartOf\":{\"@id\":\"https:\/\/elpuucnoticias.com\/#website\"},\"primaryImageOfPage\":{\"@id\":\"https:\/\/elpuucnoticias.com\/?p=20772#primaryimage\"},\"datePublished\":\"2025-08-27T19:48:54+00:00\",\"dateModified\":\"2025-08-27T19:48:54+00:00\",\"author\":{\"@id\":\"https:\/\/elpuucnoticias.com\/#\/schema\/person\/d2ea09e4c97f0160b11cdfb1d856bd9e\"},\"breadcrumb\":{\"@id\":\"https:\/\/elpuucnoticias.com\/?p=20772#breadcrumb\"},\"inLanguage\":\"es\",\"potentialAction\":[{\"@type\":\"ReadAction\",\"target\":[\"https:\/\/elpuucnoticias.com\/?p=20772\"]}]},{\"@type\":\"BreadcrumbList\",\"@id\":\"https:\/\/elpuucnoticias.com\/?p=20772#breadcrumb\",\"itemListElement\":[{\"@type\":\"ListItem\",\"position\":1,\"name\":\"Portada\",\"item\":\"https:\/\/elpuucnoticias.com\/\"},{\"@type\":\"ListItem\",\"position\":2,\"name\":\"Impulsa Gobierno del Estado respeto pleno a garant\u00edas individuales de las personas migrantes, ind\u00edgenas y afromexicanas\"}]},{\"@type\":\"Person\",\"@id\":\"https:\/\/elpuucnoticias.com\/#\/schema\/person\/d2ea09e4c97f0160b11cdfb1d856bd9e\",\"name\":\"elpuucnoticias\",\"image\":{\"@type\":\"ImageObject\",\"@id\":\"https:\/\/elpuucnoticias.com\/#personlogo\",\"inLanguage\":\"es\",\"url\":\"https:\/\/secure.gravatar.com\/avatar\/5290a43657c74ffa15701dbe5b846bd85cc71930d803c84e91046a7333de6ce2?s=96&d=mm&r=g\",\"contentUrl\":\"https:\/\/secure.gravatar.com\/avatar\/5290a43657c74ffa15701dbe5b846bd85cc71930d803c84e91046a7333de6ce2?s=96&d=mm&r=g\",\"caption\":\"elpuucnoticias\"},\"sameAs\":[\"https:\/\/elpuucnoticias.com\"],\"url\":\"https:\/\/elpuucnoticias.com\/?author=1\"}]}<\/script>\n<!-- \/ Yoast SEO plugin. -->","yoast_head_json":{"title":"Impulsa Gobierno del Estado respeto pleno a garant\u00edas individuales de las personas migrantes, ind\u00edgenas y afromexicanas - El Puuc Noticias","robots":{"index":"index","follow":"follow","max-snippet":"max-snippet:-1","max-image-preview":"max-image-preview:large","max-video-preview":"max-video-preview:-1"},"canonical":"https:\/\/elpuucnoticias.com\/?p=20772","og_locale":"es_ES","og_type":"article","og_title":"Impulsa Gobierno del Estado respeto pleno a garant\u00edas individuales de las personas migrantes, ind\u00edgenas y afromexicanas - El Puuc Noticias","og_description":"Como parte de los acuerdos de colaboraci\u00f3n con la Organizaci\u00f3n Internacional para las Migraciones (OIM), el Gobierno del","og_url":"https:\/\/elpuucnoticias.com\/?p=20772","og_site_name":"El Puuc Noticias","article_published_time":"2025-08-27T19:48:54+00:00","og_image":[{"width":1600,"height":1017,"url":"https:\/\/elpuucnoticias.com\/wp-content\/uploads\/2025\/08\/73f8ccf2-108a-4dfa-af19-78d500568253.jpg","type":"image\/jpeg"}],"twitter_card":"summary_large_image","twitter_misc":{"Escrito por":"elpuucnoticias","Tiempo de lectura":"1 minuto"},"schema":{"@context":"https:\/\/schema.org","@graph":[{"@type":"WebSite","@id":"https:\/\/elpuucnoticias.com\/#website","url":"https:\/\/elpuucnoticias.com\/","name":"El Puuc Noticias","description":"Noticias - Entretenimiento - Deportes","potentialAction":[{"@type":"SearchAction","target":{"@type":"EntryPoint","urlTemplate":"https:\/\/elpuucnoticias.com\/?s={search_term_string}"},"query-input":"required name=search_term_string"}],"inLanguage":"es"},{"@type":"ImageObject","@id":"https:\/\/elpuucnoticias.com\/?p=20772#primaryimage","inLanguage":"es","url":"https:\/\/elpuucnoticias.com\/wp-content\/uploads\/2025\/08\/73f8ccf2-108a-4dfa-af19-78d500568253.jpg","contentUrl":"https:\/\/elpuucnoticias.com\/wp-content\/uploads\/2025\/08\/73f8ccf2-108a-4dfa-af19-78d500568253.jpg","width":1600,"height":1017},{"@type":"WebPage","@id":"https:\/\/elpuucnoticias.com\/?p=20772#webpage","url":"https:\/\/elpuucnoticias.com\/?p=20772","name":"Impulsa Gobierno del Estado respeto pleno a garant\u00edas individuales de las personas migrantes, ind\u00edgenas y afromexicanas - El Puuc Noticias","isPartOf":{"@id":"https:\/\/elpuucnoticias.com\/#website"},"primaryImageOfPage":{"@id":"https:\/\/elpuucnoticias.com\/?p=20772#primaryimage"},"datePublished":"2025-08-27T19:48:54+00:00","dateModified":"2025-08-27T19:48:54+00:00","author":{"@id":"https:\/\/elpuucnoticias.com\/#\/schema\/person\/d2ea09e4c97f0160b11cdfb1d856bd9e"},"breadcrumb":{"@id":"https:\/\/elpuucnoticias.com\/?p=20772#breadcrumb"},"inLanguage":"es","potentialAction":[{"@type":"ReadAction","target":["https:\/\/elpuucnoticias.com\/?p=20772"]}]},{"@type":"BreadcrumbList","@id":"https:\/\/elpuucnoticias.com\/?p=20772#breadcrumb","itemListElement":[{"@type":"ListItem","position":1,"name":"Portada","item":"https:\/\/elpuucnoticias.com\/"},{"@type":"ListItem","position":2,"name":"Impulsa Gobierno del Estado respeto pleno a garant\u00edas individuales de las personas migrantes, ind\u00edgenas y afromexicanas"}]},{"@type":"Person","@id":"https:\/\/elpuucnoticias.com\/#\/schema\/person\/d2ea09e4c97f0160b11cdfb1d856bd9e","name":"elpuucnoticias","image":{"@type":"ImageObject","@id":"https:\/\/elpuucnoticias.com\/#personlogo","inLanguage":"es","url":"https:\/\/secure.gravatar.com\/avatar\/5290a43657c74ffa15701dbe5b846bd85cc71930d803c84e91046a7333de6ce2?s=96&d=mm&r=g","contentUrl":"https:\/\/secure.gravatar.com\/avatar\/5290a43657c74ffa15701dbe5b846bd85cc71930d803c84e91046a7333de6ce2?s=96&d=mm&r=g","caption":"elpuucnoticias"},"sameAs":["https:\/\/elpuucnoticias.com"],"url":"https:\/\/elpuucnoticias.com\/?author=1"}]}},"_links":{"self":[{"href":"https:\/\/elpuucnoticias.com\/index.php?rest_route=\/wp\/v2\/posts\/20772","targetHints":{"allow":["GET"]}}],"collection":[{"href":"https:\/\/elpuucnoticias.com\/index.php?rest_route=\/wp\/v2\/posts"}],"about":[{"href":"https:\/\/elpuucnoticias.com\/index.php?rest_route=\/wp\/v2\/types\/post"}],"author":[{"embeddable":true,"href":"https:\/\/elpuucnoticias.com\/index.php?rest_route=\/wp\/v2\/users\/1"}],"replies":[{"embeddable":true,"href":"https:\/\/elpuucnoticias.com\/index.php?rest_route=%2Fwp%2Fv2%2Fcomments&post=20772"}],"version-history":[{"count":1,"href":"https:\/\/elpuucnoticias.com\/index.php?rest_route=\/wp\/v2\/posts\/20772\/revisions"}],"predecessor-version":[{"id":20774,"href":"https:\/\/elpuucnoticias.com\/index.php?rest_route=\/wp\/v2\/posts\/20772\/revisions\/20774"}],"wp:featuredmedia":[{"embeddable":true,"href":"https:\/\/elpuucnoticias.com\/index.php?rest_route=\/wp\/v2\/media\/20773"}],"wp:attachment":[{"href":"https:\/\/elpuucnoticias.com\/index.php?rest_route=%2Fwp%2Fv2%2Fmedia&parent=20772"}],"wp:term":[{"taxonomy":"category","embeddable":true,"href":"https:\/\/elpuucnoticias.com\/index.php?rest_route=%2Fwp%2Fv2%2Fcategories&post=20772"},{"taxonomy":"post_tag","embeddable":true,"href":"https:\/\/elpuucnoticias.com\/index.php?rest_route=%2Fwp%2Fv2%2Ftags&post=20772"}],"curies":[{"name":"wp","href":"https:\/\/api.w.org\/{rel}","templated":true}]}}