{"id":20786,"date":"2025-08-28T11:56:53","date_gmt":"2025-08-28T17:56:53","guid":{"rendered":"https:\/\/elpuucnoticias.com\/?p=20786"},"modified":"2025-08-28T11:56:53","modified_gmt":"2025-08-28T17:56:53","slug":"sentenciado-a-35-anos-de-prision-por-homicidio-en-ticul","status":"publish","type":"post","link":"https:\/\/elpuucnoticias.com\/?p=20786","title":{"rendered":"Sentenciado a 35 a\u00f1os de prisi\u00f3n por homicidio en Ticul"},"content":{"rendered":"\n<p>Tras ser declarado penalmente responsable del delito de homicidio calificado en raz\u00f3n del parentesco, M.A.P.Ch. fue sentenciado a 35 a\u00f1os de prisi\u00f3n y al pago de m\u00e1s de un mill\u00f3n, novecientos mil pesos en concepto de reparaci\u00f3n del da\u00f1o por la muerte de su madre en Ticul.<\/p>\n\n\n\n<p>La Fiscal\u00eda General del Estado (FGE) aport\u00f3 las pruebas periciales, documentales y testimoniales suficientes para que los integrantes del Tribunal Colegiado Segundo de Enjuiciamiento otorgaran un fallo condenatorio al comprobarse su responsabilidad en los hechos ocurridos el mes de agosto del a\u00f1o 2022 en el domicilio de la v\u00edctima en la citada localidad.<\/p>\n\n\n\n<p>Durante la audiencia de individualizaci\u00f3n de sanciones, se sentenci\u00f3 al condenado, adem\u00e1s de la pena privativa de la libertad y pago de la reparaci\u00f3n del da\u00f1o, a perder sus derechos de familia, se le suspendieron sus derechos pol\u00edticos y no podr\u00e1 acercarse a la v\u00edctima indirecta por tres a\u00f1os m\u00e1s despu\u00e9s de compurgar su pena en prisi\u00f3n.<\/p>\n\n\n\n<p>De los hechos juzgados, cabe recordar que durante la etapa inicial del proceso se desahog\u00f3 bajo la causa penal 55\/2022 en el Juzgado de Control del Tercer Distrito Judicial con sede en Tekax.<\/p>\n\n\n\n<p>De acuerdo con la indagatoria realizada por los especialistas de la Fiscal\u00eda, el cinco de agosto del 2022, el sentenciado se encontraba en el domicilio de su madre, a quien atac\u00f3 en repetidas ocasiones con un cuchillo, provoc\u00e1ndole lesiones que le causaron la muerte por un traumatismo cervical abierto secundario a heridas por arma blanca, tal como dictamin\u00f3 un perito del Servicio M\u00e9dico Forense.<\/p>\n","protected":false},"excerpt":{"rendered":"<p>Tras ser declarado penalmente responsable del delito de homicidio calificado en raz\u00f3n del parentesco, M.A.P.Ch. fue sentenciado a<\/p>\n","protected":false},"author":1,"featured_media":9272,"comment_status":"closed","ping_status":"open","sticky":false,"template":"","format":"standard","meta":{"_monsterinsights_skip_tracking":false,"_monsterinsights_sitenote_active":false,"_monsterinsights_sitenote_note":"","_monsterinsights_sitenote_category":0,"footnotes":""},"categories":[11,3],"tags":[],"class_list":["post-20786","post","type-post","status-publish","format-standard","has-post-thumbnail","hentry","category-noticias","category-policiacas"],"yoast_head":"<!-- This site is optimized with the Yoast SEO plugin v18.3 - https:\/\/yoast.com\/wordpress\/plugins\/seo\/ -->\n<title>Sentenciado a 35 a\u00f1os de prisi\u00f3n por homicidio en Ticul - El Puuc Noticias<\/title>\n<meta name=\"robots\" content=\"index, follow, max-snippet:-1, max-image-preview:large, max-video-preview:-1\" \/>\n<link rel=\"canonical\" href=\"https:\/\/elpuucnoticias.com\/?p=20786\" \/>\n<meta property=\"og:locale\" content=\"es_ES\" \/>\n<meta property=\"og:type\" content=\"article\" \/>\n<meta property=\"og:title\" content=\"Sentenciado a 35 a\u00f1os de prisi\u00f3n por homicidio en Ticul - El Puuc Noticias\" \/>\n<meta property=\"og:description\" content=\"Tras ser declarado penalmente responsable del delito de homicidio calificado en raz\u00f3n del parentesco, M.A.P.Ch. fue sentenciado a\" \/>\n<meta property=\"og:url\" content=\"https:\/\/elpuucnoticias.com\/?p=20786\" \/>\n<meta property=\"og:site_name\" content=\"El Puuc Noticias\" \/>\n<meta property=\"article:published_time\" content=\"2025-08-28T17:56:53+00:00\" \/>\n<meta property=\"og:image\" content=\"https:\/\/elpuucnoticias.com\/wp-content\/uploads\/2023\/09\/fiscalia-peritos.jpg\" \/>\n\t<meta property=\"og:image:width\" content=\"1492\" \/>\n\t<meta property=\"og:image:height\" content=\"995\" \/>\n\t<meta property=\"og:image:type\" content=\"image\/jpeg\" \/>\n<meta name=\"twitter:card\" content=\"summary_large_image\" \/>\n<meta name=\"twitter:label1\" content=\"Escrito por\" \/>\n\t<meta name=\"twitter:data1\" content=\"elpuucnoticias\" \/>\n\t<meta name=\"twitter:label2\" content=\"Tiempo de lectura\" \/>\n\t<meta name=\"twitter:data2\" content=\"1 minuto\" \/>\n<script type=\"application\/ld+json\" class=\"yoast-schema-graph\">{\"@context\":\"https:\/\/schema.org\",\"@graph\":[{\"@type\":\"WebSite\",\"@id\":\"https:\/\/elpuucnoticias.com\/#website\",\"url\":\"https:\/\/elpuucnoticias.com\/\",\"name\":\"El Puuc Noticias\",\"description\":\"Noticias - Entretenimiento - Deportes\",\"potentialAction\":[{\"@type\":\"SearchAction\",\"target\":{\"@type\":\"EntryPoint\",\"urlTemplate\":\"https:\/\/elpuucnoticias.com\/?s={search_term_string}\"},\"query-input\":\"required name=search_term_string\"}],\"inLanguage\":\"es\"},{\"@type\":\"ImageObject\",\"@id\":\"https:\/\/elpuucnoticias.com\/?p=20786#primaryimage\",\"inLanguage\":\"es\",\"url\":\"https:\/\/elpuucnoticias.com\/wp-content\/uploads\/2023\/09\/fiscalia-peritos.jpg\",\"contentUrl\":\"https:\/\/elpuucnoticias.com\/wp-content\/uploads\/2023\/09\/fiscalia-peritos.jpg\",\"width\":1492,\"height\":995},{\"@type\":\"WebPage\",\"@id\":\"https:\/\/elpuucnoticias.com\/?p=20786#webpage\",\"url\":\"https:\/\/elpuucnoticias.com\/?p=20786\",\"name\":\"Sentenciado a 35 a\u00f1os de prisi\u00f3n por homicidio en Ticul - El Puuc Noticias\",\"isPartOf\":{\"@id\":\"https:\/\/elpuucnoticias.com\/#website\"},\"primaryImageOfPage\":{\"@id\":\"https:\/\/elpuucnoticias.com\/?p=20786#primaryimage\"},\"datePublished\":\"2025-08-28T17:56:53+00:00\",\"dateModified\":\"2025-08-28T17:56:53+00:00\",\"author\":{\"@id\":\"https:\/\/elpuucnoticias.com\/#\/schema\/person\/d2ea09e4c97f0160b11cdfb1d856bd9e\"},\"breadcrumb\":{\"@id\":\"https:\/\/elpuucnoticias.com\/?p=20786#breadcrumb\"},\"inLanguage\":\"es\",\"potentialAction\":[{\"@type\":\"ReadAction\",\"target\":[\"https:\/\/elpuucnoticias.com\/?p=20786\"]}]},{\"@type\":\"BreadcrumbList\",\"@id\":\"https:\/\/elpuucnoticias.com\/?p=20786#breadcrumb\",\"itemListElement\":[{\"@type\":\"ListItem\",\"position\":1,\"name\":\"Portada\",\"item\":\"https:\/\/elpuucnoticias.com\/\"},{\"@type\":\"ListItem\",\"position\":2,\"name\":\"Sentenciado a 35 a\u00f1os de prisi\u00f3n por homicidio en Ticul\"}]},{\"@type\":\"Person\",\"@id\":\"https:\/\/elpuucnoticias.com\/#\/schema\/person\/d2ea09e4c97f0160b11cdfb1d856bd9e\",\"name\":\"elpuucnoticias\",\"image\":{\"@type\":\"ImageObject\",\"@id\":\"https:\/\/elpuucnoticias.com\/#personlogo\",\"inLanguage\":\"es\",\"url\":\"https:\/\/secure.gravatar.com\/avatar\/5290a43657c74ffa15701dbe5b846bd85cc71930d803c84e91046a7333de6ce2?s=96&d=mm&r=g\",\"contentUrl\":\"https:\/\/secure.gravatar.com\/avatar\/5290a43657c74ffa15701dbe5b846bd85cc71930d803c84e91046a7333de6ce2?s=96&d=mm&r=g\",\"caption\":\"elpuucnoticias\"},\"sameAs\":[\"https:\/\/elpuucnoticias.com\"],\"url\":\"https:\/\/elpuucnoticias.com\/?author=1\"}]}<\/script>\n<!-- \/ Yoast SEO plugin. -->","yoast_head_json":{"title":"Sentenciado a 35 a\u00f1os de prisi\u00f3n por homicidio en Ticul - El Puuc Noticias","robots":{"index":"index","follow":"follow","max-snippet":"max-snippet:-1","max-image-preview":"max-image-preview:large","max-video-preview":"max-video-preview:-1"},"canonical":"https:\/\/elpuucnoticias.com\/?p=20786","og_locale":"es_ES","og_type":"article","og_title":"Sentenciado a 35 a\u00f1os de prisi\u00f3n por homicidio en Ticul - El Puuc Noticias","og_description":"Tras ser declarado penalmente responsable del delito de homicidio calificado en raz\u00f3n del parentesco, M.A.P.Ch. fue sentenciado a","og_url":"https:\/\/elpuucnoticias.com\/?p=20786","og_site_name":"El Puuc Noticias","article_published_time":"2025-08-28T17:56:53+00:00","og_image":[{"width":1492,"height":995,"url":"https:\/\/elpuucnoticias.com\/wp-content\/uploads\/2023\/09\/fiscalia-peritos.jpg","type":"image\/jpeg"}],"twitter_card":"summary_large_image","twitter_misc":{"Escrito por":"elpuucnoticias","Tiempo de lectura":"1 minuto"},"schema":{"@context":"https:\/\/schema.org","@graph":[{"@type":"WebSite","@id":"https:\/\/elpuucnoticias.com\/#website","url":"https:\/\/elpuucnoticias.com\/","name":"El Puuc Noticias","description":"Noticias - Entretenimiento - Deportes","potentialAction":[{"@type":"SearchAction","target":{"@type":"EntryPoint","urlTemplate":"https:\/\/elpuucnoticias.com\/?s={search_term_string}"},"query-input":"required name=search_term_string"}],"inLanguage":"es"},{"@type":"ImageObject","@id":"https:\/\/elpuucnoticias.com\/?p=20786#primaryimage","inLanguage":"es","url":"https:\/\/elpuucnoticias.com\/wp-content\/uploads\/2023\/09\/fiscalia-peritos.jpg","contentUrl":"https:\/\/elpuucnoticias.com\/wp-content\/uploads\/2023\/09\/fiscalia-peritos.jpg","width":1492,"height":995},{"@type":"WebPage","@id":"https:\/\/elpuucnoticias.com\/?p=20786#webpage","url":"https:\/\/elpuucnoticias.com\/?p=20786","name":"Sentenciado a 35 a\u00f1os de prisi\u00f3n por homicidio en Ticul - El Puuc Noticias","isPartOf":{"@id":"https:\/\/elpuucnoticias.com\/#website"},"primaryImageOfPage":{"@id":"https:\/\/elpuucnoticias.com\/?p=20786#primaryimage"},"datePublished":"2025-08-28T17:56:53+00:00","dateModified":"2025-08-28T17:56:53+00:00","author":{"@id":"https:\/\/elpuucnoticias.com\/#\/schema\/person\/d2ea09e4c97f0160b11cdfb1d856bd9e"},"breadcrumb":{"@id":"https:\/\/elpuucnoticias.com\/?p=20786#breadcrumb"},"inLanguage":"es","potentialAction":[{"@type":"ReadAction","target":["https:\/\/elpuucnoticias.com\/?p=20786"]}]},{"@type":"BreadcrumbList","@id":"https:\/\/elpuucnoticias.com\/?p=20786#breadcrumb","itemListElement":[{"@type":"ListItem","position":1,"name":"Portada","item":"https:\/\/elpuucnoticias.com\/"},{"@type":"ListItem","position":2,"name":"Sentenciado a 35 a\u00f1os de prisi\u00f3n por homicidio en Ticul"}]},{"@type":"Person","@id":"https:\/\/elpuucnoticias.com\/#\/schema\/person\/d2ea09e4c97f0160b11cdfb1d856bd9e","name":"elpuucnoticias","image":{"@type":"ImageObject","@id":"https:\/\/elpuucnoticias.com\/#personlogo","inLanguage":"es","url":"https:\/\/secure.gravatar.com\/avatar\/5290a43657c74ffa15701dbe5b846bd85cc71930d803c84e91046a7333de6ce2?s=96&d=mm&r=g","contentUrl":"https:\/\/secure.gravatar.com\/avatar\/5290a43657c74ffa15701dbe5b846bd85cc71930d803c84e91046a7333de6ce2?s=96&d=mm&r=g","caption":"elpuucnoticias"},"sameAs":["https:\/\/elpuucnoticias.com"],"url":"https:\/\/elpuucnoticias.com\/?author=1"}]}},"_links":{"self":[{"href":"https:\/\/elpuucnoticias.com\/index.php?rest_route=\/wp\/v2\/posts\/20786","targetHints":{"allow":["GET"]}}],"collection":[{"href":"https:\/\/elpuucnoticias.com\/index.php?rest_route=\/wp\/v2\/posts"}],"about":[{"href":"https:\/\/elpuucnoticias.com\/index.php?rest_route=\/wp\/v2\/types\/post"}],"author":[{"embeddable":true,"href":"https:\/\/elpuucnoticias.com\/index.php?rest_route=\/wp\/v2\/users\/1"}],"replies":[{"embeddable":true,"href":"https:\/\/elpuucnoticias.com\/index.php?rest_route=%2Fwp%2Fv2%2Fcomments&post=20786"}],"version-history":[{"count":1,"href":"https:\/\/elpuucnoticias.com\/index.php?rest_route=\/wp\/v2\/posts\/20786\/revisions"}],"predecessor-version":[{"id":20787,"href":"https:\/\/elpuucnoticias.com\/index.php?rest_route=\/wp\/v2\/posts\/20786\/revisions\/20787"}],"wp:featuredmedia":[{"embeddable":true,"href":"https:\/\/elpuucnoticias.com\/index.php?rest_route=\/wp\/v2\/media\/9272"}],"wp:attachment":[{"href":"https:\/\/elpuucnoticias.com\/index.php?rest_route=%2Fwp%2Fv2%2Fmedia&parent=20786"}],"wp:term":[{"taxonomy":"category","embeddable":true,"href":"https:\/\/elpuucnoticias.com\/index.php?rest_route=%2Fwp%2Fv2%2Fcategories&post=20786"},{"taxonomy":"post_tag","embeddable":true,"href":"https:\/\/elpuucnoticias.com\/index.php?rest_route=%2Fwp%2Fv2%2Ftags&post=20786"}],"curies":[{"name":"wp","href":"https:\/\/api.w.org\/{rel}","templated":true}]}}