{"id":20794,"date":"2025-08-28T12:16:43","date_gmt":"2025-08-28T18:16:43","guid":{"rendered":"https:\/\/elpuucnoticias.com\/?p=20794"},"modified":"2025-08-28T12:16:45","modified_gmt":"2025-08-28T18:16:45","slug":"trabajan-los-tres-ordenes-de-gobierno-en-coordinacion-para-sofocar-el-incendio-originado-en-holbox","status":"publish","type":"post","link":"https:\/\/elpuucnoticias.com\/?p=20794","title":{"rendered":"Trabajan los tres \u00f3rdenes de gobierno en coordinaci\u00f3n para sofocar el incendio originado en Holbox"},"content":{"rendered":"\n<p>La Coordinaci\u00f3n Estatal de Protecci\u00f3n Civil (COEPROC) informa que al d\u00eda de hoy, contin\u00faa activo el incendio forestal de tipo arbustivo ubicado a 20 kil\u00f3metros al noroeste de la localidad de Holbox, el cual inici\u00f3 el pasado 22 de agosto y ha afectado aproximadamente 150 hect\u00e1reas.<\/p>\n\n\n\n<figure class=\"wp-block-image is-style-default\"><a href=\"https:\/\/cgc.qroo.gob.mx\/cjg\/wp-content\/uploads\/2025\/08\/82240fc7-e3e9-45b9-a3e9-81f78fd506a4.jpg\"><img decoding=\"async\" src=\"https:\/\/cgc.qroo.gob.mx\/cjg\/wp-content\/uploads\/2025\/08\/82240fc7-e3e9-45b9-a3e9-81f78fd506a4-585x439.jpg\" alt=\"\" title=\"82240fc7-e3e9-45b9-a3e9-81f78fd506a4\"\/><\/a><\/figure>\n\n\n\n<p>Actualmente se reporta un 40 por ciento de control y un 30 por ciento de liquidaci\u00f3n del siniestro, gracias al trabajo coordinado de 82 combatientes pertenecientes a la Comisi\u00f3n Nacional Forestal (CONAFOR), la Direcci\u00f3n de Protecci\u00f3n Civil Municipal, la Comisi\u00f3n Nacional de \u00c1reas Naturales Protegidas (CONANP), la Secretar\u00eda de la Defensa Nacional (SEDENA), Guardia Nacional (GN), Secretar\u00eda de Marina (SEMAR), Bomberos y COEPROC.<\/p>\n\n\n\n<figure class=\"wp-block-image is-style-default\"><a href=\"https:\/\/cgc.qroo.gob.mx\/cjg\/wp-content\/uploads\/2025\/08\/42d7c257-7d59-4114-b040-bdcf80cdb312.jpg\"><img decoding=\"async\" src=\"https:\/\/cgc.qroo.gob.mx\/cjg\/wp-content\/uploads\/2025\/08\/42d7c257-7d59-4114-b040-bdcf80cdb312.jpg\" alt=\"\" title=\"42d7c257-7d59-4114-b040-bdcf80cdb312\"\/><\/a><\/figure>\n\n\n\n<p>Para el combate se han desplegado 3 veh\u00edculos de la CONAFOR, uno de Protecci\u00f3n Civil, 4 lanchas y un helic\u00f3ptero Bell 407, adem\u00e1s de realizar acciones de combate directo, apertura de brechas cortafuego, aplicaci\u00f3n de contrafuegos, patrullaje, vigilancia, vuelos de reconocimiento y descargas a\u00e9reas de agua.<\/p>\n\n\n\n<figure class=\"wp-block-image is-style-default\"><a href=\"https:\/\/cgc.qroo.gob.mx\/cjg\/wp-content\/uploads\/2025\/08\/44b8b587-bb5b-4326-9f07-df400cd8dd29.jpg\"><img decoding=\"async\" src=\"https:\/\/cgc.qroo.gob.mx\/cjg\/wp-content\/uploads\/2025\/08\/44b8b587-bb5b-4326-9f07-df400cd8dd29-585x1311.jpg\" alt=\"\" title=\"44b8b587-bb5b-4326-9f07-df400cd8dd29\"\/><\/a><\/figure>\n\n\n\n<p>El director general de la COEPROC Guillermo N\u00fa\u00f1ez Leal, inform\u00f3 que el personal trabaja en la zona desde el 25 de agosto y las brigadas permanecer\u00e1n en labores hasta lograr el control total y la liquidaci\u00f3n del incendio. La causa que origin\u00f3 el siniestro permanece desconocida.<\/p>\n\n\n\n<figure class=\"wp-block-image is-style-default\"><a href=\"https:\/\/cgc.qroo.gob.mx\/cjg\/wp-content\/uploads\/2025\/08\/51d98078-5daa-4cb3-9efd-66fa3315566d.jpg\"><img decoding=\"async\" src=\"https:\/\/cgc.qroo.gob.mx\/cjg\/wp-content\/uploads\/2025\/08\/51d98078-5daa-4cb3-9efd-66fa3315566d-585x1311.jpg\" alt=\"\" title=\"51d98078-5daa-4cb3-9efd-66fa3315566d\"\/><\/a><\/figure>\n\n\n\n<p>La COEPROC, reitera su compromiso con la protecci\u00f3n y seguridad de las comunidades y el medio ambiente en el marco de las acciones del nuevo acuerdo por el bienestar de Quintana Roo, bajo la direcci\u00f3n de la gobernadora Mara Lezama Espinosa.<\/p>\n","protected":false},"excerpt":{"rendered":"<p>La Coordinaci\u00f3n Estatal de Protecci\u00f3n Civil (COEPROC) informa que al d\u00eda de hoy, contin\u00faa activo el incendio forestal<\/p>\n","protected":false},"author":1,"featured_media":20795,"comment_status":"closed","ping_status":"open","sticky":false,"template":"","format":"standard","meta":{"_monsterinsights_skip_tracking":false,"_monsterinsights_sitenote_active":false,"_monsterinsights_sitenote_note":"","_monsterinsights_sitenote_category":0,"footnotes":""},"categories":[11,24],"tags":[],"class_list":["post-20794","post","type-post","status-publish","format-standard","has-post-thumbnail","hentry","category-noticias","category-quintana-roo"],"yoast_head":"<!-- This site is optimized with the Yoast SEO plugin v18.3 - https:\/\/yoast.com\/wordpress\/plugins\/seo\/ -->\n<title>Trabajan los tres \u00f3rdenes de gobierno en coordinaci\u00f3n para sofocar el incendio originado en Holbox - El Puuc Noticias<\/title>\n<meta name=\"robots\" content=\"index, follow, max-snippet:-1, max-image-preview:large, max-video-preview:-1\" \/>\n<link rel=\"canonical\" href=\"https:\/\/elpuucnoticias.com\/?p=20794\" \/>\n<meta property=\"og:locale\" content=\"es_ES\" \/>\n<meta property=\"og:type\" content=\"article\" \/>\n<meta property=\"og:title\" content=\"Trabajan los tres \u00f3rdenes de gobierno en coordinaci\u00f3n para sofocar el incendio originado en Holbox - El Puuc Noticias\" \/>\n<meta property=\"og:description\" content=\"La Coordinaci\u00f3n Estatal de Protecci\u00f3n Civil (COEPROC) informa que al d\u00eda de hoy, contin\u00faa activo el incendio forestal\" \/>\n<meta property=\"og:url\" content=\"https:\/\/elpuucnoticias.com\/?p=20794\" \/>\n<meta property=\"og:site_name\" content=\"El Puuc Noticias\" \/>\n<meta property=\"article:published_time\" content=\"2025-08-28T18:16:43+00:00\" \/>\n<meta property=\"article:modified_time\" content=\"2025-08-28T18:16:45+00:00\" \/>\n<meta property=\"og:image\" content=\"https:\/\/elpuucnoticias.com\/wp-content\/uploads\/2025\/08\/02f1356b-d9d8-411c-ba0e-f4b0925b4a54.jpg\" \/>\n\t<meta property=\"og:image:width\" content=\"1280\" \/>\n\t<meta property=\"og:image:height\" content=\"960\" \/>\n\t<meta property=\"og:image:type\" content=\"image\/jpeg\" \/>\n<meta name=\"twitter:card\" content=\"summary_large_image\" \/>\n<meta name=\"twitter:label1\" content=\"Escrito por\" \/>\n\t<meta name=\"twitter:data1\" content=\"elpuucnoticias\" \/>\n\t<meta name=\"twitter:label2\" content=\"Tiempo de lectura\" \/>\n\t<meta name=\"twitter:data2\" content=\"1 minuto\" \/>\n<script type=\"application\/ld+json\" class=\"yoast-schema-graph\">{\"@context\":\"https:\/\/schema.org\",\"@graph\":[{\"@type\":\"WebSite\",\"@id\":\"https:\/\/elpuucnoticias.com\/#website\",\"url\":\"https:\/\/elpuucnoticias.com\/\",\"name\":\"El Puuc Noticias\",\"description\":\"Noticias - Entretenimiento - Deportes\",\"potentialAction\":[{\"@type\":\"SearchAction\",\"target\":{\"@type\":\"EntryPoint\",\"urlTemplate\":\"https:\/\/elpuucnoticias.com\/?s={search_term_string}\"},\"query-input\":\"required name=search_term_string\"}],\"inLanguage\":\"es\"},{\"@type\":\"ImageObject\",\"@id\":\"https:\/\/elpuucnoticias.com\/?p=20794#primaryimage\",\"inLanguage\":\"es\",\"url\":\"https:\/\/elpuucnoticias.com\/wp-content\/uploads\/2025\/08\/02f1356b-d9d8-411c-ba0e-f4b0925b4a54.jpg\",\"contentUrl\":\"https:\/\/elpuucnoticias.com\/wp-content\/uploads\/2025\/08\/02f1356b-d9d8-411c-ba0e-f4b0925b4a54.jpg\",\"width\":1280,\"height\":960},{\"@type\":\"WebPage\",\"@id\":\"https:\/\/elpuucnoticias.com\/?p=20794#webpage\",\"url\":\"https:\/\/elpuucnoticias.com\/?p=20794\",\"name\":\"Trabajan los tres \u00f3rdenes de gobierno en coordinaci\u00f3n para sofocar el incendio originado en Holbox - El Puuc Noticias\",\"isPartOf\":{\"@id\":\"https:\/\/elpuucnoticias.com\/#website\"},\"primaryImageOfPage\":{\"@id\":\"https:\/\/elpuucnoticias.com\/?p=20794#primaryimage\"},\"datePublished\":\"2025-08-28T18:16:43+00:00\",\"dateModified\":\"2025-08-28T18:16:45+00:00\",\"author\":{\"@id\":\"https:\/\/elpuucnoticias.com\/#\/schema\/person\/d2ea09e4c97f0160b11cdfb1d856bd9e\"},\"breadcrumb\":{\"@id\":\"https:\/\/elpuucnoticias.com\/?p=20794#breadcrumb\"},\"inLanguage\":\"es\",\"potentialAction\":[{\"@type\":\"ReadAction\",\"target\":[\"https:\/\/elpuucnoticias.com\/?p=20794\"]}]},{\"@type\":\"BreadcrumbList\",\"@id\":\"https:\/\/elpuucnoticias.com\/?p=20794#breadcrumb\",\"itemListElement\":[{\"@type\":\"ListItem\",\"position\":1,\"name\":\"Portada\",\"item\":\"https:\/\/elpuucnoticias.com\/\"},{\"@type\":\"ListItem\",\"position\":2,\"name\":\"Trabajan los tres \u00f3rdenes de gobierno en coordinaci\u00f3n para sofocar el incendio originado en Holbox\"}]},{\"@type\":\"Person\",\"@id\":\"https:\/\/elpuucnoticias.com\/#\/schema\/person\/d2ea09e4c97f0160b11cdfb1d856bd9e\",\"name\":\"elpuucnoticias\",\"image\":{\"@type\":\"ImageObject\",\"@id\":\"https:\/\/elpuucnoticias.com\/#personlogo\",\"inLanguage\":\"es\",\"url\":\"https:\/\/secure.gravatar.com\/avatar\/5290a43657c74ffa15701dbe5b846bd85cc71930d803c84e91046a7333de6ce2?s=96&d=mm&r=g\",\"contentUrl\":\"https:\/\/secure.gravatar.com\/avatar\/5290a43657c74ffa15701dbe5b846bd85cc71930d803c84e91046a7333de6ce2?s=96&d=mm&r=g\",\"caption\":\"elpuucnoticias\"},\"sameAs\":[\"https:\/\/elpuucnoticias.com\"],\"url\":\"https:\/\/elpuucnoticias.com\/?author=1\"}]}<\/script>\n<!-- \/ Yoast SEO plugin. -->","yoast_head_json":{"title":"Trabajan los tres \u00f3rdenes de gobierno en coordinaci\u00f3n para sofocar el incendio originado en Holbox - El Puuc Noticias","robots":{"index":"index","follow":"follow","max-snippet":"max-snippet:-1","max-image-preview":"max-image-preview:large","max-video-preview":"max-video-preview:-1"},"canonical":"https:\/\/elpuucnoticias.com\/?p=20794","og_locale":"es_ES","og_type":"article","og_title":"Trabajan los tres \u00f3rdenes de gobierno en coordinaci\u00f3n para sofocar el incendio originado en Holbox - El Puuc Noticias","og_description":"La Coordinaci\u00f3n Estatal de Protecci\u00f3n Civil (COEPROC) informa que al d\u00eda de hoy, contin\u00faa activo el incendio forestal","og_url":"https:\/\/elpuucnoticias.com\/?p=20794","og_site_name":"El Puuc Noticias","article_published_time":"2025-08-28T18:16:43+00:00","article_modified_time":"2025-08-28T18:16:45+00:00","og_image":[{"width":1280,"height":960,"url":"https:\/\/elpuucnoticias.com\/wp-content\/uploads\/2025\/08\/02f1356b-d9d8-411c-ba0e-f4b0925b4a54.jpg","type":"image\/jpeg"}],"twitter_card":"summary_large_image","twitter_misc":{"Escrito por":"elpuucnoticias","Tiempo de lectura":"1 minuto"},"schema":{"@context":"https:\/\/schema.org","@graph":[{"@type":"WebSite","@id":"https:\/\/elpuucnoticias.com\/#website","url":"https:\/\/elpuucnoticias.com\/","name":"El Puuc Noticias","description":"Noticias - Entretenimiento - Deportes","potentialAction":[{"@type":"SearchAction","target":{"@type":"EntryPoint","urlTemplate":"https:\/\/elpuucnoticias.com\/?s={search_term_string}"},"query-input":"required name=search_term_string"}],"inLanguage":"es"},{"@type":"ImageObject","@id":"https:\/\/elpuucnoticias.com\/?p=20794#primaryimage","inLanguage":"es","url":"https:\/\/elpuucnoticias.com\/wp-content\/uploads\/2025\/08\/02f1356b-d9d8-411c-ba0e-f4b0925b4a54.jpg","contentUrl":"https:\/\/elpuucnoticias.com\/wp-content\/uploads\/2025\/08\/02f1356b-d9d8-411c-ba0e-f4b0925b4a54.jpg","width":1280,"height":960},{"@type":"WebPage","@id":"https:\/\/elpuucnoticias.com\/?p=20794#webpage","url":"https:\/\/elpuucnoticias.com\/?p=20794","name":"Trabajan los tres \u00f3rdenes de gobierno en coordinaci\u00f3n para sofocar el incendio originado en Holbox - El Puuc Noticias","isPartOf":{"@id":"https:\/\/elpuucnoticias.com\/#website"},"primaryImageOfPage":{"@id":"https:\/\/elpuucnoticias.com\/?p=20794#primaryimage"},"datePublished":"2025-08-28T18:16:43+00:00","dateModified":"2025-08-28T18:16:45+00:00","author":{"@id":"https:\/\/elpuucnoticias.com\/#\/schema\/person\/d2ea09e4c97f0160b11cdfb1d856bd9e"},"breadcrumb":{"@id":"https:\/\/elpuucnoticias.com\/?p=20794#breadcrumb"},"inLanguage":"es","potentialAction":[{"@type":"ReadAction","target":["https:\/\/elpuucnoticias.com\/?p=20794"]}]},{"@type":"BreadcrumbList","@id":"https:\/\/elpuucnoticias.com\/?p=20794#breadcrumb","itemListElement":[{"@type":"ListItem","position":1,"name":"Portada","item":"https:\/\/elpuucnoticias.com\/"},{"@type":"ListItem","position":2,"name":"Trabajan los tres \u00f3rdenes de gobierno en coordinaci\u00f3n para sofocar el incendio originado en Holbox"}]},{"@type":"Person","@id":"https:\/\/elpuucnoticias.com\/#\/schema\/person\/d2ea09e4c97f0160b11cdfb1d856bd9e","name":"elpuucnoticias","image":{"@type":"ImageObject","@id":"https:\/\/elpuucnoticias.com\/#personlogo","inLanguage":"es","url":"https:\/\/secure.gravatar.com\/avatar\/5290a43657c74ffa15701dbe5b846bd85cc71930d803c84e91046a7333de6ce2?s=96&d=mm&r=g","contentUrl":"https:\/\/secure.gravatar.com\/avatar\/5290a43657c74ffa15701dbe5b846bd85cc71930d803c84e91046a7333de6ce2?s=96&d=mm&r=g","caption":"elpuucnoticias"},"sameAs":["https:\/\/elpuucnoticias.com"],"url":"https:\/\/elpuucnoticias.com\/?author=1"}]}},"_links":{"self":[{"href":"https:\/\/elpuucnoticias.com\/index.php?rest_route=\/wp\/v2\/posts\/20794","targetHints":{"allow":["GET"]}}],"collection":[{"href":"https:\/\/elpuucnoticias.com\/index.php?rest_route=\/wp\/v2\/posts"}],"about":[{"href":"https:\/\/elpuucnoticias.com\/index.php?rest_route=\/wp\/v2\/types\/post"}],"author":[{"embeddable":true,"href":"https:\/\/elpuucnoticias.com\/index.php?rest_route=\/wp\/v2\/users\/1"}],"replies":[{"embeddable":true,"href":"https:\/\/elpuucnoticias.com\/index.php?rest_route=%2Fwp%2Fv2%2Fcomments&post=20794"}],"version-history":[{"count":1,"href":"https:\/\/elpuucnoticias.com\/index.php?rest_route=\/wp\/v2\/posts\/20794\/revisions"}],"predecessor-version":[{"id":20796,"href":"https:\/\/elpuucnoticias.com\/index.php?rest_route=\/wp\/v2\/posts\/20794\/revisions\/20796"}],"wp:featuredmedia":[{"embeddable":true,"href":"https:\/\/elpuucnoticias.com\/index.php?rest_route=\/wp\/v2\/media\/20795"}],"wp:attachment":[{"href":"https:\/\/elpuucnoticias.com\/index.php?rest_route=%2Fwp%2Fv2%2Fmedia&parent=20794"}],"wp:term":[{"taxonomy":"category","embeddable":true,"href":"https:\/\/elpuucnoticias.com\/index.php?rest_route=%2Fwp%2Fv2%2Fcategories&post=20794"},{"taxonomy":"post_tag","embeddable":true,"href":"https:\/\/elpuucnoticias.com\/index.php?rest_route=%2Fwp%2Fv2%2Ftags&post=20794"}],"curies":[{"name":"wp","href":"https:\/\/api.w.org\/{rel}","templated":true}]}}