{"id":20797,"date":"2025-08-28T12:23:09","date_gmt":"2025-08-28T18:23:09","guid":{"rendered":"https:\/\/elpuucnoticias.com\/?p=20797"},"modified":"2025-08-28T12:23:10","modified_gmt":"2025-08-28T18:23:10","slug":"sostiene-mara-lezama-enlace-con-capitanes-rescatados-tras-arribar-a-suelo-firme-en-puerto-juarez-y-destaca-la-coordinacion-con-semar","status":"publish","type":"post","link":"https:\/\/elpuucnoticias.com\/?p=20797","title":{"rendered":"Sostiene Mara Lezama enlace con capitanes rescatados tras arribar a suelo firme en Puerto Ju\u00e1rez y destaca la coordinaci\u00f3n con SEMAR"},"content":{"rendered":"\n<p>Jorge Arag\u00f3n y Ricardo Arg\u00e1ez, los dos capitanes que fueron rescatados a la deriva en el Golfo de M\u00e9xico, tuvieron un enlace telef\u00f3nico con la gobernadora Mara Lezama Espinosa en el programa \u201cLa Voz del Pueblo\u201d, a su arribo a la base naval de la Marina en Puerto Ju\u00e1rez.<\/p>\n\n\n\n<figure class=\"wp-block-image is-style-default\"><a href=\"https:\/\/cgc.qroo.gob.mx\/cjg\/wp-content\/uploads\/2025\/08\/WhatsApp-Image-2025-08-28-at-09.43.43-scaled.jpeg\"><img decoding=\"async\" src=\"https:\/\/cgc.qroo.gob.mx\/cjg\/wp-content\/uploads\/2025\/08\/WhatsApp-Image-2025-08-28-at-09.43.43-585x390.jpeg\" alt=\"\" title=\"WhatsApp Image 2025-08-28 at 09.43.43\"\/><\/a><\/figure>\n\n\n\n<p>Mara Lezama les expres\u00f3 su solidaridad, as\u00ed como a sus familias. Les inform\u00f3 que con la solidaridad de las y los quintanarroenses, el apoyo de la Marina y de particulares, se inici\u00f3 un operativo de b\u00fasqueda desde el momento en que se supo de su incomunicaci\u00f3n.<\/p>\n\n\n\n<figure class=\"wp-block-image is-style-default\"><a href=\"https:\/\/cgc.qroo.gob.mx\/cjg\/wp-content\/uploads\/2025\/08\/WhatsApp-Image-2025-08-28-at-09.43.42-1-scaled.jpeg\"><img decoding=\"async\" src=\"https:\/\/cgc.qroo.gob.mx\/cjg\/wp-content\/uploads\/2025\/08\/WhatsApp-Image-2025-08-28-at-09.43.42-1-585x390.jpeg\" alt=\"\" title=\"WhatsApp Image 2025-08-28 at 09.43.42 (1)\"\/><\/a><\/figure>\n\n\n\n<p>Los capitanes llegaron a las 8 de la ma\u00f1ana de este jueves a la base naval de Puerto Ju\u00e1rez, luego de ser localizados y rescatados por un buque polaco en el Golfo, hacia donde los arrastr\u00f3 la corriente marina cuando estaban a 28 millas de Isla Mujeres.<\/p>\n\n\n\n<figure class=\"wp-block-image is-style-default\"><a href=\"https:\/\/cgc.qroo.gob.mx\/cjg\/wp-content\/uploads\/2025\/08\/WhatsApp-Image-2025-08-28-at-09.43.42-scaled.jpeg\"><img decoding=\"async\" src=\"https:\/\/cgc.qroo.gob.mx\/cjg\/wp-content\/uploads\/2025\/08\/WhatsApp-Image-2025-08-28-at-09.43.42-585x390.jpeg\" alt=\"\" title=\"WhatsApp Image 2025-08-28 at 09.43.42\"\/><\/a><\/figure>\n\n\n\n<p>La Gobernadora precis\u00f3 que es una historia de lucha, una demostraci\u00f3n de lo que se puede hacer cuando estamos tomados de la mano.<\/p>\n","protected":false},"excerpt":{"rendered":"<p>Jorge Arag\u00f3n y Ricardo Arg\u00e1ez, los dos capitanes que fueron rescatados a la deriva en el Golfo de<\/p>\n","protected":false},"author":1,"featured_media":20798,"comment_status":"closed","ping_status":"open","sticky":false,"template":"","format":"standard","meta":{"_monsterinsights_skip_tracking":false,"_monsterinsights_sitenote_active":false,"_monsterinsights_sitenote_note":"","_monsterinsights_sitenote_category":0,"footnotes":""},"categories":[11,24],"tags":[],"class_list":["post-20797","post","type-post","status-publish","format-standard","has-post-thumbnail","hentry","category-noticias","category-quintana-roo"],"yoast_head":"<!-- This site is optimized with the Yoast SEO plugin v18.3 - https:\/\/yoast.com\/wordpress\/plugins\/seo\/ -->\n<title>Sostiene Mara Lezama enlace con capitanes rescatados tras arribar a suelo firme en Puerto Ju\u00e1rez y destaca la coordinaci\u00f3n con SEMAR - El Puuc Noticias<\/title>\n<meta name=\"robots\" content=\"index, follow, max-snippet:-1, max-image-preview:large, max-video-preview:-1\" \/>\n<link rel=\"canonical\" href=\"https:\/\/elpuucnoticias.com\/?p=20797\" \/>\n<meta property=\"og:locale\" content=\"es_ES\" \/>\n<meta property=\"og:type\" content=\"article\" \/>\n<meta property=\"og:title\" content=\"Sostiene Mara Lezama enlace con capitanes rescatados tras arribar a suelo firme en Puerto Ju\u00e1rez y destaca la coordinaci\u00f3n con SEMAR - El Puuc Noticias\" \/>\n<meta property=\"og:description\" content=\"Jorge Arag\u00f3n y Ricardo Arg\u00e1ez, los dos capitanes que fueron rescatados a la deriva en el Golfo de\" \/>\n<meta property=\"og:url\" content=\"https:\/\/elpuucnoticias.com\/?p=20797\" \/>\n<meta property=\"og:site_name\" content=\"El Puuc Noticias\" \/>\n<meta property=\"article:published_time\" content=\"2025-08-28T18:23:09+00:00\" \/>\n<meta property=\"article:modified_time\" content=\"2025-08-28T18:23:10+00:00\" \/>\n<meta property=\"og:image\" content=\"https:\/\/elpuucnoticias.com\/wp-content\/uploads\/2025\/08\/whatsapp-image-2025-08-28-at-09.43.44-scaled-1.jpeg\" \/>\n\t<meta property=\"og:image:width\" content=\"2560\" \/>\n\t<meta property=\"og:image:height\" content=\"1707\" \/>\n\t<meta property=\"og:image:type\" content=\"image\/jpeg\" \/>\n<meta name=\"twitter:card\" content=\"summary_large_image\" \/>\n<meta name=\"twitter:label1\" content=\"Escrito por\" \/>\n\t<meta name=\"twitter:data1\" content=\"elpuucnoticias\" \/>\n\t<meta name=\"twitter:label2\" content=\"Tiempo de lectura\" \/>\n\t<meta name=\"twitter:data2\" content=\"1 minuto\" \/>\n<script type=\"application\/ld+json\" class=\"yoast-schema-graph\">{\"@context\":\"https:\/\/schema.org\",\"@graph\":[{\"@type\":\"WebSite\",\"@id\":\"https:\/\/elpuucnoticias.com\/#website\",\"url\":\"https:\/\/elpuucnoticias.com\/\",\"name\":\"El Puuc Noticias\",\"description\":\"Noticias - Entretenimiento - Deportes\",\"potentialAction\":[{\"@type\":\"SearchAction\",\"target\":{\"@type\":\"EntryPoint\",\"urlTemplate\":\"https:\/\/elpuucnoticias.com\/?s={search_term_string}\"},\"query-input\":\"required name=search_term_string\"}],\"inLanguage\":\"es\"},{\"@type\":\"ImageObject\",\"@id\":\"https:\/\/elpuucnoticias.com\/?p=20797#primaryimage\",\"inLanguage\":\"es\",\"url\":\"https:\/\/elpuucnoticias.com\/wp-content\/uploads\/2025\/08\/whatsapp-image-2025-08-28-at-09.43.44-scaled-1.jpeg\",\"contentUrl\":\"https:\/\/elpuucnoticias.com\/wp-content\/uploads\/2025\/08\/whatsapp-image-2025-08-28-at-09.43.44-scaled-1.jpeg\",\"width\":2560,\"height\":1707},{\"@type\":\"WebPage\",\"@id\":\"https:\/\/elpuucnoticias.com\/?p=20797#webpage\",\"url\":\"https:\/\/elpuucnoticias.com\/?p=20797\",\"name\":\"Sostiene Mara Lezama enlace con capitanes rescatados tras arribar a suelo firme en Puerto Ju\u00e1rez y destaca la coordinaci\u00f3n con SEMAR - El Puuc Noticias\",\"isPartOf\":{\"@id\":\"https:\/\/elpuucnoticias.com\/#website\"},\"primaryImageOfPage\":{\"@id\":\"https:\/\/elpuucnoticias.com\/?p=20797#primaryimage\"},\"datePublished\":\"2025-08-28T18:23:09+00:00\",\"dateModified\":\"2025-08-28T18:23:10+00:00\",\"author\":{\"@id\":\"https:\/\/elpuucnoticias.com\/#\/schema\/person\/d2ea09e4c97f0160b11cdfb1d856bd9e\"},\"breadcrumb\":{\"@id\":\"https:\/\/elpuucnoticias.com\/?p=20797#breadcrumb\"},\"inLanguage\":\"es\",\"potentialAction\":[{\"@type\":\"ReadAction\",\"target\":[\"https:\/\/elpuucnoticias.com\/?p=20797\"]}]},{\"@type\":\"BreadcrumbList\",\"@id\":\"https:\/\/elpuucnoticias.com\/?p=20797#breadcrumb\",\"itemListElement\":[{\"@type\":\"ListItem\",\"position\":1,\"name\":\"Portada\",\"item\":\"https:\/\/elpuucnoticias.com\/\"},{\"@type\":\"ListItem\",\"position\":2,\"name\":\"Sostiene Mara Lezama enlace con capitanes rescatados tras arribar a suelo firme en Puerto Ju\u00e1rez y destaca la coordinaci\u00f3n con SEMAR\"}]},{\"@type\":\"Person\",\"@id\":\"https:\/\/elpuucnoticias.com\/#\/schema\/person\/d2ea09e4c97f0160b11cdfb1d856bd9e\",\"name\":\"elpuucnoticias\",\"image\":{\"@type\":\"ImageObject\",\"@id\":\"https:\/\/elpuucnoticias.com\/#personlogo\",\"inLanguage\":\"es\",\"url\":\"https:\/\/secure.gravatar.com\/avatar\/5290a43657c74ffa15701dbe5b846bd85cc71930d803c84e91046a7333de6ce2?s=96&d=mm&r=g\",\"contentUrl\":\"https:\/\/secure.gravatar.com\/avatar\/5290a43657c74ffa15701dbe5b846bd85cc71930d803c84e91046a7333de6ce2?s=96&d=mm&r=g\",\"caption\":\"elpuucnoticias\"},\"sameAs\":[\"https:\/\/elpuucnoticias.com\"],\"url\":\"https:\/\/elpuucnoticias.com\/?author=1\"}]}<\/script>\n<!-- \/ Yoast SEO plugin. -->","yoast_head_json":{"title":"Sostiene Mara Lezama enlace con capitanes rescatados tras arribar a suelo firme en Puerto Ju\u00e1rez y destaca la coordinaci\u00f3n con SEMAR - El Puuc Noticias","robots":{"index":"index","follow":"follow","max-snippet":"max-snippet:-1","max-image-preview":"max-image-preview:large","max-video-preview":"max-video-preview:-1"},"canonical":"https:\/\/elpuucnoticias.com\/?p=20797","og_locale":"es_ES","og_type":"article","og_title":"Sostiene Mara Lezama enlace con capitanes rescatados tras arribar a suelo firme en Puerto Ju\u00e1rez y destaca la coordinaci\u00f3n con SEMAR - El Puuc Noticias","og_description":"Jorge Arag\u00f3n y Ricardo Arg\u00e1ez, los dos capitanes que fueron rescatados a la deriva en el Golfo de","og_url":"https:\/\/elpuucnoticias.com\/?p=20797","og_site_name":"El Puuc Noticias","article_published_time":"2025-08-28T18:23:09+00:00","article_modified_time":"2025-08-28T18:23:10+00:00","og_image":[{"width":2560,"height":1707,"url":"https:\/\/elpuucnoticias.com\/wp-content\/uploads\/2025\/08\/whatsapp-image-2025-08-28-at-09.43.44-scaled-1.jpeg","type":"image\/jpeg"}],"twitter_card":"summary_large_image","twitter_misc":{"Escrito por":"elpuucnoticias","Tiempo de lectura":"1 minuto"},"schema":{"@context":"https:\/\/schema.org","@graph":[{"@type":"WebSite","@id":"https:\/\/elpuucnoticias.com\/#website","url":"https:\/\/elpuucnoticias.com\/","name":"El Puuc Noticias","description":"Noticias - Entretenimiento - Deportes","potentialAction":[{"@type":"SearchAction","target":{"@type":"EntryPoint","urlTemplate":"https:\/\/elpuucnoticias.com\/?s={search_term_string}"},"query-input":"required name=search_term_string"}],"inLanguage":"es"},{"@type":"ImageObject","@id":"https:\/\/elpuucnoticias.com\/?p=20797#primaryimage","inLanguage":"es","url":"https:\/\/elpuucnoticias.com\/wp-content\/uploads\/2025\/08\/whatsapp-image-2025-08-28-at-09.43.44-scaled-1.jpeg","contentUrl":"https:\/\/elpuucnoticias.com\/wp-content\/uploads\/2025\/08\/whatsapp-image-2025-08-28-at-09.43.44-scaled-1.jpeg","width":2560,"height":1707},{"@type":"WebPage","@id":"https:\/\/elpuucnoticias.com\/?p=20797#webpage","url":"https:\/\/elpuucnoticias.com\/?p=20797","name":"Sostiene Mara Lezama enlace con capitanes rescatados tras arribar a suelo firme en Puerto Ju\u00e1rez y destaca la coordinaci\u00f3n con SEMAR - El Puuc Noticias","isPartOf":{"@id":"https:\/\/elpuucnoticias.com\/#website"},"primaryImageOfPage":{"@id":"https:\/\/elpuucnoticias.com\/?p=20797#primaryimage"},"datePublished":"2025-08-28T18:23:09+00:00","dateModified":"2025-08-28T18:23:10+00:00","author":{"@id":"https:\/\/elpuucnoticias.com\/#\/schema\/person\/d2ea09e4c97f0160b11cdfb1d856bd9e"},"breadcrumb":{"@id":"https:\/\/elpuucnoticias.com\/?p=20797#breadcrumb"},"inLanguage":"es","potentialAction":[{"@type":"ReadAction","target":["https:\/\/elpuucnoticias.com\/?p=20797"]}]},{"@type":"BreadcrumbList","@id":"https:\/\/elpuucnoticias.com\/?p=20797#breadcrumb","itemListElement":[{"@type":"ListItem","position":1,"name":"Portada","item":"https:\/\/elpuucnoticias.com\/"},{"@type":"ListItem","position":2,"name":"Sostiene Mara Lezama enlace con capitanes rescatados tras arribar a suelo firme en Puerto Ju\u00e1rez y destaca la coordinaci\u00f3n con SEMAR"}]},{"@type":"Person","@id":"https:\/\/elpuucnoticias.com\/#\/schema\/person\/d2ea09e4c97f0160b11cdfb1d856bd9e","name":"elpuucnoticias","image":{"@type":"ImageObject","@id":"https:\/\/elpuucnoticias.com\/#personlogo","inLanguage":"es","url":"https:\/\/secure.gravatar.com\/avatar\/5290a43657c74ffa15701dbe5b846bd85cc71930d803c84e91046a7333de6ce2?s=96&d=mm&r=g","contentUrl":"https:\/\/secure.gravatar.com\/avatar\/5290a43657c74ffa15701dbe5b846bd85cc71930d803c84e91046a7333de6ce2?s=96&d=mm&r=g","caption":"elpuucnoticias"},"sameAs":["https:\/\/elpuucnoticias.com"],"url":"https:\/\/elpuucnoticias.com\/?author=1"}]}},"_links":{"self":[{"href":"https:\/\/elpuucnoticias.com\/index.php?rest_route=\/wp\/v2\/posts\/20797","targetHints":{"allow":["GET"]}}],"collection":[{"href":"https:\/\/elpuucnoticias.com\/index.php?rest_route=\/wp\/v2\/posts"}],"about":[{"href":"https:\/\/elpuucnoticias.com\/index.php?rest_route=\/wp\/v2\/types\/post"}],"author":[{"embeddable":true,"href":"https:\/\/elpuucnoticias.com\/index.php?rest_route=\/wp\/v2\/users\/1"}],"replies":[{"embeddable":true,"href":"https:\/\/elpuucnoticias.com\/index.php?rest_route=%2Fwp%2Fv2%2Fcomments&post=20797"}],"version-history":[{"count":1,"href":"https:\/\/elpuucnoticias.com\/index.php?rest_route=\/wp\/v2\/posts\/20797\/revisions"}],"predecessor-version":[{"id":20799,"href":"https:\/\/elpuucnoticias.com\/index.php?rest_route=\/wp\/v2\/posts\/20797\/revisions\/20799"}],"wp:featuredmedia":[{"embeddable":true,"href":"https:\/\/elpuucnoticias.com\/index.php?rest_route=\/wp\/v2\/media\/20798"}],"wp:attachment":[{"href":"https:\/\/elpuucnoticias.com\/index.php?rest_route=%2Fwp%2Fv2%2Fmedia&parent=20797"}],"wp:term":[{"taxonomy":"category","embeddable":true,"href":"https:\/\/elpuucnoticias.com\/index.php?rest_route=%2Fwp%2Fv2%2Fcategories&post=20797"},{"taxonomy":"post_tag","embeddable":true,"href":"https:\/\/elpuucnoticias.com\/index.php?rest_route=%2Fwp%2Fv2%2Ftags&post=20797"}],"curies":[{"name":"wp","href":"https:\/\/api.w.org\/{rel}","templated":true}]}}