{"id":20821,"date":"2025-08-29T11:49:14","date_gmt":"2025-08-29T17:49:14","guid":{"rendered":"https:\/\/elpuucnoticias.com\/?p=20821"},"modified":"2025-08-29T11:49:14","modified_gmt":"2025-08-29T17:49:14","slug":"impulsa-mara-lezama-el-empoderamiento-de-las-mujeres-en-el-congreso-nacional-amexme-2025","status":"publish","type":"post","link":"https:\/\/elpuucnoticias.com\/?p=20821","title":{"rendered":"Impulsa Mara Lezama el empoderamiento de las mujeres en el Congreso Nacional AMEXME 2025"},"content":{"rendered":"\n<p>Durante el evento inaugural del XXII Congreso Nacional AMEXME Canc\u00fan 2025, la gobernadora Mara Lezama Espinosa expres\u00f3 que no escatimar\u00e1 ning\u00fan esfuerzo para empoderar a las mujeres, a que extiendan sus alas, a que vivan libre de violencias.<\/p>\n\n\n\n<figure class=\"wp-block-image is-style-default\"><a href=\"https:\/\/cgc.qroo.gob.mx\/cjg\/wp-content\/uploads\/2025\/08\/WhatsApp-Image-2025-08-28-at-14.12.05-scaled.jpeg\"><img decoding=\"async\" src=\"https:\/\/cgc.qroo.gob.mx\/cjg\/wp-content\/uploads\/2025\/08\/WhatsApp-Image-2025-08-28-at-14.12.05-585x390.jpeg\" alt=\"\" title=\"WhatsApp Image 2025-08-28 at 14.12.05\"\/><\/a><\/figure>\n\n\n\n<p>\u201cMe encanta estar aqu\u00ed, en este evento que es una celebraci\u00f3n de c\u00f3mo las mujeres s\u00ed podemos trabajar, de c\u00f3mo podemos aportar para cerrar brechas de desigualdad, de c\u00f3mo podemos impulsar a m\u00e1s mujeres a alcanzar el \u00e9xito\u201d dijo la titular del Ejecutivo.<\/p>\n\n\n\n<figure class=\"wp-block-image is-style-default\"><a href=\"https:\/\/cgc.qroo.gob.mx\/cjg\/wp-content\/uploads\/2025\/08\/WhatsApp-Image-2025-08-28-at-14.11.59-1-scaled.jpeg\"><img decoding=\"async\" src=\"https:\/\/cgc.qroo.gob.mx\/cjg\/wp-content\/uploads\/2025\/08\/WhatsApp-Image-2025-08-28-at-14.11.59-1-585x390.jpeg\" alt=\"\" title=\"WhatsApp Image 2025-08-28 at 14.11.59 (1)\"\/><\/a><\/figure>\n\n\n\n<p>Este Congreso, organizado por la Asociaci\u00f3n Mexicana de Mujeres Empresarias, Cap\u00edtulo Canc\u00fan A.C., re\u00fane a m\u00e1s de 1,000 mujeres empresarias provenientes de los 32 estados del pa\u00eds. Es el foro m\u00e1s importante de liderazgo femenino, innovaci\u00f3n empresarial y fortalecimiento de redes econ\u00f3micas con perspectiva de g\u00e9nero.<\/p>\n\n\n\n<figure class=\"wp-block-image is-style-default\"><a href=\"https:\/\/cgc.qroo.gob.mx\/cjg\/wp-content\/uploads\/2025\/08\/WhatsApp-Image-2025-08-28-at-14.11.59-scaled.jpeg\"><img decoding=\"async\" src=\"https:\/\/cgc.qroo.gob.mx\/cjg\/wp-content\/uploads\/2025\/08\/WhatsApp-Image-2025-08-28-at-14.11.59-585x390.jpeg\" alt=\"\" title=\"WhatsApp Image 2025-08-28 at 14.11.59\"\/><\/a><\/figure>\n\n\n\n<p>Ante ellas, encabezadas por su presidenta Ivett Bonifaz Famania, la gobernadora Mara Lezama precis\u00f3 que las mujeres de AMEXME son una inspiraci\u00f3n, \u201cporque demuestran en este Congreso todo lo que saben, porque s\u00e9 que ayudan, que son mentoras para otras mujeres que vienen aqu\u00ed, a seguir aprendiendo, a ver c\u00f3mo pueden ser mejores, c\u00f3mo crecen sus negocios, c\u00f3mo mejoran la calidad de la gente que est\u00e1 a su alrededor\u201d.<\/p>\n\n\n\n<figure class=\"wp-block-image is-style-default\"><a href=\"https:\/\/cgc.qroo.gob.mx\/cjg\/wp-content\/uploads\/2025\/08\/WhatsApp-Image-2025-08-28-at-14.12.00-scaled.jpeg\"><img decoding=\"async\" src=\"https:\/\/cgc.qroo.gob.mx\/cjg\/wp-content\/uploads\/2025\/08\/WhatsApp-Image-2025-08-28-at-14.12.00-585x390.jpeg\" alt=\"\" title=\"WhatsApp Image 2025-08-28 at 14.12.00\"\/><\/a><\/figure>\n\n\n\n<p>Reiter\u00f3 que en este gobierno diferente, humanista con coraz\u00f3n feminista, honesto, transparente, que combate la corrupci\u00f3n, con el programa Mujer es Poder, se ayuda a artesanas que antes estuvieron invisibilizadas, a peque\u00f1as empresarias, a mujeres que ni siquiera saben que tienen derecho a una vida feliz y libre de violencia.<\/p>\n\n\n\n<figure class=\"wp-block-image is-style-default\"><a href=\"https:\/\/cgc.qroo.gob.mx\/cjg\/wp-content\/uploads\/2025\/08\/WhatsApp-Image-2025-08-28-at-14.12.01-scaled.jpeg\"><img decoding=\"async\" src=\"https:\/\/cgc.qroo.gob.mx\/cjg\/wp-content\/uploads\/2025\/08\/WhatsApp-Image-2025-08-28-at-14.12.01-585x390.jpeg\" alt=\"\" title=\"WhatsApp Image 2025-08-28 at 14.12.01\"\/><\/a><\/figure>\n\n\n\n<p>Por su parte, la presidenta nacional de AMEXME, Bonifaz Famania, agradeci\u00f3 el apoyo de la gobernadora Mara Lezama, sobre todo ahora que celebran el 60 aniversario de su Asociaci\u00f3n, que marca el esfuerzo y la valent\u00eda de cada una de sus integrantes.<\/p>\n\n\n\n<figure class=\"wp-block-image is-style-default\"><a href=\"https:\/\/cgc.qroo.gob.mx\/cjg\/wp-content\/uploads\/2025\/08\/WhatsApp-Image-2025-08-28-at-14.12.02-scaled.jpeg\"><img decoding=\"async\" src=\"https:\/\/cgc.qroo.gob.mx\/cjg\/wp-content\/uploads\/2025\/08\/WhatsApp-Image-2025-08-28-at-14.12.02-585x390.jpeg\" alt=\"\" title=\"WhatsApp Image 2025-08-28 at 14.12.02\"\/><\/a><\/figure>\n\n\n\n<p>Inform\u00f3 que con 60 cap\u00edtulos AMEXME que participan en este Congreso, se ha convertido en una segunda familia, en la asociaci\u00f3n m\u00e1s longeva de M\u00e9xico.<\/p>\n\n\n\n<figure class=\"wp-block-image is-style-default\"><a href=\"https:\/\/cgc.qroo.gob.mx\/cjg\/wp-content\/uploads\/2025\/08\/WhatsApp-Image-2025-08-28-at-14.12.03-scaled.jpeg\"><img decoding=\"async\" src=\"https:\/\/cgc.qroo.gob.mx\/cjg\/wp-content\/uploads\/2025\/08\/WhatsApp-Image-2025-08-28-at-14.12.03-585x390.jpeg\" alt=\"\" title=\"WhatsApp Image 2025-08-28 at 14.12.03\"\/><\/a><\/figure>\n\n\n\n<p>Antes de la ceremonia inaugural, la presidenta del Cap\u00edtulo AMEXME Canc\u00fan, Miriam Escalante Rej\u00f3n, expres\u00f3 que las mujeres demuestran que su liderazgo genera econom\u00eda y oportunidades de desarrollo con perspectiva de g\u00e9nero.<\/p>\n\n\n\n<figure class=\"wp-block-image is-style-default\"><a href=\"https:\/\/cgc.qroo.gob.mx\/cjg\/wp-content\/uploads\/2025\/08\/WhatsApp-Image-2025-08-28-at-14.12.05-1-scaled.jpeg\"><img decoding=\"async\" src=\"https:\/\/cgc.qroo.gob.mx\/cjg\/wp-content\/uploads\/2025\/08\/WhatsApp-Image-2025-08-28-at-14.12.05-1-585x390.jpeg\" alt=\"\" title=\"WhatsApp Image 2025-08-28 at 14.12.05 (1)\"\/><\/a><\/figure>\n\n\n\n<p>Participaron en la ceremonia inaugural la presidenta municipal de Benito Ju\u00e1rez, Ana Paty Peralta de la Pe\u00f1a, quien dio la bienvenida a las participantes; el magistrado Heyden Cebada Rivas, presidente del Tribunal Superior de Justicia; Esther Burgos Jim\u00e9nez, secretaria de las Mujeres; y Ana Lilia Mart\u00edn Ortiz, vicepresidenta regi\u00f3n Quintana Roo de AMEXME.<\/p>\n","protected":false},"excerpt":{"rendered":"<p>Durante el evento inaugural del XXII Congreso Nacional AMEXME Canc\u00fan 2025, la gobernadora Mara Lezama Espinosa expres\u00f3 que<\/p>\n","protected":false},"author":1,"featured_media":20822,"comment_status":"closed","ping_status":"open","sticky":false,"template":"","format":"standard","meta":{"_monsterinsights_skip_tracking":false,"_monsterinsights_sitenote_active":false,"_monsterinsights_sitenote_note":"","_monsterinsights_sitenote_category":0,"footnotes":""},"categories":[11,24],"tags":[],"class_list":["post-20821","post","type-post","status-publish","format-standard","has-post-thumbnail","hentry","category-noticias","category-quintana-roo"],"yoast_head":"<!-- This site is optimized with the Yoast SEO plugin v18.3 - https:\/\/yoast.com\/wordpress\/plugins\/seo\/ -->\n<title>Impulsa Mara Lezama el empoderamiento de las mujeres en el Congreso Nacional AMEXME 2025 - El Puuc Noticias<\/title>\n<meta name=\"robots\" content=\"index, follow, max-snippet:-1, max-image-preview:large, max-video-preview:-1\" \/>\n<link rel=\"canonical\" href=\"https:\/\/elpuucnoticias.com\/?p=20821\" \/>\n<meta property=\"og:locale\" content=\"es_ES\" \/>\n<meta property=\"og:type\" content=\"article\" \/>\n<meta property=\"og:title\" content=\"Impulsa Mara Lezama el empoderamiento de las mujeres en el Congreso Nacional AMEXME 2025 - El Puuc Noticias\" \/>\n<meta property=\"og:description\" content=\"Durante el evento inaugural del XXII Congreso Nacional AMEXME Canc\u00fan 2025, la gobernadora Mara Lezama Espinosa expres\u00f3 que\" \/>\n<meta property=\"og:url\" content=\"https:\/\/elpuucnoticias.com\/?p=20821\" \/>\n<meta property=\"og:site_name\" content=\"El Puuc Noticias\" \/>\n<meta property=\"article:published_time\" content=\"2025-08-29T17:49:14+00:00\" \/>\n<meta property=\"og:image\" content=\"https:\/\/cgc.qroo.gob.mx\/cjg\/wp-content\/uploads\/2025\/08\/WhatsApp-Image-2025-08-28-at-14.12.05-585x390.jpeg\" \/>\n<meta name=\"twitter:card\" content=\"summary_large_image\" \/>\n<meta name=\"twitter:label1\" content=\"Escrito por\" \/>\n\t<meta name=\"twitter:data1\" content=\"elpuucnoticias\" \/>\n\t<meta name=\"twitter:label2\" content=\"Tiempo de lectura\" \/>\n\t<meta name=\"twitter:data2\" content=\"2 minutos\" \/>\n<script type=\"application\/ld+json\" class=\"yoast-schema-graph\">{\"@context\":\"https:\/\/schema.org\",\"@graph\":[{\"@type\":\"WebSite\",\"@id\":\"https:\/\/elpuucnoticias.com\/#website\",\"url\":\"https:\/\/elpuucnoticias.com\/\",\"name\":\"El Puuc Noticias\",\"description\":\"Noticias - Entretenimiento - Deportes\",\"potentialAction\":[{\"@type\":\"SearchAction\",\"target\":{\"@type\":\"EntryPoint\",\"urlTemplate\":\"https:\/\/elpuucnoticias.com\/?s={search_term_string}\"},\"query-input\":\"required name=search_term_string\"}],\"inLanguage\":\"es\"},{\"@type\":\"ImageObject\",\"@id\":\"https:\/\/elpuucnoticias.com\/?p=20821#primaryimage\",\"inLanguage\":\"es\",\"url\":\"https:\/\/elpuucnoticias.com\/wp-content\/uploads\/2025\/08\/whatsapp-image-2025-08-28-at-14.12.01-1-scaled-1.jpeg\",\"contentUrl\":\"https:\/\/elpuucnoticias.com\/wp-content\/uploads\/2025\/08\/whatsapp-image-2025-08-28-at-14.12.01-1-scaled-1.jpeg\",\"width\":2560,\"height\":1707},{\"@type\":\"WebPage\",\"@id\":\"https:\/\/elpuucnoticias.com\/?p=20821#webpage\",\"url\":\"https:\/\/elpuucnoticias.com\/?p=20821\",\"name\":\"Impulsa Mara Lezama el empoderamiento de las mujeres en el Congreso Nacional AMEXME 2025 - El Puuc Noticias\",\"isPartOf\":{\"@id\":\"https:\/\/elpuucnoticias.com\/#website\"},\"primaryImageOfPage\":{\"@id\":\"https:\/\/elpuucnoticias.com\/?p=20821#primaryimage\"},\"datePublished\":\"2025-08-29T17:49:14+00:00\",\"dateModified\":\"2025-08-29T17:49:14+00:00\",\"author\":{\"@id\":\"https:\/\/elpuucnoticias.com\/#\/schema\/person\/d2ea09e4c97f0160b11cdfb1d856bd9e\"},\"breadcrumb\":{\"@id\":\"https:\/\/elpuucnoticias.com\/?p=20821#breadcrumb\"},\"inLanguage\":\"es\",\"potentialAction\":[{\"@type\":\"ReadAction\",\"target\":[\"https:\/\/elpuucnoticias.com\/?p=20821\"]}]},{\"@type\":\"BreadcrumbList\",\"@id\":\"https:\/\/elpuucnoticias.com\/?p=20821#breadcrumb\",\"itemListElement\":[{\"@type\":\"ListItem\",\"position\":1,\"name\":\"Portada\",\"item\":\"https:\/\/elpuucnoticias.com\/\"},{\"@type\":\"ListItem\",\"position\":2,\"name\":\"Impulsa Mara Lezama el empoderamiento de las mujeres en el Congreso Nacional AMEXME 2025\"}]},{\"@type\":\"Person\",\"@id\":\"https:\/\/elpuucnoticias.com\/#\/schema\/person\/d2ea09e4c97f0160b11cdfb1d856bd9e\",\"name\":\"elpuucnoticias\",\"image\":{\"@type\":\"ImageObject\",\"@id\":\"https:\/\/elpuucnoticias.com\/#personlogo\",\"inLanguage\":\"es\",\"url\":\"https:\/\/secure.gravatar.com\/avatar\/5290a43657c74ffa15701dbe5b846bd85cc71930d803c84e91046a7333de6ce2?s=96&d=mm&r=g\",\"contentUrl\":\"https:\/\/secure.gravatar.com\/avatar\/5290a43657c74ffa15701dbe5b846bd85cc71930d803c84e91046a7333de6ce2?s=96&d=mm&r=g\",\"caption\":\"elpuucnoticias\"},\"sameAs\":[\"https:\/\/elpuucnoticias.com\"],\"url\":\"https:\/\/elpuucnoticias.com\/?author=1\"}]}<\/script>\n<!-- \/ Yoast SEO plugin. -->","yoast_head_json":{"title":"Impulsa Mara Lezama el empoderamiento de las mujeres en el Congreso Nacional AMEXME 2025 - El Puuc Noticias","robots":{"index":"index","follow":"follow","max-snippet":"max-snippet:-1","max-image-preview":"max-image-preview:large","max-video-preview":"max-video-preview:-1"},"canonical":"https:\/\/elpuucnoticias.com\/?p=20821","og_locale":"es_ES","og_type":"article","og_title":"Impulsa Mara Lezama el empoderamiento de las mujeres en el Congreso Nacional AMEXME 2025 - El Puuc Noticias","og_description":"Durante el evento inaugural del XXII Congreso Nacional AMEXME Canc\u00fan 2025, la gobernadora Mara Lezama Espinosa expres\u00f3 que","og_url":"https:\/\/elpuucnoticias.com\/?p=20821","og_site_name":"El Puuc Noticias","article_published_time":"2025-08-29T17:49:14+00:00","og_image":[{"url":"https:\/\/cgc.qroo.gob.mx\/cjg\/wp-content\/uploads\/2025\/08\/WhatsApp-Image-2025-08-28-at-14.12.05-585x390.jpeg"}],"twitter_card":"summary_large_image","twitter_misc":{"Escrito por":"elpuucnoticias","Tiempo de lectura":"2 minutos"},"schema":{"@context":"https:\/\/schema.org","@graph":[{"@type":"WebSite","@id":"https:\/\/elpuucnoticias.com\/#website","url":"https:\/\/elpuucnoticias.com\/","name":"El Puuc Noticias","description":"Noticias - Entretenimiento - Deportes","potentialAction":[{"@type":"SearchAction","target":{"@type":"EntryPoint","urlTemplate":"https:\/\/elpuucnoticias.com\/?s={search_term_string}"},"query-input":"required name=search_term_string"}],"inLanguage":"es"},{"@type":"ImageObject","@id":"https:\/\/elpuucnoticias.com\/?p=20821#primaryimage","inLanguage":"es","url":"https:\/\/elpuucnoticias.com\/wp-content\/uploads\/2025\/08\/whatsapp-image-2025-08-28-at-14.12.01-1-scaled-1.jpeg","contentUrl":"https:\/\/elpuucnoticias.com\/wp-content\/uploads\/2025\/08\/whatsapp-image-2025-08-28-at-14.12.01-1-scaled-1.jpeg","width":2560,"height":1707},{"@type":"WebPage","@id":"https:\/\/elpuucnoticias.com\/?p=20821#webpage","url":"https:\/\/elpuucnoticias.com\/?p=20821","name":"Impulsa Mara Lezama el empoderamiento de las mujeres en el Congreso Nacional AMEXME 2025 - El Puuc Noticias","isPartOf":{"@id":"https:\/\/elpuucnoticias.com\/#website"},"primaryImageOfPage":{"@id":"https:\/\/elpuucnoticias.com\/?p=20821#primaryimage"},"datePublished":"2025-08-29T17:49:14+00:00","dateModified":"2025-08-29T17:49:14+00:00","author":{"@id":"https:\/\/elpuucnoticias.com\/#\/schema\/person\/d2ea09e4c97f0160b11cdfb1d856bd9e"},"breadcrumb":{"@id":"https:\/\/elpuucnoticias.com\/?p=20821#breadcrumb"},"inLanguage":"es","potentialAction":[{"@type":"ReadAction","target":["https:\/\/elpuucnoticias.com\/?p=20821"]}]},{"@type":"BreadcrumbList","@id":"https:\/\/elpuucnoticias.com\/?p=20821#breadcrumb","itemListElement":[{"@type":"ListItem","position":1,"name":"Portada","item":"https:\/\/elpuucnoticias.com\/"},{"@type":"ListItem","position":2,"name":"Impulsa Mara Lezama el empoderamiento de las mujeres en el Congreso Nacional AMEXME 2025"}]},{"@type":"Person","@id":"https:\/\/elpuucnoticias.com\/#\/schema\/person\/d2ea09e4c97f0160b11cdfb1d856bd9e","name":"elpuucnoticias","image":{"@type":"ImageObject","@id":"https:\/\/elpuucnoticias.com\/#personlogo","inLanguage":"es","url":"https:\/\/secure.gravatar.com\/avatar\/5290a43657c74ffa15701dbe5b846bd85cc71930d803c84e91046a7333de6ce2?s=96&d=mm&r=g","contentUrl":"https:\/\/secure.gravatar.com\/avatar\/5290a43657c74ffa15701dbe5b846bd85cc71930d803c84e91046a7333de6ce2?s=96&d=mm&r=g","caption":"elpuucnoticias"},"sameAs":["https:\/\/elpuucnoticias.com"],"url":"https:\/\/elpuucnoticias.com\/?author=1"}]}},"_links":{"self":[{"href":"https:\/\/elpuucnoticias.com\/index.php?rest_route=\/wp\/v2\/posts\/20821","targetHints":{"allow":["GET"]}}],"collection":[{"href":"https:\/\/elpuucnoticias.com\/index.php?rest_route=\/wp\/v2\/posts"}],"about":[{"href":"https:\/\/elpuucnoticias.com\/index.php?rest_route=\/wp\/v2\/types\/post"}],"author":[{"embeddable":true,"href":"https:\/\/elpuucnoticias.com\/index.php?rest_route=\/wp\/v2\/users\/1"}],"replies":[{"embeddable":true,"href":"https:\/\/elpuucnoticias.com\/index.php?rest_route=%2Fwp%2Fv2%2Fcomments&post=20821"}],"version-history":[{"count":1,"href":"https:\/\/elpuucnoticias.com\/index.php?rest_route=\/wp\/v2\/posts\/20821\/revisions"}],"predecessor-version":[{"id":20823,"href":"https:\/\/elpuucnoticias.com\/index.php?rest_route=\/wp\/v2\/posts\/20821\/revisions\/20823"}],"wp:featuredmedia":[{"embeddable":true,"href":"https:\/\/elpuucnoticias.com\/index.php?rest_route=\/wp\/v2\/media\/20822"}],"wp:attachment":[{"href":"https:\/\/elpuucnoticias.com\/index.php?rest_route=%2Fwp%2Fv2%2Fmedia&parent=20821"}],"wp:term":[{"taxonomy":"category","embeddable":true,"href":"https:\/\/elpuucnoticias.com\/index.php?rest_route=%2Fwp%2Fv2%2Fcategories&post=20821"},{"taxonomy":"post_tag","embeddable":true,"href":"https:\/\/elpuucnoticias.com\/index.php?rest_route=%2Fwp%2Fv2%2Ftags&post=20821"}],"curies":[{"name":"wp","href":"https:\/\/api.w.org\/{rel}","templated":true}]}}