{"id":20824,"date":"2025-08-29T11:51:43","date_gmt":"2025-08-29T17:51:43","guid":{"rendered":"https:\/\/elpuucnoticias.com\/?p=20824"},"modified":"2025-08-29T11:51:44","modified_gmt":"2025-08-29T17:51:44","slug":"atletas-quintanarroenses-tuvieron-destacada-actuacion-en-los-juegos-panamericanos-junior-de-asuncion-2025","status":"publish","type":"post","link":"https:\/\/elpuucnoticias.com\/?p=20824","title":{"rendered":"Atletas quintanarroenses tuvieron destacada actuaci\u00f3n en los Juegos Panamericanos Junior de Asunci\u00f3n 2025"},"content":{"rendered":"\n<p>Las y los atletas quintanarroenses contin\u00faan demostrando su excelente nivel competitivo en justas de talla internacional, y es que tres deportistas de la entidad, Andr\u00e9s Dupont, Jer\u00f3nimo Abogado y Sof\u00eda del Paso Montero, adem\u00e1s de mostrar su talento con la Delegaci\u00f3n Mexicana, obtuvieron una gran experiencia, esto al tener una destacada actuaci\u00f3n en los pasados Juegos Panamericanos Junior de Asunci\u00f3n 2025, celebrados en el pa\u00eds de Paraguay.<\/p>\n\n\n\n<figure class=\"wp-block-image is-style-default\"><a href=\"https:\/\/cgc.qroo.gob.mx\/cjg\/wp-content\/uploads\/2025\/08\/WhatsApp-Image-2025-08-28-at-15.16.44.jpeg\"><img decoding=\"async\" src=\"https:\/\/cgc.qroo.gob.mx\/cjg\/wp-content\/uploads\/2025\/08\/WhatsApp-Image-2025-08-28-at-15.16.44-585x1040.jpeg\" alt=\"\" title=\"WhatsApp Image 2025-08-28 at 15.16.44\"\/><\/a><\/figure>\n\n\n\n<p>Tal como lo enmarca el Nuevo Acuerdo por el Bienestar y Desarrollo, que impulsa la gobernadora Mara Lezama Espinosa, se trabaja para dotar de herramientas a las y los deportistas de la entidad, para que logren sus objetivos deportivos, esto a trav\u00e9s de la Comisi\u00f3n del Deporte de Quintana Roo (CODEQ), que preside Jacobo Arzate Hop.<\/p>\n\n\n\n<p>Pasando a los resultados de la justa, el quintanarroense que m\u00e1s resalt\u00f3 fue el trit\u00f3n Andr\u00e9s Dupont, quien, en su participaci\u00f3n en Asunci\u00f3n, se colg\u00f3 al pecho cuatro preseas, dos platas y dos bronces, de las cuales fueron una de manera individual y tres por equipos, cosechando un resultado muy positivo.<\/p>\n\n\n\n<figure class=\"wp-block-image is-style-default\"><a href=\"https:\/\/cgc.qroo.gob.mx\/cjg\/wp-content\/uploads\/2025\/08\/WhatsApp-Image-2025-08-28-at-15.16.43.jpeg\"><img decoding=\"async\" src=\"https:\/\/cgc.qroo.gob.mx\/cjg\/wp-content\/uploads\/2025\/08\/WhatsApp-Image-2025-08-28-at-15.16.43-585x878.jpeg\" alt=\"\" title=\"WhatsApp Image 2025-08-28 at 15.16.43\"\/><\/a><\/figure>\n\n\n\n<p>Una de sus preseas de plata fue en individual en los 100 metros Estilo Libre Varonil; adem\u00e1s de lograr otra medalla plateada en Equipo de los 4\u00d7200 Relevo Estilo Libre; as\u00ed como dos de bronce, ambas en Equipo, pero en las pruebas de 4\u00d7100 Relevo Combinado Varonil y en 4\u00d7100 Relevo Estilo Libre Mixto.<\/p>\n\n\n\n<p>Por otro lado, Quintana Roo, representando a M\u00e9xico, tuvo participaci\u00f3n en la disciplina de Vela y fueron dos atletas; el primero fue Jer\u00f3nimo Abogado, quien mostr\u00f3 su experiencia en cada una de las regatas que disput\u00f3, pero al final concluy\u00f3 con un quinto lugar en la prueba de iQFoil Varonil.<\/p>\n\n\n\n<figure class=\"wp-block-image is-style-default\"><a href=\"https:\/\/cgc.qroo.gob.mx\/cjg\/wp-content\/uploads\/2025\/08\/WhatsApp-Image-2025-08-28-at-15.16.44-1.jpeg\"><img decoding=\"async\" src=\"https:\/\/cgc.qroo.gob.mx\/cjg\/wp-content\/uploads\/2025\/08\/WhatsApp-Image-2025-08-28-at-15.16.44-1-585x1040.jpeg\" alt=\"\" title=\"WhatsApp Image 2025-08-28 at 15.16.44 (1)\"\/><\/a><\/figure>\n\n\n\n<p>Finalmente, la playense Sof\u00eda del Paso Montero, tambi\u00e9n mostr\u00f3 su talento en cada regata de la prueba de Bote ILCA 6, donde concluy\u00f3 en la posici\u00f3n 17 de su clasificaci\u00f3n, pero logrando una gran experiencia.<\/p>\n\n\n\n<p>Cabe destacar que, con sus resultados en esta justa, tanto Jer\u00f3nimo como Sof\u00eda lograron su clasificaci\u00f3n a los pr\u00f3ximos Juegos Centroamericanos y del Caribe 2026, que se celebrar\u00e1n en Santo Domingo, Rep\u00fablica Dominicana.<\/p>\n","protected":false},"excerpt":{"rendered":"<p>Las y los atletas quintanarroenses contin\u00faan demostrando su excelente nivel competitivo en justas de talla internacional, y es<\/p>\n","protected":false},"author":1,"featured_media":20825,"comment_status":"closed","ping_status":"open","sticky":false,"template":"","format":"standard","meta":{"_monsterinsights_skip_tracking":false,"_monsterinsights_sitenote_active":false,"_monsterinsights_sitenote_note":"","_monsterinsights_sitenote_category":0,"footnotes":""},"categories":[11,24],"tags":[],"class_list":["post-20824","post","type-post","status-publish","format-standard","has-post-thumbnail","hentry","category-noticias","category-quintana-roo"],"yoast_head":"<!-- This site is optimized with the Yoast SEO plugin v18.3 - https:\/\/yoast.com\/wordpress\/plugins\/seo\/ -->\n<title>Atletas quintanarroenses tuvieron destacada actuaci\u00f3n en los Juegos Panamericanos Junior de Asunci\u00f3n 2025 - El Puuc Noticias<\/title>\n<meta name=\"robots\" content=\"index, follow, max-snippet:-1, max-image-preview:large, max-video-preview:-1\" \/>\n<link rel=\"canonical\" href=\"https:\/\/elpuucnoticias.com\/?p=20824\" \/>\n<meta property=\"og:locale\" content=\"es_ES\" \/>\n<meta property=\"og:type\" content=\"article\" \/>\n<meta property=\"og:title\" content=\"Atletas quintanarroenses tuvieron destacada actuaci\u00f3n en los Juegos Panamericanos Junior de Asunci\u00f3n 2025 - El Puuc Noticias\" \/>\n<meta property=\"og:description\" content=\"Las y los atletas quintanarroenses contin\u00faan demostrando su excelente nivel competitivo en justas de talla internacional, y es\" \/>\n<meta property=\"og:url\" content=\"https:\/\/elpuucnoticias.com\/?p=20824\" \/>\n<meta property=\"og:site_name\" content=\"El Puuc Noticias\" \/>\n<meta property=\"article:published_time\" content=\"2025-08-29T17:51:43+00:00\" \/>\n<meta property=\"article:modified_time\" content=\"2025-08-29T17:51:44+00:00\" \/>\n<meta property=\"og:image\" content=\"https:\/\/elpuucnoticias.com\/wp-content\/uploads\/2025\/08\/copia-de-whatsapp-image-2025-08-28-at-15.16.43.jpeg\" \/>\n\t<meta property=\"og:image:width\" content=\"1595\" \/>\n\t<meta property=\"og:image:height\" content=\"1283\" \/>\n\t<meta property=\"og:image:type\" content=\"image\/jpeg\" \/>\n<meta name=\"twitter:card\" content=\"summary_large_image\" \/>\n<meta name=\"twitter:label1\" content=\"Escrito por\" \/>\n\t<meta name=\"twitter:data1\" content=\"elpuucnoticias\" \/>\n\t<meta name=\"twitter:label2\" content=\"Tiempo de lectura\" \/>\n\t<meta name=\"twitter:data2\" content=\"2 minutos\" \/>\n<script type=\"application\/ld+json\" class=\"yoast-schema-graph\">{\"@context\":\"https:\/\/schema.org\",\"@graph\":[{\"@type\":\"WebSite\",\"@id\":\"https:\/\/elpuucnoticias.com\/#website\",\"url\":\"https:\/\/elpuucnoticias.com\/\",\"name\":\"El Puuc Noticias\",\"description\":\"Noticias - Entretenimiento - Deportes\",\"potentialAction\":[{\"@type\":\"SearchAction\",\"target\":{\"@type\":\"EntryPoint\",\"urlTemplate\":\"https:\/\/elpuucnoticias.com\/?s={search_term_string}\"},\"query-input\":\"required name=search_term_string\"}],\"inLanguage\":\"es\"},{\"@type\":\"ImageObject\",\"@id\":\"https:\/\/elpuucnoticias.com\/?p=20824#primaryimage\",\"inLanguage\":\"es\",\"url\":\"https:\/\/elpuucnoticias.com\/wp-content\/uploads\/2025\/08\/copia-de-whatsapp-image-2025-08-28-at-15.16.43.jpeg\",\"contentUrl\":\"https:\/\/elpuucnoticias.com\/wp-content\/uploads\/2025\/08\/copia-de-whatsapp-image-2025-08-28-at-15.16.43.jpeg\",\"width\":1595,\"height\":1283},{\"@type\":\"WebPage\",\"@id\":\"https:\/\/elpuucnoticias.com\/?p=20824#webpage\",\"url\":\"https:\/\/elpuucnoticias.com\/?p=20824\",\"name\":\"Atletas quintanarroenses tuvieron destacada actuaci\u00f3n en los Juegos Panamericanos Junior de Asunci\u00f3n 2025 - El Puuc Noticias\",\"isPartOf\":{\"@id\":\"https:\/\/elpuucnoticias.com\/#website\"},\"primaryImageOfPage\":{\"@id\":\"https:\/\/elpuucnoticias.com\/?p=20824#primaryimage\"},\"datePublished\":\"2025-08-29T17:51:43+00:00\",\"dateModified\":\"2025-08-29T17:51:44+00:00\",\"author\":{\"@id\":\"https:\/\/elpuucnoticias.com\/#\/schema\/person\/d2ea09e4c97f0160b11cdfb1d856bd9e\"},\"breadcrumb\":{\"@id\":\"https:\/\/elpuucnoticias.com\/?p=20824#breadcrumb\"},\"inLanguage\":\"es\",\"potentialAction\":[{\"@type\":\"ReadAction\",\"target\":[\"https:\/\/elpuucnoticias.com\/?p=20824\"]}]},{\"@type\":\"BreadcrumbList\",\"@id\":\"https:\/\/elpuucnoticias.com\/?p=20824#breadcrumb\",\"itemListElement\":[{\"@type\":\"ListItem\",\"position\":1,\"name\":\"Portada\",\"item\":\"https:\/\/elpuucnoticias.com\/\"},{\"@type\":\"ListItem\",\"position\":2,\"name\":\"Atletas quintanarroenses tuvieron destacada actuaci\u00f3n en los Juegos Panamericanos Junior de Asunci\u00f3n 2025\"}]},{\"@type\":\"Person\",\"@id\":\"https:\/\/elpuucnoticias.com\/#\/schema\/person\/d2ea09e4c97f0160b11cdfb1d856bd9e\",\"name\":\"elpuucnoticias\",\"image\":{\"@type\":\"ImageObject\",\"@id\":\"https:\/\/elpuucnoticias.com\/#personlogo\",\"inLanguage\":\"es\",\"url\":\"https:\/\/secure.gravatar.com\/avatar\/5290a43657c74ffa15701dbe5b846bd85cc71930d803c84e91046a7333de6ce2?s=96&d=mm&r=g\",\"contentUrl\":\"https:\/\/secure.gravatar.com\/avatar\/5290a43657c74ffa15701dbe5b846bd85cc71930d803c84e91046a7333de6ce2?s=96&d=mm&r=g\",\"caption\":\"elpuucnoticias\"},\"sameAs\":[\"https:\/\/elpuucnoticias.com\"],\"url\":\"https:\/\/elpuucnoticias.com\/?author=1\"}]}<\/script>\n<!-- \/ Yoast SEO plugin. -->","yoast_head_json":{"title":"Atletas quintanarroenses tuvieron destacada actuaci\u00f3n en los Juegos Panamericanos Junior de Asunci\u00f3n 2025 - El Puuc Noticias","robots":{"index":"index","follow":"follow","max-snippet":"max-snippet:-1","max-image-preview":"max-image-preview:large","max-video-preview":"max-video-preview:-1"},"canonical":"https:\/\/elpuucnoticias.com\/?p=20824","og_locale":"es_ES","og_type":"article","og_title":"Atletas quintanarroenses tuvieron destacada actuaci\u00f3n en los Juegos Panamericanos Junior de Asunci\u00f3n 2025 - El Puuc Noticias","og_description":"Las y los atletas quintanarroenses contin\u00faan demostrando su excelente nivel competitivo en justas de talla internacional, y es","og_url":"https:\/\/elpuucnoticias.com\/?p=20824","og_site_name":"El Puuc Noticias","article_published_time":"2025-08-29T17:51:43+00:00","article_modified_time":"2025-08-29T17:51:44+00:00","og_image":[{"width":1595,"height":1283,"url":"https:\/\/elpuucnoticias.com\/wp-content\/uploads\/2025\/08\/copia-de-whatsapp-image-2025-08-28-at-15.16.43.jpeg","type":"image\/jpeg"}],"twitter_card":"summary_large_image","twitter_misc":{"Escrito por":"elpuucnoticias","Tiempo de lectura":"2 minutos"},"schema":{"@context":"https:\/\/schema.org","@graph":[{"@type":"WebSite","@id":"https:\/\/elpuucnoticias.com\/#website","url":"https:\/\/elpuucnoticias.com\/","name":"El Puuc Noticias","description":"Noticias - Entretenimiento - Deportes","potentialAction":[{"@type":"SearchAction","target":{"@type":"EntryPoint","urlTemplate":"https:\/\/elpuucnoticias.com\/?s={search_term_string}"},"query-input":"required name=search_term_string"}],"inLanguage":"es"},{"@type":"ImageObject","@id":"https:\/\/elpuucnoticias.com\/?p=20824#primaryimage","inLanguage":"es","url":"https:\/\/elpuucnoticias.com\/wp-content\/uploads\/2025\/08\/copia-de-whatsapp-image-2025-08-28-at-15.16.43.jpeg","contentUrl":"https:\/\/elpuucnoticias.com\/wp-content\/uploads\/2025\/08\/copia-de-whatsapp-image-2025-08-28-at-15.16.43.jpeg","width":1595,"height":1283},{"@type":"WebPage","@id":"https:\/\/elpuucnoticias.com\/?p=20824#webpage","url":"https:\/\/elpuucnoticias.com\/?p=20824","name":"Atletas quintanarroenses tuvieron destacada actuaci\u00f3n en los Juegos Panamericanos Junior de Asunci\u00f3n 2025 - El Puuc Noticias","isPartOf":{"@id":"https:\/\/elpuucnoticias.com\/#website"},"primaryImageOfPage":{"@id":"https:\/\/elpuucnoticias.com\/?p=20824#primaryimage"},"datePublished":"2025-08-29T17:51:43+00:00","dateModified":"2025-08-29T17:51:44+00:00","author":{"@id":"https:\/\/elpuucnoticias.com\/#\/schema\/person\/d2ea09e4c97f0160b11cdfb1d856bd9e"},"breadcrumb":{"@id":"https:\/\/elpuucnoticias.com\/?p=20824#breadcrumb"},"inLanguage":"es","potentialAction":[{"@type":"ReadAction","target":["https:\/\/elpuucnoticias.com\/?p=20824"]}]},{"@type":"BreadcrumbList","@id":"https:\/\/elpuucnoticias.com\/?p=20824#breadcrumb","itemListElement":[{"@type":"ListItem","position":1,"name":"Portada","item":"https:\/\/elpuucnoticias.com\/"},{"@type":"ListItem","position":2,"name":"Atletas quintanarroenses tuvieron destacada actuaci\u00f3n en los Juegos Panamericanos Junior de Asunci\u00f3n 2025"}]},{"@type":"Person","@id":"https:\/\/elpuucnoticias.com\/#\/schema\/person\/d2ea09e4c97f0160b11cdfb1d856bd9e","name":"elpuucnoticias","image":{"@type":"ImageObject","@id":"https:\/\/elpuucnoticias.com\/#personlogo","inLanguage":"es","url":"https:\/\/secure.gravatar.com\/avatar\/5290a43657c74ffa15701dbe5b846bd85cc71930d803c84e91046a7333de6ce2?s=96&d=mm&r=g","contentUrl":"https:\/\/secure.gravatar.com\/avatar\/5290a43657c74ffa15701dbe5b846bd85cc71930d803c84e91046a7333de6ce2?s=96&d=mm&r=g","caption":"elpuucnoticias"},"sameAs":["https:\/\/elpuucnoticias.com"],"url":"https:\/\/elpuucnoticias.com\/?author=1"}]}},"_links":{"self":[{"href":"https:\/\/elpuucnoticias.com\/index.php?rest_route=\/wp\/v2\/posts\/20824","targetHints":{"allow":["GET"]}}],"collection":[{"href":"https:\/\/elpuucnoticias.com\/index.php?rest_route=\/wp\/v2\/posts"}],"about":[{"href":"https:\/\/elpuucnoticias.com\/index.php?rest_route=\/wp\/v2\/types\/post"}],"author":[{"embeddable":true,"href":"https:\/\/elpuucnoticias.com\/index.php?rest_route=\/wp\/v2\/users\/1"}],"replies":[{"embeddable":true,"href":"https:\/\/elpuucnoticias.com\/index.php?rest_route=%2Fwp%2Fv2%2Fcomments&post=20824"}],"version-history":[{"count":1,"href":"https:\/\/elpuucnoticias.com\/index.php?rest_route=\/wp\/v2\/posts\/20824\/revisions"}],"predecessor-version":[{"id":20826,"href":"https:\/\/elpuucnoticias.com\/index.php?rest_route=\/wp\/v2\/posts\/20824\/revisions\/20826"}],"wp:featuredmedia":[{"embeddable":true,"href":"https:\/\/elpuucnoticias.com\/index.php?rest_route=\/wp\/v2\/media\/20825"}],"wp:attachment":[{"href":"https:\/\/elpuucnoticias.com\/index.php?rest_route=%2Fwp%2Fv2%2Fmedia&parent=20824"}],"wp:term":[{"taxonomy":"category","embeddable":true,"href":"https:\/\/elpuucnoticias.com\/index.php?rest_route=%2Fwp%2Fv2%2Fcategories&post=20824"},{"taxonomy":"post_tag","embeddable":true,"href":"https:\/\/elpuucnoticias.com\/index.php?rest_route=%2Fwp%2Fv2%2Ftags&post=20824"}],"curies":[{"name":"wp","href":"https:\/\/api.w.org\/{rel}","templated":true}]}}