{"id":20836,"date":"2025-08-29T12:30:29","date_gmt":"2025-08-29T18:30:29","guid":{"rendered":"https:\/\/elpuucnoticias.com\/?p=20836"},"modified":"2025-08-29T12:30:30","modified_gmt":"2025-08-29T18:30:30","slug":"tras-las-rejas-por-homicidio-de-su-papa","status":"publish","type":"post","link":"https:\/\/elpuucnoticias.com\/?p=20836","title":{"rendered":"Tras las rejas por homicidio de su pap\u00e1"},"content":{"rendered":"\n<p>Acusado de causar la muerte a su progenitor, M.J.H.C. fue imputado por la Fiscal\u00eda General del Estado (FGE) por el delito de homicidio en raz\u00f3n de parentesco, denunciado tras los hechos ocurridos en d\u00edas pasados en la localidad de Bokob\u00e1, por lo que su proceso lo seguir\u00e1 en prisi\u00f3n, privado de su libertad.<\/p>\n\n\n\n<p>Al realizarse la audiencia inicial ante el Juez Segundo de Control del Primer Distrito, con sede en M\u00e9rida, los fiscales de litigaci\u00f3n le formularon la imputaci\u00f3n del delito y argumentaron la vinculaci\u00f3n a proceso, pero el acusado se apeg\u00f3 a la pr\u00f3rroga de ley, por lo que la audiencia continuar\u00e1 en los pr\u00f3ximos d\u00edas.<\/p>\n\n\n\n<p>Tras los hechos ocurridos, se dio inicio a la carpeta de investigaci\u00f3n, donde se establece que la tarde del 24 de agosto, el encausado y la v\u00edctima se encontraban en el interior del predio familiar ubicado en la citada localidad.<\/p>\n\n\n\n<p>En un momento dado, M.J.H.C. tom\u00f3 un palo para golpear a su pap\u00e1 en repetidas ocasiones en la cabeza y varias partes del cuerpo, provoc\u00e1ndole lesiones que le causaron la muerte por traumatismo craneoencef\u00e1lico, como determin\u00f3 la Fiscal\u00eda.<\/p>\n\n\n\n<p>La agresi\u00f3n fue presenciada por un familiar de la v\u00edctima, quien retuvo al procesado para impedir que se diera a la fuga y lo entreg\u00f3 a la polic\u00eda municipal.<\/p>\n\n\n\n<p>Por \u00faltimo, se expusieron los argumentos para sustentar la solicitud de prisi\u00f3n preventiva, misma que fue concedida por el Juez de Control por todo el tiempo que dure el proceso.<\/p>\n","protected":false},"excerpt":{"rendered":"<p>Acusado de causar la muerte a su progenitor, M.J.H.C. fue imputado por la Fiscal\u00eda General del Estado (FGE)<\/p>\n","protected":false},"author":1,"featured_media":20837,"comment_status":"closed","ping_status":"open","sticky":false,"template":"","format":"standard","meta":{"_monsterinsights_skip_tracking":false,"_monsterinsights_sitenote_active":false,"_monsterinsights_sitenote_note":"","_monsterinsights_sitenote_category":0,"footnotes":""},"categories":[11,3],"tags":[],"class_list":["post-20836","post","type-post","status-publish","format-standard","has-post-thumbnail","hentry","category-noticias","category-policiacas"],"yoast_head":"<!-- This site is optimized with the Yoast SEO plugin v18.3 - https:\/\/yoast.com\/wordpress\/plugins\/seo\/ -->\n<title>Tras las rejas por homicidio de su pap\u00e1 - El Puuc Noticias<\/title>\n<meta name=\"robots\" content=\"index, follow, max-snippet:-1, max-image-preview:large, max-video-preview:-1\" \/>\n<link rel=\"canonical\" href=\"https:\/\/elpuucnoticias.com\/?p=20836\" \/>\n<meta property=\"og:locale\" content=\"es_ES\" \/>\n<meta property=\"og:type\" content=\"article\" \/>\n<meta property=\"og:title\" content=\"Tras las rejas por homicidio de su pap\u00e1 - El Puuc Noticias\" \/>\n<meta property=\"og:description\" content=\"Acusado de causar la muerte a su progenitor, M.J.H.C. fue imputado por la Fiscal\u00eda General del Estado (FGE)\" \/>\n<meta property=\"og:url\" content=\"https:\/\/elpuucnoticias.com\/?p=20836\" \/>\n<meta property=\"og:site_name\" content=\"El Puuc Noticias\" \/>\n<meta property=\"article:published_time\" content=\"2025-08-29T18:30:29+00:00\" \/>\n<meta property=\"article:modified_time\" content=\"2025-08-29T18:30:30+00:00\" \/>\n<meta property=\"og:image\" content=\"https:\/\/elpuucnoticias.com\/wp-content\/uploads\/2025\/08\/fi6.jpg\" \/>\n\t<meta property=\"og:image:width\" content=\"980\" \/>\n\t<meta property=\"og:image:height\" content=\"552\" \/>\n\t<meta property=\"og:image:type\" content=\"image\/jpeg\" \/>\n<meta name=\"twitter:card\" content=\"summary_large_image\" \/>\n<meta name=\"twitter:label1\" content=\"Escrito por\" \/>\n\t<meta name=\"twitter:data1\" content=\"elpuucnoticias\" \/>\n\t<meta name=\"twitter:label2\" content=\"Tiempo de lectura\" \/>\n\t<meta name=\"twitter:data2\" content=\"1 minuto\" \/>\n<script type=\"application\/ld+json\" class=\"yoast-schema-graph\">{\"@context\":\"https:\/\/schema.org\",\"@graph\":[{\"@type\":\"WebSite\",\"@id\":\"https:\/\/elpuucnoticias.com\/#website\",\"url\":\"https:\/\/elpuucnoticias.com\/\",\"name\":\"El Puuc Noticias\",\"description\":\"Noticias - Entretenimiento - Deportes\",\"potentialAction\":[{\"@type\":\"SearchAction\",\"target\":{\"@type\":\"EntryPoint\",\"urlTemplate\":\"https:\/\/elpuucnoticias.com\/?s={search_term_string}\"},\"query-input\":\"required name=search_term_string\"}],\"inLanguage\":\"es\"},{\"@type\":\"ImageObject\",\"@id\":\"https:\/\/elpuucnoticias.com\/?p=20836#primaryimage\",\"inLanguage\":\"es\",\"url\":\"https:\/\/elpuucnoticias.com\/wp-content\/uploads\/2025\/08\/fi6.jpg\",\"contentUrl\":\"https:\/\/elpuucnoticias.com\/wp-content\/uploads\/2025\/08\/fi6.jpg\",\"width\":980,\"height\":552},{\"@type\":\"WebPage\",\"@id\":\"https:\/\/elpuucnoticias.com\/?p=20836#webpage\",\"url\":\"https:\/\/elpuucnoticias.com\/?p=20836\",\"name\":\"Tras las rejas por homicidio de su pap\u00e1 - El Puuc Noticias\",\"isPartOf\":{\"@id\":\"https:\/\/elpuucnoticias.com\/#website\"},\"primaryImageOfPage\":{\"@id\":\"https:\/\/elpuucnoticias.com\/?p=20836#primaryimage\"},\"datePublished\":\"2025-08-29T18:30:29+00:00\",\"dateModified\":\"2025-08-29T18:30:30+00:00\",\"author\":{\"@id\":\"https:\/\/elpuucnoticias.com\/#\/schema\/person\/d2ea09e4c97f0160b11cdfb1d856bd9e\"},\"breadcrumb\":{\"@id\":\"https:\/\/elpuucnoticias.com\/?p=20836#breadcrumb\"},\"inLanguage\":\"es\",\"potentialAction\":[{\"@type\":\"ReadAction\",\"target\":[\"https:\/\/elpuucnoticias.com\/?p=20836\"]}]},{\"@type\":\"BreadcrumbList\",\"@id\":\"https:\/\/elpuucnoticias.com\/?p=20836#breadcrumb\",\"itemListElement\":[{\"@type\":\"ListItem\",\"position\":1,\"name\":\"Portada\",\"item\":\"https:\/\/elpuucnoticias.com\/\"},{\"@type\":\"ListItem\",\"position\":2,\"name\":\"Tras las rejas por homicidio de su pap\u00e1\"}]},{\"@type\":\"Person\",\"@id\":\"https:\/\/elpuucnoticias.com\/#\/schema\/person\/d2ea09e4c97f0160b11cdfb1d856bd9e\",\"name\":\"elpuucnoticias\",\"image\":{\"@type\":\"ImageObject\",\"@id\":\"https:\/\/elpuucnoticias.com\/#personlogo\",\"inLanguage\":\"es\",\"url\":\"https:\/\/secure.gravatar.com\/avatar\/5290a43657c74ffa15701dbe5b846bd85cc71930d803c84e91046a7333de6ce2?s=96&d=mm&r=g\",\"contentUrl\":\"https:\/\/secure.gravatar.com\/avatar\/5290a43657c74ffa15701dbe5b846bd85cc71930d803c84e91046a7333de6ce2?s=96&d=mm&r=g\",\"caption\":\"elpuucnoticias\"},\"sameAs\":[\"https:\/\/elpuucnoticias.com\"],\"url\":\"https:\/\/elpuucnoticias.com\/?author=1\"}]}<\/script>\n<!-- \/ Yoast SEO plugin. -->","yoast_head_json":{"title":"Tras las rejas por homicidio de su pap\u00e1 - El Puuc Noticias","robots":{"index":"index","follow":"follow","max-snippet":"max-snippet:-1","max-image-preview":"max-image-preview:large","max-video-preview":"max-video-preview:-1"},"canonical":"https:\/\/elpuucnoticias.com\/?p=20836","og_locale":"es_ES","og_type":"article","og_title":"Tras las rejas por homicidio de su pap\u00e1 - El Puuc Noticias","og_description":"Acusado de causar la muerte a su progenitor, M.J.H.C. fue imputado por la Fiscal\u00eda General del Estado (FGE)","og_url":"https:\/\/elpuucnoticias.com\/?p=20836","og_site_name":"El Puuc Noticias","article_published_time":"2025-08-29T18:30:29+00:00","article_modified_time":"2025-08-29T18:30:30+00:00","og_image":[{"width":980,"height":552,"url":"https:\/\/elpuucnoticias.com\/wp-content\/uploads\/2025\/08\/fi6.jpg","type":"image\/jpeg"}],"twitter_card":"summary_large_image","twitter_misc":{"Escrito por":"elpuucnoticias","Tiempo de lectura":"1 minuto"},"schema":{"@context":"https:\/\/schema.org","@graph":[{"@type":"WebSite","@id":"https:\/\/elpuucnoticias.com\/#website","url":"https:\/\/elpuucnoticias.com\/","name":"El Puuc Noticias","description":"Noticias - Entretenimiento - Deportes","potentialAction":[{"@type":"SearchAction","target":{"@type":"EntryPoint","urlTemplate":"https:\/\/elpuucnoticias.com\/?s={search_term_string}"},"query-input":"required name=search_term_string"}],"inLanguage":"es"},{"@type":"ImageObject","@id":"https:\/\/elpuucnoticias.com\/?p=20836#primaryimage","inLanguage":"es","url":"https:\/\/elpuucnoticias.com\/wp-content\/uploads\/2025\/08\/fi6.jpg","contentUrl":"https:\/\/elpuucnoticias.com\/wp-content\/uploads\/2025\/08\/fi6.jpg","width":980,"height":552},{"@type":"WebPage","@id":"https:\/\/elpuucnoticias.com\/?p=20836#webpage","url":"https:\/\/elpuucnoticias.com\/?p=20836","name":"Tras las rejas por homicidio de su pap\u00e1 - El Puuc Noticias","isPartOf":{"@id":"https:\/\/elpuucnoticias.com\/#website"},"primaryImageOfPage":{"@id":"https:\/\/elpuucnoticias.com\/?p=20836#primaryimage"},"datePublished":"2025-08-29T18:30:29+00:00","dateModified":"2025-08-29T18:30:30+00:00","author":{"@id":"https:\/\/elpuucnoticias.com\/#\/schema\/person\/d2ea09e4c97f0160b11cdfb1d856bd9e"},"breadcrumb":{"@id":"https:\/\/elpuucnoticias.com\/?p=20836#breadcrumb"},"inLanguage":"es","potentialAction":[{"@type":"ReadAction","target":["https:\/\/elpuucnoticias.com\/?p=20836"]}]},{"@type":"BreadcrumbList","@id":"https:\/\/elpuucnoticias.com\/?p=20836#breadcrumb","itemListElement":[{"@type":"ListItem","position":1,"name":"Portada","item":"https:\/\/elpuucnoticias.com\/"},{"@type":"ListItem","position":2,"name":"Tras las rejas por homicidio de su pap\u00e1"}]},{"@type":"Person","@id":"https:\/\/elpuucnoticias.com\/#\/schema\/person\/d2ea09e4c97f0160b11cdfb1d856bd9e","name":"elpuucnoticias","image":{"@type":"ImageObject","@id":"https:\/\/elpuucnoticias.com\/#personlogo","inLanguage":"es","url":"https:\/\/secure.gravatar.com\/avatar\/5290a43657c74ffa15701dbe5b846bd85cc71930d803c84e91046a7333de6ce2?s=96&d=mm&r=g","contentUrl":"https:\/\/secure.gravatar.com\/avatar\/5290a43657c74ffa15701dbe5b846bd85cc71930d803c84e91046a7333de6ce2?s=96&d=mm&r=g","caption":"elpuucnoticias"},"sameAs":["https:\/\/elpuucnoticias.com"],"url":"https:\/\/elpuucnoticias.com\/?author=1"}]}},"_links":{"self":[{"href":"https:\/\/elpuucnoticias.com\/index.php?rest_route=\/wp\/v2\/posts\/20836","targetHints":{"allow":["GET"]}}],"collection":[{"href":"https:\/\/elpuucnoticias.com\/index.php?rest_route=\/wp\/v2\/posts"}],"about":[{"href":"https:\/\/elpuucnoticias.com\/index.php?rest_route=\/wp\/v2\/types\/post"}],"author":[{"embeddable":true,"href":"https:\/\/elpuucnoticias.com\/index.php?rest_route=\/wp\/v2\/users\/1"}],"replies":[{"embeddable":true,"href":"https:\/\/elpuucnoticias.com\/index.php?rest_route=%2Fwp%2Fv2%2Fcomments&post=20836"}],"version-history":[{"count":1,"href":"https:\/\/elpuucnoticias.com\/index.php?rest_route=\/wp\/v2\/posts\/20836\/revisions"}],"predecessor-version":[{"id":20838,"href":"https:\/\/elpuucnoticias.com\/index.php?rest_route=\/wp\/v2\/posts\/20836\/revisions\/20838"}],"wp:featuredmedia":[{"embeddable":true,"href":"https:\/\/elpuucnoticias.com\/index.php?rest_route=\/wp\/v2\/media\/20837"}],"wp:attachment":[{"href":"https:\/\/elpuucnoticias.com\/index.php?rest_route=%2Fwp%2Fv2%2Fmedia&parent=20836"}],"wp:term":[{"taxonomy":"category","embeddable":true,"href":"https:\/\/elpuucnoticias.com\/index.php?rest_route=%2Fwp%2Fv2%2Fcategories&post=20836"},{"taxonomy":"post_tag","embeddable":true,"href":"https:\/\/elpuucnoticias.com\/index.php?rest_route=%2Fwp%2Fv2%2Ftags&post=20836"}],"curies":[{"name":"wp","href":"https:\/\/api.w.org\/{rel}","templated":true}]}}