{"id":20847,"date":"2025-09-01T13:15:06","date_gmt":"2025-09-01T19:15:06","guid":{"rendered":"https:\/\/elpuucnoticias.com\/?p=20847"},"modified":"2025-09-01T13:15:07","modified_gmt":"2025-09-01T19:15:07","slug":"chetumal-lista-para-conmemorar-el-215-aniversario-del-inicio-de-la-independencia-de-mexico","status":"publish","type":"post","link":"https:\/\/elpuucnoticias.com\/?p=20847","title":{"rendered":"Chetumal lista para conmemorar el 215 aniversario del inicio de la Independencia de M\u00e9xico"},"content":{"rendered":"\n<p>El Comit\u00e9 Organizador de las Fiestas Patrias 2025 en Chetumal, integrado por diversas dependencias estatales, federales y municipales, y encabezado por la Secretar\u00eda de Finanzas y Planeaci\u00f3n (SEFIPLAN), inform\u00f3 que todo se encuentra listo para conmemorar el 215 aniversario del inicio de la lucha por la Independencia de M\u00e9xico.<\/p>\n\n\n\n<p>Las celebraciones iniciar\u00e1n el lunes 1 de septiembre a las 8:00 horas con el primer izamiento de la Bandera Nacional, frente al Palacio de Gobierno, acto que ser\u00e1 encabezado por la gobernadora Mara Lezama Espinosa, acompa\u00f1ada de autoridades civiles y militares de los tres \u00f3rdenes de gobierno. Posteriormente, a las 9:00 horas, se llevar\u00e1 a cabo la primera ofrenda floral al Monumento a la Independencia, en honor a los h\u00e9roes que ofrendaron su vida por la patria.<\/p>\n\n\n\n<p>Tras varias reuniones de trabajo, se dio a conocer el programa oficial de actividades que se desarrollar\u00e1n a lo largo del mes de septiembre en la capital del estado, en las que destacan:<\/p>\n\n\n\n<p>\ud83d\udccc Ceremonia del Grito de Independencia, la noche del lunes 15 de septiembre, con presentaci\u00f3n de grupo musical (por confirmar).<\/p>\n\n\n\n<p>\ud83d\udccc Desfile c\u00edvico-militar, el martes 16 de septiembre.<\/p>\n\n\n\n<p>\ud83d\udccc Conmemoraci\u00f3n del 178 aniversario de la Gesta Heroica de los Ni\u00f1os H\u00e9roes de Chapultepec, el s\u00e1bado 13 de septiembre.<\/p>\n\n\n\n<p>\ud83d\udccc 201 aniversario de la Anexi\u00f3n de Chiapas a M\u00e9xico, el domingo 14 de septiembre.<\/p>\n\n\n\n<p>\ud83d\udccc Verbenas populares y Noches Mexicanas, todos los s\u00e1bados de septiembre en la Explanada de la Bandera y en la Plaza C\u00edvica de la Bandera, con presentaciones de ballet folkl\u00f3rico, cantantes e int\u00e9rpretes de m\u00fasica mexicana.<\/p>\n\n\n\n<p>Con estas actividades, se fortalece el Nuevo Acuerdo por el Bienestar y Desarrollo de Quintana Roo, impulsado por la gobernadora Mara Lezama, que busca fomentar en la poblaci\u00f3n el sentido de identidad, pertenencia y amor por M\u00e9xico y Quintana Roo, adem\u00e1s de rendir homenaje a los h\u00e9roes que defendieron nuestra naci\u00f3n.<\/p>\n\n\n\n<p>El Comit\u00e9 Organizador hizo una cordial invitaci\u00f3n a las familias othonenses y al p\u00fablico en general para participar en las diversas actividades c\u00edvicas y culturales. Asimismo, anunci\u00f3 que se implementar\u00e1n dispositivos especiales de protecci\u00f3n civil, seguridad y vigilancia, as\u00ed como puntos de atenci\u00f3n m\u00e9dica y primeros auxilios, para garantizar la seguridad de los asistentes.<\/p>\n\n\n\n<p>Este septiembre, Chetumal ser\u00e1 el coraz\u00f3n que late con orgullo, historia y unidad. \u00a1Que la llama de la Independencia nos inspire a seguir construyendo un M\u00e9xico y un Quintana Roo m\u00e1s fuertes, unidos y llenos de esperanza!<\/p>\n","protected":false},"excerpt":{"rendered":"<p>El Comit\u00e9 Organizador de las Fiestas Patrias 2025 en Chetumal, integrado por diversas dependencias estatales, federales y municipales,<\/p>\n","protected":false},"author":1,"featured_media":20848,"comment_status":"closed","ping_status":"open","sticky":false,"template":"","format":"standard","meta":{"_monsterinsights_skip_tracking":false,"_monsterinsights_sitenote_active":false,"_monsterinsights_sitenote_note":"","_monsterinsights_sitenote_category":0,"footnotes":""},"categories":[11,24],"tags":[],"class_list":["post-20847","post","type-post","status-publish","format-standard","has-post-thumbnail","hentry","category-noticias","category-quintana-roo"],"yoast_head":"<!-- This site is optimized with the Yoast SEO plugin v18.3 - https:\/\/yoast.com\/wordpress\/plugins\/seo\/ -->\n<title>Chetumal lista para conmemorar el 215 aniversario del inicio de la Independencia de M\u00e9xico - El Puuc Noticias<\/title>\n<meta name=\"robots\" content=\"index, follow, max-snippet:-1, max-image-preview:large, max-video-preview:-1\" \/>\n<link rel=\"canonical\" href=\"https:\/\/elpuucnoticias.com\/?p=20847\" \/>\n<meta property=\"og:locale\" content=\"es_ES\" \/>\n<meta property=\"og:type\" content=\"article\" \/>\n<meta property=\"og:title\" content=\"Chetumal lista para conmemorar el 215 aniversario del inicio de la Independencia de M\u00e9xico - El Puuc Noticias\" \/>\n<meta property=\"og:description\" content=\"El Comit\u00e9 Organizador de las Fiestas Patrias 2025 en Chetumal, integrado por diversas dependencias estatales, federales y municipales,\" \/>\n<meta property=\"og:url\" content=\"https:\/\/elpuucnoticias.com\/?p=20847\" \/>\n<meta property=\"og:site_name\" content=\"El Puuc Noticias\" \/>\n<meta property=\"article:published_time\" content=\"2025-09-01T19:15:06+00:00\" \/>\n<meta property=\"article:modified_time\" content=\"2025-09-01T19:15:07+00:00\" \/>\n<meta property=\"og:image\" content=\"https:\/\/elpuucnoticias.com\/wp-content\/uploads\/2025\/09\/face667f-317e-4a3e-8c7c-e9e50f57321f.jpg\" \/>\n\t<meta property=\"og:image:width\" content=\"936\" \/>\n\t<meta property=\"og:image:height\" content=\"936\" \/>\n\t<meta property=\"og:image:type\" content=\"image\/jpeg\" \/>\n<meta name=\"twitter:card\" content=\"summary_large_image\" \/>\n<meta name=\"twitter:label1\" content=\"Escrito por\" \/>\n\t<meta name=\"twitter:data1\" content=\"elpuucnoticias\" \/>\n\t<meta name=\"twitter:label2\" content=\"Tiempo de lectura\" \/>\n\t<meta name=\"twitter:data2\" content=\"2 minutos\" \/>\n<script type=\"application\/ld+json\" class=\"yoast-schema-graph\">{\"@context\":\"https:\/\/schema.org\",\"@graph\":[{\"@type\":\"WebSite\",\"@id\":\"https:\/\/elpuucnoticias.com\/#website\",\"url\":\"https:\/\/elpuucnoticias.com\/\",\"name\":\"El Puuc Noticias\",\"description\":\"Noticias - Entretenimiento - Deportes\",\"potentialAction\":[{\"@type\":\"SearchAction\",\"target\":{\"@type\":\"EntryPoint\",\"urlTemplate\":\"https:\/\/elpuucnoticias.com\/?s={search_term_string}\"},\"query-input\":\"required name=search_term_string\"}],\"inLanguage\":\"es\"},{\"@type\":\"ImageObject\",\"@id\":\"https:\/\/elpuucnoticias.com\/?p=20847#primaryimage\",\"inLanguage\":\"es\",\"url\":\"https:\/\/elpuucnoticias.com\/wp-content\/uploads\/2025\/09\/face667f-317e-4a3e-8c7c-e9e50f57321f.jpg\",\"contentUrl\":\"https:\/\/elpuucnoticias.com\/wp-content\/uploads\/2025\/09\/face667f-317e-4a3e-8c7c-e9e50f57321f.jpg\",\"width\":936,\"height\":936},{\"@type\":\"WebPage\",\"@id\":\"https:\/\/elpuucnoticias.com\/?p=20847#webpage\",\"url\":\"https:\/\/elpuucnoticias.com\/?p=20847\",\"name\":\"Chetumal lista para conmemorar el 215 aniversario del inicio de la Independencia de M\u00e9xico - El Puuc Noticias\",\"isPartOf\":{\"@id\":\"https:\/\/elpuucnoticias.com\/#website\"},\"primaryImageOfPage\":{\"@id\":\"https:\/\/elpuucnoticias.com\/?p=20847#primaryimage\"},\"datePublished\":\"2025-09-01T19:15:06+00:00\",\"dateModified\":\"2025-09-01T19:15:07+00:00\",\"author\":{\"@id\":\"https:\/\/elpuucnoticias.com\/#\/schema\/person\/d2ea09e4c97f0160b11cdfb1d856bd9e\"},\"breadcrumb\":{\"@id\":\"https:\/\/elpuucnoticias.com\/?p=20847#breadcrumb\"},\"inLanguage\":\"es\",\"potentialAction\":[{\"@type\":\"ReadAction\",\"target\":[\"https:\/\/elpuucnoticias.com\/?p=20847\"]}]},{\"@type\":\"BreadcrumbList\",\"@id\":\"https:\/\/elpuucnoticias.com\/?p=20847#breadcrumb\",\"itemListElement\":[{\"@type\":\"ListItem\",\"position\":1,\"name\":\"Portada\",\"item\":\"https:\/\/elpuucnoticias.com\/\"},{\"@type\":\"ListItem\",\"position\":2,\"name\":\"Chetumal lista para conmemorar el 215 aniversario del inicio de la Independencia de M\u00e9xico\"}]},{\"@type\":\"Person\",\"@id\":\"https:\/\/elpuucnoticias.com\/#\/schema\/person\/d2ea09e4c97f0160b11cdfb1d856bd9e\",\"name\":\"elpuucnoticias\",\"image\":{\"@type\":\"ImageObject\",\"@id\":\"https:\/\/elpuucnoticias.com\/#personlogo\",\"inLanguage\":\"es\",\"url\":\"https:\/\/secure.gravatar.com\/avatar\/5290a43657c74ffa15701dbe5b846bd85cc71930d803c84e91046a7333de6ce2?s=96&d=mm&r=g\",\"contentUrl\":\"https:\/\/secure.gravatar.com\/avatar\/5290a43657c74ffa15701dbe5b846bd85cc71930d803c84e91046a7333de6ce2?s=96&d=mm&r=g\",\"caption\":\"elpuucnoticias\"},\"sameAs\":[\"https:\/\/elpuucnoticias.com\"],\"url\":\"https:\/\/elpuucnoticias.com\/?author=1\"}]}<\/script>\n<!-- \/ Yoast SEO plugin. -->","yoast_head_json":{"title":"Chetumal lista para conmemorar el 215 aniversario del inicio de la Independencia de M\u00e9xico - El Puuc Noticias","robots":{"index":"index","follow":"follow","max-snippet":"max-snippet:-1","max-image-preview":"max-image-preview:large","max-video-preview":"max-video-preview:-1"},"canonical":"https:\/\/elpuucnoticias.com\/?p=20847","og_locale":"es_ES","og_type":"article","og_title":"Chetumal lista para conmemorar el 215 aniversario del inicio de la Independencia de M\u00e9xico - El Puuc Noticias","og_description":"El Comit\u00e9 Organizador de las Fiestas Patrias 2025 en Chetumal, integrado por diversas dependencias estatales, federales y municipales,","og_url":"https:\/\/elpuucnoticias.com\/?p=20847","og_site_name":"El Puuc Noticias","article_published_time":"2025-09-01T19:15:06+00:00","article_modified_time":"2025-09-01T19:15:07+00:00","og_image":[{"width":936,"height":936,"url":"https:\/\/elpuucnoticias.com\/wp-content\/uploads\/2025\/09\/face667f-317e-4a3e-8c7c-e9e50f57321f.jpg","type":"image\/jpeg"}],"twitter_card":"summary_large_image","twitter_misc":{"Escrito por":"elpuucnoticias","Tiempo de lectura":"2 minutos"},"schema":{"@context":"https:\/\/schema.org","@graph":[{"@type":"WebSite","@id":"https:\/\/elpuucnoticias.com\/#website","url":"https:\/\/elpuucnoticias.com\/","name":"El Puuc Noticias","description":"Noticias - Entretenimiento - Deportes","potentialAction":[{"@type":"SearchAction","target":{"@type":"EntryPoint","urlTemplate":"https:\/\/elpuucnoticias.com\/?s={search_term_string}"},"query-input":"required name=search_term_string"}],"inLanguage":"es"},{"@type":"ImageObject","@id":"https:\/\/elpuucnoticias.com\/?p=20847#primaryimage","inLanguage":"es","url":"https:\/\/elpuucnoticias.com\/wp-content\/uploads\/2025\/09\/face667f-317e-4a3e-8c7c-e9e50f57321f.jpg","contentUrl":"https:\/\/elpuucnoticias.com\/wp-content\/uploads\/2025\/09\/face667f-317e-4a3e-8c7c-e9e50f57321f.jpg","width":936,"height":936},{"@type":"WebPage","@id":"https:\/\/elpuucnoticias.com\/?p=20847#webpage","url":"https:\/\/elpuucnoticias.com\/?p=20847","name":"Chetumal lista para conmemorar el 215 aniversario del inicio de la Independencia de M\u00e9xico - El Puuc Noticias","isPartOf":{"@id":"https:\/\/elpuucnoticias.com\/#website"},"primaryImageOfPage":{"@id":"https:\/\/elpuucnoticias.com\/?p=20847#primaryimage"},"datePublished":"2025-09-01T19:15:06+00:00","dateModified":"2025-09-01T19:15:07+00:00","author":{"@id":"https:\/\/elpuucnoticias.com\/#\/schema\/person\/d2ea09e4c97f0160b11cdfb1d856bd9e"},"breadcrumb":{"@id":"https:\/\/elpuucnoticias.com\/?p=20847#breadcrumb"},"inLanguage":"es","potentialAction":[{"@type":"ReadAction","target":["https:\/\/elpuucnoticias.com\/?p=20847"]}]},{"@type":"BreadcrumbList","@id":"https:\/\/elpuucnoticias.com\/?p=20847#breadcrumb","itemListElement":[{"@type":"ListItem","position":1,"name":"Portada","item":"https:\/\/elpuucnoticias.com\/"},{"@type":"ListItem","position":2,"name":"Chetumal lista para conmemorar el 215 aniversario del inicio de la Independencia de M\u00e9xico"}]},{"@type":"Person","@id":"https:\/\/elpuucnoticias.com\/#\/schema\/person\/d2ea09e4c97f0160b11cdfb1d856bd9e","name":"elpuucnoticias","image":{"@type":"ImageObject","@id":"https:\/\/elpuucnoticias.com\/#personlogo","inLanguage":"es","url":"https:\/\/secure.gravatar.com\/avatar\/5290a43657c74ffa15701dbe5b846bd85cc71930d803c84e91046a7333de6ce2?s=96&d=mm&r=g","contentUrl":"https:\/\/secure.gravatar.com\/avatar\/5290a43657c74ffa15701dbe5b846bd85cc71930d803c84e91046a7333de6ce2?s=96&d=mm&r=g","caption":"elpuucnoticias"},"sameAs":["https:\/\/elpuucnoticias.com"],"url":"https:\/\/elpuucnoticias.com\/?author=1"}]}},"_links":{"self":[{"href":"https:\/\/elpuucnoticias.com\/index.php?rest_route=\/wp\/v2\/posts\/20847","targetHints":{"allow":["GET"]}}],"collection":[{"href":"https:\/\/elpuucnoticias.com\/index.php?rest_route=\/wp\/v2\/posts"}],"about":[{"href":"https:\/\/elpuucnoticias.com\/index.php?rest_route=\/wp\/v2\/types\/post"}],"author":[{"embeddable":true,"href":"https:\/\/elpuucnoticias.com\/index.php?rest_route=\/wp\/v2\/users\/1"}],"replies":[{"embeddable":true,"href":"https:\/\/elpuucnoticias.com\/index.php?rest_route=%2Fwp%2Fv2%2Fcomments&post=20847"}],"version-history":[{"count":1,"href":"https:\/\/elpuucnoticias.com\/index.php?rest_route=\/wp\/v2\/posts\/20847\/revisions"}],"predecessor-version":[{"id":20849,"href":"https:\/\/elpuucnoticias.com\/index.php?rest_route=\/wp\/v2\/posts\/20847\/revisions\/20849"}],"wp:featuredmedia":[{"embeddable":true,"href":"https:\/\/elpuucnoticias.com\/index.php?rest_route=\/wp\/v2\/media\/20848"}],"wp:attachment":[{"href":"https:\/\/elpuucnoticias.com\/index.php?rest_route=%2Fwp%2Fv2%2Fmedia&parent=20847"}],"wp:term":[{"taxonomy":"category","embeddable":true,"href":"https:\/\/elpuucnoticias.com\/index.php?rest_route=%2Fwp%2Fv2%2Fcategories&post=20847"},{"taxonomy":"post_tag","embeddable":true,"href":"https:\/\/elpuucnoticias.com\/index.php?rest_route=%2Fwp%2Fv2%2Ftags&post=20847"}],"curies":[{"name":"wp","href":"https:\/\/api.w.org\/{rel}","templated":true}]}}