{"id":20853,"date":"2025-09-01T13:21:48","date_gmt":"2025-09-01T19:21:48","guid":{"rendered":"https:\/\/elpuucnoticias.com\/?p=20853"},"modified":"2025-09-01T13:21:49","modified_gmt":"2025-09-01T19:21:49","slug":"quintana-roo-presente-en-el-congreso-de-descentralizacion-2025-en-chile","status":"publish","type":"post","link":"https:\/\/elpuucnoticias.com\/?p=20853","title":{"rendered":"Quintana Roo presente en el Congreso de Descentralizaci\u00f3n 2025 en Chile"},"content":{"rendered":"\n<p>El subsecretario de Desarrollo Metropolitano Zona Norte de Quintana Roo, Francisco Javier Aguilar Garc\u00eda, particip\u00f3 en el Cuarto Congreso de Descentralizaci\u00f3n 2025, realizado en la Universidad de La Serena, Chile, y organizado por la Subsecretar\u00eda de Desarrollo Regional y Administrativo (SUBDERE).<\/p>\n\n\n\n<figure class=\"wp-block-image is-style-default\"><a href=\"https:\/\/cgc.qroo.gob.mx\/cjg\/wp-content\/uploads\/2025\/08\/c0154f09-07b8-455e-b359-7d04c170501e.jpg\"><img decoding=\"async\" src=\"https:\/\/cgc.qroo.gob.mx\/cjg\/wp-content\/uploads\/2025\/08\/c0154f09-07b8-455e-b359-7d04c170501e-585x390.jpg\" alt=\"\" title=\"c0154f09-07b8-455e-b359-7d04c170501e\"\/><\/a><\/figure>\n\n\n\n<p>En el marco del conversatorio \u201cExperiencias y estrategias de desarrollo territorial: respuestas latinoamericanas a las tensiones territoriales\u201d, el funcionario quintanarroense tuvo una destacada participaci\u00f3n, compartiendo la visi\u00f3n y avances que se impulsan en la entidad bajo el liderazgo de la gobernadora Mara Lezama Espinosa, en congruencia con el Nuevo Acuerdo por el Bienestar y Desarrollo de Quintana Roo.<\/p>\n\n\n\n<p>El Congreso de Descentralizaci\u00f3n 2025 reuni\u00f3 a autoridades nacionales e internacionales, acad\u00e9micos y especialistas, con el objetivo de generar un espacio de di\u00e1logo sobre los retos y oportunidades de la descentralizaci\u00f3n para lograr territorios m\u00e1s justos, sostenibles y resilientes.<\/p>\n\n\n\n<figure class=\"wp-block-image is-style-default\"><a href=\"https:\/\/cgc.qroo.gob.mx\/cjg\/wp-content\/uploads\/2025\/08\/776109bf-7111-45a2-a431-944388c507bc.jpg\"><img decoding=\"async\" src=\"https:\/\/cgc.qroo.gob.mx\/cjg\/wp-content\/uploads\/2025\/08\/776109bf-7111-45a2-a431-944388c507bc-585x329.jpg\" alt=\"\" title=\"776109bf-7111-45a2-a431-944388c507bc\"\/><\/a><\/figure>\n\n\n\n<p>La presencia de Quintana Roo en este foro internacional refuerza el compromiso del estado de intercambiar experiencias, fortalecer la planeaci\u00f3n urbana y territorial, y posicionarse como un referente en la construcci\u00f3n de soluciones innovadoras que atiendan las necesidades de las comunidades.<\/p>\n\n\n\n<p>Con este tipo de encuentros, el Gobierno del Estado reafirma su visi\u00f3n de trabajar con un enfoque humanista, cercano y participativo, que garantice el desarrollo ordenado, equilibrado y sustentable de Quintana Roo.<\/p>\n","protected":false},"excerpt":{"rendered":"<p>El subsecretario de Desarrollo Metropolitano Zona Norte de Quintana Roo, Francisco Javier Aguilar Garc\u00eda, particip\u00f3 en el Cuarto<\/p>\n","protected":false},"author":1,"featured_media":20854,"comment_status":"closed","ping_status":"open","sticky":false,"template":"","format":"standard","meta":{"_monsterinsights_skip_tracking":false,"_monsterinsights_sitenote_active":false,"_monsterinsights_sitenote_note":"","_monsterinsights_sitenote_category":0,"footnotes":""},"categories":[11,24],"tags":[],"class_list":["post-20853","post","type-post","status-publish","format-standard","has-post-thumbnail","hentry","category-noticias","category-quintana-roo"],"yoast_head":"<!-- This site is optimized with the Yoast SEO plugin v18.3 - https:\/\/yoast.com\/wordpress\/plugins\/seo\/ -->\n<title>Quintana Roo presente en el Congreso de Descentralizaci\u00f3n 2025 en Chile - El Puuc Noticias<\/title>\n<meta name=\"robots\" content=\"index, follow, max-snippet:-1, max-image-preview:large, max-video-preview:-1\" \/>\n<link rel=\"canonical\" href=\"https:\/\/elpuucnoticias.com\/?p=20853\" \/>\n<meta property=\"og:locale\" content=\"es_ES\" \/>\n<meta property=\"og:type\" content=\"article\" \/>\n<meta property=\"og:title\" content=\"Quintana Roo presente en el Congreso de Descentralizaci\u00f3n 2025 en Chile - El Puuc Noticias\" \/>\n<meta property=\"og:description\" content=\"El subsecretario de Desarrollo Metropolitano Zona Norte de Quintana Roo, Francisco Javier Aguilar Garc\u00eda, particip\u00f3 en el Cuarto\" \/>\n<meta property=\"og:url\" content=\"https:\/\/elpuucnoticias.com\/?p=20853\" \/>\n<meta property=\"og:site_name\" content=\"El Puuc Noticias\" \/>\n<meta property=\"article:published_time\" content=\"2025-09-01T19:21:48+00:00\" \/>\n<meta property=\"article:modified_time\" content=\"2025-09-01T19:21:49+00:00\" \/>\n<meta property=\"og:image\" content=\"https:\/\/elpuucnoticias.com\/wp-content\/uploads\/2025\/09\/53ddcb99-d70e-4106-bc2f-e4b5521f90e8.jpg\" \/>\n\t<meta property=\"og:image:width\" content=\"1280\" \/>\n\t<meta property=\"og:image:height\" content=\"719\" \/>\n\t<meta property=\"og:image:type\" content=\"image\/jpeg\" \/>\n<meta name=\"twitter:card\" content=\"summary_large_image\" \/>\n<meta name=\"twitter:label1\" content=\"Escrito por\" \/>\n\t<meta name=\"twitter:data1\" content=\"elpuucnoticias\" \/>\n\t<meta name=\"twitter:label2\" content=\"Tiempo de lectura\" \/>\n\t<meta name=\"twitter:data2\" content=\"1 minuto\" \/>\n<script type=\"application\/ld+json\" class=\"yoast-schema-graph\">{\"@context\":\"https:\/\/schema.org\",\"@graph\":[{\"@type\":\"WebSite\",\"@id\":\"https:\/\/elpuucnoticias.com\/#website\",\"url\":\"https:\/\/elpuucnoticias.com\/\",\"name\":\"El Puuc Noticias\",\"description\":\"Noticias - Entretenimiento - Deportes\",\"potentialAction\":[{\"@type\":\"SearchAction\",\"target\":{\"@type\":\"EntryPoint\",\"urlTemplate\":\"https:\/\/elpuucnoticias.com\/?s={search_term_string}\"},\"query-input\":\"required name=search_term_string\"}],\"inLanguage\":\"es\"},{\"@type\":\"ImageObject\",\"@id\":\"https:\/\/elpuucnoticias.com\/?p=20853#primaryimage\",\"inLanguage\":\"es\",\"url\":\"https:\/\/elpuucnoticias.com\/wp-content\/uploads\/2025\/09\/53ddcb99-d70e-4106-bc2f-e4b5521f90e8.jpg\",\"contentUrl\":\"https:\/\/elpuucnoticias.com\/wp-content\/uploads\/2025\/09\/53ddcb99-d70e-4106-bc2f-e4b5521f90e8.jpg\",\"width\":1280,\"height\":719},{\"@type\":\"WebPage\",\"@id\":\"https:\/\/elpuucnoticias.com\/?p=20853#webpage\",\"url\":\"https:\/\/elpuucnoticias.com\/?p=20853\",\"name\":\"Quintana Roo presente en el Congreso de Descentralizaci\u00f3n 2025 en Chile - El Puuc Noticias\",\"isPartOf\":{\"@id\":\"https:\/\/elpuucnoticias.com\/#website\"},\"primaryImageOfPage\":{\"@id\":\"https:\/\/elpuucnoticias.com\/?p=20853#primaryimage\"},\"datePublished\":\"2025-09-01T19:21:48+00:00\",\"dateModified\":\"2025-09-01T19:21:49+00:00\",\"author\":{\"@id\":\"https:\/\/elpuucnoticias.com\/#\/schema\/person\/d2ea09e4c97f0160b11cdfb1d856bd9e\"},\"breadcrumb\":{\"@id\":\"https:\/\/elpuucnoticias.com\/?p=20853#breadcrumb\"},\"inLanguage\":\"es\",\"potentialAction\":[{\"@type\":\"ReadAction\",\"target\":[\"https:\/\/elpuucnoticias.com\/?p=20853\"]}]},{\"@type\":\"BreadcrumbList\",\"@id\":\"https:\/\/elpuucnoticias.com\/?p=20853#breadcrumb\",\"itemListElement\":[{\"@type\":\"ListItem\",\"position\":1,\"name\":\"Portada\",\"item\":\"https:\/\/elpuucnoticias.com\/\"},{\"@type\":\"ListItem\",\"position\":2,\"name\":\"Quintana Roo presente en el Congreso de Descentralizaci\u00f3n 2025 en Chile\"}]},{\"@type\":\"Person\",\"@id\":\"https:\/\/elpuucnoticias.com\/#\/schema\/person\/d2ea09e4c97f0160b11cdfb1d856bd9e\",\"name\":\"elpuucnoticias\",\"image\":{\"@type\":\"ImageObject\",\"@id\":\"https:\/\/elpuucnoticias.com\/#personlogo\",\"inLanguage\":\"es\",\"url\":\"https:\/\/secure.gravatar.com\/avatar\/5290a43657c74ffa15701dbe5b846bd85cc71930d803c84e91046a7333de6ce2?s=96&d=mm&r=g\",\"contentUrl\":\"https:\/\/secure.gravatar.com\/avatar\/5290a43657c74ffa15701dbe5b846bd85cc71930d803c84e91046a7333de6ce2?s=96&d=mm&r=g\",\"caption\":\"elpuucnoticias\"},\"sameAs\":[\"https:\/\/elpuucnoticias.com\"],\"url\":\"https:\/\/elpuucnoticias.com\/?author=1\"}]}<\/script>\n<!-- \/ Yoast SEO plugin. -->","yoast_head_json":{"title":"Quintana Roo presente en el Congreso de Descentralizaci\u00f3n 2025 en Chile - El Puuc Noticias","robots":{"index":"index","follow":"follow","max-snippet":"max-snippet:-1","max-image-preview":"max-image-preview:large","max-video-preview":"max-video-preview:-1"},"canonical":"https:\/\/elpuucnoticias.com\/?p=20853","og_locale":"es_ES","og_type":"article","og_title":"Quintana Roo presente en el Congreso de Descentralizaci\u00f3n 2025 en Chile - El Puuc Noticias","og_description":"El subsecretario de Desarrollo Metropolitano Zona Norte de Quintana Roo, Francisco Javier Aguilar Garc\u00eda, particip\u00f3 en el Cuarto","og_url":"https:\/\/elpuucnoticias.com\/?p=20853","og_site_name":"El Puuc Noticias","article_published_time":"2025-09-01T19:21:48+00:00","article_modified_time":"2025-09-01T19:21:49+00:00","og_image":[{"width":1280,"height":719,"url":"https:\/\/elpuucnoticias.com\/wp-content\/uploads\/2025\/09\/53ddcb99-d70e-4106-bc2f-e4b5521f90e8.jpg","type":"image\/jpeg"}],"twitter_card":"summary_large_image","twitter_misc":{"Escrito por":"elpuucnoticias","Tiempo de lectura":"1 minuto"},"schema":{"@context":"https:\/\/schema.org","@graph":[{"@type":"WebSite","@id":"https:\/\/elpuucnoticias.com\/#website","url":"https:\/\/elpuucnoticias.com\/","name":"El Puuc Noticias","description":"Noticias - Entretenimiento - Deportes","potentialAction":[{"@type":"SearchAction","target":{"@type":"EntryPoint","urlTemplate":"https:\/\/elpuucnoticias.com\/?s={search_term_string}"},"query-input":"required name=search_term_string"}],"inLanguage":"es"},{"@type":"ImageObject","@id":"https:\/\/elpuucnoticias.com\/?p=20853#primaryimage","inLanguage":"es","url":"https:\/\/elpuucnoticias.com\/wp-content\/uploads\/2025\/09\/53ddcb99-d70e-4106-bc2f-e4b5521f90e8.jpg","contentUrl":"https:\/\/elpuucnoticias.com\/wp-content\/uploads\/2025\/09\/53ddcb99-d70e-4106-bc2f-e4b5521f90e8.jpg","width":1280,"height":719},{"@type":"WebPage","@id":"https:\/\/elpuucnoticias.com\/?p=20853#webpage","url":"https:\/\/elpuucnoticias.com\/?p=20853","name":"Quintana Roo presente en el Congreso de Descentralizaci\u00f3n 2025 en Chile - El Puuc Noticias","isPartOf":{"@id":"https:\/\/elpuucnoticias.com\/#website"},"primaryImageOfPage":{"@id":"https:\/\/elpuucnoticias.com\/?p=20853#primaryimage"},"datePublished":"2025-09-01T19:21:48+00:00","dateModified":"2025-09-01T19:21:49+00:00","author":{"@id":"https:\/\/elpuucnoticias.com\/#\/schema\/person\/d2ea09e4c97f0160b11cdfb1d856bd9e"},"breadcrumb":{"@id":"https:\/\/elpuucnoticias.com\/?p=20853#breadcrumb"},"inLanguage":"es","potentialAction":[{"@type":"ReadAction","target":["https:\/\/elpuucnoticias.com\/?p=20853"]}]},{"@type":"BreadcrumbList","@id":"https:\/\/elpuucnoticias.com\/?p=20853#breadcrumb","itemListElement":[{"@type":"ListItem","position":1,"name":"Portada","item":"https:\/\/elpuucnoticias.com\/"},{"@type":"ListItem","position":2,"name":"Quintana Roo presente en el Congreso de Descentralizaci\u00f3n 2025 en Chile"}]},{"@type":"Person","@id":"https:\/\/elpuucnoticias.com\/#\/schema\/person\/d2ea09e4c97f0160b11cdfb1d856bd9e","name":"elpuucnoticias","image":{"@type":"ImageObject","@id":"https:\/\/elpuucnoticias.com\/#personlogo","inLanguage":"es","url":"https:\/\/secure.gravatar.com\/avatar\/5290a43657c74ffa15701dbe5b846bd85cc71930d803c84e91046a7333de6ce2?s=96&d=mm&r=g","contentUrl":"https:\/\/secure.gravatar.com\/avatar\/5290a43657c74ffa15701dbe5b846bd85cc71930d803c84e91046a7333de6ce2?s=96&d=mm&r=g","caption":"elpuucnoticias"},"sameAs":["https:\/\/elpuucnoticias.com"],"url":"https:\/\/elpuucnoticias.com\/?author=1"}]}},"_links":{"self":[{"href":"https:\/\/elpuucnoticias.com\/index.php?rest_route=\/wp\/v2\/posts\/20853","targetHints":{"allow":["GET"]}}],"collection":[{"href":"https:\/\/elpuucnoticias.com\/index.php?rest_route=\/wp\/v2\/posts"}],"about":[{"href":"https:\/\/elpuucnoticias.com\/index.php?rest_route=\/wp\/v2\/types\/post"}],"author":[{"embeddable":true,"href":"https:\/\/elpuucnoticias.com\/index.php?rest_route=\/wp\/v2\/users\/1"}],"replies":[{"embeddable":true,"href":"https:\/\/elpuucnoticias.com\/index.php?rest_route=%2Fwp%2Fv2%2Fcomments&post=20853"}],"version-history":[{"count":1,"href":"https:\/\/elpuucnoticias.com\/index.php?rest_route=\/wp\/v2\/posts\/20853\/revisions"}],"predecessor-version":[{"id":20855,"href":"https:\/\/elpuucnoticias.com\/index.php?rest_route=\/wp\/v2\/posts\/20853\/revisions\/20855"}],"wp:featuredmedia":[{"embeddable":true,"href":"https:\/\/elpuucnoticias.com\/index.php?rest_route=\/wp\/v2\/media\/20854"}],"wp:attachment":[{"href":"https:\/\/elpuucnoticias.com\/index.php?rest_route=%2Fwp%2Fv2%2Fmedia&parent=20853"}],"wp:term":[{"taxonomy":"category","embeddable":true,"href":"https:\/\/elpuucnoticias.com\/index.php?rest_route=%2Fwp%2Fv2%2Fcategories&post=20853"},{"taxonomy":"post_tag","embeddable":true,"href":"https:\/\/elpuucnoticias.com\/index.php?rest_route=%2Fwp%2Fv2%2Ftags&post=20853"}],"curies":[{"name":"wp","href":"https:\/\/api.w.org\/{rel}","templated":true}]}}