{"id":20859,"date":"2025-09-01T13:28:53","date_gmt":"2025-09-01T19:28:53","guid":{"rendered":"https:\/\/elpuucnoticias.com\/?p=20859"},"modified":"2025-09-01T13:28:54","modified_gmt":"2025-09-01T19:28:54","slug":"recibe-museo-de-la-isla-la-obra-humanidad-migrante-de-enrique-chiu","status":"publish","type":"post","link":"https:\/\/elpuucnoticias.com\/?p=20859","title":{"rendered":"Recibe Museo de la Isla la obra\u00a0Humanidad Migrante\u00a0de Enrique Chiu"},"content":{"rendered":"\n<p>El Museo de la Isla inaugur\u00f3 la exposici\u00f3n&nbsp;Humanidad Migrante, del reconocido pintor y muralista&nbsp;Enrique Chiu, una obra que ha recorrido distintos pa\u00edses del mundo llevando un mensaje de esperanza, solidaridad y reflexi\u00f3n en torno a la vida de las personas migrantes.<\/p>\n\n\n\n<p>Como parte de la inauguraci\u00f3n, tambi\u00e9n se present\u00f3 el documental&nbsp;Un Mundo sin Muros, dirigido por&nbsp;Alejandro Arg\u00fcelles Ben\u00edtez&nbsp;y el propio&nbsp;Chiu, galardonado en diversos festivales internacionales. Durante su estancia en Cozumel, el artista dej\u00f3 adem\u00e1s su huella en el espacio p\u00fablico con la obra&nbsp;\u201cCoraz\u00f3n Migrante\u201d, un mural plasmado en el malec\u00f3n de la isla.<\/p>\n\n\n\n<figure class=\"wp-block-image is-style-default\"><a href=\"https:\/\/cgc.qroo.gob.mx\/cjg\/wp-content\/uploads\/2025\/08\/c3cdc71f-89e6-49f7-bdb6-86585ab5320d.jpg\"><img decoding=\"async\" src=\"https:\/\/cgc.qroo.gob.mx\/cjg\/wp-content\/uploads\/2025\/08\/c3cdc71f-89e6-49f7-bdb6-86585ab5320d-585x390.jpg\" alt=\"\" title=\"c3cdc71f-89e6-49f7-bdb6-86585ab5320d\"\/><\/a><\/figure>\n\n\n\n<p>En 2016, Enrique Chiu inici\u00f3 el proyecto&nbsp;Mural de la Hermandad, con el prop\u00f3sito de convertir el muro fronterizo entre M\u00e9xico y Estados Unidos en un lienzo de mensajes positivos para quienes est\u00e1n a punto de cruzar la frontera. Con el apoyo de miles de voluntarios, transform\u00f3 las barras met\u00e1licas de Playas de Tijuana en un s\u00edmbolo de unidad y resistencia.<\/p>\n\n\n\n<figure class=\"wp-block-image is-style-default\"><a href=\"https:\/\/cgc.qroo.gob.mx\/cjg\/wp-content\/uploads\/2025\/08\/7e51b7b6-a96f-4615-9eac-cc7feeb2f928.jpg\"><img decoding=\"async\" src=\"https:\/\/cgc.qroo.gob.mx\/cjg\/wp-content\/uploads\/2025\/08\/7e51b7b6-a96f-4615-9eac-cc7feeb2f928-585x393.jpg\" alt=\"\" title=\"7e51b7b6-a96f-4615-9eac-cc7feeb2f928\"\/><\/a><\/figure>\n\n\n\n<p>\u201cEl arte es una oportunidad de decir cosas que trascienden\u201d, expres\u00f3 Chiu durante la inauguraci\u00f3n. Humanidad Migrante&nbsp;busca transmitir los sentimientos y emociones que se viven en la frontera. El tema migratorio es constante, pero hoy m\u00e1s que nunca necesitamos que el arte muestre lo que pasa en el mundo\u201d, subray\u00f3.<\/p>\n\n\n\n<figure class=\"wp-block-image is-style-default\"><a href=\"https:\/\/cgc.qroo.gob.mx\/cjg\/wp-content\/uploads\/2025\/08\/ba965a6e-2848-4915-ac91-2ddd3d41715e.jpg\"><img decoding=\"async\" src=\"https:\/\/cgc.qroo.gob.mx\/cjg\/wp-content\/uploads\/2025\/08\/ba965a6e-2848-4915-ac91-2ddd3d41715e-585x390.jpg\" alt=\"\" title=\"ba965a6e-2848-4915-ac91-2ddd3d41715e\"\/><\/a><\/figure>\n\n\n\n<p>En el acto protocolario estuvieron presentes la directora del Museo de la Isla,&nbsp;Isela Carrillo; la fot\u00f3grafa y colaboradora de la muestra,&nbsp;Alma Moctezuma; el consejero&nbsp;Alejandro Queb Franco; y la muse\u00f3grafa&nbsp;Satoko Kitamura y en nombre de la directora general de la Fundaci\u00f3n de Parques y Museos de Cozumel,&nbsp;Juanita Alonso Marrufo, se entreg\u00f3 un reconocimiento al artista, destacando que el arte es una forma de expresi\u00f3n que encuentra en el Museo de la Isla un espacio para acercarse tanto a la comunidad como a los visitantes, en concordancia con el&nbsp;Nuevo Acuerdo por el Bienestar y Desarrollo de Quintana Roo&nbsp;impulsado por la gobernadora&nbsp;Mara Lezama Espinosa.<\/p>\n\n\n\n<p>Originario de Guadalajara, Jalisco, Enrique Chiu vivi\u00f3 en Estados Unidos y actualmente radica en Tijuana. Su trayectoria incluye m\u00e1s de&nbsp;600 exposiciones nacionales e internacionales&nbsp;\u2013247 individuales y 519 colectivas\u2013, la participaci\u00f3n en m\u00e1s de&nbsp;80 festivales culturales&nbsp;y la realizaci\u00f3n de m\u00e1s de&nbsp;460 murales con causa&nbsp;en M\u00e9xico y Estados Unidos.<\/p>\n\n\n\n<figure class=\"wp-block-image is-style-default\"><a href=\"https:\/\/cgc.qroo.gob.mx\/cjg\/wp-content\/uploads\/2025\/08\/baf8b8ca-f9f5-450b-9b67-fa77abd6dc5e.jpg\"><img decoding=\"async\" src=\"https:\/\/cgc.qroo.gob.mx\/cjg\/wp-content\/uploads\/2025\/08\/baf8b8ca-f9f5-450b-9b67-fa77abd6dc5e-585x390.jpg\" alt=\"\" title=\"baf8b8ca-f9f5-450b-9b67-fa77abd6dc5e\"\/><\/a><\/figure>\n\n\n\n<p>La exposici\u00f3n&nbsp;Humanidad Migrante&nbsp;permanecer\u00e1 en la planta alta del Museo de la Isla hasta el mes de octubre, con acceso gratuito para todo el p\u00fablico de&nbsp;martes a domingo, de 9:00 a 17:00 horas.<\/p>\n","protected":false},"excerpt":{"rendered":"<p>El Museo de la Isla inaugur\u00f3 la exposici\u00f3n&nbsp;Humanidad Migrante, del reconocido pintor y muralista&nbsp;Enrique Chiu, una obra que<\/p>\n","protected":false},"author":1,"featured_media":20860,"comment_status":"closed","ping_status":"open","sticky":false,"template":"","format":"standard","meta":{"_monsterinsights_skip_tracking":false,"_monsterinsights_sitenote_active":false,"_monsterinsights_sitenote_note":"","_monsterinsights_sitenote_category":0,"footnotes":""},"categories":[11,24],"tags":[],"class_list":["post-20859","post","type-post","status-publish","format-standard","has-post-thumbnail","hentry","category-noticias","category-quintana-roo"],"yoast_head":"<!-- This site is optimized with the Yoast SEO plugin v18.3 - https:\/\/yoast.com\/wordpress\/plugins\/seo\/ -->\n<title>Recibe Museo de la Isla la obra\u00a0Humanidad Migrante\u00a0de Enrique Chiu - El Puuc Noticias<\/title>\n<meta name=\"robots\" content=\"index, follow, max-snippet:-1, max-image-preview:large, max-video-preview:-1\" \/>\n<link rel=\"canonical\" href=\"https:\/\/elpuucnoticias.com\/?p=20859\" \/>\n<meta property=\"og:locale\" content=\"es_ES\" \/>\n<meta property=\"og:type\" content=\"article\" \/>\n<meta property=\"og:title\" content=\"Recibe Museo de la Isla la obra\u00a0Humanidad Migrante\u00a0de Enrique Chiu - El Puuc Noticias\" \/>\n<meta property=\"og:description\" content=\"El Museo de la Isla inaugur\u00f3 la exposici\u00f3n&nbsp;Humanidad Migrante, del reconocido pintor y muralista&nbsp;Enrique Chiu, una obra que\" \/>\n<meta property=\"og:url\" content=\"https:\/\/elpuucnoticias.com\/?p=20859\" \/>\n<meta property=\"og:site_name\" content=\"El Puuc Noticias\" \/>\n<meta property=\"article:published_time\" content=\"2025-09-01T19:28:53+00:00\" \/>\n<meta property=\"article:modified_time\" content=\"2025-09-01T19:28:54+00:00\" \/>\n<meta property=\"og:image\" content=\"https:\/\/elpuucnoticias.com\/wp-content\/uploads\/2025\/09\/e6b4ef18-4e2e-4cdf-b41d-190a4ec90024.jpg\" \/>\n\t<meta property=\"og:image:width\" content=\"1280\" \/>\n\t<meta property=\"og:image:height\" content=\"853\" \/>\n\t<meta property=\"og:image:type\" content=\"image\/jpeg\" \/>\n<meta name=\"twitter:card\" content=\"summary_large_image\" \/>\n<meta name=\"twitter:label1\" content=\"Escrito por\" \/>\n\t<meta name=\"twitter:data1\" content=\"elpuucnoticias\" \/>\n\t<meta name=\"twitter:label2\" content=\"Tiempo de lectura\" \/>\n\t<meta name=\"twitter:data2\" content=\"2 minutos\" \/>\n<script type=\"application\/ld+json\" class=\"yoast-schema-graph\">{\"@context\":\"https:\/\/schema.org\",\"@graph\":[{\"@type\":\"WebSite\",\"@id\":\"https:\/\/elpuucnoticias.com\/#website\",\"url\":\"https:\/\/elpuucnoticias.com\/\",\"name\":\"El Puuc Noticias\",\"description\":\"Noticias - Entretenimiento - Deportes\",\"potentialAction\":[{\"@type\":\"SearchAction\",\"target\":{\"@type\":\"EntryPoint\",\"urlTemplate\":\"https:\/\/elpuucnoticias.com\/?s={search_term_string}\"},\"query-input\":\"required name=search_term_string\"}],\"inLanguage\":\"es\"},{\"@type\":\"ImageObject\",\"@id\":\"https:\/\/elpuucnoticias.com\/?p=20859#primaryimage\",\"inLanguage\":\"es\",\"url\":\"https:\/\/elpuucnoticias.com\/wp-content\/uploads\/2025\/09\/e6b4ef18-4e2e-4cdf-b41d-190a4ec90024.jpg\",\"contentUrl\":\"https:\/\/elpuucnoticias.com\/wp-content\/uploads\/2025\/09\/e6b4ef18-4e2e-4cdf-b41d-190a4ec90024.jpg\",\"width\":1280,\"height\":853},{\"@type\":\"WebPage\",\"@id\":\"https:\/\/elpuucnoticias.com\/?p=20859#webpage\",\"url\":\"https:\/\/elpuucnoticias.com\/?p=20859\",\"name\":\"Recibe Museo de la Isla la obra\u00a0Humanidad Migrante\u00a0de Enrique Chiu - El Puuc Noticias\",\"isPartOf\":{\"@id\":\"https:\/\/elpuucnoticias.com\/#website\"},\"primaryImageOfPage\":{\"@id\":\"https:\/\/elpuucnoticias.com\/?p=20859#primaryimage\"},\"datePublished\":\"2025-09-01T19:28:53+00:00\",\"dateModified\":\"2025-09-01T19:28:54+00:00\",\"author\":{\"@id\":\"https:\/\/elpuucnoticias.com\/#\/schema\/person\/d2ea09e4c97f0160b11cdfb1d856bd9e\"},\"breadcrumb\":{\"@id\":\"https:\/\/elpuucnoticias.com\/?p=20859#breadcrumb\"},\"inLanguage\":\"es\",\"potentialAction\":[{\"@type\":\"ReadAction\",\"target\":[\"https:\/\/elpuucnoticias.com\/?p=20859\"]}]},{\"@type\":\"BreadcrumbList\",\"@id\":\"https:\/\/elpuucnoticias.com\/?p=20859#breadcrumb\",\"itemListElement\":[{\"@type\":\"ListItem\",\"position\":1,\"name\":\"Portada\",\"item\":\"https:\/\/elpuucnoticias.com\/\"},{\"@type\":\"ListItem\",\"position\":2,\"name\":\"Recibe Museo de la Isla la obra\u00a0Humanidad Migrante\u00a0de Enrique Chiu\"}]},{\"@type\":\"Person\",\"@id\":\"https:\/\/elpuucnoticias.com\/#\/schema\/person\/d2ea09e4c97f0160b11cdfb1d856bd9e\",\"name\":\"elpuucnoticias\",\"image\":{\"@type\":\"ImageObject\",\"@id\":\"https:\/\/elpuucnoticias.com\/#personlogo\",\"inLanguage\":\"es\",\"url\":\"https:\/\/secure.gravatar.com\/avatar\/5290a43657c74ffa15701dbe5b846bd85cc71930d803c84e91046a7333de6ce2?s=96&d=mm&r=g\",\"contentUrl\":\"https:\/\/secure.gravatar.com\/avatar\/5290a43657c74ffa15701dbe5b846bd85cc71930d803c84e91046a7333de6ce2?s=96&d=mm&r=g\",\"caption\":\"elpuucnoticias\"},\"sameAs\":[\"https:\/\/elpuucnoticias.com\"],\"url\":\"https:\/\/elpuucnoticias.com\/?author=1\"}]}<\/script>\n<!-- \/ Yoast SEO plugin. -->","yoast_head_json":{"title":"Recibe Museo de la Isla la obra\u00a0Humanidad Migrante\u00a0de Enrique Chiu - El Puuc Noticias","robots":{"index":"index","follow":"follow","max-snippet":"max-snippet:-1","max-image-preview":"max-image-preview:large","max-video-preview":"max-video-preview:-1"},"canonical":"https:\/\/elpuucnoticias.com\/?p=20859","og_locale":"es_ES","og_type":"article","og_title":"Recibe Museo de la Isla la obra\u00a0Humanidad Migrante\u00a0de Enrique Chiu - El Puuc Noticias","og_description":"El Museo de la Isla inaugur\u00f3 la exposici\u00f3n&nbsp;Humanidad Migrante, del reconocido pintor y muralista&nbsp;Enrique Chiu, una obra que","og_url":"https:\/\/elpuucnoticias.com\/?p=20859","og_site_name":"El Puuc Noticias","article_published_time":"2025-09-01T19:28:53+00:00","article_modified_time":"2025-09-01T19:28:54+00:00","og_image":[{"width":1280,"height":853,"url":"https:\/\/elpuucnoticias.com\/wp-content\/uploads\/2025\/09\/e6b4ef18-4e2e-4cdf-b41d-190a4ec90024.jpg","type":"image\/jpeg"}],"twitter_card":"summary_large_image","twitter_misc":{"Escrito por":"elpuucnoticias","Tiempo de lectura":"2 minutos"},"schema":{"@context":"https:\/\/schema.org","@graph":[{"@type":"WebSite","@id":"https:\/\/elpuucnoticias.com\/#website","url":"https:\/\/elpuucnoticias.com\/","name":"El Puuc Noticias","description":"Noticias - Entretenimiento - Deportes","potentialAction":[{"@type":"SearchAction","target":{"@type":"EntryPoint","urlTemplate":"https:\/\/elpuucnoticias.com\/?s={search_term_string}"},"query-input":"required name=search_term_string"}],"inLanguage":"es"},{"@type":"ImageObject","@id":"https:\/\/elpuucnoticias.com\/?p=20859#primaryimage","inLanguage":"es","url":"https:\/\/elpuucnoticias.com\/wp-content\/uploads\/2025\/09\/e6b4ef18-4e2e-4cdf-b41d-190a4ec90024.jpg","contentUrl":"https:\/\/elpuucnoticias.com\/wp-content\/uploads\/2025\/09\/e6b4ef18-4e2e-4cdf-b41d-190a4ec90024.jpg","width":1280,"height":853},{"@type":"WebPage","@id":"https:\/\/elpuucnoticias.com\/?p=20859#webpage","url":"https:\/\/elpuucnoticias.com\/?p=20859","name":"Recibe Museo de la Isla la obra\u00a0Humanidad Migrante\u00a0de Enrique Chiu - El Puuc Noticias","isPartOf":{"@id":"https:\/\/elpuucnoticias.com\/#website"},"primaryImageOfPage":{"@id":"https:\/\/elpuucnoticias.com\/?p=20859#primaryimage"},"datePublished":"2025-09-01T19:28:53+00:00","dateModified":"2025-09-01T19:28:54+00:00","author":{"@id":"https:\/\/elpuucnoticias.com\/#\/schema\/person\/d2ea09e4c97f0160b11cdfb1d856bd9e"},"breadcrumb":{"@id":"https:\/\/elpuucnoticias.com\/?p=20859#breadcrumb"},"inLanguage":"es","potentialAction":[{"@type":"ReadAction","target":["https:\/\/elpuucnoticias.com\/?p=20859"]}]},{"@type":"BreadcrumbList","@id":"https:\/\/elpuucnoticias.com\/?p=20859#breadcrumb","itemListElement":[{"@type":"ListItem","position":1,"name":"Portada","item":"https:\/\/elpuucnoticias.com\/"},{"@type":"ListItem","position":2,"name":"Recibe Museo de la Isla la obra\u00a0Humanidad Migrante\u00a0de Enrique Chiu"}]},{"@type":"Person","@id":"https:\/\/elpuucnoticias.com\/#\/schema\/person\/d2ea09e4c97f0160b11cdfb1d856bd9e","name":"elpuucnoticias","image":{"@type":"ImageObject","@id":"https:\/\/elpuucnoticias.com\/#personlogo","inLanguage":"es","url":"https:\/\/secure.gravatar.com\/avatar\/5290a43657c74ffa15701dbe5b846bd85cc71930d803c84e91046a7333de6ce2?s=96&d=mm&r=g","contentUrl":"https:\/\/secure.gravatar.com\/avatar\/5290a43657c74ffa15701dbe5b846bd85cc71930d803c84e91046a7333de6ce2?s=96&d=mm&r=g","caption":"elpuucnoticias"},"sameAs":["https:\/\/elpuucnoticias.com"],"url":"https:\/\/elpuucnoticias.com\/?author=1"}]}},"_links":{"self":[{"href":"https:\/\/elpuucnoticias.com\/index.php?rest_route=\/wp\/v2\/posts\/20859","targetHints":{"allow":["GET"]}}],"collection":[{"href":"https:\/\/elpuucnoticias.com\/index.php?rest_route=\/wp\/v2\/posts"}],"about":[{"href":"https:\/\/elpuucnoticias.com\/index.php?rest_route=\/wp\/v2\/types\/post"}],"author":[{"embeddable":true,"href":"https:\/\/elpuucnoticias.com\/index.php?rest_route=\/wp\/v2\/users\/1"}],"replies":[{"embeddable":true,"href":"https:\/\/elpuucnoticias.com\/index.php?rest_route=%2Fwp%2Fv2%2Fcomments&post=20859"}],"version-history":[{"count":1,"href":"https:\/\/elpuucnoticias.com\/index.php?rest_route=\/wp\/v2\/posts\/20859\/revisions"}],"predecessor-version":[{"id":20861,"href":"https:\/\/elpuucnoticias.com\/index.php?rest_route=\/wp\/v2\/posts\/20859\/revisions\/20861"}],"wp:featuredmedia":[{"embeddable":true,"href":"https:\/\/elpuucnoticias.com\/index.php?rest_route=\/wp\/v2\/media\/20860"}],"wp:attachment":[{"href":"https:\/\/elpuucnoticias.com\/index.php?rest_route=%2Fwp%2Fv2%2Fmedia&parent=20859"}],"wp:term":[{"taxonomy":"category","embeddable":true,"href":"https:\/\/elpuucnoticias.com\/index.php?rest_route=%2Fwp%2Fv2%2Fcategories&post=20859"},{"taxonomy":"post_tag","embeddable":true,"href":"https:\/\/elpuucnoticias.com\/index.php?rest_route=%2Fwp%2Fv2%2Ftags&post=20859"}],"curies":[{"name":"wp","href":"https:\/\/api.w.org\/{rel}","templated":true}]}}