{"id":20862,"date":"2025-09-01T13:32:44","date_gmt":"2025-09-01T19:32:44","guid":{"rendered":"https:\/\/elpuucnoticias.com\/?p=20862"},"modified":"2025-09-01T13:32:45","modified_gmt":"2025-09-01T19:32:45","slug":"dedica-la-fundacion-de-parques-y-museos-de-cozumel-la-cana-al-aire-de-agosto-a-las-personas-adultas-mayores","status":"publish","type":"post","link":"https:\/\/elpuucnoticias.com\/?p=20862","title":{"rendered":"Dedica la Fundaci\u00f3n de Parques y Museos de Cozumel la \u201cCana al Aire\u201d de agosto a las personas adultas mayores"},"content":{"rendered":"\n<p>&nbsp;Para celebrar el D\u00eda de las Personas Adultas Mayores, conmemorado el pasado 28 del presente mes, la Fundaci\u00f3n de Parques y Museos de Cozumel (FPMC) dedic\u00f3 la edici\u00f3n de agosto de la tradicional \u201cCana al Aire\u201d a este sector de la poblaci\u00f3n, que se da cita en la explanada de la bandera para disfrutar de la m\u00fasica y el baile en un ambiente de convivencia comunitaria.<\/p>\n\n\n\n<figure class=\"wp-block-image is-style-default\"><a href=\"https:\/\/cgc.qroo.gob.mx\/cjg\/wp-content\/uploads\/2025\/08\/1fae8729-eb24-41a8-bdf9-9518c987541d.jpg\"><img decoding=\"async\" src=\"https:\/\/cgc.qroo.gob.mx\/cjg\/wp-content\/uploads\/2025\/08\/1fae8729-eb24-41a8-bdf9-9518c987541d-585x390.jpg\" alt=\"\" title=\"1fae8729-eb24-41a8-bdf9-9518c987541d\"\/><\/a><\/figure>\n\n\n\n<p>La directora de Pedagog\u00eda y Asistencia Social de la FPMC, Dianela Cervantes Chi, dio la bienvenida a las y los asistentes en representaci\u00f3n de la directora general de la instituci\u00f3n, Juanita Alonso Marrufo, y destac\u00f3 que estas actividades forman parte del Nuevo Acuerdo por el Bienestar y Desarrollo Social de Quintana Roo, que impulsa la gobernadora Mara Lezama Espinosa, el cual promueve la apropiaci\u00f3n de los espacios p\u00fablicos a trav\u00e9s de actividades recreativas que fortalecen el tejido social e invitan a visitantes a conocer m\u00e1s de la gente, sus costumbres y cultura.<\/p>\n\n\n\n<figure class=\"wp-block-image is-style-default\"><a href=\"https:\/\/cgc.qroo.gob.mx\/cjg\/wp-content\/uploads\/2025\/08\/1cbe9b2f-8539-4e54-80ad-8ea764c4d36f.jpg\"><img decoding=\"async\" src=\"https:\/\/cgc.qroo.gob.mx\/cjg\/wp-content\/uploads\/2025\/08\/1cbe9b2f-8539-4e54-80ad-8ea764c4d36f-585x390.jpg\" alt=\"\" title=\"1cbe9b2f-8539-4e54-80ad-8ea764c4d36f\"\/><\/a><\/figure>\n\n\n\n<p>El grupo Saborcito Tropical fue el encargado de animar la velada con una amplia variedad de ritmos que pusieron a bailar a las y los asistentes en un escenario inigualable: a la orilla del mar y en pleno coraz\u00f3n de Cozumel.<\/p>\n\n\n\n<figure class=\"wp-block-image is-style-default\"><a href=\"https:\/\/cgc.qroo.gob.mx\/cjg\/wp-content\/uploads\/2025\/08\/bdfa6aaa-ee0f-4399-b5b0-5762d1688221.jpg\"><img decoding=\"async\" src=\"https:\/\/cgc.qroo.gob.mx\/cjg\/wp-content\/uploads\/2025\/08\/bdfa6aaa-ee0f-4399-b5b0-5762d1688221-585x390.jpg\" alt=\"\" title=\"bdfa6aaa-ee0f-4399-b5b0-5762d1688221\"\/><\/a><\/figure>\n\n\n\n<figure class=\"wp-block-image is-style-default\"><a href=\"https:\/\/cgc.qroo.gob.mx\/cjg\/wp-content\/uploads\/2025\/08\/2cec97d0-e41e-433b-a0f2-55ef00fdf56d.jpg\"><img decoding=\"async\" src=\"https:\/\/cgc.qroo.gob.mx\/cjg\/wp-content\/uploads\/2025\/08\/2cec97d0-e41e-433b-a0f2-55ef00fdf56d-585x390.jpg\" alt=\"\" title=\"2cec97d0-e41e-433b-a0f2-55ef00fdf56d\"\/><\/a><\/figure>\n\n\n\n<p>La FPMC reiter\u00f3 la invitaci\u00f3n para que el pr\u00f3ximo mes la comunidad vuelva a reunirse en torno a este evento que ya se ha consolidado como un punto de encuentro para las familias cozumele\u00f1as y visitantes.<\/p>\n","protected":false},"excerpt":{"rendered":"<p>&nbsp;Para celebrar el D\u00eda de las Personas Adultas Mayores, conmemorado el pasado 28 del presente mes, la Fundaci\u00f3n<\/p>\n","protected":false},"author":1,"featured_media":20863,"comment_status":"closed","ping_status":"open","sticky":false,"template":"","format":"standard","meta":{"_monsterinsights_skip_tracking":false,"_monsterinsights_sitenote_active":false,"_monsterinsights_sitenote_note":"","_monsterinsights_sitenote_category":0,"footnotes":""},"categories":[11,24],"tags":[],"class_list":["post-20862","post","type-post","status-publish","format-standard","has-post-thumbnail","hentry","category-noticias","category-quintana-roo"],"yoast_head":"<!-- This site is optimized with the Yoast SEO plugin v18.3 - https:\/\/yoast.com\/wordpress\/plugins\/seo\/ -->\n<title>Dedica la Fundaci\u00f3n de Parques y Museos de Cozumel la \u201cCana al Aire\u201d de agosto a las personas adultas mayores - El Puuc Noticias<\/title>\n<meta name=\"robots\" content=\"index, follow, max-snippet:-1, max-image-preview:large, max-video-preview:-1\" \/>\n<link rel=\"canonical\" href=\"https:\/\/elpuucnoticias.com\/?p=20862\" \/>\n<meta property=\"og:locale\" content=\"es_ES\" \/>\n<meta property=\"og:type\" content=\"article\" \/>\n<meta property=\"og:title\" content=\"Dedica la Fundaci\u00f3n de Parques y Museos de Cozumel la \u201cCana al Aire\u201d de agosto a las personas adultas mayores - El Puuc Noticias\" \/>\n<meta property=\"og:description\" content=\"&nbsp;Para celebrar el D\u00eda de las Personas Adultas Mayores, conmemorado el pasado 28 del presente mes, la Fundaci\u00f3n\" \/>\n<meta property=\"og:url\" content=\"https:\/\/elpuucnoticias.com\/?p=20862\" \/>\n<meta property=\"og:site_name\" content=\"El Puuc Noticias\" \/>\n<meta property=\"article:published_time\" content=\"2025-09-01T19:32:44+00:00\" \/>\n<meta property=\"article:modified_time\" content=\"2025-09-01T19:32:45+00:00\" \/>\n<meta property=\"og:image\" content=\"https:\/\/elpuucnoticias.com\/wp-content\/uploads\/2025\/09\/cb484670-e0c2-4036-9aa2-378c212ae57d.jpg\" \/>\n\t<meta property=\"og:image:width\" content=\"1600\" \/>\n\t<meta property=\"og:image:height\" content=\"1066\" \/>\n\t<meta property=\"og:image:type\" content=\"image\/jpeg\" \/>\n<meta name=\"twitter:card\" content=\"summary_large_image\" \/>\n<meta name=\"twitter:label1\" content=\"Escrito por\" \/>\n\t<meta name=\"twitter:data1\" content=\"elpuucnoticias\" \/>\n\t<meta name=\"twitter:label2\" content=\"Tiempo de lectura\" \/>\n\t<meta name=\"twitter:data2\" content=\"1 minuto\" \/>\n<script type=\"application\/ld+json\" class=\"yoast-schema-graph\">{\"@context\":\"https:\/\/schema.org\",\"@graph\":[{\"@type\":\"WebSite\",\"@id\":\"https:\/\/elpuucnoticias.com\/#website\",\"url\":\"https:\/\/elpuucnoticias.com\/\",\"name\":\"El Puuc Noticias\",\"description\":\"Noticias - Entretenimiento - Deportes\",\"potentialAction\":[{\"@type\":\"SearchAction\",\"target\":{\"@type\":\"EntryPoint\",\"urlTemplate\":\"https:\/\/elpuucnoticias.com\/?s={search_term_string}\"},\"query-input\":\"required name=search_term_string\"}],\"inLanguage\":\"es\"},{\"@type\":\"ImageObject\",\"@id\":\"https:\/\/elpuucnoticias.com\/?p=20862#primaryimage\",\"inLanguage\":\"es\",\"url\":\"https:\/\/elpuucnoticias.com\/wp-content\/uploads\/2025\/09\/cb484670-e0c2-4036-9aa2-378c212ae57d.jpg\",\"contentUrl\":\"https:\/\/elpuucnoticias.com\/wp-content\/uploads\/2025\/09\/cb484670-e0c2-4036-9aa2-378c212ae57d.jpg\",\"width\":1600,\"height\":1066},{\"@type\":\"WebPage\",\"@id\":\"https:\/\/elpuucnoticias.com\/?p=20862#webpage\",\"url\":\"https:\/\/elpuucnoticias.com\/?p=20862\",\"name\":\"Dedica la Fundaci\u00f3n de Parques y Museos de Cozumel la \u201cCana al Aire\u201d de agosto a las personas adultas mayores - El Puuc Noticias\",\"isPartOf\":{\"@id\":\"https:\/\/elpuucnoticias.com\/#website\"},\"primaryImageOfPage\":{\"@id\":\"https:\/\/elpuucnoticias.com\/?p=20862#primaryimage\"},\"datePublished\":\"2025-09-01T19:32:44+00:00\",\"dateModified\":\"2025-09-01T19:32:45+00:00\",\"author\":{\"@id\":\"https:\/\/elpuucnoticias.com\/#\/schema\/person\/d2ea09e4c97f0160b11cdfb1d856bd9e\"},\"breadcrumb\":{\"@id\":\"https:\/\/elpuucnoticias.com\/?p=20862#breadcrumb\"},\"inLanguage\":\"es\",\"potentialAction\":[{\"@type\":\"ReadAction\",\"target\":[\"https:\/\/elpuucnoticias.com\/?p=20862\"]}]},{\"@type\":\"BreadcrumbList\",\"@id\":\"https:\/\/elpuucnoticias.com\/?p=20862#breadcrumb\",\"itemListElement\":[{\"@type\":\"ListItem\",\"position\":1,\"name\":\"Portada\",\"item\":\"https:\/\/elpuucnoticias.com\/\"},{\"@type\":\"ListItem\",\"position\":2,\"name\":\"Dedica la Fundaci\u00f3n de Parques y Museos de Cozumel la \u201cCana al Aire\u201d de agosto a las personas adultas mayores\"}]},{\"@type\":\"Person\",\"@id\":\"https:\/\/elpuucnoticias.com\/#\/schema\/person\/d2ea09e4c97f0160b11cdfb1d856bd9e\",\"name\":\"elpuucnoticias\",\"image\":{\"@type\":\"ImageObject\",\"@id\":\"https:\/\/elpuucnoticias.com\/#personlogo\",\"inLanguage\":\"es\",\"url\":\"https:\/\/secure.gravatar.com\/avatar\/5290a43657c74ffa15701dbe5b846bd85cc71930d803c84e91046a7333de6ce2?s=96&d=mm&r=g\",\"contentUrl\":\"https:\/\/secure.gravatar.com\/avatar\/5290a43657c74ffa15701dbe5b846bd85cc71930d803c84e91046a7333de6ce2?s=96&d=mm&r=g\",\"caption\":\"elpuucnoticias\"},\"sameAs\":[\"https:\/\/elpuucnoticias.com\"],\"url\":\"https:\/\/elpuucnoticias.com\/?author=1\"}]}<\/script>\n<!-- \/ Yoast SEO plugin. -->","yoast_head_json":{"title":"Dedica la Fundaci\u00f3n de Parques y Museos de Cozumel la \u201cCana al Aire\u201d de agosto a las personas adultas mayores - El Puuc Noticias","robots":{"index":"index","follow":"follow","max-snippet":"max-snippet:-1","max-image-preview":"max-image-preview:large","max-video-preview":"max-video-preview:-1"},"canonical":"https:\/\/elpuucnoticias.com\/?p=20862","og_locale":"es_ES","og_type":"article","og_title":"Dedica la Fundaci\u00f3n de Parques y Museos de Cozumel la \u201cCana al Aire\u201d de agosto a las personas adultas mayores - El Puuc Noticias","og_description":"&nbsp;Para celebrar el D\u00eda de las Personas Adultas Mayores, conmemorado el pasado 28 del presente mes, la Fundaci\u00f3n","og_url":"https:\/\/elpuucnoticias.com\/?p=20862","og_site_name":"El Puuc Noticias","article_published_time":"2025-09-01T19:32:44+00:00","article_modified_time":"2025-09-01T19:32:45+00:00","og_image":[{"width":1600,"height":1066,"url":"https:\/\/elpuucnoticias.com\/wp-content\/uploads\/2025\/09\/cb484670-e0c2-4036-9aa2-378c212ae57d.jpg","type":"image\/jpeg"}],"twitter_card":"summary_large_image","twitter_misc":{"Escrito por":"elpuucnoticias","Tiempo de lectura":"1 minuto"},"schema":{"@context":"https:\/\/schema.org","@graph":[{"@type":"WebSite","@id":"https:\/\/elpuucnoticias.com\/#website","url":"https:\/\/elpuucnoticias.com\/","name":"El Puuc Noticias","description":"Noticias - Entretenimiento - Deportes","potentialAction":[{"@type":"SearchAction","target":{"@type":"EntryPoint","urlTemplate":"https:\/\/elpuucnoticias.com\/?s={search_term_string}"},"query-input":"required name=search_term_string"}],"inLanguage":"es"},{"@type":"ImageObject","@id":"https:\/\/elpuucnoticias.com\/?p=20862#primaryimage","inLanguage":"es","url":"https:\/\/elpuucnoticias.com\/wp-content\/uploads\/2025\/09\/cb484670-e0c2-4036-9aa2-378c212ae57d.jpg","contentUrl":"https:\/\/elpuucnoticias.com\/wp-content\/uploads\/2025\/09\/cb484670-e0c2-4036-9aa2-378c212ae57d.jpg","width":1600,"height":1066},{"@type":"WebPage","@id":"https:\/\/elpuucnoticias.com\/?p=20862#webpage","url":"https:\/\/elpuucnoticias.com\/?p=20862","name":"Dedica la Fundaci\u00f3n de Parques y Museos de Cozumel la \u201cCana al Aire\u201d de agosto a las personas adultas mayores - El Puuc Noticias","isPartOf":{"@id":"https:\/\/elpuucnoticias.com\/#website"},"primaryImageOfPage":{"@id":"https:\/\/elpuucnoticias.com\/?p=20862#primaryimage"},"datePublished":"2025-09-01T19:32:44+00:00","dateModified":"2025-09-01T19:32:45+00:00","author":{"@id":"https:\/\/elpuucnoticias.com\/#\/schema\/person\/d2ea09e4c97f0160b11cdfb1d856bd9e"},"breadcrumb":{"@id":"https:\/\/elpuucnoticias.com\/?p=20862#breadcrumb"},"inLanguage":"es","potentialAction":[{"@type":"ReadAction","target":["https:\/\/elpuucnoticias.com\/?p=20862"]}]},{"@type":"BreadcrumbList","@id":"https:\/\/elpuucnoticias.com\/?p=20862#breadcrumb","itemListElement":[{"@type":"ListItem","position":1,"name":"Portada","item":"https:\/\/elpuucnoticias.com\/"},{"@type":"ListItem","position":2,"name":"Dedica la Fundaci\u00f3n de Parques y Museos de Cozumel la \u201cCana al Aire\u201d de agosto a las personas adultas mayores"}]},{"@type":"Person","@id":"https:\/\/elpuucnoticias.com\/#\/schema\/person\/d2ea09e4c97f0160b11cdfb1d856bd9e","name":"elpuucnoticias","image":{"@type":"ImageObject","@id":"https:\/\/elpuucnoticias.com\/#personlogo","inLanguage":"es","url":"https:\/\/secure.gravatar.com\/avatar\/5290a43657c74ffa15701dbe5b846bd85cc71930d803c84e91046a7333de6ce2?s=96&d=mm&r=g","contentUrl":"https:\/\/secure.gravatar.com\/avatar\/5290a43657c74ffa15701dbe5b846bd85cc71930d803c84e91046a7333de6ce2?s=96&d=mm&r=g","caption":"elpuucnoticias"},"sameAs":["https:\/\/elpuucnoticias.com"],"url":"https:\/\/elpuucnoticias.com\/?author=1"}]}},"_links":{"self":[{"href":"https:\/\/elpuucnoticias.com\/index.php?rest_route=\/wp\/v2\/posts\/20862","targetHints":{"allow":["GET"]}}],"collection":[{"href":"https:\/\/elpuucnoticias.com\/index.php?rest_route=\/wp\/v2\/posts"}],"about":[{"href":"https:\/\/elpuucnoticias.com\/index.php?rest_route=\/wp\/v2\/types\/post"}],"author":[{"embeddable":true,"href":"https:\/\/elpuucnoticias.com\/index.php?rest_route=\/wp\/v2\/users\/1"}],"replies":[{"embeddable":true,"href":"https:\/\/elpuucnoticias.com\/index.php?rest_route=%2Fwp%2Fv2%2Fcomments&post=20862"}],"version-history":[{"count":1,"href":"https:\/\/elpuucnoticias.com\/index.php?rest_route=\/wp\/v2\/posts\/20862\/revisions"}],"predecessor-version":[{"id":20864,"href":"https:\/\/elpuucnoticias.com\/index.php?rest_route=\/wp\/v2\/posts\/20862\/revisions\/20864"}],"wp:featuredmedia":[{"embeddable":true,"href":"https:\/\/elpuucnoticias.com\/index.php?rest_route=\/wp\/v2\/media\/20863"}],"wp:attachment":[{"href":"https:\/\/elpuucnoticias.com\/index.php?rest_route=%2Fwp%2Fv2%2Fmedia&parent=20862"}],"wp:term":[{"taxonomy":"category","embeddable":true,"href":"https:\/\/elpuucnoticias.com\/index.php?rest_route=%2Fwp%2Fv2%2Fcategories&post=20862"},{"taxonomy":"post_tag","embeddable":true,"href":"https:\/\/elpuucnoticias.com\/index.php?rest_route=%2Fwp%2Fv2%2Ftags&post=20862"}],"curies":[{"name":"wp","href":"https:\/\/api.w.org\/{rel}","templated":true}]}}