{"id":20871,"date":"2025-09-01T13:41:03","date_gmt":"2025-09-01T19:41:03","guid":{"rendered":"https:\/\/elpuucnoticias.com\/?p=20871"},"modified":"2025-09-01T13:41:03","modified_gmt":"2025-09-01T19:41:03","slug":"refrenda-mara-lezama-un-inicio-de-ciclo-escolar-2025-2026-inclusivo-y-con-igualdad-de-oportunidades-para-338-mil-estudiantes","status":"publish","type":"post","link":"https:\/\/elpuucnoticias.com\/?p=20871","title":{"rendered":"Refrenda Mara Lezama un inicio de ciclo escolar 2025-2026 inclusivo y con igualdad de oportunidades para 338 mil estudiantes"},"content":{"rendered":"\n<p>La gobernadora Mara Lezama Espinosa encabez\u00f3 este 1 de septiembre el inicio oficial del ciclo escolar 2025-2026 de educaci\u00f3n b\u00e1sica, en el que estudiar\u00e1n 338 mil 484 alumnas y alumnos, de los cuales 166 mil 181 son ni\u00f1as y 172 mil 303 son ni\u00f1os, quienes asistir\u00e1n a 2 mil 367 planteles de preescolar, primaria y secundaria, tanto p\u00fablicos como particulares, distribuidos en los 11 municipios de Quintana Roo.<\/p>\n\n\n\n<p>A trav\u00e9s del Nuevo Acuerdo por el Bienestar y Desarrollo de Quintana Roo que impulsa la gobernadora Mara Lezama Espinosa, se establecen pol\u00edticas p\u00fablicas de atenci\u00f3n a las ni\u00f1as, ni\u00f1os, j\u00f3venes y adolescentes, garantizando una educaci\u00f3n de calidad, humanista, solidaria, transformadora e incluyente para que nadie se quede fuera y nadie se quede detr\u00e1s.<\/p>\n\n\n\n<p>\u201cQuiero agradecer profundamente a las madres y padres de familia, porque ustedes son el primer impulso, quienes alientan a sus hijas e hijos a continuar con sus estudios y en este gobierno humanista con coraz\u00f3n feminista, reconocemos ese esfuerzo y reafirmamos nuestro compromiso de seguir acompa\u00f1\u00e1ndolos, porque la educaci\u00f3n de nuestras ni\u00f1as, ni\u00f1os y juventudes, claro que nos importa\u201d, puntualiz\u00f3 la gobernadora Mara Lezama Espinosa al emitir su mensaje en este inicio de clases.<\/p>\n\n\n\n<p>Es importante mencionar que, del 25 al 29 de agosto del presente a\u00f1o, se llev\u00f3 a cabo la fase intensiva del Consejo T\u00e9cnico Escolar de Educaci\u00f3n B\u00e1sica, con la participaci\u00f3n de directivos, supervisoras y supervisores, jefas y jefes de sector, as\u00ed como asesores y asesoras t\u00e9cnico pedag\u00f3gicas, para dar a conocer las acciones que se realizar\u00e1n en el ciclo escolar 2025-2026 que inicia clases el pr\u00f3ximo 1 de septiembre.<\/p>\n\n\n\n<p>El 22 de agosto, en ceremonia encabezada por la gobernadora Mara Lezama Espinosa y el titular de la Secretar\u00eda de Educaci\u00f3n P\u00fablica (SEP), Mario Carrillo Delgado, as\u00ed como de la secretaria de Educaci\u00f3n de Quintana Roo, Elda Xix Eu\u00e1n, se hizo la entrega simb\u00f3lica de 2 millones 178 mil 277 libros de texto gratuitos, correspondientes al ciclo escolar 2025-2026 de educaci\u00f3n b\u00e1sica, en beneficio de 289 mil 071 ni\u00f1as, ni\u00f1os y adolescentes de escuelas p\u00fablicas de todo el estado y 49 mil 413 de planteles privados, acci\u00f3n que tiene como objetivo fomentar la igualdad de oportunidades y la no discriminaci\u00f3n en el entorno educativo.<\/p>\n\n\n\n<p>La entrega de los libros de texto gratuitos garantiza que haya equidad educativa, reduce las desigualdades y asegura que todas las ni\u00f1as, ni\u00f1os y adolescentes, cuenten con herramientas necesarias para el ciclo escolar, vincul\u00e1ndolos a metas de inclusi\u00f3n y mejora de resultados educativos.<\/p>\n\n\n\n<p>En educaci\u00f3n media superior, nivel que inici\u00f3 clases el 18 de agosto, estudian 76 mil 544 alumnas y alumnos, mientras que, en educaci\u00f3n superior, nivel que comenz\u00f3 su ciclo escolar el 25 de agosto, lo hacen 58 mil 845 estudiantes, los cuales, sumados a los 338 mil 488 de educaci\u00f3n b\u00e1sica, hacen un total de 473 mil 873 estudiantes.<\/p>\n","protected":false},"excerpt":{"rendered":"<p>La gobernadora Mara Lezama Espinosa encabez\u00f3 este 1 de septiembre el inicio oficial del ciclo escolar 2025-2026 de<\/p>\n","protected":false},"author":1,"featured_media":20872,"comment_status":"closed","ping_status":"open","sticky":false,"template":"","format":"standard","meta":{"_monsterinsights_skip_tracking":false,"_monsterinsights_sitenote_active":false,"_monsterinsights_sitenote_note":"","_monsterinsights_sitenote_category":0,"footnotes":""},"categories":[11,24],"tags":[],"class_list":["post-20871","post","type-post","status-publish","format-standard","has-post-thumbnail","hentry","category-noticias","category-quintana-roo"],"yoast_head":"<!-- This site is optimized with the Yoast SEO plugin v18.3 - https:\/\/yoast.com\/wordpress\/plugins\/seo\/ -->\n<title>Refrenda Mara Lezama un inicio de ciclo escolar 2025-2026 inclusivo y con igualdad de oportunidades para 338 mil estudiantes - El Puuc Noticias<\/title>\n<meta name=\"robots\" content=\"index, follow, max-snippet:-1, max-image-preview:large, max-video-preview:-1\" \/>\n<link rel=\"canonical\" href=\"https:\/\/elpuucnoticias.com\/?p=20871\" \/>\n<meta property=\"og:locale\" content=\"es_ES\" \/>\n<meta property=\"og:type\" content=\"article\" \/>\n<meta property=\"og:title\" content=\"Refrenda Mara Lezama un inicio de ciclo escolar 2025-2026 inclusivo y con igualdad de oportunidades para 338 mil estudiantes - El Puuc Noticias\" \/>\n<meta property=\"og:description\" content=\"La gobernadora Mara Lezama Espinosa encabez\u00f3 este 1 de septiembre el inicio oficial del ciclo escolar 2025-2026 de\" \/>\n<meta property=\"og:url\" content=\"https:\/\/elpuucnoticias.com\/?p=20871\" \/>\n<meta property=\"og:site_name\" content=\"El Puuc Noticias\" \/>\n<meta property=\"article:published_time\" content=\"2025-09-01T19:41:03+00:00\" \/>\n<meta property=\"og:image\" content=\"https:\/\/elpuucnoticias.com\/wp-content\/uploads\/2025\/09\/imagen-de-whatsapp-2025-09-01-a-las-07.02.44_5721a227.jpg\" \/>\n\t<meta property=\"og:image:width\" content=\"1280\" \/>\n\t<meta property=\"og:image:height\" content=\"853\" \/>\n\t<meta property=\"og:image:type\" content=\"image\/jpeg\" \/>\n<meta name=\"twitter:card\" content=\"summary_large_image\" \/>\n<meta name=\"twitter:label1\" content=\"Escrito por\" \/>\n\t<meta name=\"twitter:data1\" content=\"elpuucnoticias\" \/>\n\t<meta name=\"twitter:label2\" content=\"Tiempo de lectura\" \/>\n\t<meta name=\"twitter:data2\" content=\"2 minutos\" \/>\n<script type=\"application\/ld+json\" class=\"yoast-schema-graph\">{\"@context\":\"https:\/\/schema.org\",\"@graph\":[{\"@type\":\"WebSite\",\"@id\":\"https:\/\/elpuucnoticias.com\/#website\",\"url\":\"https:\/\/elpuucnoticias.com\/\",\"name\":\"El Puuc Noticias\",\"description\":\"Noticias - Entretenimiento - Deportes\",\"potentialAction\":[{\"@type\":\"SearchAction\",\"target\":{\"@type\":\"EntryPoint\",\"urlTemplate\":\"https:\/\/elpuucnoticias.com\/?s={search_term_string}\"},\"query-input\":\"required name=search_term_string\"}],\"inLanguage\":\"es\"},{\"@type\":\"ImageObject\",\"@id\":\"https:\/\/elpuucnoticias.com\/?p=20871#primaryimage\",\"inLanguage\":\"es\",\"url\":\"https:\/\/elpuucnoticias.com\/wp-content\/uploads\/2025\/09\/imagen-de-whatsapp-2025-09-01-a-las-07.02.44_5721a227.jpg\",\"contentUrl\":\"https:\/\/elpuucnoticias.com\/wp-content\/uploads\/2025\/09\/imagen-de-whatsapp-2025-09-01-a-las-07.02.44_5721a227.jpg\",\"width\":1280,\"height\":853},{\"@type\":\"WebPage\",\"@id\":\"https:\/\/elpuucnoticias.com\/?p=20871#webpage\",\"url\":\"https:\/\/elpuucnoticias.com\/?p=20871\",\"name\":\"Refrenda Mara Lezama un inicio de ciclo escolar 2025-2026 inclusivo y con igualdad de oportunidades para 338 mil estudiantes - El Puuc Noticias\",\"isPartOf\":{\"@id\":\"https:\/\/elpuucnoticias.com\/#website\"},\"primaryImageOfPage\":{\"@id\":\"https:\/\/elpuucnoticias.com\/?p=20871#primaryimage\"},\"datePublished\":\"2025-09-01T19:41:03+00:00\",\"dateModified\":\"2025-09-01T19:41:03+00:00\",\"author\":{\"@id\":\"https:\/\/elpuucnoticias.com\/#\/schema\/person\/d2ea09e4c97f0160b11cdfb1d856bd9e\"},\"breadcrumb\":{\"@id\":\"https:\/\/elpuucnoticias.com\/?p=20871#breadcrumb\"},\"inLanguage\":\"es\",\"potentialAction\":[{\"@type\":\"ReadAction\",\"target\":[\"https:\/\/elpuucnoticias.com\/?p=20871\"]}]},{\"@type\":\"BreadcrumbList\",\"@id\":\"https:\/\/elpuucnoticias.com\/?p=20871#breadcrumb\",\"itemListElement\":[{\"@type\":\"ListItem\",\"position\":1,\"name\":\"Portada\",\"item\":\"https:\/\/elpuucnoticias.com\/\"},{\"@type\":\"ListItem\",\"position\":2,\"name\":\"Refrenda Mara Lezama un inicio de ciclo escolar 2025-2026 inclusivo y con igualdad de oportunidades para 338 mil estudiantes\"}]},{\"@type\":\"Person\",\"@id\":\"https:\/\/elpuucnoticias.com\/#\/schema\/person\/d2ea09e4c97f0160b11cdfb1d856bd9e\",\"name\":\"elpuucnoticias\",\"image\":{\"@type\":\"ImageObject\",\"@id\":\"https:\/\/elpuucnoticias.com\/#personlogo\",\"inLanguage\":\"es\",\"url\":\"https:\/\/secure.gravatar.com\/avatar\/5290a43657c74ffa15701dbe5b846bd85cc71930d803c84e91046a7333de6ce2?s=96&d=mm&r=g\",\"contentUrl\":\"https:\/\/secure.gravatar.com\/avatar\/5290a43657c74ffa15701dbe5b846bd85cc71930d803c84e91046a7333de6ce2?s=96&d=mm&r=g\",\"caption\":\"elpuucnoticias\"},\"sameAs\":[\"https:\/\/elpuucnoticias.com\"],\"url\":\"https:\/\/elpuucnoticias.com\/?author=1\"}]}<\/script>\n<!-- \/ Yoast SEO plugin. -->","yoast_head_json":{"title":"Refrenda Mara Lezama un inicio de ciclo escolar 2025-2026 inclusivo y con igualdad de oportunidades para 338 mil estudiantes - El Puuc Noticias","robots":{"index":"index","follow":"follow","max-snippet":"max-snippet:-1","max-image-preview":"max-image-preview:large","max-video-preview":"max-video-preview:-1"},"canonical":"https:\/\/elpuucnoticias.com\/?p=20871","og_locale":"es_ES","og_type":"article","og_title":"Refrenda Mara Lezama un inicio de ciclo escolar 2025-2026 inclusivo y con igualdad de oportunidades para 338 mil estudiantes - El Puuc Noticias","og_description":"La gobernadora Mara Lezama Espinosa encabez\u00f3 este 1 de septiembre el inicio oficial del ciclo escolar 2025-2026 de","og_url":"https:\/\/elpuucnoticias.com\/?p=20871","og_site_name":"El Puuc Noticias","article_published_time":"2025-09-01T19:41:03+00:00","og_image":[{"width":1280,"height":853,"url":"https:\/\/elpuucnoticias.com\/wp-content\/uploads\/2025\/09\/imagen-de-whatsapp-2025-09-01-a-las-07.02.44_5721a227.jpg","type":"image\/jpeg"}],"twitter_card":"summary_large_image","twitter_misc":{"Escrito por":"elpuucnoticias","Tiempo de lectura":"2 minutos"},"schema":{"@context":"https:\/\/schema.org","@graph":[{"@type":"WebSite","@id":"https:\/\/elpuucnoticias.com\/#website","url":"https:\/\/elpuucnoticias.com\/","name":"El Puuc Noticias","description":"Noticias - Entretenimiento - Deportes","potentialAction":[{"@type":"SearchAction","target":{"@type":"EntryPoint","urlTemplate":"https:\/\/elpuucnoticias.com\/?s={search_term_string}"},"query-input":"required name=search_term_string"}],"inLanguage":"es"},{"@type":"ImageObject","@id":"https:\/\/elpuucnoticias.com\/?p=20871#primaryimage","inLanguage":"es","url":"https:\/\/elpuucnoticias.com\/wp-content\/uploads\/2025\/09\/imagen-de-whatsapp-2025-09-01-a-las-07.02.44_5721a227.jpg","contentUrl":"https:\/\/elpuucnoticias.com\/wp-content\/uploads\/2025\/09\/imagen-de-whatsapp-2025-09-01-a-las-07.02.44_5721a227.jpg","width":1280,"height":853},{"@type":"WebPage","@id":"https:\/\/elpuucnoticias.com\/?p=20871#webpage","url":"https:\/\/elpuucnoticias.com\/?p=20871","name":"Refrenda Mara Lezama un inicio de ciclo escolar 2025-2026 inclusivo y con igualdad de oportunidades para 338 mil estudiantes - El Puuc Noticias","isPartOf":{"@id":"https:\/\/elpuucnoticias.com\/#website"},"primaryImageOfPage":{"@id":"https:\/\/elpuucnoticias.com\/?p=20871#primaryimage"},"datePublished":"2025-09-01T19:41:03+00:00","dateModified":"2025-09-01T19:41:03+00:00","author":{"@id":"https:\/\/elpuucnoticias.com\/#\/schema\/person\/d2ea09e4c97f0160b11cdfb1d856bd9e"},"breadcrumb":{"@id":"https:\/\/elpuucnoticias.com\/?p=20871#breadcrumb"},"inLanguage":"es","potentialAction":[{"@type":"ReadAction","target":["https:\/\/elpuucnoticias.com\/?p=20871"]}]},{"@type":"BreadcrumbList","@id":"https:\/\/elpuucnoticias.com\/?p=20871#breadcrumb","itemListElement":[{"@type":"ListItem","position":1,"name":"Portada","item":"https:\/\/elpuucnoticias.com\/"},{"@type":"ListItem","position":2,"name":"Refrenda Mara Lezama un inicio de ciclo escolar 2025-2026 inclusivo y con igualdad de oportunidades para 338 mil estudiantes"}]},{"@type":"Person","@id":"https:\/\/elpuucnoticias.com\/#\/schema\/person\/d2ea09e4c97f0160b11cdfb1d856bd9e","name":"elpuucnoticias","image":{"@type":"ImageObject","@id":"https:\/\/elpuucnoticias.com\/#personlogo","inLanguage":"es","url":"https:\/\/secure.gravatar.com\/avatar\/5290a43657c74ffa15701dbe5b846bd85cc71930d803c84e91046a7333de6ce2?s=96&d=mm&r=g","contentUrl":"https:\/\/secure.gravatar.com\/avatar\/5290a43657c74ffa15701dbe5b846bd85cc71930d803c84e91046a7333de6ce2?s=96&d=mm&r=g","caption":"elpuucnoticias"},"sameAs":["https:\/\/elpuucnoticias.com"],"url":"https:\/\/elpuucnoticias.com\/?author=1"}]}},"_links":{"self":[{"href":"https:\/\/elpuucnoticias.com\/index.php?rest_route=\/wp\/v2\/posts\/20871","targetHints":{"allow":["GET"]}}],"collection":[{"href":"https:\/\/elpuucnoticias.com\/index.php?rest_route=\/wp\/v2\/posts"}],"about":[{"href":"https:\/\/elpuucnoticias.com\/index.php?rest_route=\/wp\/v2\/types\/post"}],"author":[{"embeddable":true,"href":"https:\/\/elpuucnoticias.com\/index.php?rest_route=\/wp\/v2\/users\/1"}],"replies":[{"embeddable":true,"href":"https:\/\/elpuucnoticias.com\/index.php?rest_route=%2Fwp%2Fv2%2Fcomments&post=20871"}],"version-history":[{"count":1,"href":"https:\/\/elpuucnoticias.com\/index.php?rest_route=\/wp\/v2\/posts\/20871\/revisions"}],"predecessor-version":[{"id":20873,"href":"https:\/\/elpuucnoticias.com\/index.php?rest_route=\/wp\/v2\/posts\/20871\/revisions\/20873"}],"wp:featuredmedia":[{"embeddable":true,"href":"https:\/\/elpuucnoticias.com\/index.php?rest_route=\/wp\/v2\/media\/20872"}],"wp:attachment":[{"href":"https:\/\/elpuucnoticias.com\/index.php?rest_route=%2Fwp%2Fv2%2Fmedia&parent=20871"}],"wp:term":[{"taxonomy":"category","embeddable":true,"href":"https:\/\/elpuucnoticias.com\/index.php?rest_route=%2Fwp%2Fv2%2Fcategories&post=20871"},{"taxonomy":"post_tag","embeddable":true,"href":"https:\/\/elpuucnoticias.com\/index.php?rest_route=%2Fwp%2Fv2%2Ftags&post=20871"}],"curies":[{"name":"wp","href":"https:\/\/api.w.org\/{rel}","templated":true}]}}