{"id":20877,"date":"2025-09-01T13:56:01","date_gmt":"2025-09-01T19:56:01","guid":{"rendered":"https:\/\/elpuucnoticias.com\/?p=20877"},"modified":"2025-09-01T13:56:01","modified_gmt":"2025-09-01T19:56:01","slug":"convoca-la-fundacion-de-parques-y-museos-de-cozumel-a-ninas-ninos-y-jovenes-a-participar-en-el-xxi-concurso-de-la-cancion-mexicana","status":"publish","type":"post","link":"https:\/\/elpuucnoticias.com\/?p=20877","title":{"rendered":"Convoca la Fundaci\u00f3n de Parques y Museos de Cozumel a ni\u00f1as, ni\u00f1os y j\u00f3venes a participar en el XXI Concurso de la Canci\u00f3n Mexicana"},"content":{"rendered":"\n<p>Con motivo de las celebraciones patrias y con el prop\u00f3sito de abrir espacios de expresi\u00f3n art\u00edstica para las nuevas generaciones, la Fundaci\u00f3n de Parques y Museos de Cozumel (FPMC) invita a ni\u00f1as, ni\u00f1os y j\u00f3venes a participar en el XXI Concurso de la Canci\u00f3n Mexicana, que se realizar\u00e1 el pr\u00f3ximo 26 de septiembre, en el auditorio del Museo de la Isla.<\/p>\n\n\n\n<figure class=\"wp-block-image is-style-default\"><a href=\"https:\/\/cgc.qroo.gob.mx\/cjg\/wp-content\/uploads\/2025\/09\/WhatsApp-Image-2025-09-01-at-12.47.32.jpeg\"><img decoding=\"async\" src=\"https:\/\/cgc.qroo.gob.mx\/cjg\/wp-content\/uploads\/2025\/09\/WhatsApp-Image-2025-09-01-at-12.47.32-585x390.jpeg\" alt=\"\" title=\"WhatsApp Image 2025-09-01 at 12.47.32\"\/><\/a><\/figure>\n\n\n\n<p>La directora general de la FPMC, Juanita Alonso Marrufo, resalt\u00f3 que este certamen forma parte del Nuevo Acuerdo por el Bienestar y Desarrollo de Quintana Roo, que impulsa la gobernadora Mara Lezama Espinosa. Subray\u00f3 que con esta iniciativa se reafirma el compromiso de abrir espacios para que la ni\u00f1ez y juventud cozumele\u00f1a expresen su talento y fortalezcan su v\u00ednculo con la cultura.<\/p>\n\n\n\n<figure class=\"wp-block-image is-style-default\"><a href=\"https:\/\/cgc.qroo.gob.mx\/cjg\/wp-content\/uploads\/2025\/09\/WhatsApp-Image-2025-09-01-at-12.47.31-1.jpeg\"><img decoding=\"async\" src=\"https:\/\/cgc.qroo.gob.mx\/cjg\/wp-content\/uploads\/2025\/09\/WhatsApp-Image-2025-09-01-at-12.47.31-1-585x390.jpeg\" alt=\"\" title=\"WhatsApp Image 2025-09-01 at 12.47.31 (1)\"\/><\/a><\/figure>\n\n\n\n<p>\u201cEs fundamental que las nuevas generaciones se interesen en la m\u00fasica regional y en las obras de autores mexicanos, porque a trav\u00e9s de ellas no solo desarrollan su talento, sino que tambi\u00e9n fortalecen su identidad cultural y el orgullo por nuestras ra\u00edces\u201d, expres\u00f3 la directora de Pedagog\u00eda y Asistencia Social (PAS), Dianela Cervantes Chi, organizadora del evento.<\/p>\n\n\n\n<figure class=\"wp-block-image is-style-default\"><a href=\"https:\/\/cgc.qroo.gob.mx\/cjg\/wp-content\/uploads\/2025\/09\/WhatsApp-Image-2025-09-01-at-12.47.32-1.jpeg\"><img decoding=\"async\" src=\"https:\/\/cgc.qroo.gob.mx\/cjg\/wp-content\/uploads\/2025\/09\/WhatsApp-Image-2025-09-01-at-12.47.32-1-585x390.jpeg\" alt=\"\" title=\"WhatsApp Image 2025-09-01 at 12.47.32 (1)\"\/><\/a><\/figure>\n\n\n\n<p>El concurso est\u00e1 dividido en las categor\u00edas: infantil, de 6 a 11 a\u00f1os, y juvenil, de 12 a 15 a\u00f1os de edad. Quienes participen deber\u00e1n residir en la isla y \u00fanicamente podr\u00e1n interpretar canciones de autores mexicanos, con acompa\u00f1amiento musical grabado.<\/p>\n\n\n\n<p>El jurado evaluar\u00e1 aspectos como afinaci\u00f3n, entonaci\u00f3n, m\u00e9trica, dicci\u00f3n e interpretaci\u00f3n para determinar a las y los ganadores. Todas las y los concursantes recibir\u00e1n reconocimiento de participaci\u00f3n, mientras que los tres primeros lugares de cada categor\u00eda se har\u00e1n acreedores a premios en efectivo: $2,500.00 para el primer lugar, $2,000.00 para el segundo y $1,500.00 para el tercero.<\/p>\n\n\n\n<figure class=\"wp-block-image is-style-default\"><a href=\"https:\/\/cgc.qroo.gob.mx\/cjg\/wp-content\/uploads\/2025\/09\/WhatsApp-Image-2025-09-01-at-12.47.32-2.jpeg\"><img decoding=\"async\" src=\"https:\/\/cgc.qroo.gob.mx\/cjg\/wp-content\/uploads\/2025\/09\/WhatsApp-Image-2025-09-01-at-12.47.32-2-585x390.jpeg\" alt=\"\" title=\"WhatsApp Image 2025-09-01 at 12.47.32 (2)\"\/><\/a><\/figure>\n\n\n\n<p>Cabe se\u00f1alar que, para dar oportunidad a nuevos talentos, no podr\u00e1n participar quienes obtuvieron el primer lugar de las categor\u00edas infantil y juvenil de la edici\u00f3n XX del Concurso de la Canci\u00f3n Mexicana.<\/p>\n\n\n\n<figure class=\"wp-block-image is-style-default\"><a href=\"https:\/\/cgc.qroo.gob.mx\/cjg\/wp-content\/uploads\/2025\/09\/WhatsApp-Image-2025-09-01-at-12.47.32-3.jpeg\"><img decoding=\"async\" src=\"https:\/\/cgc.qroo.gob.mx\/cjg\/wp-content\/uploads\/2025\/09\/WhatsApp-Image-2025-09-01-at-12.47.32-3-585x390.jpeg\" alt=\"\" title=\"WhatsApp Image 2025-09-01 at 12.47.32 (3)\"\/><\/a><\/figure>\n\n\n\n<p>Las inscripciones ya est\u00e1n abiertas y se realizan en el BiblioAvi\u00f3n Gervasio, ubicado en la avenida 130 entre las calles 7 Sur y Miguel Hidalgo, en la colonia San Gervasio, de lunes a viernes, en un horario de 09:00 a 19:00 horas.<\/p>\n","protected":false},"excerpt":{"rendered":"<p>Con motivo de las celebraciones patrias y con el prop\u00f3sito de abrir espacios de expresi\u00f3n art\u00edstica para las<\/p>\n","protected":false},"author":1,"featured_media":20878,"comment_status":"closed","ping_status":"open","sticky":false,"template":"","format":"standard","meta":{"_monsterinsights_skip_tracking":false,"_monsterinsights_sitenote_active":false,"_monsterinsights_sitenote_note":"","_monsterinsights_sitenote_category":0,"footnotes":""},"categories":[11,24],"tags":[],"class_list":["post-20877","post","type-post","status-publish","format-standard","has-post-thumbnail","hentry","category-noticias","category-quintana-roo"],"yoast_head":"<!-- This site is optimized with the Yoast SEO plugin v18.3 - https:\/\/yoast.com\/wordpress\/plugins\/seo\/ -->\n<title>Convoca la Fundaci\u00f3n de Parques y Museos de Cozumel a ni\u00f1as, ni\u00f1os y j\u00f3venes a participar en el XXI Concurso de la Canci\u00f3n Mexicana - El Puuc Noticias<\/title>\n<meta name=\"robots\" content=\"index, follow, max-snippet:-1, max-image-preview:large, max-video-preview:-1\" \/>\n<link rel=\"canonical\" href=\"https:\/\/elpuucnoticias.com\/?p=20877\" \/>\n<meta property=\"og:locale\" content=\"es_ES\" \/>\n<meta property=\"og:type\" content=\"article\" \/>\n<meta property=\"og:title\" content=\"Convoca la Fundaci\u00f3n de Parques y Museos de Cozumel a ni\u00f1as, ni\u00f1os y j\u00f3venes a participar en el XXI Concurso de la Canci\u00f3n Mexicana - El Puuc Noticias\" \/>\n<meta property=\"og:description\" content=\"Con motivo de las celebraciones patrias y con el prop\u00f3sito de abrir espacios de expresi\u00f3n art\u00edstica para las\" \/>\n<meta property=\"og:url\" content=\"https:\/\/elpuucnoticias.com\/?p=20877\" \/>\n<meta property=\"og:site_name\" content=\"El Puuc Noticias\" \/>\n<meta property=\"article:published_time\" content=\"2025-09-01T19:56:01+00:00\" \/>\n<meta property=\"og:image\" content=\"https:\/\/elpuucnoticias.com\/wp-content\/uploads\/2025\/09\/whatsapp-image-2025-09-01-at-12.47.31.jpeg\" \/>\n\t<meta property=\"og:image:width\" content=\"1236\" \/>\n\t<meta property=\"og:image:height\" content=\"1600\" \/>\n\t<meta property=\"og:image:type\" content=\"image\/jpeg\" \/>\n<meta name=\"twitter:card\" content=\"summary_large_image\" \/>\n<meta name=\"twitter:label1\" content=\"Escrito por\" \/>\n\t<meta name=\"twitter:data1\" content=\"elpuucnoticias\" \/>\n\t<meta name=\"twitter:label2\" content=\"Tiempo de lectura\" \/>\n\t<meta name=\"twitter:data2\" content=\"2 minutos\" \/>\n<script type=\"application\/ld+json\" class=\"yoast-schema-graph\">{\"@context\":\"https:\/\/schema.org\",\"@graph\":[{\"@type\":\"WebSite\",\"@id\":\"https:\/\/elpuucnoticias.com\/#website\",\"url\":\"https:\/\/elpuucnoticias.com\/\",\"name\":\"El Puuc Noticias\",\"description\":\"Noticias - Entretenimiento - Deportes\",\"potentialAction\":[{\"@type\":\"SearchAction\",\"target\":{\"@type\":\"EntryPoint\",\"urlTemplate\":\"https:\/\/elpuucnoticias.com\/?s={search_term_string}\"},\"query-input\":\"required name=search_term_string\"}],\"inLanguage\":\"es\"},{\"@type\":\"ImageObject\",\"@id\":\"https:\/\/elpuucnoticias.com\/?p=20877#primaryimage\",\"inLanguage\":\"es\",\"url\":\"https:\/\/elpuucnoticias.com\/wp-content\/uploads\/2025\/09\/whatsapp-image-2025-09-01-at-12.47.31.jpeg\",\"contentUrl\":\"https:\/\/elpuucnoticias.com\/wp-content\/uploads\/2025\/09\/whatsapp-image-2025-09-01-at-12.47.31.jpeg\",\"width\":1236,\"height\":1600},{\"@type\":\"WebPage\",\"@id\":\"https:\/\/elpuucnoticias.com\/?p=20877#webpage\",\"url\":\"https:\/\/elpuucnoticias.com\/?p=20877\",\"name\":\"Convoca la Fundaci\u00f3n de Parques y Museos de Cozumel a ni\u00f1as, ni\u00f1os y j\u00f3venes a participar en el XXI Concurso de la Canci\u00f3n Mexicana - El Puuc Noticias\",\"isPartOf\":{\"@id\":\"https:\/\/elpuucnoticias.com\/#website\"},\"primaryImageOfPage\":{\"@id\":\"https:\/\/elpuucnoticias.com\/?p=20877#primaryimage\"},\"datePublished\":\"2025-09-01T19:56:01+00:00\",\"dateModified\":\"2025-09-01T19:56:01+00:00\",\"author\":{\"@id\":\"https:\/\/elpuucnoticias.com\/#\/schema\/person\/d2ea09e4c97f0160b11cdfb1d856bd9e\"},\"breadcrumb\":{\"@id\":\"https:\/\/elpuucnoticias.com\/?p=20877#breadcrumb\"},\"inLanguage\":\"es\",\"potentialAction\":[{\"@type\":\"ReadAction\",\"target\":[\"https:\/\/elpuucnoticias.com\/?p=20877\"]}]},{\"@type\":\"BreadcrumbList\",\"@id\":\"https:\/\/elpuucnoticias.com\/?p=20877#breadcrumb\",\"itemListElement\":[{\"@type\":\"ListItem\",\"position\":1,\"name\":\"Portada\",\"item\":\"https:\/\/elpuucnoticias.com\/\"},{\"@type\":\"ListItem\",\"position\":2,\"name\":\"Convoca la Fundaci\u00f3n de Parques y Museos de Cozumel a ni\u00f1as, ni\u00f1os y j\u00f3venes a participar en el XXI Concurso de la Canci\u00f3n Mexicana\"}]},{\"@type\":\"Person\",\"@id\":\"https:\/\/elpuucnoticias.com\/#\/schema\/person\/d2ea09e4c97f0160b11cdfb1d856bd9e\",\"name\":\"elpuucnoticias\",\"image\":{\"@type\":\"ImageObject\",\"@id\":\"https:\/\/elpuucnoticias.com\/#personlogo\",\"inLanguage\":\"es\",\"url\":\"https:\/\/secure.gravatar.com\/avatar\/5290a43657c74ffa15701dbe5b846bd85cc71930d803c84e91046a7333de6ce2?s=96&d=mm&r=g\",\"contentUrl\":\"https:\/\/secure.gravatar.com\/avatar\/5290a43657c74ffa15701dbe5b846bd85cc71930d803c84e91046a7333de6ce2?s=96&d=mm&r=g\",\"caption\":\"elpuucnoticias\"},\"sameAs\":[\"https:\/\/elpuucnoticias.com\"],\"url\":\"https:\/\/elpuucnoticias.com\/?author=1\"}]}<\/script>\n<!-- \/ Yoast SEO plugin. -->","yoast_head_json":{"title":"Convoca la Fundaci\u00f3n de Parques y Museos de Cozumel a ni\u00f1as, ni\u00f1os y j\u00f3venes a participar en el XXI Concurso de la Canci\u00f3n Mexicana - El Puuc Noticias","robots":{"index":"index","follow":"follow","max-snippet":"max-snippet:-1","max-image-preview":"max-image-preview:large","max-video-preview":"max-video-preview:-1"},"canonical":"https:\/\/elpuucnoticias.com\/?p=20877","og_locale":"es_ES","og_type":"article","og_title":"Convoca la Fundaci\u00f3n de Parques y Museos de Cozumel a ni\u00f1as, ni\u00f1os y j\u00f3venes a participar en el XXI Concurso de la Canci\u00f3n Mexicana - El Puuc Noticias","og_description":"Con motivo de las celebraciones patrias y con el prop\u00f3sito de abrir espacios de expresi\u00f3n art\u00edstica para las","og_url":"https:\/\/elpuucnoticias.com\/?p=20877","og_site_name":"El Puuc Noticias","article_published_time":"2025-09-01T19:56:01+00:00","og_image":[{"width":1236,"height":1600,"url":"https:\/\/elpuucnoticias.com\/wp-content\/uploads\/2025\/09\/whatsapp-image-2025-09-01-at-12.47.31.jpeg","type":"image\/jpeg"}],"twitter_card":"summary_large_image","twitter_misc":{"Escrito por":"elpuucnoticias","Tiempo de lectura":"2 minutos"},"schema":{"@context":"https:\/\/schema.org","@graph":[{"@type":"WebSite","@id":"https:\/\/elpuucnoticias.com\/#website","url":"https:\/\/elpuucnoticias.com\/","name":"El Puuc Noticias","description":"Noticias - Entretenimiento - Deportes","potentialAction":[{"@type":"SearchAction","target":{"@type":"EntryPoint","urlTemplate":"https:\/\/elpuucnoticias.com\/?s={search_term_string}"},"query-input":"required name=search_term_string"}],"inLanguage":"es"},{"@type":"ImageObject","@id":"https:\/\/elpuucnoticias.com\/?p=20877#primaryimage","inLanguage":"es","url":"https:\/\/elpuucnoticias.com\/wp-content\/uploads\/2025\/09\/whatsapp-image-2025-09-01-at-12.47.31.jpeg","contentUrl":"https:\/\/elpuucnoticias.com\/wp-content\/uploads\/2025\/09\/whatsapp-image-2025-09-01-at-12.47.31.jpeg","width":1236,"height":1600},{"@type":"WebPage","@id":"https:\/\/elpuucnoticias.com\/?p=20877#webpage","url":"https:\/\/elpuucnoticias.com\/?p=20877","name":"Convoca la Fundaci\u00f3n de Parques y Museos de Cozumel a ni\u00f1as, ni\u00f1os y j\u00f3venes a participar en el XXI Concurso de la Canci\u00f3n Mexicana - El Puuc Noticias","isPartOf":{"@id":"https:\/\/elpuucnoticias.com\/#website"},"primaryImageOfPage":{"@id":"https:\/\/elpuucnoticias.com\/?p=20877#primaryimage"},"datePublished":"2025-09-01T19:56:01+00:00","dateModified":"2025-09-01T19:56:01+00:00","author":{"@id":"https:\/\/elpuucnoticias.com\/#\/schema\/person\/d2ea09e4c97f0160b11cdfb1d856bd9e"},"breadcrumb":{"@id":"https:\/\/elpuucnoticias.com\/?p=20877#breadcrumb"},"inLanguage":"es","potentialAction":[{"@type":"ReadAction","target":["https:\/\/elpuucnoticias.com\/?p=20877"]}]},{"@type":"BreadcrumbList","@id":"https:\/\/elpuucnoticias.com\/?p=20877#breadcrumb","itemListElement":[{"@type":"ListItem","position":1,"name":"Portada","item":"https:\/\/elpuucnoticias.com\/"},{"@type":"ListItem","position":2,"name":"Convoca la Fundaci\u00f3n de Parques y Museos de Cozumel a ni\u00f1as, ni\u00f1os y j\u00f3venes a participar en el XXI Concurso de la Canci\u00f3n Mexicana"}]},{"@type":"Person","@id":"https:\/\/elpuucnoticias.com\/#\/schema\/person\/d2ea09e4c97f0160b11cdfb1d856bd9e","name":"elpuucnoticias","image":{"@type":"ImageObject","@id":"https:\/\/elpuucnoticias.com\/#personlogo","inLanguage":"es","url":"https:\/\/secure.gravatar.com\/avatar\/5290a43657c74ffa15701dbe5b846bd85cc71930d803c84e91046a7333de6ce2?s=96&d=mm&r=g","contentUrl":"https:\/\/secure.gravatar.com\/avatar\/5290a43657c74ffa15701dbe5b846bd85cc71930d803c84e91046a7333de6ce2?s=96&d=mm&r=g","caption":"elpuucnoticias"},"sameAs":["https:\/\/elpuucnoticias.com"],"url":"https:\/\/elpuucnoticias.com\/?author=1"}]}},"_links":{"self":[{"href":"https:\/\/elpuucnoticias.com\/index.php?rest_route=\/wp\/v2\/posts\/20877","targetHints":{"allow":["GET"]}}],"collection":[{"href":"https:\/\/elpuucnoticias.com\/index.php?rest_route=\/wp\/v2\/posts"}],"about":[{"href":"https:\/\/elpuucnoticias.com\/index.php?rest_route=\/wp\/v2\/types\/post"}],"author":[{"embeddable":true,"href":"https:\/\/elpuucnoticias.com\/index.php?rest_route=\/wp\/v2\/users\/1"}],"replies":[{"embeddable":true,"href":"https:\/\/elpuucnoticias.com\/index.php?rest_route=%2Fwp%2Fv2%2Fcomments&post=20877"}],"version-history":[{"count":1,"href":"https:\/\/elpuucnoticias.com\/index.php?rest_route=\/wp\/v2\/posts\/20877\/revisions"}],"predecessor-version":[{"id":20879,"href":"https:\/\/elpuucnoticias.com\/index.php?rest_route=\/wp\/v2\/posts\/20877\/revisions\/20879"}],"wp:featuredmedia":[{"embeddable":true,"href":"https:\/\/elpuucnoticias.com\/index.php?rest_route=\/wp\/v2\/media\/20878"}],"wp:attachment":[{"href":"https:\/\/elpuucnoticias.com\/index.php?rest_route=%2Fwp%2Fv2%2Fmedia&parent=20877"}],"wp:term":[{"taxonomy":"category","embeddable":true,"href":"https:\/\/elpuucnoticias.com\/index.php?rest_route=%2Fwp%2Fv2%2Fcategories&post=20877"},{"taxonomy":"post_tag","embeddable":true,"href":"https:\/\/elpuucnoticias.com\/index.php?rest_route=%2Fwp%2Fv2%2Ftags&post=20877"}],"curies":[{"name":"wp","href":"https:\/\/api.w.org\/{rel}","templated":true}]}}