{"id":20903,"date":"2025-09-03T12:50:11","date_gmt":"2025-09-03T18:50:11","guid":{"rendered":"https:\/\/elpuucnoticias.com\/?p=20903"},"modified":"2025-09-03T12:50:11","modified_gmt":"2025-09-03T18:50:11","slug":"invita-la-fundacion-de-parques-y-museos-de-cozumel-a-la-inauguracion-de-la-exposicion-pictorica-alma-de-agua-de-la-artista-hilariana","status":"publish","type":"post","link":"https:\/\/elpuucnoticias.com\/?p=20903","title":{"rendered":"Invita la Fundaci\u00f3n de Parques y Museos de Cozumel a la inauguraci\u00f3n de la exposici\u00f3n pict\u00f3rica \u201cAlma de Agua\u201d, de la artista \u201cHilariana\u201d"},"content":{"rendered":"\n<p>La Fundaci\u00f3n de Parques y Museos de Cozumel (FPMC) invita a la comunidad y visitantes a la inauguraci\u00f3n de la exposici\u00f3n \u201cAlma de Agua\u201d, de la pintora Leydi Mari, reconocida en el \u00e1mbito art\u00edstico como \u201cHilariana\u201d. El evento se realizar\u00e1 el pr\u00f3ximo viernes 5 de septiembre, a las 20:00 horas, en el Museo de la Isla. La entrada es gratuita.<\/p>\n\n\n\n<figure class=\"wp-block-image is-style-default\"><a href=\"https:\/\/cgc.qroo.gob.mx\/cjg\/wp-content\/uploads\/2025\/09\/WhatsApp-Image-2025-09-02-at-11.08.50-3.jpeg\"><img decoding=\"async\" src=\"https:\/\/cgc.qroo.gob.mx\/cjg\/wp-content\/uploads\/2025\/09\/WhatsApp-Image-2025-09-02-at-11.08.50-3-585x479.jpeg\" alt=\"\" title=\"WhatsApp Image 2025-09-02 at 11.08.50 (3)\"\/><\/a><\/figure>\n\n\n\n<p>La directora general de la FPMC, Juanita Alonso Marrufo, destac\u00f3 que el centro museogr\u00e1fico se ha consolidado como un punto de encuentro entre artistas, comunidad y visitantes, ya que el arte es un puente que permite convivir e interactuar en armon\u00eda. que reflejan la riqueza cultural y se alinean con los principios del Nuevo Acuerdo por el Bienestar y Desarrollo de Quintana Roo, impulsado por la gobernadora Mara Lezama Espinosa.<\/p>\n\n\n\n<p>Por su parte, Isela Carrillo Cupul, directora del Museo de la Isla, comparti\u00f3 que Leydi Mari, originaria de Tabasco y con ra\u00edces cozumele\u00f1as, mostr\u00f3 desde peque\u00f1a una inclinaci\u00f3n natural por la pintura y el dibujo.<\/p>\n\n\n\n<figure class=\"wp-block-image is-style-default\"><a href=\"https:\/\/cgc.qroo.gob.mx\/cjg\/wp-content\/uploads\/2025\/09\/WhatsApp-Image-2025-09-02-at-11.08.50-1.jpeg\"><img decoding=\"async\" src=\"https:\/\/cgc.qroo.gob.mx\/cjg\/wp-content\/uploads\/2025\/09\/WhatsApp-Image-2025-09-02-at-11.08.50-1-585x585.jpeg\" alt=\"\" title=\"WhatsApp Image 2025-09-02 at 11.08.50 (1)\"\/><\/a><\/figure>\n\n\n\n<p>M\u00e1s adelante, en su etapa universitaria se adentr\u00f3 en proyectos de arte y escenograf\u00eda a gran escala, para posteriormente despu\u00e9s dedicarse profesionalmente a la direcci\u00f3n creativa en agencias digitales y de publicidad. Su trayectoria incluye proyectos de ilustraci\u00f3n, dise\u00f1o editorial, publicitario e interiorismo.<\/p>\n\n\n\n<p>Carrillo Cupul agreg\u00f3 que las obras de \u201cHilariana\u201d han trascendido fronteras, siendo adquiridas por coleccionistas en Europa, Latinoam\u00e9rica y Estados Unidos. Actualmente, la artista dirige su propia galer\u00eda \u201cCarlota Guesthouse &amp; Galer\u00eda\u201d, donde exhibe parte de su obra.<\/p>\n\n\n\n<figure class=\"wp-block-image is-style-default\"><a href=\"https:\/\/cgc.qroo.gob.mx\/cjg\/wp-content\/uploads\/2025\/09\/WhatsApp-Image-2025-09-02-at-11.08.50-2.jpeg\"><img decoding=\"async\" src=\"https:\/\/cgc.qroo.gob.mx\/cjg\/wp-content\/uploads\/2025\/09\/WhatsApp-Image-2025-09-02-at-11.08.50-2-585x690.jpeg\" alt=\"\" title=\"WhatsApp Image 2025-09-02 at 11.08.50 (2)\"\/><\/a><\/figure>\n\n\n\n<p>La exposici\u00f3n \u201cAlma de Agua\u201d re\u00fane una colecci\u00f3n de piezas que exploran la relaci\u00f3n entre la naturaleza, la energ\u00eda vital y la sensibilidad humana, invitando al espectador a sumergirse en un universo visual cargado de simbolismo y movimiento.<\/p>\n\n\n\n<p>Para finalizar, Isela Carrillo invit\u00f3 al p\u00fablico en general a la inauguraci\u00f3n de la exposici\u00f3n \u201cAlma de Agua\u201d, que se realizar\u00e1 el pr\u00f3ximo viernes 5 de septiembre, a las 20:00 horas, en el Museo de la Isla.<\/p>\n","protected":false},"excerpt":{"rendered":"<p>La Fundaci\u00f3n de Parques y Museos de Cozumel (FPMC) invita a la comunidad y visitantes a la inauguraci\u00f3n<\/p>\n","protected":false},"author":1,"featured_media":20904,"comment_status":"closed","ping_status":"open","sticky":false,"template":"","format":"standard","meta":{"_monsterinsights_skip_tracking":false,"_monsterinsights_sitenote_active":false,"_monsterinsights_sitenote_note":"","_monsterinsights_sitenote_category":0,"footnotes":""},"categories":[11,24],"tags":[],"class_list":["post-20903","post","type-post","status-publish","format-standard","has-post-thumbnail","hentry","category-noticias","category-quintana-roo"],"yoast_head":"<!-- This site is optimized with the Yoast SEO plugin v18.3 - https:\/\/yoast.com\/wordpress\/plugins\/seo\/ -->\n<title>Invita la Fundaci\u00f3n de Parques y Museos de Cozumel a la inauguraci\u00f3n de la exposici\u00f3n pict\u00f3rica \u201cAlma de Agua\u201d, de la artista \u201cHilariana\u201d - El Puuc Noticias<\/title>\n<meta name=\"robots\" content=\"index, follow, max-snippet:-1, max-image-preview:large, max-video-preview:-1\" \/>\n<link rel=\"canonical\" href=\"https:\/\/elpuucnoticias.com\/?p=20903\" \/>\n<meta property=\"og:locale\" content=\"es_ES\" \/>\n<meta property=\"og:type\" content=\"article\" \/>\n<meta property=\"og:title\" content=\"Invita la Fundaci\u00f3n de Parques y Museos de Cozumel a la inauguraci\u00f3n de la exposici\u00f3n pict\u00f3rica \u201cAlma de Agua\u201d, de la artista \u201cHilariana\u201d - El Puuc Noticias\" \/>\n<meta property=\"og:description\" content=\"La Fundaci\u00f3n de Parques y Museos de Cozumel (FPMC) invita a la comunidad y visitantes a la inauguraci\u00f3n\" \/>\n<meta property=\"og:url\" content=\"https:\/\/elpuucnoticias.com\/?p=20903\" \/>\n<meta property=\"og:site_name\" content=\"El Puuc Noticias\" \/>\n<meta property=\"article:published_time\" content=\"2025-09-03T18:50:11+00:00\" \/>\n<meta property=\"og:image\" content=\"https:\/\/elpuucnoticias.com\/wp-content\/uploads\/2025\/09\/whatsapp-image-2025-09-02-at-11.08.50.jpeg\" \/>\n\t<meta property=\"og:image:width\" content=\"1600\" \/>\n\t<meta property=\"og:image:height\" content=\"1600\" \/>\n\t<meta property=\"og:image:type\" content=\"image\/jpeg\" \/>\n<meta name=\"twitter:card\" content=\"summary_large_image\" \/>\n<meta name=\"twitter:label1\" content=\"Escrito por\" \/>\n\t<meta name=\"twitter:data1\" content=\"elpuucnoticias\" \/>\n\t<meta name=\"twitter:label2\" content=\"Tiempo de lectura\" \/>\n\t<meta name=\"twitter:data2\" content=\"2 minutos\" \/>\n<script type=\"application\/ld+json\" class=\"yoast-schema-graph\">{\"@context\":\"https:\/\/schema.org\",\"@graph\":[{\"@type\":\"WebSite\",\"@id\":\"https:\/\/elpuucnoticias.com\/#website\",\"url\":\"https:\/\/elpuucnoticias.com\/\",\"name\":\"El Puuc Noticias\",\"description\":\"Noticias - Entretenimiento - Deportes\",\"potentialAction\":[{\"@type\":\"SearchAction\",\"target\":{\"@type\":\"EntryPoint\",\"urlTemplate\":\"https:\/\/elpuucnoticias.com\/?s={search_term_string}\"},\"query-input\":\"required name=search_term_string\"}],\"inLanguage\":\"es\"},{\"@type\":\"ImageObject\",\"@id\":\"https:\/\/elpuucnoticias.com\/?p=20903#primaryimage\",\"inLanguage\":\"es\",\"url\":\"https:\/\/elpuucnoticias.com\/wp-content\/uploads\/2025\/09\/whatsapp-image-2025-09-02-at-11.08.50.jpeg\",\"contentUrl\":\"https:\/\/elpuucnoticias.com\/wp-content\/uploads\/2025\/09\/whatsapp-image-2025-09-02-at-11.08.50.jpeg\",\"width\":1600,\"height\":1600},{\"@type\":\"WebPage\",\"@id\":\"https:\/\/elpuucnoticias.com\/?p=20903#webpage\",\"url\":\"https:\/\/elpuucnoticias.com\/?p=20903\",\"name\":\"Invita la Fundaci\u00f3n de Parques y Museos de Cozumel a la inauguraci\u00f3n de la exposici\u00f3n pict\u00f3rica \u201cAlma de Agua\u201d, de la artista \u201cHilariana\u201d - El Puuc Noticias\",\"isPartOf\":{\"@id\":\"https:\/\/elpuucnoticias.com\/#website\"},\"primaryImageOfPage\":{\"@id\":\"https:\/\/elpuucnoticias.com\/?p=20903#primaryimage\"},\"datePublished\":\"2025-09-03T18:50:11+00:00\",\"dateModified\":\"2025-09-03T18:50:11+00:00\",\"author\":{\"@id\":\"https:\/\/elpuucnoticias.com\/#\/schema\/person\/d2ea09e4c97f0160b11cdfb1d856bd9e\"},\"breadcrumb\":{\"@id\":\"https:\/\/elpuucnoticias.com\/?p=20903#breadcrumb\"},\"inLanguage\":\"es\",\"potentialAction\":[{\"@type\":\"ReadAction\",\"target\":[\"https:\/\/elpuucnoticias.com\/?p=20903\"]}]},{\"@type\":\"BreadcrumbList\",\"@id\":\"https:\/\/elpuucnoticias.com\/?p=20903#breadcrumb\",\"itemListElement\":[{\"@type\":\"ListItem\",\"position\":1,\"name\":\"Portada\",\"item\":\"https:\/\/elpuucnoticias.com\/\"},{\"@type\":\"ListItem\",\"position\":2,\"name\":\"Invita la Fundaci\u00f3n de Parques y Museos de Cozumel a la inauguraci\u00f3n de la exposici\u00f3n pict\u00f3rica \u201cAlma de Agua\u201d, de la artista \u201cHilariana\u201d\"}]},{\"@type\":\"Person\",\"@id\":\"https:\/\/elpuucnoticias.com\/#\/schema\/person\/d2ea09e4c97f0160b11cdfb1d856bd9e\",\"name\":\"elpuucnoticias\",\"image\":{\"@type\":\"ImageObject\",\"@id\":\"https:\/\/elpuucnoticias.com\/#personlogo\",\"inLanguage\":\"es\",\"url\":\"https:\/\/secure.gravatar.com\/avatar\/5290a43657c74ffa15701dbe5b846bd85cc71930d803c84e91046a7333de6ce2?s=96&d=mm&r=g\",\"contentUrl\":\"https:\/\/secure.gravatar.com\/avatar\/5290a43657c74ffa15701dbe5b846bd85cc71930d803c84e91046a7333de6ce2?s=96&d=mm&r=g\",\"caption\":\"elpuucnoticias\"},\"sameAs\":[\"https:\/\/elpuucnoticias.com\"],\"url\":\"https:\/\/elpuucnoticias.com\/?author=1\"}]}<\/script>\n<!-- \/ Yoast SEO plugin. -->","yoast_head_json":{"title":"Invita la Fundaci\u00f3n de Parques y Museos de Cozumel a la inauguraci\u00f3n de la exposici\u00f3n pict\u00f3rica \u201cAlma de Agua\u201d, de la artista \u201cHilariana\u201d - El Puuc Noticias","robots":{"index":"index","follow":"follow","max-snippet":"max-snippet:-1","max-image-preview":"max-image-preview:large","max-video-preview":"max-video-preview:-1"},"canonical":"https:\/\/elpuucnoticias.com\/?p=20903","og_locale":"es_ES","og_type":"article","og_title":"Invita la Fundaci\u00f3n de Parques y Museos de Cozumel a la inauguraci\u00f3n de la exposici\u00f3n pict\u00f3rica \u201cAlma de Agua\u201d, de la artista \u201cHilariana\u201d - El Puuc Noticias","og_description":"La Fundaci\u00f3n de Parques y Museos de Cozumel (FPMC) invita a la comunidad y visitantes a la inauguraci\u00f3n","og_url":"https:\/\/elpuucnoticias.com\/?p=20903","og_site_name":"El Puuc Noticias","article_published_time":"2025-09-03T18:50:11+00:00","og_image":[{"width":1600,"height":1600,"url":"https:\/\/elpuucnoticias.com\/wp-content\/uploads\/2025\/09\/whatsapp-image-2025-09-02-at-11.08.50.jpeg","type":"image\/jpeg"}],"twitter_card":"summary_large_image","twitter_misc":{"Escrito por":"elpuucnoticias","Tiempo de lectura":"2 minutos"},"schema":{"@context":"https:\/\/schema.org","@graph":[{"@type":"WebSite","@id":"https:\/\/elpuucnoticias.com\/#website","url":"https:\/\/elpuucnoticias.com\/","name":"El Puuc Noticias","description":"Noticias - Entretenimiento - Deportes","potentialAction":[{"@type":"SearchAction","target":{"@type":"EntryPoint","urlTemplate":"https:\/\/elpuucnoticias.com\/?s={search_term_string}"},"query-input":"required name=search_term_string"}],"inLanguage":"es"},{"@type":"ImageObject","@id":"https:\/\/elpuucnoticias.com\/?p=20903#primaryimage","inLanguage":"es","url":"https:\/\/elpuucnoticias.com\/wp-content\/uploads\/2025\/09\/whatsapp-image-2025-09-02-at-11.08.50.jpeg","contentUrl":"https:\/\/elpuucnoticias.com\/wp-content\/uploads\/2025\/09\/whatsapp-image-2025-09-02-at-11.08.50.jpeg","width":1600,"height":1600},{"@type":"WebPage","@id":"https:\/\/elpuucnoticias.com\/?p=20903#webpage","url":"https:\/\/elpuucnoticias.com\/?p=20903","name":"Invita la Fundaci\u00f3n de Parques y Museos de Cozumel a la inauguraci\u00f3n de la exposici\u00f3n pict\u00f3rica \u201cAlma de Agua\u201d, de la artista \u201cHilariana\u201d - El Puuc Noticias","isPartOf":{"@id":"https:\/\/elpuucnoticias.com\/#website"},"primaryImageOfPage":{"@id":"https:\/\/elpuucnoticias.com\/?p=20903#primaryimage"},"datePublished":"2025-09-03T18:50:11+00:00","dateModified":"2025-09-03T18:50:11+00:00","author":{"@id":"https:\/\/elpuucnoticias.com\/#\/schema\/person\/d2ea09e4c97f0160b11cdfb1d856bd9e"},"breadcrumb":{"@id":"https:\/\/elpuucnoticias.com\/?p=20903#breadcrumb"},"inLanguage":"es","potentialAction":[{"@type":"ReadAction","target":["https:\/\/elpuucnoticias.com\/?p=20903"]}]},{"@type":"BreadcrumbList","@id":"https:\/\/elpuucnoticias.com\/?p=20903#breadcrumb","itemListElement":[{"@type":"ListItem","position":1,"name":"Portada","item":"https:\/\/elpuucnoticias.com\/"},{"@type":"ListItem","position":2,"name":"Invita la Fundaci\u00f3n de Parques y Museos de Cozumel a la inauguraci\u00f3n de la exposici\u00f3n pict\u00f3rica \u201cAlma de Agua\u201d, de la artista \u201cHilariana\u201d"}]},{"@type":"Person","@id":"https:\/\/elpuucnoticias.com\/#\/schema\/person\/d2ea09e4c97f0160b11cdfb1d856bd9e","name":"elpuucnoticias","image":{"@type":"ImageObject","@id":"https:\/\/elpuucnoticias.com\/#personlogo","inLanguage":"es","url":"https:\/\/secure.gravatar.com\/avatar\/5290a43657c74ffa15701dbe5b846bd85cc71930d803c84e91046a7333de6ce2?s=96&d=mm&r=g","contentUrl":"https:\/\/secure.gravatar.com\/avatar\/5290a43657c74ffa15701dbe5b846bd85cc71930d803c84e91046a7333de6ce2?s=96&d=mm&r=g","caption":"elpuucnoticias"},"sameAs":["https:\/\/elpuucnoticias.com"],"url":"https:\/\/elpuucnoticias.com\/?author=1"}]}},"_links":{"self":[{"href":"https:\/\/elpuucnoticias.com\/index.php?rest_route=\/wp\/v2\/posts\/20903","targetHints":{"allow":["GET"]}}],"collection":[{"href":"https:\/\/elpuucnoticias.com\/index.php?rest_route=\/wp\/v2\/posts"}],"about":[{"href":"https:\/\/elpuucnoticias.com\/index.php?rest_route=\/wp\/v2\/types\/post"}],"author":[{"embeddable":true,"href":"https:\/\/elpuucnoticias.com\/index.php?rest_route=\/wp\/v2\/users\/1"}],"replies":[{"embeddable":true,"href":"https:\/\/elpuucnoticias.com\/index.php?rest_route=%2Fwp%2Fv2%2Fcomments&post=20903"}],"version-history":[{"count":1,"href":"https:\/\/elpuucnoticias.com\/index.php?rest_route=\/wp\/v2\/posts\/20903\/revisions"}],"predecessor-version":[{"id":20905,"href":"https:\/\/elpuucnoticias.com\/index.php?rest_route=\/wp\/v2\/posts\/20903\/revisions\/20905"}],"wp:featuredmedia":[{"embeddable":true,"href":"https:\/\/elpuucnoticias.com\/index.php?rest_route=\/wp\/v2\/media\/20904"}],"wp:attachment":[{"href":"https:\/\/elpuucnoticias.com\/index.php?rest_route=%2Fwp%2Fv2%2Fmedia&parent=20903"}],"wp:term":[{"taxonomy":"category","embeddable":true,"href":"https:\/\/elpuucnoticias.com\/index.php?rest_route=%2Fwp%2Fv2%2Fcategories&post=20903"},{"taxonomy":"post_tag","embeddable":true,"href":"https:\/\/elpuucnoticias.com\/index.php?rest_route=%2Fwp%2Fv2%2Ftags&post=20903"}],"curies":[{"name":"wp","href":"https:\/\/api.w.org\/{rel}","templated":true}]}}